[{"command":"settings","settings":{"pluralDelimiter":"\u0003","suppressDeprecationErrors":true,"ajaxPageState":{"libraries":"eJxLzi9K1S_ITC4pLUpNy8zJ0UmpzEvMzUyOT80rySypjM_JLC7RL87IL4_PBaoEALH_EqY","theme":"ivory","theme_token":null},"ajaxTrustedUrl":[],"user":{"uid":0,"permissionsHash":"9c975576f1b96e43d31b3ff34c1ca6b53b6096ff14d83974ef00f2d68011e8fb"}},"merge":true},{"command":"add_css","data":[{"rel":"stylesheet","media":"all","href":"\/core\/themes\/stable9\/css\/core\/components\/progress.module.css?te7139"},{"rel":"stylesheet","media":"all","href":"\/core\/themes\/stable9\/css\/core\/components\/ajax-progress.module.css?te7139"},{"rel":"stylesheet","media":"all","href":"\/themes\/contrib\/gin\/dist\/css\/components\/ajax.css?te7139"}]},{"command":"add_js","selector":"body","data":[{"src":"\/core\/assets\/vendor\/jquery\/jquery.min.js?v=4.0.0"},{"src":"\/sites\/default\/files\/js\/js_bbNtUyzZwSqHFgQa7bDd4psVjQWTQR0CoG2VmPnBvV8.js?scope=footer\u0026delta=1\u0026language=de-tga\u0026theme=ivory\u0026include=eJxLqcxLzM1Mjk_NK8ksqYzPySwu0S_OyC-Pz80vSgUAtBcL_w"}]},{"command":"showMoreTeasers","id":"del--paragraph-567132","content":"\u003Ca href=\u0022\/kommentar\/ausmultipliziert-60-milliarden-euro-bis-2035-fuer-neue-gas-heizungen\u0022  class=\u0022teaser teaser--standard\u0022 aria-label=\u002260 Milliarden Euro bis 2035 f\u00fcr neue Gas-Heizungen?\u0022\u003E\n      \u003Cdiv class=\u0022teaser-content--image\u0022\u003E\n        \u003Cfigure class=\u0022image--figure\u0022\u003E\n        \u003Cpicture\u003E\n                        \u003Csource srcset=\u0022\/sites\/default\/files\/styles\/teaser_standard__m\/public\/aurora\/2026\/04\/260097.jpeg.webp?itok=c5N3Jdhe 1x\u0022 media=\u0022(min-width: 48.0625em) and (max-width: 64em)\u0022 type=\u0022image\/webp\u0022 width=\u0022323\u0022 height=\u0022216\u0022\/\u003E\n                  \u003Csource srcset=\u0022\/sites\/default\/files\/styles\/teaser_standard__l\/public\/aurora\/2026\/04\/260097.jpeg.webp?itok=MWFJWBlO 1x\u0022 media=\u0022(min-width: 64.0625em)\u0022 type=\u0022image\/webp\u0022 width=\u0022203\u0022 height=\u0022135\u0022\/\u003E\n                  \u003Csource srcset=\u0022\/sites\/default\/files\/styles\/teaser_standard__m\/public\/aurora\/2026\/04\/260097.jpeg?itok=9847yPdJ 1x\u0022 media=\u0022(min-width: 48.0625em) and (max-width: 64em)\u0022 type=\u0022image\/jpeg\u0022 width=\u0022323\u0022 height=\u0022216\u0022\/\u003E\n                  \u003Csource srcset=\u0022\/sites\/default\/files\/styles\/teaser_standard__l\/public\/aurora\/2026\/04\/260097.jpeg?itok=pnL3XWQb 1x\u0022 media=\u0022(min-width: 64.0625em)\u0022 type=\u0022image\/jpeg\u0022 width=\u0022203\u0022 height=\u0022135\u0022\/\u003E\n                          \u003Cimg loading=\u0022eager\u0022 data-caption-hide width=\u0022430\u0022 height=\u0022287\u0022 data-zoomed=\u0022https:\/\/www.tga-fachplaner.de\/sites\/default\/files\/styles\/content__zoomed\/public\/aurora\/2026\/04\/260097.jpeg?itok=Mbp9QsGq\u0022 src=\u0022\/sites\/default\/files\/styles\/teaser_standard__s\/public\/aurora\/2026\/04\/260097.jpeg?itok=Y3GEEVGr\u0022 title=\u0022\u201eIngenieur l\u00e4chelt zufrieden, w\u00e4hrend er mit digitalen Tools die Geb\u00e4udeautomatisierung in einem modernen B\u00fcro plant. - \u00a9 GV\u0022 \/\u003E\n\n    \u003C\/picture\u003E\n      \u003Cfigcaption class=\u0022image--figcaption\u0022\u003E\n          \u003Cdiv class=\u0022copyright\u0022\u003EGV\u003C\/div\u003E\n          \u003C\/figcaption\u003E\n\u003C\/figure\u003E\n\n\n    \u003C\/div\u003E\n    \u003Cdiv class=\u0022teaser-content\u0022\u003E\n                    \u003Cdiv class=\u0022teaser-content--kicker\u0022\u003E\n                    Ausmultipliziert\n        \u003C\/div\u003E\n                                              \n                        \n        \u003Ch4 class=\u0022teaser-content--headline\u0022\u003E\n                                60 Milliarden Euro bis 2035 f\u00fcr neue \n                              \u003Cspan class=\u0022headline-last-word-arrow\u0022\u003EGas-Heizungen?                      \u003C\/span\u003E\n        \u003C\/h4\u003E\n            \u003Cdiv class=\u0022teaser-content--publishing-date\u0022\u003E\u003Ctime datetime=\u00222026-04-24T11:00:08Z\u0022\u003E24.04.2026\u003C\/time\u003E\n\u003C\/div\u003E\u003Cspan class=\u0022teaser-content--publishing-date-divider\u0022\u003E - \u003C\/span\u003E\u003Cdiv class=\u0022teaser-content--body\u0022\u003E\u003Cp\u003EDamit das Gas-Verteil\u00adnetz\u00adent\u00adgelt nicht bis zum Do\u00admi\u00adno\u00adeffekt steigt, m\u00fcss\u00adten in den n\u00e4chs\u00adten 10\u202fJahren bis zu 7\u202fMio. Gas-Heiz\u00adkessel er\u00adneuert wer\u00adden und an\u00adschlie\u00ad\u00dfend in der Hei\u00adzungs\u00adan\u00adla\u00adge auch der haupt\u00ads\u00e4ch\u00adli\u00adch ge\u00adnutzte W\u00e4r\u00adme\u00ader\u00adzeu\u00adger sein. Das ist we\u00adnig re\u00ada\u00adlis\u00adtisch.\u003C\/p\u003E\n\u003C\/div\u003E\n                        \u003Cspan class=\u0022read-more-arrow-container\u0022\u003E\n            \u003Cspan class=\u0022read-more-angled-arrow\u0022\u003E \u003C\/span\u003E\n          \u003C\/span\u003E\n                  \u003C\/div\u003E\n    \u003C\/a\u003E\n\u003Ca href=\u0022\/kommentar\/gmg-eckpunkte-hauptsache-mehr-absatz\u0022  class=\u0022teaser teaser--standard\u0022 aria-label=\u0022Hauptsache mehr Absatz?\u0022\u003E\n      \u003Cdiv class=\u0022teaser-content--image\u0022\u003E\n        \u003Cfigure class=\u0022image--figure\u0022\u003E\n        \u003Cpicture\u003E\n                        \u003Csource srcset=\u0022\/sites\/default\/files\/styles\/teaser_standard__m\/public\/aurora\/2026\/04\/260097.jpeg.webp?itok=c5N3Jdhe 1x\u0022 media=\u0022(min-width: 48.0625em) and (max-width: 64em)\u0022 type=\u0022image\/webp\u0022 width=\u0022323\u0022 height=\u0022216\u0022\/\u003E\n                  \u003Csource srcset=\u0022\/sites\/default\/files\/styles\/teaser_standard__l\/public\/aurora\/2026\/04\/260097.jpeg.webp?itok=MWFJWBlO 1x\u0022 media=\u0022(min-width: 64.0625em)\u0022 type=\u0022image\/webp\u0022 width=\u0022203\u0022 height=\u0022135\u0022\/\u003E\n                  \u003Csource srcset=\u0022\/sites\/default\/files\/styles\/teaser_standard__m\/public\/aurora\/2026\/04\/260097.jpeg?itok=9847yPdJ 1x\u0022 media=\u0022(min-width: 48.0625em) and (max-width: 64em)\u0022 type=\u0022image\/jpeg\u0022 width=\u0022323\u0022 height=\u0022216\u0022\/\u003E\n                  \u003Csource srcset=\u0022\/sites\/default\/files\/styles\/teaser_standard__l\/public\/aurora\/2026\/04\/260097.jpeg?itok=pnL3XWQb 1x\u0022 media=\u0022(min-width: 64.0625em)\u0022 type=\u0022image\/jpeg\u0022 width=\u0022203\u0022 height=\u0022135\u0022\/\u003E\n                          \u003Cimg loading=\u0022eager\u0022 data-caption-hide width=\u0022430\u0022 height=\u0022287\u0022 data-zoomed=\u0022https:\/\/www.tga-fachplaner.de\/sites\/default\/files\/styles\/content__zoomed\/public\/aurora\/2026\/04\/260097.jpeg?itok=Mbp9QsGq\u0022 src=\u0022\/sites\/default\/files\/styles\/teaser_standard__s\/public\/aurora\/2026\/04\/260097.jpeg?itok=Y3GEEVGr\u0022 title=\u0022\u201eIngenieur l\u00e4chelt zufrieden, w\u00e4hrend er mit digitalen Tools die Geb\u00e4udeautomatisierung in einem modernen B\u00fcro plant. - \u00a9 GV\u0022 \/\u003E\n\n    \u003C\/picture\u003E\n      \u003Cfigcaption class=\u0022image--figcaption\u0022\u003E\n          \u003Cdiv class=\u0022copyright\u0022\u003EGV\u003C\/div\u003E\n          \u003C\/figcaption\u003E\n\u003C\/figure\u003E\n\n\n    \u003C\/div\u003E\n    \u003Cdiv class=\u0022teaser-content\u0022\u003E\n                    \u003Cdiv class=\u0022teaser-content--kicker\u0022\u003E\n                    GMG-Eckpunkte\n        \u003C\/div\u003E\n                                              \n                        \n        \u003Ch4 class=\u0022teaser-content--headline\u0022\u003E\n                                Hauptsache mehr \n                              \u003Cspan class=\u0022headline-last-word-arrow\u0022\u003EAbsatz?                      \u003C\/span\u003E\n        \u003C\/h4\u003E\n            \u003Cdiv class=\u0022teaser-content--publishing-date\u0022\u003E\u003Ctime datetime=\u00222026-03-26T09:59:11Z\u0022\u003E26.03.2026\u003C\/time\u003E\n\u003C\/div\u003E\u003Cspan class=\u0022teaser-content--publishing-date-divider\u0022\u003E - \u003C\/span\u003E\u003Cdiv class=\u0022teaser-content--body\u0022\u003E\u003Cp\u003E(Wie) K\u00f6nnen die im Heizungs\u00adkeller stehen\u00adden Ent\u00adschei\u00adder und Berater auf Basis der GMG-Eck\u00adpunk\u00adte tat\u00ads\u00e4ch\u00adlich am besten er\u00adkennen, wel\u00adche Hei\u00adzung die bes\u00adte L\u00f6\u00adsung f\u00fcr die kom\u00admen\u00adden Jahre ist?\u003C\/p\u003E\n\u003C\/div\u003E\n                        \u003Cspan class=\u0022read-more-arrow-container\u0022\u003E\n            \u003Cspan class=\u0022read-more-angled-arrow\u0022\u003E \u003C\/span\u003E\n          \u003C\/span\u003E\n                  \u003C\/div\u003E\n    \u003C\/a\u003E\n\u003Ca href=\u0022\/kommentar\/dekarbonisierung-warum-die-heizungswende-unterschiedlich-einfach-gelingt\u0022  class=\u0022teaser teaser--standard\u0022 aria-label=\u0022Warum die Heizungswende unter\u00adschied\u00adlich ein\u00adfach gelingt\u0022\u003E\n      \u003Cdiv class=\u0022teaser-content--image\u0022\u003E\n        \u003Cfigure class=\u0022image--figure\u0022\u003E\n        \u003Cpicture\u003E\n                        \u003Csource srcset=\u0022\/sites\/default\/files\/styles\/teaser_standard__m\/public\/aurora\/2026\/04\/260097.jpeg.webp?itok=c5N3Jdhe 1x\u0022 media=\u0022(min-width: 48.0625em) and (max-width: 64em)\u0022 type=\u0022image\/webp\u0022 width=\u0022323\u0022 height=\u0022216\u0022\/\u003E\n                  \u003Csource srcset=\u0022\/sites\/default\/files\/styles\/teaser_standard__l\/public\/aurora\/2026\/04\/260097.jpeg.webp?itok=MWFJWBlO 1x\u0022 media=\u0022(min-width: 64.0625em)\u0022 type=\u0022image\/webp\u0022 width=\u0022203\u0022 height=\u0022135\u0022\/\u003E\n                  \u003Csource srcset=\u0022\/sites\/default\/files\/styles\/teaser_standard__m\/public\/aurora\/2026\/04\/260097.jpeg?itok=9847yPdJ 1x\u0022 media=\u0022(min-width: 48.0625em) and (max-width: 64em)\u0022 type=\u0022image\/jpeg\u0022 width=\u0022323\u0022 height=\u0022216\u0022\/\u003E\n                  \u003Csource srcset=\u0022\/sites\/default\/files\/styles\/teaser_standard__l\/public\/aurora\/2026\/04\/260097.jpeg?itok=pnL3XWQb 1x\u0022 media=\u0022(min-width: 64.0625em)\u0022 type=\u0022image\/jpeg\u0022 width=\u0022203\u0022 height=\u0022135\u0022\/\u003E\n                          \u003Cimg loading=\u0022eager\u0022 data-caption-hide width=\u0022430\u0022 height=\u0022287\u0022 data-zoomed=\u0022https:\/\/www.tga-fachplaner.de\/sites\/default\/files\/styles\/content__zoomed\/public\/aurora\/2026\/04\/260097.jpeg?itok=Mbp9QsGq\u0022 src=\u0022\/sites\/default\/files\/styles\/teaser_standard__s\/public\/aurora\/2026\/04\/260097.jpeg?itok=Y3GEEVGr\u0022 alt=\u0022\u0022 title=\u0022\u201eIngenieur l\u00e4chelt zufrieden, w\u00e4hrend er mit digitalen Tools die Geb\u00e4udeautomatisierung in einem modernen B\u00fcro plant. - \u00a9 GV\u0022 \/\u003E\n\n    \u003C\/picture\u003E\n      \u003Cfigcaption class=\u0022image--figcaption\u0022\u003E\n          \u003Cdiv class=\u0022copyright\u0022\u003EGV\u003C\/div\u003E\n          \u003C\/figcaption\u003E\n\u003C\/figure\u003E\n\n\n    \u003C\/div\u003E\n    \u003Cdiv class=\u0022teaser-content\u0022\u003E\n                    \u003Cdiv class=\u0022teaser-content--kicker\u0022\u003E\n                    Dekarbonisierung\n        \u003C\/div\u003E\n                                              \n                        \n        \u003Ch4 class=\u0022teaser-content--headline\u0022\u003E\n                                Warum die Heizungswende unter\u00adschied\u00adlich ein\u00adfach \n                              \u003Cspan class=\u0022headline-last-word-arrow\u0022\u003Egelingt                      \u003C\/span\u003E\n        \u003C\/h4\u003E\n            \u003Cdiv class=\u0022teaser-content--publishing-date\u0022\u003E\u003Ctime datetime=\u00222026-03-03T16:27:09Z\u0022\u003E03.03.2026\u003C\/time\u003E\n\u003C\/div\u003E\u003Cspan class=\u0022teaser-content--publishing-date-divider\u0022\u003E - \u003C\/span\u003E\u003Cdiv class=\u0022teaser-content--body\u0022\u003E\u003Cp\u003EEin Aus\u00adflug legt offen, wie weit die Chance auf eine wirt\u00adschaft\u00adliche Hei\u00adzungs\u00adwen\u00adde in ober\u00adir\u00addisch nur durch Orts\u00adschil\u00adder ge\u00adtrenn\u00adten Ge\u00admein\u00adden aus\u00adein\u00adander\u00adlie\u00adgen kann.\u003C\/p\u003E\n\u003C\/div\u003E\n                        \u003Cspan class=\u0022read-more-arrow-container\u0022\u003E\n            \u003Cspan class=\u0022read-more-angled-arrow\u0022\u003E \u003C\/span\u003E\n          \u003C\/span\u003E\n                  \u003C\/div\u003E\n    \u003C\/a\u003E\n\u003Ca href=\u0022\/kommentar\/heizungswende-299000-abgesetzte-waermepumpen-sind-ein-auch-verpflichtender-erfolg\u0022  class=\u0022teaser teaser--standard\u0022 aria-label=\u0022299.000 abgesetzte W\u00e4rmepumpen sind ein auch verpflichtender Erfolg\u0022\u003E\n      \u003Cdiv class=\u0022teaser-content--image\u0022\u003E\n        \u003Cfigure class=\u0022image--figure\u0022\u003E\n        \u003Cpicture\u003E\n                        \u003Csource srcset=\u0022\/sites\/default\/files\/styles\/teaser_standard__m\/public\/aurora\/2026\/01\/244041.jpeg.webp?itok=6RVcdktd 1x\u0022 media=\u0022(min-width: 48.0625em) and (max-width: 64em)\u0022 type=\u0022image\/webp\u0022 width=\u0022323\u0022 height=\u0022215\u0022\/\u003E\n                  \u003Csource srcset=\u0022\/sites\/default\/files\/styles\/teaser_standard__l\/public\/aurora\/2026\/01\/244041.jpeg.webp?itok=lB329Ds0 1x\u0022 media=\u0022(min-width: 64.0625em)\u0022 type=\u0022image\/webp\u0022 width=\u0022203\u0022 height=\u0022135\u0022\/\u003E\n                  \u003Csource srcset=\u0022\/sites\/default\/files\/styles\/teaser_standard__m\/public\/aurora\/2026\/01\/244041.jpeg?itok=kxZ2R45b 1x\u0022 media=\u0022(min-width: 48.0625em) and (max-width: 64em)\u0022 type=\u0022image\/jpeg\u0022 width=\u0022323\u0022 height=\u0022215\u0022\/\u003E\n                  \u003Csource srcset=\u0022\/sites\/default\/files\/styles\/teaser_standard__l\/public\/aurora\/2026\/01\/244041.jpeg?itok=mHdef1Fv 1x\u0022 media=\u0022(min-width: 64.0625em)\u0022 type=\u0022image\/jpeg\u0022 width=\u0022203\u0022 height=\u0022135\u0022\/\u003E\n                          \u003Cimg loading=\u0022eager\u0022 data-caption-hide width=\u0022597\u0022 height=\u0022398\u0022 data-zoomed=\u0022https:\/\/www.tga-fachplaner.de\/sites\/default\/files\/styles\/content__zoomed\/public\/aurora\/2026\/01\/244041.jpeg?itok=KX1GmVvM\u0022 src=\u0022\/sites\/default\/files\/styles\/teaser_standard__s\/public\/aurora\/2026\/01\/244041.jpeg?itok=WaHSW_Ge\u0022 title=\u0022Alt-Text: \u201eExperte f\u00fcr smarte Geb\u00e4udetechnik erl\u00e4utert innovative L\u00f6sungen zur Digitalisierung und Elektrifizierung von Geb\u00e4udesystemen vor neutralem Hintergrund. - \u00a9 GV\u0022 \/\u003E\n\n    \u003C\/picture\u003E\n      \u003Cfigcaption class=\u0022image--figcaption\u0022\u003E\n          \u003Cdiv class=\u0022copyright\u0022\u003EGV\u003C\/div\u003E\n          \u003C\/figcaption\u003E\n\u003C\/figure\u003E\n\n\n    \u003C\/div\u003E\n    \u003Cdiv class=\u0022teaser-content\u0022\u003E\n                    \u003Cdiv class=\u0022teaser-content--kicker\u0022\u003E\n                    Heizungswende\n        \u003C\/div\u003E\n                                              \n                        \n        \u003Ch4 class=\u0022teaser-content--headline\u0022\u003E\n                                299.000 abgesetzte W\u00e4rmepumpen sind ein auch verpflichtender \n                              \u003Cspan class=\u0022headline-last-word-arrow\u0022\u003EErfolg                      \u003C\/span\u003E\n        \u003C\/h4\u003E\n            \u003Cdiv class=\u0022teaser-content--publishing-date\u0022\u003E\u003Ctime datetime=\u00222026-01-31T12:17:52Z\u0022\u003E31.01.2026\u003C\/time\u003E\n\u003C\/div\u003E\u003Cspan class=\u0022teaser-content--publishing-date-divider\u0022\u003E - \u003C\/span\u003E\u003Cdiv class=\u0022teaser-content--body\u0022\u003E\u003Cp\u003ENimmt man das Jahr 2021 vor der Berg- und Talfahrt im Heizungsmarkt durch Energiekrise und GEG-Novelle als Ma\u00dfstab, hat sich der nun wieder zu der tats\u00e4chlichen endkundenseitigen Nachfrage passende Absatz an W\u00e4rmepumpen fast verdoppelt.\u003C\/p\u003E\n\u003C\/div\u003E\n                        \u003Cspan class=\u0022read-more-arrow-container\u0022\u003E\n            \u003Cspan class=\u0022read-more-angled-arrow\u0022\u003E \u003C\/span\u003E\n          \u003C\/span\u003E\n                  \u003C\/div\u003E\n    \u003C\/a\u003E\n\u003Ca href=\u0022\/kommentar\/gebaeudemodernisierungsgesetz-gmg-nach-215-tagen-im-amt-lediglich-ein-neuer-name\u0022  class=\u0022teaser teaser--standard\u0022 aria-label=\u0022GMG: Nach 215 Tagen im Amt lediglich ein neuer Name\u0022\u003E\n      \u003Cdiv class=\u0022teaser-content--image\u0022\u003E\n        \u003Cfigure class=\u0022image--figure\u0022\u003E\n        \u003Cpicture\u003E\n                        \u003Csource srcset=\u0022\/sites\/default\/files\/styles\/teaser_standard__m\/public\/aurora\/2026\/01\/244041.jpeg.webp?itok=6RVcdktd 1x\u0022 media=\u0022(min-width: 48.0625em) and (max-width: 64em)\u0022 type=\u0022image\/webp\u0022 width=\u0022323\u0022 height=\u0022215\u0022\/\u003E\n                  \u003Csource srcset=\u0022\/sites\/default\/files\/styles\/teaser_standard__l\/public\/aurora\/2026\/01\/244041.jpeg.webp?itok=lB329Ds0 1x\u0022 media=\u0022(min-width: 64.0625em)\u0022 type=\u0022image\/webp\u0022 width=\u0022203\u0022 height=\u0022135\u0022\/\u003E\n                  \u003Csource srcset=\u0022\/sites\/default\/files\/styles\/teaser_standard__m\/public\/aurora\/2026\/01\/244041.jpeg?itok=kxZ2R45b 1x\u0022 media=\u0022(min-width: 48.0625em) and (max-width: 64em)\u0022 type=\u0022image\/jpeg\u0022 width=\u0022323\u0022 height=\u0022215\u0022\/\u003E\n                  \u003Csource srcset=\u0022\/sites\/default\/files\/styles\/teaser_standard__l\/public\/aurora\/2026\/01\/244041.jpeg?itok=mHdef1Fv 1x\u0022 media=\u0022(min-width: 64.0625em)\u0022 type=\u0022image\/jpeg\u0022 width=\u0022203\u0022 height=\u0022135\u0022\/\u003E\n                          \u003Cimg loading=\u0022eager\u0022 data-caption-hide width=\u0022597\u0022 height=\u0022398\u0022 data-zoomed=\u0022https:\/\/www.tga-fachplaner.de\/sites\/default\/files\/styles\/content__zoomed\/public\/aurora\/2026\/01\/244041.jpeg?itok=KX1GmVvM\u0022 src=\u0022\/sites\/default\/files\/styles\/teaser_standard__s\/public\/aurora\/2026\/01\/244041.jpeg?itok=WaHSW_Ge\u0022 title=\u0022Alt-Text: \u201eExperte f\u00fcr smarte Geb\u00e4udetechnik erl\u00e4utert innovative L\u00f6sungen zur Digitalisierung und Elektrifizierung von Geb\u00e4udesystemen vor neutralem Hintergrund. - \u00a9 GV\u0022 \/\u003E\n\n    \u003C\/picture\u003E\n      \u003Cfigcaption class=\u0022image--figcaption\u0022\u003E\n          \u003Cdiv class=\u0022copyright\u0022\u003EGV\u003C\/div\u003E\n          \u003C\/figcaption\u003E\n\u003C\/figure\u003E\n\n\n    \u003C\/div\u003E\n    \u003Cdiv class=\u0022teaser-content\u0022\u003E\n                    \u003Cdiv class=\u0022teaser-content--kicker\u0022\u003E\n                    Geb\u00e4udemodernisierungsgesetz\n        \u003C\/div\u003E\n                                              \n                        \n        \u003Ch4 class=\u0022teaser-content--headline\u0022\u003E\n                                GMG: Nach 215 Tagen im Amt lediglich ein neuer \n                              \u003Cspan class=\u0022headline-last-word-arrow\u0022\u003EName                      \u003C\/span\u003E\n        \u003C\/h4\u003E\n            \u003Cdiv class=\u0022teaser-content--publishing-date\u0022\u003E\u003Ctime datetime=\u00222025-12-17T14:23:41Z\u0022\u003E17.12.2025\u003C\/time\u003E\n\u003C\/div\u003E\u003Cspan class=\u0022teaser-content--publishing-date-divider\u0022\u003E - \u003C\/span\u003E\u003Cdiv class=\u0022teaser-content--body\u0022\u003E\u003Cp\u003ENoch mehr Ver\u00adwir\u00adrung: Das nicht exis\u00adtie\u00adren\u00adde \u201eHei\u00adzungs\u00adge\u00adsetz\u201c soll ab\u00adge\u00adschafft und ein eben\u00adfalls nicht exis\u00adtie\u00adren\u00addes \u201eGe\u00adb\u00e4u\u00adde\u00admo\u00adder\u00adni\u00adsie\u00adrungs\u00adge\u00adsetz\u201c schon no\u00advel\u00adliert wer\u00adden.\u003C\/p\u003E\n\u003C\/div\u003E\n                        \u003Cspan class=\u0022read-more-arrow-container\u0022\u003E\n            \u003Cspan class=\u0022read-more-angled-arrow\u0022\u003E \u003C\/span\u003E\n          \u003C\/span\u003E\n                  \u003C\/div\u003E\n    \u003C\/a\u003E\n\u003Ca href=\u0022\/kommentar\/gebaeudeenergiegesetz-mehr-eon-bei-der-geg-novelle-wagen\u0022  class=\u0022teaser teaser--standard\u0022 aria-label=\u0022Mehr E.on bei der GEG-Novelle wagen\u0022\u003E\n      \u003Cdiv class=\u0022teaser-content--image\u0022\u003E\n        \u003Cfigure class=\u0022image--figure\u0022\u003E\n        \u003Cpicture\u003E\n                        \u003Csource srcset=\u0022\/sites\/default\/files\/styles\/teaser_standard__m\/public\/aurora\/2026\/01\/244041.jpeg.webp?itok=6RVcdktd 1x\u0022 media=\u0022(min-width: 48.0625em) and (max-width: 64em)\u0022 type=\u0022image\/webp\u0022 width=\u0022323\u0022 height=\u0022215\u0022\/\u003E\n                  \u003Csource srcset=\u0022\/sites\/default\/files\/styles\/teaser_standard__l\/public\/aurora\/2026\/01\/244041.jpeg.webp?itok=lB329Ds0 1x\u0022 media=\u0022(min-width: 64.0625em)\u0022 type=\u0022image\/webp\u0022 width=\u0022203\u0022 height=\u0022135\u0022\/\u003E\n                  \u003Csource srcset=\u0022\/sites\/default\/files\/styles\/teaser_standard__m\/public\/aurora\/2026\/01\/244041.jpeg?itok=kxZ2R45b 1x\u0022 media=\u0022(min-width: 48.0625em) and (max-width: 64em)\u0022 type=\u0022image\/jpeg\u0022 width=\u0022323\u0022 height=\u0022215\u0022\/\u003E\n                  \u003Csource srcset=\u0022\/sites\/default\/files\/styles\/teaser_standard__l\/public\/aurora\/2026\/01\/244041.jpeg?itok=mHdef1Fv 1x\u0022 media=\u0022(min-width: 64.0625em)\u0022 type=\u0022image\/jpeg\u0022 width=\u0022203\u0022 height=\u0022135\u0022\/\u003E\n                          \u003Cimg loading=\u0022eager\u0022 data-caption-hide width=\u0022597\u0022 height=\u0022398\u0022 data-zoomed=\u0022https:\/\/www.tga-fachplaner.de\/sites\/default\/files\/styles\/content__zoomed\/public\/aurora\/2026\/01\/244041.jpeg?itok=KX1GmVvM\u0022 src=\u0022\/sites\/default\/files\/styles\/teaser_standard__s\/public\/aurora\/2026\/01\/244041.jpeg?itok=WaHSW_Ge\u0022 title=\u0022Alt-Text: \u201eExperte f\u00fcr smarte Geb\u00e4udetechnik erl\u00e4utert innovative L\u00f6sungen zur Digitalisierung und Elektrifizierung von Geb\u00e4udesystemen vor neutralem Hintergrund. - \u00a9 GV\u0022 \/\u003E\n\n    \u003C\/picture\u003E\n      \u003Cfigcaption class=\u0022image--figcaption\u0022\u003E\n          \u003Cdiv class=\u0022copyright\u0022\u003EGV\u003C\/div\u003E\n          \u003C\/figcaption\u003E\n\u003C\/figure\u003E\n\n\n    \u003C\/div\u003E\n    \u003Cdiv class=\u0022teaser-content\u0022\u003E\n                    \u003Cdiv class=\u0022teaser-content--kicker\u0022\u003E\n                    Geb\u00e4udeenergiegesetz\n        \u003C\/div\u003E\n                                              \n                        \n        \u003Ch4 class=\u0022teaser-content--headline\u0022\u003E\n                                Mehr E.on bei der GEG-Novelle \n                              \u003Cspan class=\u0022headline-last-word-arrow\u0022\u003Ewagen                      \u003C\/span\u003E\n        \u003C\/h4\u003E\n            \u003Cdiv class=\u0022teaser-content--publishing-date\u0022\u003E\u003Ctime datetime=\u00222025-11-22T15:43:38Z\u0022\u003E22.11.2025\u003C\/time\u003E\n\u003C\/div\u003E\u003Cspan class=\u0022teaser-content--publishing-date-divider\u0022\u003E - \u003C\/span\u003E\u003Cdiv class=\u0022teaser-content--body\u0022\u003E\u003Cp\u003EW\u00e4rme\u00adpum\u00adpen und W\u00e4rme\u00adnetze sind die Leis\u00adtungs\u00adtr\u00e4\u00adger der W\u00e4r\u00adme\u00adwen\u00adde. Und lang\u00adfris\u00adtig sind neue Gas\u00adther\u00admen stranded assets. Mehr muss man f\u00fcr die an\u00adstehen\u00adde GEG-Novelle ei\u00adgent\u00adlich nicht wissen.\u003C\/p\u003E\n\u003C\/div\u003E\n                        \u003Cspan class=\u0022read-more-arrow-container\u0022\u003E\n            \u003Cspan class=\u0022read-more-angled-arrow\u0022\u003E \u003C\/span\u003E\n          \u003C\/span\u003E\n                  \u003C\/div\u003E\n    \u003C\/a\u003E\n\u003Ca href=\u0022\/kommentar\/beg-em-heizungsfoerderung-komisch-dass-sie-erst-2025-kritisiert-wird\u0022  class=\u0022teaser teaser--standard\u0022 aria-label=\u0022Heizungsf\u00f6rderung: Komisch, dass sie erst 2025 kritisiert wird\u0022\u003E\n      \u003Cdiv class=\u0022teaser-content--image\u0022\u003E\n        \u003Cfigure class=\u0022image--figure\u0022\u003E\n        \u003Cpicture\u003E\n                        \u003Csource srcset=\u0022\/sites\/default\/files\/styles\/teaser_standard__m\/public\/aurora\/2026\/04\/260097.jpeg.webp?itok=c5N3Jdhe 1x\u0022 media=\u0022(min-width: 48.0625em) and (max-width: 64em)\u0022 type=\u0022image\/webp\u0022 width=\u0022323\u0022 height=\u0022216\u0022\/\u003E\n                  \u003Csource srcset=\u0022\/sites\/default\/files\/styles\/teaser_standard__l\/public\/aurora\/2026\/04\/260097.jpeg.webp?itok=MWFJWBlO 1x\u0022 media=\u0022(min-width: 64.0625em)\u0022 type=\u0022image\/webp\u0022 width=\u0022203\u0022 height=\u0022135\u0022\/\u003E\n                  \u003Csource srcset=\u0022\/sites\/default\/files\/styles\/teaser_standard__m\/public\/aurora\/2026\/04\/260097.jpeg?itok=9847yPdJ 1x\u0022 media=\u0022(min-width: 48.0625em) and (max-width: 64em)\u0022 type=\u0022image\/jpeg\u0022 width=\u0022323\u0022 height=\u0022216\u0022\/\u003E\n                  \u003Csource srcset=\u0022\/sites\/default\/files\/styles\/teaser_standard__l\/public\/aurora\/2026\/04\/260097.jpeg?itok=pnL3XWQb 1x\u0022 media=\u0022(min-width: 64.0625em)\u0022 type=\u0022image\/jpeg\u0022 width=\u0022203\u0022 height=\u0022135\u0022\/\u003E\n                          \u003Cimg loading=\u0022eager\u0022 data-caption-hide width=\u0022430\u0022 height=\u0022287\u0022 data-zoomed=\u0022https:\/\/www.tga-fachplaner.de\/sites\/default\/files\/styles\/content__zoomed\/public\/aurora\/2026\/04\/260097.jpeg?itok=Mbp9QsGq\u0022 src=\u0022\/sites\/default\/files\/styles\/teaser_standard__s\/public\/aurora\/2026\/04\/260097.jpeg?itok=Y3GEEVGr\u0022 title=\u0022\u201eIngenieur l\u00e4chelt zufrieden, w\u00e4hrend er mit digitalen Tools die Geb\u00e4udeautomatisierung in einem modernen B\u00fcro plant. - \u00a9 GV\u0022 \/\u003E\n\n    \u003C\/picture\u003E\n      \u003Cfigcaption class=\u0022image--figcaption\u0022\u003E\n          \u003Cdiv class=\u0022copyright\u0022\u003EGV\u003C\/div\u003E\n          \u003C\/figcaption\u003E\n\u003C\/figure\u003E\n\n\n    \u003C\/div\u003E\n    \u003Cdiv class=\u0022teaser-content\u0022\u003E\n                    \u003Cdiv class=\u0022teaser-content--kicker\u0022\u003E\n                    BEG EM\n        \u003C\/div\u003E\n                                              \n                        \n        \u003Ch4 class=\u0022teaser-content--headline\u0022\u003E\n                                Heizungsf\u00f6rderung: Komisch, dass sie erst 2025 kritisiert \n                              \u003Cspan class=\u0022headline-last-word-arrow\u0022\u003Ewird                      \u003C\/span\u003E\n        \u003C\/h4\u003E\n            \u003Cdiv class=\u0022teaser-content--publishing-date\u0022\u003E\u003Ctime datetime=\u00222025-10-30T11:30:50Z\u0022\u003E30.10.2025\u003C\/time\u003E\n\u003C\/div\u003E\u003Cspan class=\u0022teaser-content--publishing-date-divider\u0022\u003E - \u003C\/span\u003E\u003Cdiv class=\u0022teaser-content--body\u0022\u003E\u003Cp\u003EEine zu ho\u00adhe F\u00f6r\u00adde\u00adrung f\u00fcr W\u00e4r\u00adme\u00adpum\u00adpen auf\u00adgrund des \u201eHei\u00adzungs\u00adge\u00adsetzes\u201c (GEG-Novelle 2023\/24)? Tat\u00ads\u00e4ch\u00adlich ist sie gegen\u00ad\u00fcber 2021 eher ge\u00adsun\u00adken und in vielen Punkten sinn\u00advoller geworden. Sie k\u00f6n\u00adnte aber noch ver\u00adbessert werden.\u003C\/p\u003E\n\u003C\/div\u003E\n                        \u003Cspan class=\u0022read-more-arrow-container\u0022\u003E\n            \u003Cspan class=\u0022read-more-angled-arrow\u0022\u003E \u003C\/span\u003E\n          \u003C\/span\u003E\n                  \u003C\/div\u003E\n    \u003C\/a\u003E\n\u003Ca href=\u0022\/kommentar\/heizungswende-wenn-man-fuer-co2-mehr-als-fuer-den-waermepumpenstrom-zahlt\u0022  class=\u0022teaser teaser--standard\u0022 aria-label=\u0022Wenn man f\u00fcr CO\u003Csub\u003E2\u003C\/sub\u003E mehr als f\u00fcr den W\u00e4rmepumpenstrom zahlt\u0022\u003E\n      \u003Cdiv class=\u0022teaser-content--image\u0022\u003E\n        \u003Cfigure class=\u0022image--figure\u0022\u003E\n        \u003Cpicture\u003E\n                        \u003Csource srcset=\u0022\/sites\/default\/files\/styles\/teaser_standard__m\/public\/aurora\/2026\/04\/260097.jpeg.webp?itok=c5N3Jdhe 1x\u0022 media=\u0022(min-width: 48.0625em) and (max-width: 64em)\u0022 type=\u0022image\/webp\u0022 width=\u0022323\u0022 height=\u0022216\u0022\/\u003E\n                  \u003Csource srcset=\u0022\/sites\/default\/files\/styles\/teaser_standard__l\/public\/aurora\/2026\/04\/260097.jpeg.webp?itok=MWFJWBlO 1x\u0022 media=\u0022(min-width: 64.0625em)\u0022 type=\u0022image\/webp\u0022 width=\u0022203\u0022 height=\u0022135\u0022\/\u003E\n                  \u003Csource srcset=\u0022\/sites\/default\/files\/styles\/teaser_standard__m\/public\/aurora\/2026\/04\/260097.jpeg?itok=9847yPdJ 1x\u0022 media=\u0022(min-width: 48.0625em) and (max-width: 64em)\u0022 type=\u0022image\/jpeg\u0022 width=\u0022323\u0022 height=\u0022216\u0022\/\u003E\n                  \u003Csource srcset=\u0022\/sites\/default\/files\/styles\/teaser_standard__l\/public\/aurora\/2026\/04\/260097.jpeg?itok=pnL3XWQb 1x\u0022 media=\u0022(min-width: 64.0625em)\u0022 type=\u0022image\/jpeg\u0022 width=\u0022203\u0022 height=\u0022135\u0022\/\u003E\n                          \u003Cimg loading=\u0022eager\u0022 data-caption-hide width=\u0022430\u0022 height=\u0022287\u0022 data-zoomed=\u0022https:\/\/www.tga-fachplaner.de\/sites\/default\/files\/styles\/content__zoomed\/public\/aurora\/2026\/04\/260097.jpeg?itok=Mbp9QsGq\u0022 src=\u0022\/sites\/default\/files\/styles\/teaser_standard__s\/public\/aurora\/2026\/04\/260097.jpeg?itok=Y3GEEVGr\u0022 title=\u0022\u201eIngenieur l\u00e4chelt zufrieden, w\u00e4hrend er mit digitalen Tools die Geb\u00e4udeautomatisierung in einem modernen B\u00fcro plant. - \u00a9 GV\u0022 \/\u003E\n\n    \u003C\/picture\u003E\n      \u003Cfigcaption class=\u0022image--figcaption\u0022\u003E\n          \u003Cdiv class=\u0022copyright\u0022\u003EGV\u003C\/div\u003E\n          \u003C\/figcaption\u003E\n\u003C\/figure\u003E\n\n\n    \u003C\/div\u003E\n    \u003Cdiv class=\u0022teaser-content\u0022\u003E\n                    \u003Cdiv class=\u0022teaser-content--kicker\u0022\u003E\n                    Heizungswende\n        \u003C\/div\u003E\n                                              \n                        \n        \u003Ch4 class=\u0022teaser-content--headline\u0022\u003E\n                                Wenn man f\u00fcr CO2 mehr als f\u00fcr den W\u00e4rmepumpenstrom \n                              \u003Cspan class=\u0022headline-last-word-arrow\u0022\u003Ezahlt                      \u003C\/span\u003E\n        \u003C\/h4\u003E\n            \u003Cdiv class=\u0022teaser-content--publishing-date\u0022\u003E\u003Ctime datetime=\u00222025-10-01T10:15:54Z\u0022\u003E01.10.2025\u003C\/time\u003E\n\u003C\/div\u003E\u003Cspan class=\u0022teaser-content--publishing-date-divider\u0022\u003E - \u003C\/span\u003E\u003Cdiv class=\u0022teaser-content--body\u0022\u003E\u003Cp\u003EViele Jahre war der He\u00adbel der Jahres\u00adar\u00adbeits\u00adzahl f\u00fcr das un\u00adg\u00fcns\u00adti\u00adge Strom-\/Gas\u00adpreis\u00adver\u00adh\u00e4lt\u00adnis nicht lang ge\u00adnug, um den Markt zu dre\u00adhen. Das hat sich in\u00adzwi\u00adschen ge\u00ad\u00e4n\u00addert. Und stei\u00adgen\u00adde CO\u003Csub\u003E2\u003C\/sub\u003E-Prei\u00adse ver\u00adl\u00e4n\u00adgern ihn deut\u00adlich.\u003C\/p\u003E\n\u003C\/div\u003E\n                        \u003Cspan class=\u0022read-more-arrow-container\u0022\u003E\n            \u003Cspan class=\u0022read-more-angled-arrow\u0022\u003E \u003C\/span\u003E\n          \u003C\/span\u003E\n                  \u003C\/div\u003E\n    \u003C\/a\u003E\n\u003Ca href=\u0022\/kommentar\/dekarbonisierung-trotz-absatzflaute-die-co2-minderung-steigt\u0022  class=\u0022teaser teaser--standard\u0022 aria-label=\u0022Trotz Absatzflaute: Die CO\u003Csub\u003E2\u003C\/sub\u003E-Minderung steigt\u0022\u003E\n      \u003Cdiv class=\u0022teaser-content--image\u0022\u003E\n        \u003Cfigure class=\u0022image--figure\u0022\u003E\n        \u003Cpicture\u003E\n                        \u003Csource srcset=\u0022\/sites\/default\/files\/styles\/teaser_standard__m\/public\/aurora\/2025\/09\/289724.jpeg.webp?itok=m8MDESq2 1x\u0022 media=\u0022(min-width: 48.0625em) and (max-width: 64em)\u0022 type=\u0022image\/webp\u0022 width=\u0022323\u0022 height=\u0022216\u0022\/\u003E\n                  \u003Csource srcset=\u0022\/sites\/default\/files\/styles\/teaser_standard__l\/public\/aurora\/2025\/09\/289724.jpeg.webp?itok=ttBa1mCw 1x\u0022 media=\u0022(min-width: 64.0625em)\u0022 type=\u0022image\/webp\u0022 width=\u0022203\u0022 height=\u0022136\u0022\/\u003E\n                  \u003Csource srcset=\u0022\/sites\/default\/files\/styles\/teaser_standard__m\/public\/aurora\/2025\/09\/289724.jpeg?itok=PLIGD7Oc 1x\u0022 media=\u0022(min-width: 48.0625em) and (max-width: 64em)\u0022 type=\u0022image\/jpeg\u0022 width=\u0022323\u0022 height=\u0022216\u0022\/\u003E\n                  \u003Csource srcset=\u0022\/sites\/default\/files\/styles\/teaser_standard__l\/public\/aurora\/2025\/09\/289724.jpeg?itok=8tvyFjp7 1x\u0022 media=\u0022(min-width: 64.0625em)\u0022 type=\u0022image\/jpeg\u0022 width=\u0022203\u0022 height=\u0022136\u0022\/\u003E\n                          \u003Cimg loading=\u0022eager\u0022 data-caption-hide width=\u0022370\u0022 height=\u0022247\u0022 data-zoomed=\u0022https:\/\/www.tga-fachplaner.de\/sites\/default\/files\/styles\/content__zoomed\/public\/aurora\/2025\/09\/289724.jpeg?itok=QSqLs7ws\u0022 src=\u0022\/sites\/default\/files\/styles\/teaser_standard__s\/public\/aurora\/2025\/09\/289724.jpeg?itok=hJ_HVu26\u0022 title=\u0022Optimierter, themenrelevanter Alt-Text: \u201ePortr\u00e4t eines l\u00e4chelnden Ingenieurs mit Brille, der vor neutralem Hintergrund steht \u2013 Symbolbild f\u00fcr Digitalisierung und intelligente Geb\u00e4udetechnik in der TGA-Planung.\u201c. - \u00a9 GV\u0022 \/\u003E\n\n    \u003C\/picture\u003E\n      \u003Cfigcaption class=\u0022image--figcaption\u0022\u003E\n          \u003Cdiv class=\u0022copyright\u0022\u003EGV\u003C\/div\u003E\n          \u003C\/figcaption\u003E\n\u003C\/figure\u003E\n\n\n    \u003C\/div\u003E\n    \u003Cdiv class=\u0022teaser-content\u0022\u003E\n                    \u003Cdiv class=\u0022teaser-content--kicker\u0022\u003E\n                    Dekarbonisierung\n        \u003C\/div\u003E\n                                              \n                        \n        \u003Ch4 class=\u0022teaser-content--headline\u0022\u003E\n                                Trotz Absatzflaute: Die CO2-Minderung \n                              \u003Cspan class=\u0022headline-last-word-arrow\u0022\u003Esteigt                      \u003C\/span\u003E\n        \u003C\/h4\u003E\n            \u003Cdiv class=\u0022teaser-content--publishing-date\u0022\u003E\u003Ctime datetime=\u00222025-09-03T09:51:06Z\u0022\u003E03.09.2025\u003C\/time\u003E\n\u003C\/div\u003E\u003Cspan class=\u0022teaser-content--publishing-date-divider\u0022\u003E - \u003C\/span\u003E\u003Cdiv class=\u0022teaser-content--body\u0022\u003E\u003Cp\u003EDie Ver\u00ad\u00e4n\u00adde\u00adrung in der Ab\u00adsatz\u00adstruk\u00adtur bei W\u00e4r\u00adme\u00ader\u00adzeu\u00adgern ist so gro\u00df, dass 2025 die De\u00adkar\u00adbo\u00adni\u00adsie\u00adrung im Ge\u00adb\u00e4u\u00adde\u00adsek\u00adtor (Basis: KSG) trotz sin\u00adken\u00addem Ab\u00adsatz vor\u00adaus\u00adsicht\u00adlich zu\u00adnimmt.\u003C\/p\u003E\n\u003C\/div\u003E\n                        \u003Cspan class=\u0022read-more-arrow-container\u0022\u003E\n            \u003Cspan class=\u0022read-more-angled-arrow\u0022\u003E \u003C\/span\u003E\n          \u003C\/span\u003E\n                  \u003C\/div\u003E\n    \u003C\/a\u003E\n\u003Ca href=\u0022\/kommentar\/energierecht-ueber-1000-tage-pruefung-fuer-13-ct-kwh-umlagenprivileg\u0022  class=\u0022teaser teaser--standard\u0022 aria-label=\u0022\u00dcber 1000 Tage Pr\u00fc\u00adfung f\u00fcr 1,3\u202fCt\/kWh Um\u00adlagen\u00adprivi\u00adleg\u0022\u003E\n      \u003Cdiv class=\u0022teaser-content--image\u0022\u003E\n        \u003Cfigure class=\u0022image--figure\u0022\u003E\n        \u003Cpicture\u003E\n                        \u003Csource srcset=\u0022\/sites\/default\/files\/styles\/teaser_standard__m\/public\/aurora\/2025\/09\/289724.jpeg.webp?itok=m8MDESq2 1x\u0022 media=\u0022(min-width: 48.0625em) and (max-width: 64em)\u0022 type=\u0022image\/webp\u0022 width=\u0022323\u0022 height=\u0022216\u0022\/\u003E\n                  \u003Csource srcset=\u0022\/sites\/default\/files\/styles\/teaser_standard__l\/public\/aurora\/2025\/09\/289724.jpeg.webp?itok=ttBa1mCw 1x\u0022 media=\u0022(min-width: 64.0625em)\u0022 type=\u0022image\/webp\u0022 width=\u0022203\u0022 height=\u0022136\u0022\/\u003E\n                  \u003Csource srcset=\u0022\/sites\/default\/files\/styles\/teaser_standard__m\/public\/aurora\/2025\/09\/289724.jpeg?itok=PLIGD7Oc 1x\u0022 media=\u0022(min-width: 48.0625em) and (max-width: 64em)\u0022 type=\u0022image\/jpeg\u0022 width=\u0022323\u0022 height=\u0022216\u0022\/\u003E\n                  \u003Csource srcset=\u0022\/sites\/default\/files\/styles\/teaser_standard__l\/public\/aurora\/2025\/09\/289724.jpeg?itok=8tvyFjp7 1x\u0022 media=\u0022(min-width: 64.0625em)\u0022 type=\u0022image\/jpeg\u0022 width=\u0022203\u0022 height=\u0022136\u0022\/\u003E\n                          \u003Cimg loading=\u0022eager\u0022 data-caption-hide width=\u0022370\u0022 height=\u0022247\u0022 data-zoomed=\u0022https:\/\/www.tga-fachplaner.de\/sites\/default\/files\/styles\/content__zoomed\/public\/aurora\/2025\/09\/289724.jpeg?itok=QSqLs7ws\u0022 src=\u0022\/sites\/default\/files\/styles\/teaser_standard__s\/public\/aurora\/2025\/09\/289724.jpeg?itok=hJ_HVu26\u0022 title=\u0022Optimierter, themenrelevanter Alt-Text: \u201ePortr\u00e4t eines l\u00e4chelnden Ingenieurs mit Brille, der vor neutralem Hintergrund steht \u2013 Symbolbild f\u00fcr Digitalisierung und intelligente Geb\u00e4udetechnik in der TGA-Planung.\u201c. - \u00a9 GV\u0022 \/\u003E\n\n    \u003C\/picture\u003E\n      \u003Cfigcaption class=\u0022image--figcaption\u0022\u003E\n          \u003Cdiv class=\u0022copyright\u0022\u003EGV\u003C\/div\u003E\n          \u003C\/figcaption\u003E\n\u003C\/figure\u003E\n\n\n    \u003C\/div\u003E\n    \u003Cdiv class=\u0022teaser-content\u0022\u003E\n                    \u003Cdiv class=\u0022teaser-content--kicker\u0022\u003E\n                    Energierecht\n        \u003C\/div\u003E\n                                              \n                        \n        \u003Ch4 class=\u0022teaser-content--headline\u0022\u003E\n                                \u00dcber 1000 Tage Pr\u00fc\u00adfung f\u00fcr 1,3\u202fCt\/kWh \n                              \u003Cspan class=\u0022headline-last-word-arrow\u0022\u003EUm\u00adlagen\u00adprivi\u00adleg                      \u003C\/span\u003E\n        \u003C\/h4\u003E\n            \u003Cdiv class=\u0022teaser-content--publishing-date\u0022\u003E\u003Ctime datetime=\u00222025-08-11T15:39:23Z\u0022\u003E11.08.2025\u003C\/time\u003E\n\u003C\/div\u003E\u003Cspan class=\u0022teaser-content--publishing-date-divider\u0022\u003E - \u003C\/span\u003E\u003Cdiv class=\u0022teaser-content--body\u0022\u003E\u003Cp\u003EDer Strom f\u00fcr Hei\u00adzungs-W\u00e4rme\u00adpum\u00adpen mit einem (offi\u00adziel\u00adlen) se\u00adpa\u00adra\u00adten Strom\u00adz\u00e4h\u00adler k\u00f6nnte 1,3\u202fCt\/kWh g\u00fcns\u00adti\u00adger sein \u2013 wenn die seit 2022 aus\u00adste\u00adhen\u00adde bei\u00adhil\u00adfe\u00adrechtli\u00adche Ge\u00adneh\u00admi\u00adgung der EU-Kom\u00admis\u00adsion vor\u00adlie\u00adgen w\u00fcrde.\u003C\/p\u003E\n\u003C\/div\u003E\n                        \u003Cspan class=\u0022read-more-arrow-container\u0022\u003E\n            \u003Cspan class=\u0022read-more-angled-arrow\u0022\u003E \u003C\/span\u003E\n          \u003C\/span\u003E\n                  \u003C\/div\u003E\n    \u003C\/a\u003E\n\u003Ca href=\u0022\/kommentar\/aufklaerungsarbeit-mythen-und-falschinformationen-verfangen-besser-als-fakten\u0022  class=\u0022teaser teaser--standard\u0022 aria-label=\u0022Mythen und Falsch\u00adinfor\u00adma\u00adtio\u00adnen ver\u00adfan\u00adgen bes\u00adser als Fak\u00adten \u0022\u003E\n      \u003Cdiv class=\u0022teaser-content--image\u0022\u003E\n        \u003Cfigure class=\u0022image--figure\u0022\u003E\n        \u003Cpicture\u003E\n                        \u003Csource srcset=\u0022\/sites\/default\/files\/styles\/teaser_standard__m\/public\/aurora\/2025\/09\/289724.jpeg.webp?itok=m8MDESq2 1x\u0022 media=\u0022(min-width: 48.0625em) and (max-width: 64em)\u0022 type=\u0022image\/webp\u0022 width=\u0022323\u0022 height=\u0022216\u0022\/\u003E\n                  \u003Csource srcset=\u0022\/sites\/default\/files\/styles\/teaser_standard__l\/public\/aurora\/2025\/09\/289724.jpeg.webp?itok=ttBa1mCw 1x\u0022 media=\u0022(min-width: 64.0625em)\u0022 type=\u0022image\/webp\u0022 width=\u0022203\u0022 height=\u0022136\u0022\/\u003E\n                  \u003Csource srcset=\u0022\/sites\/default\/files\/styles\/teaser_standard__m\/public\/aurora\/2025\/09\/289724.jpeg?itok=PLIGD7Oc 1x\u0022 media=\u0022(min-width: 48.0625em) and (max-width: 64em)\u0022 type=\u0022image\/jpeg\u0022 width=\u0022323\u0022 height=\u0022216\u0022\/\u003E\n                  \u003Csource srcset=\u0022\/sites\/default\/files\/styles\/teaser_standard__l\/public\/aurora\/2025\/09\/289724.jpeg?itok=8tvyFjp7 1x\u0022 media=\u0022(min-width: 64.0625em)\u0022 type=\u0022image\/jpeg\u0022 width=\u0022203\u0022 height=\u0022136\u0022\/\u003E\n                          \u003Cimg loading=\u0022eager\u0022 data-caption-hide width=\u0022370\u0022 height=\u0022247\u0022 data-zoomed=\u0022https:\/\/www.tga-fachplaner.de\/sites\/default\/files\/styles\/content__zoomed\/public\/aurora\/2025\/09\/289724.jpeg?itok=QSqLs7ws\u0022 src=\u0022\/sites\/default\/files\/styles\/teaser_standard__s\/public\/aurora\/2025\/09\/289724.jpeg?itok=hJ_HVu26\u0022 title=\u0022Optimierter, themenrelevanter Alt-Text: \u201ePortr\u00e4t eines l\u00e4chelnden Ingenieurs mit Brille, der vor neutralem Hintergrund steht \u2013 Symbolbild f\u00fcr Digitalisierung und intelligente Geb\u00e4udetechnik in der TGA-Planung.\u201c. - \u00a9 GV\u0022 \/\u003E\n\n    \u003C\/picture\u003E\n      \u003Cfigcaption class=\u0022image--figcaption\u0022\u003E\n          \u003Cdiv class=\u0022copyright\u0022\u003EGV\u003C\/div\u003E\n          \u003C\/figcaption\u003E\n\u003C\/figure\u003E\n\n\n    \u003C\/div\u003E\n    \u003Cdiv class=\u0022teaser-content\u0022\u003E\n                    \u003Cdiv class=\u0022teaser-content--kicker\u0022\u003E\n                    Aufkl\u00e4rungsarbeit\n        \u003C\/div\u003E\n                                              \n                        \n        \u003Ch4 class=\u0022teaser-content--headline\u0022\u003E\n                                Mythen und Falsch\u00adinfor\u00adma\u00adtio\u00adnen ver\u00adfan\u00adgen bes\u00adser als \n                              \u003Cspan class=\u0022headline-last-word-arrow\u0022\u003EFak\u00adten                      \u003C\/span\u003E\n        \u003C\/h4\u003E\n            \u003Cdiv class=\u0022teaser-content--publishing-date\u0022\u003E\u003Ctime datetime=\u00222025-06-23T13:10:05Z\u0022\u003E23.06.2025\u003C\/time\u003E\n\u003C\/div\u003E\u003Cspan class=\u0022teaser-content--publishing-date-divider\u0022\u003E - \u003C\/span\u003E\u003Cdiv class=\u0022teaser-content--body\u0022\u003E\u003Cp\u003EZu W\u00e4rme\u00adpumpen wer\u00adden bis heu\u00adte zahl\u00adrei\u00adche Vor\u00adur\u00adtei\u00adle ge\u00adpflegt. Die meis\u00adten sind schon lan\u00adge \u00fcber\u00adholt. Den\u00adnoch wird noch lan\u00adge und viel Auf\u00adkl\u00e4\u00adrungs\u00adar\u00adbeit er\u00adfor\u00adder\u00adlich sein.\u003C\/p\u003E\n\u003C\/div\u003E\n                        \u003Cspan class=\u0022read-more-arrow-container\u0022\u003E\n            \u003Cspan class=\u0022read-more-angled-arrow\u0022\u003E \u003C\/span\u003E\n          \u003C\/span\u003E\n                  \u003C\/div\u003E\n    \u003C\/a\u003E\n\u003Ca href=\u0022\/kommentar\/standpunkt-bmwe-ein-irritierender-start-die-waermewende\u0022  class=\u0022teaser teaser--standard\u0022 aria-label=\u0022BMWE: Ein irritierender Start in die W\u00e4rmewende\u0022\u003E\n      \u003Cdiv class=\u0022teaser-content--image\u0022\u003E\n        \u003Cfigure class=\u0022image--figure\u0022\u003E\n        \u003Cpicture\u003E\n                        \u003Csource srcset=\u0022\/sites\/default\/files\/styles\/teaser_standard__m\/public\/aurora\/2025\/09\/289724.jpeg.webp?itok=m8MDESq2 1x\u0022 media=\u0022(min-width: 48.0625em) and (max-width: 64em)\u0022 type=\u0022image\/webp\u0022 width=\u0022323\u0022 height=\u0022216\u0022\/\u003E\n                  \u003Csource srcset=\u0022\/sites\/default\/files\/styles\/teaser_standard__l\/public\/aurora\/2025\/09\/289724.jpeg.webp?itok=ttBa1mCw 1x\u0022 media=\u0022(min-width: 64.0625em)\u0022 type=\u0022image\/webp\u0022 width=\u0022203\u0022 height=\u0022136\u0022\/\u003E\n                  \u003Csource srcset=\u0022\/sites\/default\/files\/styles\/teaser_standard__m\/public\/aurora\/2025\/09\/289724.jpeg?itok=PLIGD7Oc 1x\u0022 media=\u0022(min-width: 48.0625em) and (max-width: 64em)\u0022 type=\u0022image\/jpeg\u0022 width=\u0022323\u0022 height=\u0022216\u0022\/\u003E\n                  \u003Csource srcset=\u0022\/sites\/default\/files\/styles\/teaser_standard__l\/public\/aurora\/2025\/09\/289724.jpeg?itok=8tvyFjp7 1x\u0022 media=\u0022(min-width: 64.0625em)\u0022 type=\u0022image\/jpeg\u0022 width=\u0022203\u0022 height=\u0022136\u0022\/\u003E\n                          \u003Cimg loading=\u0022eager\u0022 data-caption-hide width=\u0022370\u0022 height=\u0022247\u0022 data-zoomed=\u0022https:\/\/www.tga-fachplaner.de\/sites\/default\/files\/styles\/content__zoomed\/public\/aurora\/2025\/09\/289724.jpeg?itok=QSqLs7ws\u0022 src=\u0022\/sites\/default\/files\/styles\/teaser_standard__s\/public\/aurora\/2025\/09\/289724.jpeg?itok=hJ_HVu26\u0022 title=\u0022Optimierter, themenrelevanter Alt-Text: \u201ePortr\u00e4t eines l\u00e4chelnden Ingenieurs mit Brille, der vor neutralem Hintergrund steht \u2013 Symbolbild f\u00fcr Digitalisierung und intelligente Geb\u00e4udetechnik in der TGA-Planung.\u201c. - \u00a9 GV\u0022 \/\u003E\n\n    \u003C\/picture\u003E\n      \u003Cfigcaption class=\u0022image--figcaption\u0022\u003E\n          \u003Cdiv class=\u0022copyright\u0022\u003EGV\u003C\/div\u003E\n          \u003C\/figcaption\u003E\n\u003C\/figure\u003E\n\n\n    \u003C\/div\u003E\n    \u003Cdiv class=\u0022teaser-content\u0022\u003E\n                    \u003Cdiv class=\u0022teaser-content--kicker\u0022\u003E\n                    Standpunkt\n        \u003C\/div\u003E\n                                              \n                        \n        \u003Ch4 class=\u0022teaser-content--headline\u0022\u003E\n                                BMWE: Ein irritierender Start in die \n                              \u003Cspan class=\u0022headline-last-word-arrow\u0022\u003EW\u00e4rmewende                      \u003C\/span\u003E\n        \u003C\/h4\u003E\n            \u003Cdiv class=\u0022teaser-content--publishing-date\u0022\u003E\u003Ctime datetime=\u00222025-05-22T14:08:41Z\u0022\u003E22.05.2025\u003C\/time\u003E\n\u003C\/div\u003E\u003Cspan class=\u0022teaser-content--publishing-date-divider\u0022\u003E - \u003C\/span\u003E\u003Cdiv class=\u0022teaser-content--body\u0022\u003E\u003Cp\u003EDie W\u00e4rme\u00adwen\u00adde auf ei\u00adnen mit den Klima\u00adzie\u00adlen \u00fcber\u00adein\u00adstimmen\u00adden Ziel\u00adpfad zu brin\u00adgen und zu hal\u00adten, ist eine gro\u00ad\u00dfe Auf\u00adgabe. Nicht hel\u00adfen wird da\u00adbei, gar nicht exis\u00adtie\u00adren\u00adde Zw\u00e4nge und Ver\u00adbote ab\u00adzu\u00adschaffen.\u003C\/p\u003E\n\u003C\/div\u003E\n                        \u003Cspan class=\u0022read-more-arrow-container\u0022\u003E\n            \u003Cspan class=\u0022read-more-angled-arrow\u0022\u003E \u003C\/span\u003E\n          \u003C\/span\u003E\n                  \u003C\/div\u003E\n    \u003C\/a\u003E\n\u003Ca href=\u0022\/kommentar\/gebaeudeenergiegesetz-die-messlatte-ist-und-bleibt-planungssicherheit\u0022  class=\u0022teaser teaser--standard\u0022 aria-label=\u0022Die Messlatte ist und bleibt Planungssicherheit\u0022\u003E\n      \u003Cdiv class=\u0022teaser-content--image\u0022\u003E\n        \u003Cfigure class=\u0022image--figure\u0022\u003E\n        \u003Cpicture\u003E\n                        \u003Csource srcset=\u0022\/sites\/default\/files\/styles\/teaser_standard__m\/public\/aurora\/2026\/04\/260097.jpeg.webp?itok=c5N3Jdhe 1x\u0022 media=\u0022(min-width: 48.0625em) and (max-width: 64em)\u0022 type=\u0022image\/webp\u0022 width=\u0022323\u0022 height=\u0022216\u0022\/\u003E\n                  \u003Csource srcset=\u0022\/sites\/default\/files\/styles\/teaser_standard__l\/public\/aurora\/2026\/04\/260097.jpeg.webp?itok=MWFJWBlO 1x\u0022 media=\u0022(min-width: 64.0625em)\u0022 type=\u0022image\/webp\u0022 width=\u0022203\u0022 height=\u0022135\u0022\/\u003E\n                  \u003Csource srcset=\u0022\/sites\/default\/files\/styles\/teaser_standard__m\/public\/aurora\/2026\/04\/260097.jpeg?itok=9847yPdJ 1x\u0022 media=\u0022(min-width: 48.0625em) and (max-width: 64em)\u0022 type=\u0022image\/jpeg\u0022 width=\u0022323\u0022 height=\u0022216\u0022\/\u003E\n                  \u003Csource srcset=\u0022\/sites\/default\/files\/styles\/teaser_standard__l\/public\/aurora\/2026\/04\/260097.jpeg?itok=pnL3XWQb 1x\u0022 media=\u0022(min-width: 64.0625em)\u0022 type=\u0022image\/jpeg\u0022 width=\u0022203\u0022 height=\u0022135\u0022\/\u003E\n                          \u003Cimg loading=\u0022eager\u0022 data-caption-hide width=\u0022430\u0022 height=\u0022287\u0022 data-zoomed=\u0022https:\/\/www.tga-fachplaner.de\/sites\/default\/files\/styles\/content__zoomed\/public\/aurora\/2026\/04\/260097.jpeg?itok=Mbp9QsGq\u0022 src=\u0022\/sites\/default\/files\/styles\/teaser_standard__s\/public\/aurora\/2026\/04\/260097.jpeg?itok=Y3GEEVGr\u0022 title=\u0022\u201eIngenieur l\u00e4chelt zufrieden, w\u00e4hrend er mit digitalen Tools die Geb\u00e4udeautomatisierung in einem modernen B\u00fcro plant. - \u00a9 GV\u0022 \/\u003E\n\n    \u003C\/picture\u003E\n      \u003Cfigcaption class=\u0022image--figcaption\u0022\u003E\n          \u003Cdiv class=\u0022copyright\u0022\u003EGV\u003C\/div\u003E\n          \u003C\/figcaption\u003E\n\u003C\/figure\u003E\n\n\n    \u003C\/div\u003E\n    \u003Cdiv class=\u0022teaser-content\u0022\u003E\n                    \u003Cdiv class=\u0022teaser-content--kicker\u0022\u003E\n                    Geb\u00e4udeenergiegesetz\n        \u003C\/div\u003E\n                                              \n                        \n        \u003Ch4 class=\u0022teaser-content--headline\u0022\u003E\n                                Die Messlatte ist und bleibt \n                              \u003Cspan class=\u0022headline-last-word-arrow\u0022\u003EPlanungssicherheit                      \u003C\/span\u003E\n        \u003C\/h4\u003E\n            \u003Cdiv class=\u0022teaser-content--publishing-date\u0022\u003E\u003Ctime datetime=\u00222025-04-24T11:28:48Z\u0022\u003E24.04.2025\u003C\/time\u003E\n\u003C\/div\u003E\u003Cspan class=\u0022teaser-content--publishing-date-divider\u0022\u003E - \u003C\/span\u003E\u003Cdiv class=\u0022teaser-content--body\u0022\u003E\u003Cp\u003ECDU und CSU stehen jetzt vor der He\u00adraus\u00adfor\u00adde\u00adrung, die von ihr selbst mit\u00adge\u00adpr\u00e4g\u00adte Wahr\u00adneh\u00admung der hei\u00adzungs\u00adtech\u00adni\u00adschen An\u00adfor\u00adde\u00adrun\u00adgen im Ge\u00adb\u00e4u\u00adde\u00adener\u00adgie\u00adge\u00adsetz ohne ech\u00adten Spiel\u00adraum neu zu ver\u00adkau\u00adfen.\u003C\/p\u003E\n\u003C\/div\u003E\n                        \u003Cspan class=\u0022read-more-arrow-container\u0022\u003E\n            \u003Cspan class=\u0022read-more-angled-arrow\u0022\u003E \u003C\/span\u003E\n          \u003C\/span\u003E\n                  \u003C\/div\u003E\n    \u003C\/a\u003E\n\u003Ca href=\u0022\/kommentar\/heizungswende-wer-nicht-fordern-will-muss-foerdern\u0022  class=\u0022teaser teaser--standard\u0022 aria-label=\u0022Wer nicht fordern will, muss f\u00f6rdern\u0022\u003E\n      \u003Cdiv class=\u0022teaser-content--image\u0022\u003E\n        \u003Cfigure class=\u0022image--figure\u0022\u003E\n        \u003Cpicture\u003E\n                        \u003Csource srcset=\u0022\/sites\/default\/files\/styles\/teaser_standard__m\/public\/aurora\/2026\/04\/260097.jpeg.webp?itok=c5N3Jdhe 1x\u0022 media=\u0022(min-width: 48.0625em) and (max-width: 64em)\u0022 type=\u0022image\/webp\u0022 width=\u0022323\u0022 height=\u0022216\u0022\/\u003E\n                  \u003Csource srcset=\u0022\/sites\/default\/files\/styles\/teaser_standard__l\/public\/aurora\/2026\/04\/260097.jpeg.webp?itok=MWFJWBlO 1x\u0022 media=\u0022(min-width: 64.0625em)\u0022 type=\u0022image\/webp\u0022 width=\u0022203\u0022 height=\u0022135\u0022\/\u003E\n                  \u003Csource srcset=\u0022\/sites\/default\/files\/styles\/teaser_standard__m\/public\/aurora\/2026\/04\/260097.jpeg?itok=9847yPdJ 1x\u0022 media=\u0022(min-width: 48.0625em) and (max-width: 64em)\u0022 type=\u0022image\/jpeg\u0022 width=\u0022323\u0022 height=\u0022216\u0022\/\u003E\n                  \u003Csource srcset=\u0022\/sites\/default\/files\/styles\/teaser_standard__l\/public\/aurora\/2026\/04\/260097.jpeg?itok=pnL3XWQb 1x\u0022 media=\u0022(min-width: 64.0625em)\u0022 type=\u0022image\/jpeg\u0022 width=\u0022203\u0022 height=\u0022135\u0022\/\u003E\n                          \u003Cimg loading=\u0022eager\u0022 data-caption-hide width=\u0022430\u0022 height=\u0022287\u0022 data-zoomed=\u0022https:\/\/www.tga-fachplaner.de\/sites\/default\/files\/styles\/content__zoomed\/public\/aurora\/2026\/04\/260097.jpeg?itok=Mbp9QsGq\u0022 src=\u0022\/sites\/default\/files\/styles\/teaser_standard__s\/public\/aurora\/2026\/04\/260097.jpeg?itok=Y3GEEVGr\u0022 title=\u0022\u201eIngenieur l\u00e4chelt zufrieden, w\u00e4hrend er mit digitalen Tools die Geb\u00e4udeautomatisierung in einem modernen B\u00fcro plant. - \u00a9 GV\u0022 \/\u003E\n\n    \u003C\/picture\u003E\n      \u003Cfigcaption class=\u0022image--figcaption\u0022\u003E\n          \u003Cdiv class=\u0022copyright\u0022\u003EGV\u003C\/div\u003E\n          \u003C\/figcaption\u003E\n\u003C\/figure\u003E\n\n\n    \u003C\/div\u003E\n    \u003Cdiv class=\u0022teaser-content\u0022\u003E\n                    \u003Cdiv class=\u0022teaser-content--kicker\u0022\u003E\n                    Heizungswende\n        \u003C\/div\u003E\n                                              \n                        \n        \u003Ch4 class=\u0022teaser-content--headline\u0022\u003E\n                                Wer nicht fordern will, muss \n                              \u003Cspan class=\u0022headline-last-word-arrow\u0022\u003Ef\u00f6rdern                      \u003C\/span\u003E\n        \u003C\/h4\u003E\n            \u003Cdiv class=\u0022teaser-content--publishing-date\u0022\u003E\u003Ctime datetime=\u00222025-03-29T14:41:57Z\u0022\u003E29.03.2025\u003C\/time\u003E\n\u003C\/div\u003E\u003Cspan class=\u0022teaser-content--publishing-date-divider\u0022\u003E - \u003C\/span\u003E\u003Cdiv class=\u0022teaser-content--body\u0022\u003E\u003Cp\u003EEine kri\u00adti\u00adsche Aus\u00adein\u00adan\u00adder\u00adset\u00adzung mit der Hei\u00adzungs\u00adf\u00f6r\u00adde\u00adrung ist und war schon im\u00admer ge\u00adbo\u00adten. Sie soll\u00adte aber mehr als die Ver\u00adtei\u00adlung von Zu\u00adsch\u00fcs\u00adsen im Blick haben.\u003C\/p\u003E\n\u003C\/div\u003E\n                        \u003Cspan class=\u0022read-more-arrow-container\u0022\u003E\n            \u003Cspan class=\u0022read-more-angled-arrow\u0022\u003E \u003C\/span\u003E\n          \u003C\/span\u003E\n                  \u003C\/div\u003E\n    \u003C\/a\u003E\n\u003Ca href=\u0022\/inhalt\/heizungswende-halber-strompreis-doppelter-waermepumpenabsatz\u0022  class=\u0022teaser teaser--standard\u0022 aria-label=\u0022Halber Strompreis, doppelter W\u00e4rmepumpenabsatz?\u0022\u003E\n      \u003Cdiv class=\u0022teaser-content--image\u0022\u003E\n        \u003Cfigure class=\u0022image--figure\u0022\u003E\n        \u003Cpicture\u003E\n                        \u003Csource srcset=\u0022\/sites\/default\/files\/styles\/teaser_standard__m\/public\/aurora\/2026\/04\/260097.jpeg.webp?itok=c5N3Jdhe 1x\u0022 media=\u0022(min-width: 48.0625em) and (max-width: 64em)\u0022 type=\u0022image\/webp\u0022 width=\u0022323\u0022 height=\u0022216\u0022\/\u003E\n                  \u003Csource srcset=\u0022\/sites\/default\/files\/styles\/teaser_standard__l\/public\/aurora\/2026\/04\/260097.jpeg.webp?itok=MWFJWBlO 1x\u0022 media=\u0022(min-width: 64.0625em)\u0022 type=\u0022image\/webp\u0022 width=\u0022203\u0022 height=\u0022135\u0022\/\u003E\n                  \u003Csource srcset=\u0022\/sites\/default\/files\/styles\/teaser_standard__m\/public\/aurora\/2026\/04\/260097.jpeg?itok=9847yPdJ 1x\u0022 media=\u0022(min-width: 48.0625em) and (max-width: 64em)\u0022 type=\u0022image\/jpeg\u0022 width=\u0022323\u0022 height=\u0022216\u0022\/\u003E\n                  \u003Csource srcset=\u0022\/sites\/default\/files\/styles\/teaser_standard__l\/public\/aurora\/2026\/04\/260097.jpeg?itok=pnL3XWQb 1x\u0022 media=\u0022(min-width: 64.0625em)\u0022 type=\u0022image\/jpeg\u0022 width=\u0022203\u0022 height=\u0022135\u0022\/\u003E\n                          \u003Cimg loading=\u0022eager\u0022 data-caption-hide width=\u0022430\u0022 height=\u0022287\u0022 data-zoomed=\u0022https:\/\/www.tga-fachplaner.de\/sites\/default\/files\/styles\/content__zoomed\/public\/aurora\/2026\/04\/260097.jpeg?itok=Mbp9QsGq\u0022 src=\u0022\/sites\/default\/files\/styles\/teaser_standard__s\/public\/aurora\/2026\/04\/260097.jpeg?itok=Y3GEEVGr\u0022 title=\u0022\u201eIngenieur l\u00e4chelt zufrieden, w\u00e4hrend er mit digitalen Tools die Geb\u00e4udeautomatisierung in einem modernen B\u00fcro plant. - \u00a9 GV\u0022 \/\u003E\n\n    \u003C\/picture\u003E\n      \u003Cfigcaption class=\u0022image--figcaption\u0022\u003E\n          \u003Cdiv class=\u0022copyright\u0022\u003EGV\u003C\/div\u003E\n          \u003C\/figcaption\u003E\n\u003C\/figure\u003E\n\n\n    \u003C\/div\u003E\n    \u003Cdiv class=\u0022teaser-content\u0022\u003E\n                    \u003Cdiv class=\u0022teaser-content--kicker\u0022\u003E\n                    Heizungswende\n        \u003C\/div\u003E\n                                              \n                        \n        \u003Ch4 class=\u0022teaser-content--headline\u0022\u003E\n                                Halber Strompreis, doppelter \n                              \u003Cspan class=\u0022headline-last-word-arrow\u0022\u003EW\u00e4rmepumpenabsatz?                      \u003C\/span\u003E\n        \u003C\/h4\u003E\n            \u003Cdiv class=\u0022teaser-content--publishing-date\u0022\u003E\u003Ctime datetime=\u00222025-02-26T09:15:05Z\u0022\u003E26.02.2025\u003C\/time\u003E\n\u003C\/div\u003E\u003Cspan class=\u0022teaser-content--publishing-date-divider\u0022\u003E - \u003C\/span\u003E\u003Cdiv class=\u0022teaser-content--body\u0022\u003E\u003Cp\u003EEin klei\u00adnes Strom-\/Gas\u00adpreis\u00adver\u00adh\u00e4lt\u00adnis ist f\u00fcr den W\u00e4r\u00adme\u00adpum\u00adpen\u00adhoch\u00adlauf not\u00adwen\u00addig, aber nicht aus\u00adrei\u00adchend. Er wird nur ge\u00adlin\u00adgen, wenn auch die Ein\u00adbau\u00adkos\u00adten deut\u00adlich sin\u00adken.\u003C\/p\u003E\n\u003C\/div\u003E\n                        \u003Cspan class=\u0022read-more-arrow-container\u0022\u003E\n            \u003Cspan class=\u0022read-more-angled-arrow\u0022\u003E \u003C\/span\u003E\n          \u003C\/span\u003E\n                  \u003C\/div\u003E\n    \u003C\/a\u003E\n\u003Ca href=\u0022\/kommentar\/co2-bepreisung-auch-mit-klimageld-ist-fossiles-heizen-eine-kostenfalle\u0022  class=\u0022teaser teaser--standard\u0022 aria-label=\u0022Auch mit Klimageld ist fossiles Heizen eine Kostenfalle\u0022\u003E\n      \u003Cdiv class=\u0022teaser-content--image\u0022\u003E\n        \u003Cfigure class=\u0022image--figure\u0022\u003E\n        \u003Cpicture\u003E\n                        \u003Csource srcset=\u0022\/sites\/default\/files\/styles\/teaser_standard__m\/public\/aurora\/2026\/01\/244041.jpeg.webp?itok=6RVcdktd 1x\u0022 media=\u0022(min-width: 48.0625em) and (max-width: 64em)\u0022 type=\u0022image\/webp\u0022 width=\u0022323\u0022 height=\u0022215\u0022\/\u003E\n                  \u003Csource srcset=\u0022\/sites\/default\/files\/styles\/teaser_standard__l\/public\/aurora\/2026\/01\/244041.jpeg.webp?itok=lB329Ds0 1x\u0022 media=\u0022(min-width: 64.0625em)\u0022 type=\u0022image\/webp\u0022 width=\u0022203\u0022 height=\u0022135\u0022\/\u003E\n                  \u003Csource srcset=\u0022\/sites\/default\/files\/styles\/teaser_standard__m\/public\/aurora\/2026\/01\/244041.jpeg?itok=kxZ2R45b 1x\u0022 media=\u0022(min-width: 48.0625em) and (max-width: 64em)\u0022 type=\u0022image\/jpeg\u0022 width=\u0022323\u0022 height=\u0022215\u0022\/\u003E\n                  \u003Csource srcset=\u0022\/sites\/default\/files\/styles\/teaser_standard__l\/public\/aurora\/2026\/01\/244041.jpeg?itok=mHdef1Fv 1x\u0022 media=\u0022(min-width: 64.0625em)\u0022 type=\u0022image\/jpeg\u0022 width=\u0022203\u0022 height=\u0022135\u0022\/\u003E\n                          \u003Cimg loading=\u0022eager\u0022 data-caption-hide width=\u0022597\u0022 height=\u0022398\u0022 data-zoomed=\u0022https:\/\/www.tga-fachplaner.de\/sites\/default\/files\/styles\/content__zoomed\/public\/aurora\/2026\/01\/244041.jpeg?itok=KX1GmVvM\u0022 src=\u0022\/sites\/default\/files\/styles\/teaser_standard__s\/public\/aurora\/2026\/01\/244041.jpeg?itok=WaHSW_Ge\u0022 title=\u0022Alt-Text: \u201eExperte f\u00fcr smarte Geb\u00e4udetechnik erl\u00e4utert innovative L\u00f6sungen zur Digitalisierung und Elektrifizierung von Geb\u00e4udesystemen vor neutralem Hintergrund. - \u00a9 GV\u0022 \/\u003E\n\n    \u003C\/picture\u003E\n      \u003Cfigcaption class=\u0022image--figcaption\u0022\u003E\n          \u003Cdiv class=\u0022copyright\u0022\u003EGV\u003C\/div\u003E\n          \u003C\/figcaption\u003E\n\u003C\/figure\u003E\n\n\n    \u003C\/div\u003E\n    \u003Cdiv class=\u0022teaser-content\u0022\u003E\n                    \u003Cdiv class=\u0022teaser-content--kicker\u0022\u003E\n                    CO\u003Csub\u003E2\u003C\/sub\u003E-Bepreisung\n        \u003C\/div\u003E\n                                              \n                        \n        \u003Ch4 class=\u0022teaser-content--headline\u0022\u003E\n                                Auch mit Klimageld ist fossiles Heizen eine \n                              \u003Cspan class=\u0022headline-last-word-arrow\u0022\u003EKostenfalle                      \u003C\/span\u003E\n        \u003C\/h4\u003E\n            \u003Cdiv class=\u0022teaser-content--publishing-date\u0022\u003E\u003Ctime datetime=\u00222025-01-30T15:39:05Z\u0022\u003E30.01.2025\u003C\/time\u003E\n\u003C\/div\u003E\u003Cspan class=\u0022teaser-content--publishing-date-divider\u0022\u003E - \u003C\/span\u003E\u003Cdiv class=\u0022teaser-content--body\u0022\u003E\u003Cp\u003EEin Klima\u00adgeld kann die CO\u003Csub\u003E2\u003C\/sub\u003E-Kosten beim Hei\u00adzen mit Erd\u00adgas und Heiz\u00ad\u00f6l (nur) d\u00e4mp\u00adfen. Be\u00adlohnt wird wei\u00adter\u00adhin der fr\u00fc\u00adhe Um\u00adstieg auf das Hei\u00adzen ohne fos\u00adsi\u00adle Ener\u00adgie\u00adtr\u00e4\u00adger.\u003C\/p\u003E\n\u003C\/div\u003E\n                        \u003Cspan class=\u0022read-more-arrow-container\u0022\u003E\n            \u003Cspan class=\u0022read-more-angled-arrow\u0022\u003E \u003C\/span\u003E\n          \u003C\/span\u003E\n                  \u003C\/div\u003E\n    \u003C\/a\u003E\n\u003Ca href=\u0022\/kommentar\/heizungswende-ein-strom-gaspreis-verhaeltnis-von-25-statt-heizungsfoerderung\u0022  class=\u0022teaser teaser--standard\u0022 aria-label=\u0022Ein Strom-\/Gas\u00adpreis-Ver\u00adh\u00e4l\u00adtnis von 2,5 statt Hei\u00adzungs\u00adf\u00f6r\u00adde\u00adrung?\u0022\u003E\n      \u003Cdiv class=\u0022teaser-content--image\u0022\u003E\n        \u003Cfigure class=\u0022image--figure\u0022\u003E\n        \u003Cpicture\u003E\n                        \u003Csource srcset=\u0022\/sites\/default\/files\/styles\/teaser_standard__m\/public\/aurora\/2026\/01\/244041.jpeg.webp?itok=6RVcdktd 1x\u0022 media=\u0022(min-width: 48.0625em) and (max-width: 64em)\u0022 type=\u0022image\/webp\u0022 width=\u0022323\u0022 height=\u0022215\u0022\/\u003E\n                  \u003Csource srcset=\u0022\/sites\/default\/files\/styles\/teaser_standard__l\/public\/aurora\/2026\/01\/244041.jpeg.webp?itok=lB329Ds0 1x\u0022 media=\u0022(min-width: 64.0625em)\u0022 type=\u0022image\/webp\u0022 width=\u0022203\u0022 height=\u0022135\u0022\/\u003E\n                  \u003Csource srcset=\u0022\/sites\/default\/files\/styles\/teaser_standard__m\/public\/aurora\/2026\/01\/244041.jpeg?itok=kxZ2R45b 1x\u0022 media=\u0022(min-width: 48.0625em) and (max-width: 64em)\u0022 type=\u0022image\/jpeg\u0022 width=\u0022323\u0022 height=\u0022215\u0022\/\u003E\n                  \u003Csource srcset=\u0022\/sites\/default\/files\/styles\/teaser_standard__l\/public\/aurora\/2026\/01\/244041.jpeg?itok=mHdef1Fv 1x\u0022 media=\u0022(min-width: 64.0625em)\u0022 type=\u0022image\/jpeg\u0022 width=\u0022203\u0022 height=\u0022135\u0022\/\u003E\n                          \u003Cimg loading=\u0022eager\u0022 data-caption-hide width=\u0022597\u0022 height=\u0022398\u0022 data-zoomed=\u0022https:\/\/www.tga-fachplaner.de\/sites\/default\/files\/styles\/content__zoomed\/public\/aurora\/2026\/01\/244041.jpeg?itok=KX1GmVvM\u0022 src=\u0022\/sites\/default\/files\/styles\/teaser_standard__s\/public\/aurora\/2026\/01\/244041.jpeg?itok=WaHSW_Ge\u0022 title=\u0022Alt-Text: \u201eExperte f\u00fcr smarte Geb\u00e4udetechnik erl\u00e4utert innovative L\u00f6sungen zur Digitalisierung und Elektrifizierung von Geb\u00e4udesystemen vor neutralem Hintergrund. - \u00a9 GV\u0022 \/\u003E\n\n    \u003C\/picture\u003E\n      \u003Cfigcaption class=\u0022image--figcaption\u0022\u003E\n          \u003Cdiv class=\u0022copyright\u0022\u003EGV\u003C\/div\u003E\n          \u003C\/figcaption\u003E\n\u003C\/figure\u003E\n\n\n    \u003C\/div\u003E\n    \u003Cdiv class=\u0022teaser-content\u0022\u003E\n                    \u003Cdiv class=\u0022teaser-content--kicker\u0022\u003E\n                    Heizungswende\n        \u003C\/div\u003E\n                                              \n                        \n        \u003Ch4 class=\u0022teaser-content--headline\u0022\u003E\n                                Ein Strom-\/Gas\u00adpreis-Ver\u00adh\u00e4l\u00adtnis von 2,5 statt \n                              \u003Cspan class=\u0022headline-last-word-arrow\u0022\u003EHei\u00adzungs\u00adf\u00f6r\u00adde\u00adrung?                      \u003C\/span\u003E\n        \u003C\/h4\u003E\n            \u003Cdiv class=\u0022teaser-content--publishing-date\u0022\u003E\u003Ctime datetime=\u00222024-12-19T13:54:11Z\u0022\u003E19.12.2024\u003C\/time\u003E\n\u003C\/div\u003E\u003Cspan class=\u0022teaser-content--publishing-date-divider\u0022\u003E - \u003C\/span\u003E\u003Cdiv class=\u0022teaser-content--body\u0022\u003E\u003Cp\u003EUm mit ei\u00adnem SGV von 2,5 ohne F\u00f6r\u00adde\u00adrung aus\u00adzu\u00adkom\u00admen, m\u00fcss\u00adte sich zu\u00ads\u00e4tz\u00adlich et\u00adwas stark \u00e4n\u00addern, bei\u00adspiels\u00adwei\u00adse m\u00fcss\u00adt\u00ade die Energie\u00adpreis\u00adent\u00adwick\u00adlung ver\u00adbind\u00adlich(er) be\u00adkannt sein.\u003C\/p\u003E\n\u003C\/div\u003E\n                        \u003Cspan class=\u0022read-more-arrow-container\u0022\u003E\n            \u003Cspan class=\u0022read-more-angled-arrow\u0022\u003E \u003C\/span\u003E\n          \u003C\/span\u003E\n                  \u003C\/div\u003E\n    \u003C\/a\u003E\n\u003Ca href=\u0022\/kommentar\/heizungswende-mehr-gewicht-fuer-die-co2-bepreisung-besser-nicht\u0022  class=\u0022teaser teaser--standard\u0022 aria-label=\u0022Mehr Gewicht f\u00fcr die CO\u003Csub\u003E2\u003C\/sub\u003E-Be\u00adprei\u00adsung? Besser nicht\u202f\u2026\u0022\u003E\n      \u003Cdiv class=\u0022teaser-content--image\u0022\u003E\n        \u003Cfigure class=\u0022image--figure\u0022\u003E\n        \u003Cpicture\u003E\n                        \u003Csource srcset=\u0022\/sites\/default\/files\/styles\/teaser_standard__m\/public\/aurora\/2026\/04\/260097.jpeg.webp?itok=c5N3Jdhe 1x\u0022 media=\u0022(min-width: 48.0625em) and (max-width: 64em)\u0022 type=\u0022image\/webp\u0022 width=\u0022323\u0022 height=\u0022216\u0022\/\u003E\n                  \u003Csource srcset=\u0022\/sites\/default\/files\/styles\/teaser_standard__l\/public\/aurora\/2026\/04\/260097.jpeg.webp?itok=MWFJWBlO 1x\u0022 media=\u0022(min-width: 64.0625em)\u0022 type=\u0022image\/webp\u0022 width=\u0022203\u0022 height=\u0022135\u0022\/\u003E\n                  \u003Csource srcset=\u0022\/sites\/default\/files\/styles\/teaser_standard__m\/public\/aurora\/2026\/04\/260097.jpeg?itok=9847yPdJ 1x\u0022 media=\u0022(min-width: 48.0625em) and (max-width: 64em)\u0022 type=\u0022image\/jpeg\u0022 width=\u0022323\u0022 height=\u0022216\u0022\/\u003E\n                  \u003Csource srcset=\u0022\/sites\/default\/files\/styles\/teaser_standard__l\/public\/aurora\/2026\/04\/260097.jpeg?itok=pnL3XWQb 1x\u0022 media=\u0022(min-width: 64.0625em)\u0022 type=\u0022image\/jpeg\u0022 width=\u0022203\u0022 height=\u0022135\u0022\/\u003E\n                          \u003Cimg loading=\u0022eager\u0022 data-caption-hide width=\u0022430\u0022 height=\u0022287\u0022 data-zoomed=\u0022https:\/\/www.tga-fachplaner.de\/sites\/default\/files\/styles\/content__zoomed\/public\/aurora\/2026\/04\/260097.jpeg?itok=Mbp9QsGq\u0022 src=\u0022\/sites\/default\/files\/styles\/teaser_standard__s\/public\/aurora\/2026\/04\/260097.jpeg?itok=Y3GEEVGr\u0022 title=\u0022\u201eIngenieur l\u00e4chelt zufrieden, w\u00e4hrend er mit digitalen Tools die Geb\u00e4udeautomatisierung in einem modernen B\u00fcro plant. - \u00a9 GV\u0022 \/\u003E\n\n    \u003C\/picture\u003E\n      \u003Cfigcaption class=\u0022image--figcaption\u0022\u003E\n          \u003Cdiv class=\u0022copyright\u0022\u003EGV\u003C\/div\u003E\n          \u003C\/figcaption\u003E\n\u003C\/figure\u003E\n\n\n    \u003C\/div\u003E\n    \u003Cdiv class=\u0022teaser-content\u0022\u003E\n                    \u003Cdiv class=\u0022teaser-content--kicker\u0022\u003E\n                    Heizungswende\n        \u003C\/div\u003E\n                                              \n                        \n        \u003Ch4 class=\u0022teaser-content--headline\u0022\u003E\n                                Mehr Gewicht f\u00fcr die CO2-Be\u00adprei\u00adsung? Besser \n                              \u003Cspan class=\u0022headline-last-word-arrow\u0022\u003Enicht\u202f\u2026                      \u003C\/span\u003E\n        \u003C\/h4\u003E\n            \u003Cdiv class=\u0022teaser-content--publishing-date\u0022\u003E\u003Ctime datetime=\u00222024-11-20T14:57:26Z\u0022\u003E20.11.2024\u003C\/time\u003E\n\u003C\/div\u003E\u003Cspan class=\u0022teaser-content--publishing-date-divider\u0022\u003E - \u003C\/span\u003E\u003Cdiv class=\u0022teaser-content--body\u0022\u003E\u003Cp\u003EDie CO\u003Csub\u003E2\u003C\/sub\u003E-Be\u00adprei\u00adsung ist zwar keine klas\u00adsi\u00adsche Steu\u00ader, aber sie soll steu\u00adern. Das ist auch wich\u00adtig und rich\u00adtig. Ei\u00adne Kon\u00adzen\u00adtra\u00adtion auf die CO\u003Csub\u003E2\u003C\/sub\u003E-Be\u00adprei\u00adsung ver\u00adschiebt je\u00addoch Hand\u00adlun\u00adgen und er\u00adzeugt in den Zu\u00adkunft neue Pro\u00adbl\u00ademe.\u003C\/p\u003E\n\u003C\/div\u003E\n                        \u003Cspan class=\u0022read-more-arrow-container\u0022\u003E\n            \u003Cspan class=\u0022read-more-angled-arrow\u0022\u003E \u003C\/span\u003E\n          \u003C\/span\u003E\n                  \u003C\/div\u003E\n    \u003C\/a\u003E\n\u003Ca href=\u0022\/kommentar\/heizenergiekosten-gas-netzentgelte-werden-zum-treiber-der-waermewende\u0022  class=\u0022teaser teaser--standard\u0022 aria-label=\u0022Gas-Netzentgelte werden zum Treiber der W\u00e4rme\u00adwende\u0022\u003E\n      \u003Cdiv class=\u0022teaser-content--image\u0022\u003E\n        \u003Cfigure class=\u0022image--figure\u0022\u003E\n        \u003Cpicture\u003E\n                        \u003Csource srcset=\u0022\/sites\/default\/files\/styles\/teaser_standard__m\/public\/aurora\/2026\/04\/260097.jpeg.webp?itok=c5N3Jdhe 1x\u0022 media=\u0022(min-width: 48.0625em) and (max-width: 64em)\u0022 type=\u0022image\/webp\u0022 width=\u0022323\u0022 height=\u0022216\u0022\/\u003E\n                  \u003Csource srcset=\u0022\/sites\/default\/files\/styles\/teaser_standard__l\/public\/aurora\/2026\/04\/260097.jpeg.webp?itok=MWFJWBlO 1x\u0022 media=\u0022(min-width: 64.0625em)\u0022 type=\u0022image\/webp\u0022 width=\u0022203\u0022 height=\u0022135\u0022\/\u003E\n                  \u003Csource srcset=\u0022\/sites\/default\/files\/styles\/teaser_standard__m\/public\/aurora\/2026\/04\/260097.jpeg?itok=9847yPdJ 1x\u0022 media=\u0022(min-width: 48.0625em) and (max-width: 64em)\u0022 type=\u0022image\/jpeg\u0022 width=\u0022323\u0022 height=\u0022216\u0022\/\u003E\n                  \u003Csource srcset=\u0022\/sites\/default\/files\/styles\/teaser_standard__l\/public\/aurora\/2026\/04\/260097.jpeg?itok=pnL3XWQb 1x\u0022 media=\u0022(min-width: 64.0625em)\u0022 type=\u0022image\/jpeg\u0022 width=\u0022203\u0022 height=\u0022135\u0022\/\u003E\n                          \u003Cimg loading=\u0022eager\u0022 data-caption-hide width=\u0022430\u0022 height=\u0022287\u0022 data-zoomed=\u0022https:\/\/www.tga-fachplaner.de\/sites\/default\/files\/styles\/content__zoomed\/public\/aurora\/2026\/04\/260097.jpeg?itok=Mbp9QsGq\u0022 src=\u0022\/sites\/default\/files\/styles\/teaser_standard__s\/public\/aurora\/2026\/04\/260097.jpeg?itok=Y3GEEVGr\u0022 alt=\u0022\u0022 title=\u0022\u201eIngenieur l\u00e4chelt zufrieden, w\u00e4hrend er mit digitalen Tools die Geb\u00e4udeautomatisierung in einem modernen B\u00fcro plant. - \u00a9 GV\u0022 \/\u003E\n\n    \u003C\/picture\u003E\n      \u003Cfigcaption class=\u0022image--figcaption\u0022\u003E\n          \u003Cdiv class=\u0022copyright\u0022\u003EGV\u003C\/div\u003E\n          \u003C\/figcaption\u003E\n\u003C\/figure\u003E\n\n\n    \u003C\/div\u003E\n    \u003Cdiv class=\u0022teaser-content\u0022\u003E\n                    \u003Cdiv class=\u0022teaser-content--kicker\u0022\u003E\n                    Heizenergiekosten\n        \u003C\/div\u003E\n                                              \n                        \n        \u003Ch4 class=\u0022teaser-content--headline\u0022\u003E\n                                Gas-Netzentgelte werden zum Treiber der \n                              \u003Cspan class=\u0022headline-last-word-arrow\u0022\u003EW\u00e4rme\u00adwende                      \u003C\/span\u003E\n        \u003C\/h4\u003E\n            \u003Cdiv class=\u0022teaser-content--publishing-date\u0022\u003E\u003Ctime datetime=\u00222024-11-04T06:24:16Z\u0022\u003E04.11.2024\u003C\/time\u003E\n\u003C\/div\u003E\u003Cspan class=\u0022teaser-content--publishing-date-divider\u0022\u003E - \u003C\/span\u003E\u003Cdiv class=\u0022teaser-content--body\u0022\u003E\u003Cp\u003E2025 steigt in vie\u00adlen Re\u00adgio\u00adnen das Ent\u00adgelt f\u00fcr die Nutzung der Gas\u00adnetze deut\u00adlich. Mehr\u00adkos\u00adten um 200\u202fEuro\/a und mehr ma\u00adchen den Um\u00adstieg auf W\u00e4r\u00adme\u00adpum\u00adpen und Bio\u00admasse-Hei\u00adzungen finan\u00adziell deut\u00adlich attrak\u00adtiver. Das k\u00f6n\u00adnte Erdgas noch wei\u00adter ver\u00adteuern.\u003C\/p\u003E\n\u003C\/div\u003E\n                        \u003Cspan class=\u0022read-more-arrow-container\u0022\u003E\n            \u003Cspan class=\u0022read-more-angled-arrow\u0022\u003E \u003C\/span\u003E\n          \u003C\/span\u003E\n                  \u003C\/div\u003E\n    \u003C\/a\u003E\n","entity_type":"node","used_ids":["",257901,256440,255037,253496,252036,250584,249381,247992,246446,245419,243013,241533,240099,237591,235178,233805,232541,230869,229645],"show_more":"\u003Cdiv class=\u0022del-show-more\u0022\u003E\u003Ca href=\u0022\/ajax\/del\/22f86157-4238-412b-8aa8-7b6f8678c4f1\/paragraph\/20\/19\/asc\/eyJub2RlIjp7ImlkIjoiMzAyOTMiLCJ0eXBlIjoicGFnZSJ9fQ%3D%3D\u0022 title=\u0022Mehr Elemente anzeigen\u0022 class=\u0022del-show-more-link use-ajax\u0022 rel=\u0022nofollow\u0022 data-target-type=\u0022node\u0022 aria-controls=\u0022del--paragraph-567132--content\u0022 aria-label=\u0022Mehr Elemente anzeigen\u0022\u003EMehr anzeigen\u003C\/a\u003E\u003C\/div\u003E\n"}]