[{"command":"showMoreTeasers","id":"del--paragraph-567068","content":"\u003Ca href=\u0022\/meldungen\/planungsbuero-vbi-fordert-signifikanten-sofortzuschlag-vor-der-hoai-novelle\u0022  class=\u0022teaser teaser--standard\u0022 aria-label=\u0022VBI fordert signifikanten Sofort\u00adzu\u00adschlag vor der HOAI-Novelle\u0022\u003E\n      \u003Cdiv class=\u0022teaser-content--image\u0022\u003E\n        \u003Cfigure class=\u0022image--figure\u0022\u003E\n        \u003Cpicture\u003E\n                        \u003Csource srcset=\u0022\/sites\/default\/files\/styles\/teaser_standard__m\/public\/aurora\/2023\/08\/299868.jpeg.webp?itok=-wXH8-s6 1x\u0022 media=\u0022(min-width: 48.0625em) and (max-width: 64em)\u0022 type=\u0022image\/webp\u0022 width=\u0022323\u0022 height=\u0022215\u0022\/\u003E\n                  \u003Csource srcset=\u0022\/sites\/default\/files\/styles\/teaser_standard__l\/public\/aurora\/2023\/08\/299868.jpeg.webp?itok=A11vUGcd 1x\u0022 media=\u0022(min-width: 64.0625em)\u0022 type=\u0022image\/webp\u0022 width=\u0022203\u0022 height=\u0022135\u0022\/\u003E\n                  \u003Csource srcset=\u0022\/sites\/default\/files\/styles\/teaser_standard__m\/public\/aurora\/2023\/08\/299868.jpeg?itok=PluqA1Uc 1x\u0022 media=\u0022(min-width: 48.0625em) and (max-width: 64em)\u0022 type=\u0022image\/jpeg\u0022 width=\u0022323\u0022 height=\u0022215\u0022\/\u003E\n                  \u003Csource srcset=\u0022\/sites\/default\/files\/styles\/teaser_standard__l\/public\/aurora\/2023\/08\/299868.jpeg?itok=hul-7qBO 1x\u0022 media=\u0022(min-width: 64.0625em)\u0022 type=\u0022image\/jpeg\u0022 width=\u0022203\u0022 height=\u0022135\u0022\/\u003E\n                          \u003Cimg loading=\u0022eager\u0022 data-caption-hide width=\u0022597\u0022 height=\u0022398\u0022 data-zoomed=\u0022https:\/\/www.tga-fachplaner.de\/sites\/default\/files\/styles\/content__zoomed\/public\/aurora\/2023\/08\/299868.jpeg?itok=4RTujekA\u0022 src=\u0022\/sites\/default\/files\/styles\/teaser_standard__s\/public\/aurora\/2023\/08\/299868.jpeg?itok=6WjWAQlH\u0022 title=\u0022\u00a9 fotogestoeber \u2013 stock.adobe.com\n\u0022 \/\u003E\n\n    \u003C\/picture\u003E\n      \u003Cfigcaption class=\u0022image--figcaption\u0022\u003E\n          \u003Cdiv class=\u0022copyright\u0022\u003Efotogestoeber \u2013 stock.adobe.com\n\u003C\/div\u003E\n          \u003C\/figcaption\u003E\n\u003C\/figure\u003E\n\n\n    \u003C\/div\u003E\n    \u003Cdiv class=\u0022teaser-content\u0022\u003E\n                    \u003Cdiv class=\u0022teaser-content--kicker\u0022\u003E\n                    Planungsb\u00fcro\n        \u003C\/div\u003E\n                                              \n                        \n        \u003Ch4 class=\u0022teaser-content--headline\u0022\u003E\n                                VBI fordert signifikanten Sofort\u00adzu\u00adschlag vor der \n                              \u003Cspan class=\u0022headline-last-word-arrow\u0022\u003EHOAI-Novelle                      \u003C\/span\u003E\n        \u003C\/h4\u003E\n            \u003Cdiv class=\u0022teaser-content--publishing-date\u0022\u003E\u003Ctime datetime=\u00222023-08-08T18:27:07Z\u0022\u003E08.08.2023\u003C\/time\u003E\n\u003C\/div\u003E\u003Cspan class=\u0022teaser-content--publishing-date-divider\u0022\u003E - \u003C\/span\u003E\u003Cdiv class=\u0022teaser-content--body\u0022\u003E\u003Cp\u003EPlanungsb\u00fcros k\u00f6nnen bei den Geh\u00e4ltern nicht mit kon\u00adkur\u00adrieren\u00adden Branchen mithalten. Der VBI fordert einen signi\u00adfi\u00adkanten HOAI-Sofortzuschlag.\u003C\/p\u003E\n\u003C\/div\u003E\n                        \u003Cspan class=\u0022read-more-arrow-container\u0022\u003E\n            \u003Cspan class=\u0022read-more-angled-arrow\u0022\u003E \u003C\/span\u003E\n          \u003C\/span\u003E\n                  \u003C\/div\u003E\n    \u003C\/a\u003E\n\u003Ca href=\u0022\/meldungen\/recht-bgh-hoai-mindestsaetze-bei-altvertraegen-mit-privatpersonen-anwendbar\u0022  class=\u0022teaser teaser--standard\u0022 aria-label=\u0022BGH: HOAI-Mindests\u00e4tze bei Altvertr\u00e4gen mit Privatpersonen anwendbar\u0022\u003E\n      \u003Cdiv class=\u0022teaser-content--image\u0022\u003E\n        \u003Cfigure class=\u0022image--figure\u0022\u003E\n        \u003Cpicture\u003E\n                        \u003Csource srcset=\u0022\/sites\/default\/files\/styles\/teaser_standard__m\/public\/aurora\/2022\/06\/202039.jpeg.webp?itok=2NGyZtva 1x\u0022 media=\u0022(min-width: 48.0625em) and (max-width: 64em)\u0022 type=\u0022image\/webp\u0022 width=\u0022323\u0022 height=\u0022215\u0022\/\u003E\n                  \u003Csource srcset=\u0022\/sites\/default\/files\/styles\/teaser_standard__l\/public\/aurora\/2022\/06\/202039.jpeg.webp?itok=MxwEbX-W 1x\u0022 media=\u0022(min-width: 64.0625em)\u0022 type=\u0022image\/webp\u0022 width=\u0022203\u0022 height=\u0022135\u0022\/\u003E\n                  \u003Csource srcset=\u0022\/sites\/default\/files\/styles\/teaser_standard__m\/public\/aurora\/2022\/06\/202039.jpeg?itok=fJV7vLHA 1x\u0022 media=\u0022(min-width: 48.0625em) and (max-width: 64em)\u0022 type=\u0022image\/jpeg\u0022 width=\u0022323\u0022 height=\u0022215\u0022\/\u003E\n                  \u003Csource srcset=\u0022\/sites\/default\/files\/styles\/teaser_standard__l\/public\/aurora\/2022\/06\/202039.jpeg?itok=eJP5Zo3m 1x\u0022 media=\u0022(min-width: 64.0625em)\u0022 type=\u0022image\/jpeg\u0022 width=\u0022203\u0022 height=\u0022135\u0022\/\u003E\n                          \u003Cimg loading=\u0022eager\u0022 data-caption-hide width=\u0022597\u0022 height=\u0022398\u0022 data-zoomed=\u0022https:\/\/www.tga-fachplaner.de\/sites\/default\/files\/styles\/content__zoomed\/public\/aurora\/2022\/06\/202039.jpeg?itok=wnJvVkAg\u0022 src=\u0022\/sites\/default\/files\/styles\/teaser_standard__s\/public\/aurora\/2022\/06\/202039.jpeg?itok=NiUdtcg4\u0022 title=\u0022\u00a9 Seventyfour \u2013 stock.adobe.com\n\u0022 \/\u003E\n\n    \u003C\/picture\u003E\n      \u003Cfigcaption class=\u0022image--figcaption\u0022\u003E\n          \u003Cdiv class=\u0022copyright\u0022\u003ESeventyfour \u2013 stock.adobe.com\n\u003C\/div\u003E\n          \u003C\/figcaption\u003E\n\u003C\/figure\u003E\n\n\n    \u003C\/div\u003E\n    \u003Cdiv class=\u0022teaser-content\u0022\u003E\n                    \u003Cdiv class=\u0022teaser-content--kicker\u0022\u003E\n                    Recht\n        \u003C\/div\u003E\n                                              \n                        \n        \u003Ch4 class=\u0022teaser-content--headline\u0022\u003E\n                                BGH: HOAI-Mindests\u00e4tze bei Altvertr\u00e4gen mit Privatpersonen \n                              \u003Cspan class=\u0022headline-last-word-arrow\u0022\u003Eanwendbar                      \u003C\/span\u003E\n        \u003C\/h4\u003E\n            \u003Cdiv class=\u0022teaser-content--publishing-date\u0022\u003E\u003Ctime datetime=\u00222022-06-02T20:50:35Z\u0022\u003E02.06.2022\u003C\/time\u003E\n\u003C\/div\u003E\u003Cspan class=\u0022teaser-content--publishing-date-divider\u0022\u003E - \u003C\/span\u003E\u003Cdiv class=\u0022teaser-content--body\u0022\u003E\u003Cp\u003EDer BGH hat best\u00e4tigt, dass die Mindests\u00e4tze der HOAI 2013 in einem laufenden Gerichtsverfahren zwischen Privatpersonen weiterhin anwendbar sind.\u003C\/p\u003E\n\u003C\/div\u003E\n                        \u003Cspan class=\u0022read-more-arrow-container\u0022\u003E\n            \u003Cspan class=\u0022read-more-angled-arrow\u0022\u003E \u003C\/span\u003E\n          \u003C\/span\u003E\n                  \u003C\/div\u003E\n    \u003C\/a\u003E\n\u003Ca href=\u0022\/service\/weise-software-hoai-pro-mit-honorartafeln-aus-siemon-gutachten\u0022  class=\u0022teaser teaser--standard\u0022 aria-label=\u0022HOAI-Pro mit Honorartafeln aus Siemon-Gutachten\u0022\u003E\n      \u003Cdiv class=\u0022teaser-content--image\u0022\u003E\n        \u003Cfigure class=\u0022image--figure\u0022\u003E\n        \u003Cpicture\u003E\n                        \u003Csource srcset=\u0022\/sites\/default\/files\/styles\/teaser_standard__m\/public\/aurora\/2021\/09\/139994.jpeg.webp?itok=10u3QgZj 1x\u0022 media=\u0022(min-width: 48.0625em) and (max-width: 64em)\u0022 type=\u0022image\/webp\u0022 width=\u0022323\u0022 height=\u0022163\u0022\/\u003E\n                  \u003Csource srcset=\u0022\/sites\/default\/files\/styles\/teaser_standard__l\/public\/aurora\/2021\/09\/139994.jpeg.webp?itok=Yw2zqnE- 1x\u0022 media=\u0022(min-width: 64.0625em)\u0022 type=\u0022image\/webp\u0022 width=\u0022203\u0022 height=\u0022102\u0022\/\u003E\n                  \u003Csource srcset=\u0022\/sites\/default\/files\/styles\/teaser_standard__m\/public\/aurora\/2021\/09\/139994.jpeg?itok=LJ1LcGZr 1x\u0022 media=\u0022(min-width: 48.0625em) and (max-width: 64em)\u0022 type=\u0022image\/jpeg\u0022 width=\u0022323\u0022 height=\u0022163\u0022\/\u003E\n                  \u003Csource srcset=\u0022\/sites\/default\/files\/styles\/teaser_standard__l\/public\/aurora\/2021\/09\/139994.jpeg?itok=Enebh1JN 1x\u0022 media=\u0022(min-width: 64.0625em)\u0022 type=\u0022image\/jpeg\u0022 width=\u0022203\u0022 height=\u0022102\u0022\/\u003E\n                          \u003Cimg alt=\u0022Weise Software hat die Honorartafeln des Siemon-Gutachtens in HOAI-Pro 2021 integriert.\u0022 loading=\u0022eager\u0022 data-caption-hide width=\u0022708\u0022 height=\u0022357\u0022 data-zoomed=\u0022https:\/\/www.tga-fachplaner.de\/sites\/default\/files\/styles\/content__zoomed\/public\/aurora\/2021\/09\/139994.jpeg?itok=fZ33f4b9\u0022 src=\u0022\/sites\/default\/files\/styles\/teaser_standard__s\/public\/aurora\/2021\/09\/139994.jpeg?itok=309JdxyK\u0022 title=\u0022\u00a9 Weise Software\n\u0022 \/\u003E\n\n    \u003C\/picture\u003E\n      \u003Cfigcaption class=\u0022image--figcaption\u0022\u003E\n          \u003Cdiv class=\u0022copyright\u0022\u003EWeise Software\n\u003C\/div\u003E\n          \u003C\/figcaption\u003E\n\u003C\/figure\u003E\n\n\n    \u003C\/div\u003E\n    \u003Cdiv class=\u0022teaser-content\u0022\u003E\n                    \u003Cdiv class=\u0022teaser-content--kicker\u0022\u003E\n                    Weise Software\n        \u003C\/div\u003E\n                                              \n                        \n        \u003Ch4 class=\u0022teaser-content--headline\u0022\u003E\n                                HOAI-Pro mit Honorartafeln aus \n                              \u003Cspan class=\u0022headline-last-word-arrow\u0022\u003ESiemon-Gutachten                      \u003C\/span\u003E\n        \u003C\/h4\u003E\n            \u003Cdiv class=\u0022teaser-content--publishing-date\u0022\u003E\u003Ctime datetime=\u00222021-09-30T21:21:25Z\u0022\u003E30.09.2021\u003C\/time\u003E\n\u003C\/div\u003E\u003Cspan class=\u0022teaser-content--publishing-date-divider\u0022\u003E - \u003C\/span\u003E\u003Cdiv class=\u0022teaser-content--body\u0022\u003E\u003Cp\u003EHOAI-Pro von Weise Software enth\u00e4lt die aktualisierten Honorartafeln des Siemon-Gutachtens. Sie ber\u00fccksichtigen gestiegene Kosten und Anforderungen.\u003C\/p\u003E\n\u003C\/div\u003E\n                        \u003Cspan class=\u0022read-more-arrow-container\u0022\u003E\n            \u003Cspan class=\u0022read-more-angled-arrow\u0022\u003E \u003C\/span\u003E\n          \u003C\/span\u003E\n                  \u003C\/div\u003E\n    \u003C\/a\u003E\n\u003Ca href=\u0022\/planungsbuero\/planungsbuero-hoai-2021-kostenfreie-vorlagen-fuer-ingenieurvertraege\u0022  class=\u0022teaser teaser--standard\u0022 aria-label=\u0022HOAI 2021: Kostenfreie Vorlagen f\u00fcr Ingenieurvertr\u00e4ge\u0022\u003E\n      \u003Cdiv class=\u0022teaser-content--image\u0022\u003E\n        \u003Cfigure class=\u0022image--figure\u0022\u003E\n        \u003Cpicture\u003E\n                        \u003Csource srcset=\u0022\/sites\/default\/files\/styles\/teaser_standard__m\/public\/aurora\/2021\/09\/141419.jpeg.webp?itok=lkv3-px7 1x\u0022 media=\u0022(min-width: 48.0625em) and (max-width: 64em)\u0022 type=\u0022image\/webp\u0022 width=\u0022323\u0022 height=\u0022215\u0022\/\u003E\n                  \u003Csource srcset=\u0022\/sites\/default\/files\/styles\/teaser_standard__l\/public\/aurora\/2021\/09\/141419.jpeg.webp?itok=kvt48X6Y 1x\u0022 media=\u0022(min-width: 64.0625em)\u0022 type=\u0022image\/webp\u0022 width=\u0022203\u0022 height=\u0022135\u0022\/\u003E\n                  \u003Csource srcset=\u0022\/sites\/default\/files\/styles\/teaser_standard__m\/public\/aurora\/2021\/09\/141419.jpeg?itok=TUP2DeBW 1x\u0022 media=\u0022(min-width: 48.0625em) and (max-width: 64em)\u0022 type=\u0022image\/jpeg\u0022 width=\u0022323\u0022 height=\u0022215\u0022\/\u003E\n                  \u003Csource srcset=\u0022\/sites\/default\/files\/styles\/teaser_standard__l\/public\/aurora\/2021\/09\/141419.jpeg?itok=l7eOvQWL 1x\u0022 media=\u0022(min-width: 64.0625em)\u0022 type=\u0022image\/jpeg\u0022 width=\u0022203\u0022 height=\u0022135\u0022\/\u003E\n                          \u003Cimg alt=\u0022Die Bayerische Ingenieurekammer-Bau stellt juristisch gepr\u00fcfte Muster-Ingenieurvertr\u00e4ge kostenfrei zur Verf\u00fcgung.\u0022 loading=\u0022eager\u0022 data-caption-hide width=\u0022597\u0022 height=\u0022398\u0022 data-zoomed=\u0022https:\/\/www.tga-fachplaner.de\/sites\/default\/files\/styles\/content__zoomed\/public\/aurora\/2021\/09\/141419.jpeg?itok=2fH_UNat\u0022 src=\u0022\/sites\/default\/files\/styles\/teaser_standard__s\/public\/aurora\/2021\/09\/141419.jpeg?itok=hfiiBcXE\u0022 title=\u0022\u00a9 Stockwerk-Fotodesign \u2013 stock.adobe.com\n\u0022 \/\u003E\n\n    \u003C\/picture\u003E\n      \u003Cfigcaption class=\u0022image--figcaption\u0022\u003E\n          \u003Cdiv class=\u0022copyright\u0022\u003EStockwerk-Fotodesign \u2013 stock.adobe.com\n\u003C\/div\u003E\n          \u003C\/figcaption\u003E\n\u003C\/figure\u003E\n\n\n    \u003C\/div\u003E\n    \u003Cdiv class=\u0022teaser-content\u0022\u003E\n                    \u003Cdiv class=\u0022teaser-content--kicker\u0022\u003E\n                    Planungsb\u00fcro\n        \u003C\/div\u003E\n                                              \n                        \n        \u003Ch4 class=\u0022teaser-content--headline\u0022\u003E\n                                HOAI 2021: Kostenfreie Vorlagen f\u00fcr \n                              \u003Cspan class=\u0022headline-last-word-arrow\u0022\u003EIngenieurvertr\u00e4ge                      \u003C\/span\u003E\n        \u003C\/h4\u003E\n            \u003Cdiv class=\u0022teaser-content--publishing-date\u0022\u003E\u003Ctime datetime=\u00222021-09-28T11:42:00Z\u0022\u003E28.09.2021\u003C\/time\u003E\n\u003C\/div\u003E\u003Cspan class=\u0022teaser-content--publishing-date-divider\u0022\u003E - \u003C\/span\u003E\u003Cdiv class=\u0022teaser-content--body\u0022\u003E\u003Cp\u003EDie Bayerische Ingenieurekammer-Bau hat ihre kostenfreien Muster-Ingenieurvertr\u00e4ge jetzt nach HOAI 2021 aktualisiert.\u003C\/p\u003E\n\u003C\/div\u003E\n                        \u003Cspan class=\u0022read-more-arrow-container\u0022\u003E\n            \u003Cspan class=\u0022read-more-angled-arrow\u0022\u003E \u003C\/span\u003E\n          \u003C\/span\u003E\n                  \u003C\/div\u003E\n    \u003C\/a\u003E\n\u003Ca href=\u0022\/hoai-vob\/bundestagswahl-2021-planerverband-vbi-definiert-ziele-fuer-hoai-novelle-2022\u0022  class=\u0022teaser teaser--standard\u0022 aria-label=\u0022Planerverband VBI definiert Ziele f\u00fcr HOAI-Novelle 2022\u0022\u003E\n      \u003Cdiv class=\u0022teaser-content--image\u0022\u003E\n        \u003Cfigure class=\u0022image--figure\u0022\u003E\n        \u003Cpicture\u003E\n                        \u003Csource srcset=\u0022\/sites\/default\/files\/styles\/teaser_standard__m\/public\/aurora\/2021\/08\/134128.jpeg.webp?itok=0iI-5fIj 1x\u0022 media=\u0022(min-width: 48.0625em) and (max-width: 64em)\u0022 type=\u0022image\/webp\u0022 width=\u0022323\u0022 height=\u0022215\u0022\/\u003E\n                  \u003Csource srcset=\u0022\/sites\/default\/files\/styles\/teaser_standard__l\/public\/aurora\/2021\/08\/134128.jpeg.webp?itok=VyrtENhP 1x\u0022 media=\u0022(min-width: 64.0625em)\u0022 type=\u0022image\/webp\u0022 width=\u0022203\u0022 height=\u0022135\u0022\/\u003E\n                  \u003Csource srcset=\u0022\/sites\/default\/files\/styles\/teaser_standard__m\/public\/aurora\/2021\/08\/134128.jpeg?itok=UzsWFGc- 1x\u0022 media=\u0022(min-width: 48.0625em) and (max-width: 64em)\u0022 type=\u0022image\/jpeg\u0022 width=\u0022323\u0022 height=\u0022215\u0022\/\u003E\n                  \u003Csource srcset=\u0022\/sites\/default\/files\/styles\/teaser_standard__l\/public\/aurora\/2021\/08\/134128.jpeg?itok=SrUduRKY 1x\u0022 media=\u0022(min-width: 64.0625em)\u0022 type=\u0022image\/jpeg\u0022 width=\u0022203\u0022 height=\u0022135\u0022\/\u003E\n                          \u003Cimg alt=\u0022Der VBI erwartet, dass die k\u00fcnftige Bundesregierung schnell eine Reform der Honorarordnung f\u00fcr Architekten und Ingenieure HOAI einleitet.\u0022 loading=\u0022eager\u0022 data-caption-hide width=\u0022597\u0022 height=\u0022398\u0022 data-zoomed=\u0022https:\/\/www.tga-fachplaner.de\/sites\/default\/files\/styles\/content__zoomed\/public\/aurora\/2021\/08\/134128.jpeg?itok=Jqih8b5n\u0022 src=\u0022\/sites\/default\/files\/styles\/teaser_standard__s\/public\/aurora\/2021\/08\/134128.jpeg?itok=9iay_RrG\u0022 title=\u0022\u00a9 pressmaster \u2013 stock.adobe.com\n\u0022 \/\u003E\n\n    \u003C\/picture\u003E\n      \u003Cfigcaption class=\u0022image--figcaption\u0022\u003E\n          \u003Cdiv class=\u0022copyright\u0022\u003Epressmaster \u2013 stock.adobe.com\n\u003C\/div\u003E\n          \u003C\/figcaption\u003E\n\u003C\/figure\u003E\n\n\n    \u003C\/div\u003E\n    \u003Cdiv class=\u0022teaser-content\u0022\u003E\n                    \u003Cdiv class=\u0022teaser-content--kicker\u0022\u003E\n                    Bundestagswahl 2021\n        \u003C\/div\u003E\n                                              \n                        \n        \u003Ch4 class=\u0022teaser-content--headline\u0022\u003E\n                                Planerverband VBI definiert Ziele f\u00fcr HOAI-Novelle \n                              \u003Cspan class=\u0022headline-last-word-arrow\u0022\u003E2022                      \u003C\/span\u003E\n        \u003C\/h4\u003E\n            \u003Cdiv class=\u0022teaser-content--publishing-date\u0022\u003E\u003Ctime datetime=\u00222021-08-27T14:17:42Z\u0022\u003E27.08.2021\u003C\/time\u003E\n\u003C\/div\u003E\u003Cspan class=\u0022teaser-content--publishing-date-divider\u0022\u003E - \u003C\/span\u003E\u003Cdiv class=\u0022teaser-content--body\u0022\u003E\u003Cp\u003ELeistungsbilder und Tafelwerte der Honorarordnung f\u00fcr Architekten und Ingenieure HOAI sind seit 2013 unver\u00e4ndert und m\u00fcssen dringend \u00fcberarbeitet werden.\u003C\/p\u003E\n\u003C\/div\u003E\n                        \u003Cspan class=\u0022read-more-arrow-container\u0022\u003E\n            \u003Cspan class=\u0022read-more-angled-arrow\u0022\u003E \u003C\/span\u003E\n          \u003C\/span\u003E\n                  \u003C\/div\u003E\n    \u003C\/a\u003E\n\u003Ca href=\u0022\/service\/hoai-architekten-und-ingenieure-koennen-honorare-jetzt-frei-vereinbaren\u0022  class=\u0022teaser teaser--standard\u0022 aria-label=\u0022Architekten und Ingenieure k\u00f6nnen Honorare jetzt frei vereinbaren\u0022\u003E\n      \u003Cdiv class=\u0022teaser-content--image\u0022\u003E\n        \u003Cfigure class=\u0022image--figure\u0022\u003E\n        \u003Cpicture\u003E\n                        \u003Csource srcset=\u0022\/sites\/default\/files\/styles\/teaser_standard__m\/public\/aurora\/2020\/12\/80493.jpeg.webp?itok=k7uAKdKg 1x\u0022 media=\u0022(min-width: 48.0625em) and (max-width: 64em)\u0022 type=\u0022image\/webp\u0022 width=\u0022323\u0022 height=\u0022215\u0022\/\u003E\n                  \u003Csource srcset=\u0022\/sites\/default\/files\/styles\/teaser_standard__l\/public\/aurora\/2020\/12\/80493.jpeg.webp?itok=ALb84g96 1x\u0022 media=\u0022(min-width: 64.0625em)\u0022 type=\u0022image\/webp\u0022 width=\u0022203\u0022 height=\u0022135\u0022\/\u003E\n                  \u003Csource srcset=\u0022\/sites\/default\/files\/styles\/teaser_standard__m\/public\/aurora\/2020\/12\/80493.jpeg?itok=irC3zBOr 1x\u0022 media=\u0022(min-width: 48.0625em) and (max-width: 64em)\u0022 type=\u0022image\/jpeg\u0022 width=\u0022323\u0022 height=\u0022215\u0022\/\u003E\n                  \u003Csource srcset=\u0022\/sites\/default\/files\/styles\/teaser_standard__l\/public\/aurora\/2020\/12\/80493.jpeg?itok=Fi01wCDL 1x\u0022 media=\u0022(min-width: 64.0625em)\u0022 type=\u0022image\/jpeg\u0022 width=\u0022203\u0022 height=\u0022135\u0022\/\u003E\n                          \u003Cimg alt=\u0022Geld Geld Geld\u0022 loading=\u0022eager\u0022 data-caption-hide width=\u0022597\u0022 height=\u0022398\u0022 data-zoomed=\u0022https:\/\/www.tga-fachplaner.de\/sites\/default\/files\/styles\/content__zoomed\/public\/aurora\/2020\/12\/80493.jpeg?itok=oxfQPsWC\u0022 src=\u0022\/sites\/default\/files\/styles\/teaser_standard__s\/public\/aurora\/2020\/12\/80493.jpeg?itok=JA5rwsE9\u0022 title=\u0022\u00a9 Elena Semenova \/ iStock \/ Getty Images Plus\n\u0022 \/\u003E\n\n    \u003C\/picture\u003E\n      \u003Cfigcaption class=\u0022image--figcaption\u0022\u003E\n          \u003Cdiv class=\u0022copyright\u0022\u003EElena Semenova \/ iStock \/ Getty Images Plus\n\u003C\/div\u003E\n          \u003C\/figcaption\u003E\n\u003C\/figure\u003E\n\n\n    \u003C\/div\u003E\n    \u003Cdiv class=\u0022teaser-content\u0022\u003E\n                    \u003Cdiv class=\u0022teaser-content--kicker\u0022\u003E\n                    HOAI\n        \u003C\/div\u003E\n                                              \n                        \n        \u003Ch4 class=\u0022teaser-content--headline\u0022\u003E\n                                Architekten und Ingenieure k\u00f6nnen Honorare jetzt frei \n                              \u003Cspan class=\u0022headline-last-word-arrow\u0022\u003Evereinbaren                      \u003C\/span\u003E\n        \u003C\/h4\u003E\n            \u003Cdiv class=\u0022teaser-content--publishing-date\u0022\u003E\u003Ctime datetime=\u00222021-07-07T09:00:03Z\u0022\u003E07.07.2021\u003C\/time\u003E\n\u003C\/div\u003E\u003Cspan class=\u0022teaser-content--publishing-date-divider\u0022\u003E - \u003C\/span\u003E\u003Cdiv class=\u0022teaser-content--body\u0022\u003E\u003Cp\u003EDie Honorare f\u00fcr Architekten- und Ingenieurleistungen k\u00f6nnen k\u00fcnftig immer frei vereinbart werden. Dies gilt f\u00fcr Vertragsschl\u00fcsse nach dem 1.\u0026nbsp;Januar 2021.\u003C\/p\u003E\n\u003C\/div\u003E\n                        \u003Cspan class=\u0022read-more-arrow-container\u0022\u003E\n            \u003Cspan class=\u0022read-more-angled-arrow\u0022\u003E \u003C\/span\u003E\n          \u003C\/span\u003E\n                  \u003C\/div\u003E\n    \u003C\/a\u003E\n\u003Ca href=\u0022\/kommentar\/hoai-anleitung-zum-honorar-dumping\u0022  class=\u0022teaser teaser--standard\u0022 aria-label=\u0022Anleitung zum Honorar-Dumping\u0022\u003E\n      \u003Cdiv class=\u0022teaser-content--image\u0022\u003E\n        \u003Cfigure class=\u0022image--figure\u0022\u003E\n        \u003Cpicture\u003E\n                        \u003Csource srcset=\u0022\/sites\/default\/files\/styles\/teaser_standard__m\/public\/aurora\/2021\/04\/87661.jpeg.webp?itok=LC1jRa-C 1x\u0022 media=\u0022(min-width: 48.0625em) and (max-width: 64em)\u0022 type=\u0022image\/webp\u0022 width=\u0022182\u0022 height=\u0022242\u0022\/\u003E\n                  \u003Csource srcset=\u0022\/sites\/default\/files\/styles\/teaser_standard__l\/public\/aurora\/2021\/04\/87661.jpeg.webp?itok=QhEm0XSY 1x\u0022 media=\u0022(min-width: 64.0625em)\u0022 type=\u0022image\/webp\u0022 width=\u0022114\u0022 height=\u0022152\u0022\/\u003E\n                  \u003Csource srcset=\u0022\/sites\/default\/files\/styles\/teaser_standard__m\/public\/aurora\/2021\/04\/87661.jpeg?itok=jv8LkxWv 1x\u0022 media=\u0022(min-width: 48.0625em) and (max-width: 64em)\u0022 type=\u0022image\/jpeg\u0022 width=\u0022182\u0022 height=\u0022242\u0022\/\u003E\n                  \u003Csource srcset=\u0022\/sites\/default\/files\/styles\/teaser_standard__l\/public\/aurora\/2021\/04\/87661.jpeg?itok=9QYqve_X 1x\u0022 media=\u0022(min-width: 64.0625em)\u0022 type=\u0022image\/jpeg\u0022 width=\u0022114\u0022 height=\u0022152\u0022\/\u003E\n                          \u003Cimg loading=\u0022eager\u0022 data-caption-hide width=\u0022300\u0022 height=\u0022398\u0022 data-zoomed=\u0022https:\/\/www.tga-fachplaner.de\/sites\/default\/files\/styles\/content__zoomed\/public\/aurora\/2021\/04\/87661.jpeg?itok=bf5Sp497\u0022 src=\u0022\/sites\/default\/files\/styles\/teaser_standard__s\/public\/aurora\/2021\/04\/87661.jpeg?itok=A6D-iowY\u0022 title=\u0022\u00a9 GV\n\u0022 \/\u003E\n\n    \u003C\/picture\u003E\n      \u003Cfigcaption class=\u0022image--figcaption\u0022\u003E\n          \u003Cdiv class=\u0022copyright\u0022\u003EGV\n\u003C\/div\u003E\n          \u003C\/figcaption\u003E\n\u003C\/figure\u003E\n\n\n    \u003C\/div\u003E\n    \u003Cdiv class=\u0022teaser-content\u0022\u003E\n                    \u003Cdiv class=\u0022teaser-content--kicker\u0022\u003E\n                    HOAI\n        \u003C\/div\u003E\n                                              \n                        \n        \u003Ch4 class=\u0022teaser-content--headline\u0022\u003E\n                                Anleitung zum \n                              \u003Cspan class=\u0022headline-last-word-arrow\u0022\u003EHonorar-Dumping                      \u003C\/span\u003E\n        \u003C\/h4\u003E\n            \u003Cdiv class=\u0022teaser-content--publishing-date\u0022\u003E\u003Ctime datetime=\u00222021-05-03T09:42:29Z\u0022\u003E03.05.2021\u003C\/time\u003E\n\u003C\/div\u003E\u003Cspan class=\u0022teaser-content--publishing-date-divider\u0022\u003E - \u003C\/span\u003E\u003Cdiv class=\u0022teaser-content--body\u0022\u003E\u003Cp\u003EDie Honorartafelwerte der HOAI sind stark veraltet. Im Leistungsbild Technische Ausr\u00fcstung ist die Unterdeckung besonders hoch. Wer mit den Tafelwerten kalkuliert, muss auslagern, ausbeuten oder Leistungen unterschlagen.\u003C\/p\u003E\n\u003C\/div\u003E\n                        \u003Cspan class=\u0022read-more-arrow-container\u0022\u003E\n            \u003Cspan class=\u0022read-more-angled-arrow\u0022\u003E \u003C\/span\u003E\n          \u003C\/span\u003E\n                  \u003C\/div\u003E\n    \u003C\/a\u003E\n\u003Ca href=\u0022\/meldungen\/hoai-hoai-gutachten-tga-orientierungswerte-viel-zu-niedrig\u0022  class=\u0022teaser teaser--standard\u0022 aria-label=\u0022HOAI-Gutachten: TGA-Orientierungswerte viel zu niedrig\u0022\u003E\n      \u003Cdiv class=\u0022teaser-content--image\u0022\u003E\n        \u003Cfigure class=\u0022image--figure\u0022\u003E\n        \u003Cpicture\u003E\n                        \u003Csource srcset=\u0022\/sites\/default\/files\/styles\/teaser_standard__m\/public\/aurora\/2021\/03\/102035.jpeg.webp?itok=r7rC-1tm 1x\u0022 media=\u0022(min-width: 48.0625em) and (max-width: 64em)\u0022 type=\u0022image\/webp\u0022 width=\u0022323\u0022 height=\u0022242\u0022\/\u003E\n                  \u003Csource srcset=\u0022\/sites\/default\/files\/styles\/teaser_standard__l\/public\/aurora\/2021\/03\/102035.jpeg.webp?itok=3Ul6X3Iw 1x\u0022 media=\u0022(min-width: 64.0625em)\u0022 type=\u0022image\/webp\u0022 width=\u0022203\u0022 height=\u0022152\u0022\/\u003E\n                  \u003Csource srcset=\u0022\/sites\/default\/files\/styles\/teaser_standard__m\/public\/aurora\/2021\/03\/102035.jpeg?itok=de6V46Tf 1x\u0022 media=\u0022(min-width: 48.0625em) and (max-width: 64em)\u0022 type=\u0022image\/jpeg\u0022 width=\u0022323\u0022 height=\u0022242\u0022\/\u003E\n                  \u003Csource srcset=\u0022\/sites\/default\/files\/styles\/teaser_standard__l\/public\/aurora\/2021\/03\/102035.jpeg?itok=n0REuAQm 1x\u0022 media=\u0022(min-width: 64.0625em)\u0022 type=\u0022image\/jpeg\u0022 width=\u0022203\u0022 height=\u0022152\u0022\/\u003E\n                          \u003Cimg alt=\u0022Die heutigen Orientierungswerte und fr\u00fcheren Tafelwerte der HOAI bilden weder die Kostensteigerungen der letzten Jahre noch die gestiegenen Anforderungen f\u00fcr Ingenieure und Architekten ab.\u0022 loading=\u0022eager\u0022 data-caption-hide width=\u0022531\u0022 height=\u0022398\u0022 data-zoomed=\u0022https:\/\/www.tga-fachplaner.de\/sites\/default\/files\/styles\/content__zoomed\/public\/aurora\/2021\/03\/102035.jpeg?itok=tAl5F1iz\u0022 src=\u0022\/sites\/default\/files\/styles\/teaser_standard__s\/public\/aurora\/2021\/03\/102035.jpeg?itok=xpIk2Nh-\u0022 title=\u0022\u00a9 matthiasresing \/ iStock \/ Getty Images Plus\n\u0022 \/\u003E\n\n    \u003C\/picture\u003E\n      \u003Cfigcaption class=\u0022image--figcaption\u0022\u003E\n          \u003Cdiv class=\u0022copyright\u0022\u003Ematthiasresing \/ iStock \/ Getty Images Plus\n\u003C\/div\u003E\n          \u003C\/figcaption\u003E\n\u003C\/figure\u003E\n\n\n    \u003C\/div\u003E\n    \u003Cdiv class=\u0022teaser-content\u0022\u003E\n                    \u003Cdiv class=\u0022teaser-content--kicker\u0022\u003E\n                    HOAI\n        \u003C\/div\u003E\n                                              \n                        \n        \u003Ch4 class=\u0022teaser-content--headline\u0022\u003E\n                                HOAI-Gutachten: TGA-Orientierungswerte viel zu \n                              \u003Cspan class=\u0022headline-last-word-arrow\u0022\u003Eniedrig                      \u003C\/span\u003E\n        \u003C\/h4\u003E\n            \u003Cdiv class=\u0022teaser-content--publishing-date\u0022\u003E\u003Ctime datetime=\u00222021-03-30T23:35:25Z\u0022\u003E31.03.2021\u003C\/time\u003E\n\u003C\/div\u003E\u003Cspan class=\u0022teaser-content--publishing-date-divider\u0022\u003E - \u003C\/span\u003E\u003Cdiv class=\u0022teaser-content--body\u0022\u003E\u003Cp\u003ENach einem aktuellen Gutachten sind die derzeitigen Honorartafelwerte in der HOAI stark veraltet und m\u00fcssen u.\u202fa. f\u00fcr die TGA deutlich angehoben werden.\u003C\/p\u003E\n\u003C\/div\u003E\n                        \u003Cspan class=\u0022read-more-arrow-container\u0022\u003E\n            \u003Cspan class=\u0022read-more-angled-arrow\u0022\u003E \u003C\/span\u003E\n          \u003C\/span\u003E\n                  \u003C\/div\u003E\n    \u003C\/a\u003E\n\u003Ca href=\u0022\/normen-und-verordnungen\/hoai-hoai-und-archlg-als-pdf-download\u0022  class=\u0022teaser teaser--standard\u0022 aria-label=\u0022HOAI und ArchLG als PDF-Download\u0022\u003E\n      \u003Cdiv class=\u0022teaser-content--image\u0022\u003E\n        \u003Cfigure class=\u0022image--figure\u0022\u003E\n        \u003Cpicture\u003E\n                        \u003Csource srcset=\u0022\/sites\/default\/files\/styles\/teaser_standard__m\/public\/aurora\/2021\/03\/95781.jpeg.webp?itok=TGq9uiNm 1x\u0022 media=\u0022(min-width: 48.0625em) and (max-width: 64em)\u0022 type=\u0022image\/webp\u0022 width=\u0022323\u0022 height=\u0022215\u0022\/\u003E\n                  \u003Csource srcset=\u0022\/sites\/default\/files\/styles\/teaser_standard__l\/public\/aurora\/2021\/03\/95781.jpeg.webp?itok=wJxhXTD_ 1x\u0022 media=\u0022(min-width: 64.0625em)\u0022 type=\u0022image\/webp\u0022 width=\u0022203\u0022 height=\u0022135\u0022\/\u003E\n                  \u003Csource srcset=\u0022\/sites\/default\/files\/styles\/teaser_standard__m\/public\/aurora\/2021\/03\/95781.jpeg?itok=E5npblH1 1x\u0022 media=\u0022(min-width: 48.0625em) and (max-width: 64em)\u0022 type=\u0022image\/jpeg\u0022 width=\u0022323\u0022 height=\u0022215\u0022\/\u003E\n                  \u003Csource srcset=\u0022\/sites\/default\/files\/styles\/teaser_standard__l\/public\/aurora\/2021\/03\/95781.jpeg?itok=km3l7oxP 1x\u0022 media=\u0022(min-width: 64.0625em)\u0022 type=\u0022image\/jpeg\u0022 width=\u0022203\u0022 height=\u0022135\u0022\/\u003E\n                          \u003Cimg alt=\u0022Textausgabe der HOAI 2021.\u0022 loading=\u0022eager\u0022 data-caption-hide width=\u0022597\u0022 height=\u0022398\u0022 data-zoomed=\u0022https:\/\/www.tga-fachplaner.de\/sites\/default\/files\/styles\/content__zoomed\/public\/aurora\/2021\/03\/95781.jpeg?itok=DkCmmG4p\u0022 src=\u0022\/sites\/default\/files\/styles\/teaser_standard__s\/public\/aurora\/2021\/03\/95781.jpeg?itok=aPss8d00\u0022 title=\u0022\u00a9 Wolters Kluwer\n\u0022 \/\u003E\n\n    \u003C\/picture\u003E\n      \u003Cfigcaption class=\u0022image--figcaption\u0022\u003E\n          \u003Cdiv class=\u0022copyright\u0022\u003EWolters Kluwer\n\u003C\/div\u003E\n          \u003C\/figcaption\u003E\n\u003C\/figure\u003E\n\n\n    \u003C\/div\u003E\n    \u003Cdiv class=\u0022teaser-content\u0022\u003E\n                    \u003Cdiv class=\u0022teaser-content--kicker\u0022\u003E\n                    HOAI\n        \u003C\/div\u003E\n                                              \n                        \n        \u003Ch4 class=\u0022teaser-content--headline\u0022\u003E\n                                HOAI und ArchLG als \n                              \u003Cspan class=\u0022headline-last-word-arrow\u0022\u003EPDF-Download                      \u003C\/span\u003E\n        \u003C\/h4\u003E\n            \u003Cdiv class=\u0022teaser-content--publishing-date\u0022\u003E\u003Ctime datetime=\u00222021-03-04T00:18:38Z\u0022\u003E04.03.2021\u003C\/time\u003E\n\u003C\/div\u003E\u003Cspan class=\u0022teaser-content--publishing-date-divider\u0022\u003E - \u003C\/span\u003E\u003Cdiv class=\u0022teaser-content--body\u0022\u003E\u003Cp\u003EAHO, BAK und BIngK haben gemeinsam eine Textausgabe der HOAI\u0026nbsp;2021 und des ArchLG inklusive der amtlichen Begr\u00fcndungen ver\u00f6ffentlicht.\u003C\/p\u003E\n\u003C\/div\u003E\n                        \u003Cspan class=\u0022read-more-arrow-container\u0022\u003E\n            \u003Cspan class=\u0022read-more-angled-arrow\u0022\u003E \u003C\/span\u003E\n          \u003C\/span\u003E\n                  \u003C\/div\u003E\n    \u003C\/a\u003E\n\u003Ca href=\u0022\/service\/hoai-honorare-sind-jetzt-stets-frei-vereinbar\u0022  class=\u0022teaser teaser--standard\u0022 aria-label=\u0022Honorare sind jetzt stets frei vereinbar\u0022\u003E\n      \u003Cdiv class=\u0022teaser-content--image\u0022\u003E\n        \u003Cfigure class=\u0022image--figure\u0022\u003E\n        \u003Cpicture\u003E\n                        \u003Csource srcset=\u0022\/sites\/default\/files\/styles\/teaser_standard__m\/public\/aurora\/2020\/12\/80493.jpeg.webp?itok=k7uAKdKg 1x\u0022 media=\u0022(min-width: 48.0625em) and (max-width: 64em)\u0022 type=\u0022image\/webp\u0022 width=\u0022323\u0022 height=\u0022215\u0022\/\u003E\n                  \u003Csource srcset=\u0022\/sites\/default\/files\/styles\/teaser_standard__l\/public\/aurora\/2020\/12\/80493.jpeg.webp?itok=ALb84g96 1x\u0022 media=\u0022(min-width: 64.0625em)\u0022 type=\u0022image\/webp\u0022 width=\u0022203\u0022 height=\u0022135\u0022\/\u003E\n                  \u003Csource srcset=\u0022\/sites\/default\/files\/styles\/teaser_standard__m\/public\/aurora\/2020\/12\/80493.jpeg?itok=irC3zBOr 1x\u0022 media=\u0022(min-width: 48.0625em) and (max-width: 64em)\u0022 type=\u0022image\/jpeg\u0022 width=\u0022323\u0022 height=\u0022215\u0022\/\u003E\n                  \u003Csource srcset=\u0022\/sites\/default\/files\/styles\/teaser_standard__l\/public\/aurora\/2020\/12\/80493.jpeg?itok=Fi01wCDL 1x\u0022 media=\u0022(min-width: 64.0625em)\u0022 type=\u0022image\/jpeg\u0022 width=\u0022203\u0022 height=\u0022135\u0022\/\u003E\n                          \u003Cimg alt=\u0022Geld Geld Geld\u0022 loading=\u0022eager\u0022 data-caption-hide width=\u0022597\u0022 height=\u0022398\u0022 data-zoomed=\u0022https:\/\/www.tga-fachplaner.de\/sites\/default\/files\/styles\/content__zoomed\/public\/aurora\/2020\/12\/80493.jpeg?itok=oxfQPsWC\u0022 src=\u0022\/sites\/default\/files\/styles\/teaser_standard__s\/public\/aurora\/2020\/12\/80493.jpeg?itok=JA5rwsE9\u0022 title=\u0022\u00a9 Elena Semenova \/ iStock \/ Getty Images Plus\n\u0022 \/\u003E\n\n    \u003C\/picture\u003E\n      \u003Cfigcaption class=\u0022image--figcaption\u0022\u003E\n          \u003Cdiv class=\u0022copyright\u0022\u003EElena Semenova \/ iStock \/ Getty Images Plus\n\u003C\/div\u003E\n          \u003C\/figcaption\u003E\n\u003C\/figure\u003E\n\n\n    \u003C\/div\u003E\n    \u003Cdiv class=\u0022teaser-content\u0022\u003E\n                    \u003Cdiv class=\u0022teaser-content--kicker\u0022\u003E\n                    HOAI\n        \u003C\/div\u003E\n                                              \n                        \n        \u003Ch4 class=\u0022teaser-content--headline\u0022\u003E\n                                Honorare sind jetzt stets frei \n                              \u003Cspan class=\u0022headline-last-word-arrow\u0022\u003Evereinbar                      \u003C\/span\u003E\n        \u003C\/h4\u003E\n            \u003Cdiv class=\u0022teaser-content--publishing-date\u0022\u003E\u003Ctime datetime=\u00222021-01-01T14:00:06Z\u0022\u003E01.01.2021\u003C\/time\u003E\n\u003C\/div\u003E\u003Cspan class=\u0022teaser-content--publishing-date-divider\u0022\u003E - \u003C\/span\u003E\u003Cdiv class=\u0022teaser-content--body\u0022\u003E\u003Cp\u003EFrei zu vereinbarende Honorare innerhalb der Anwendungsgrenzen der Honorarordnung f\u00fcr Architekten und Ingenieure (HOAI) sind nach einer langen \u00c4ra verbindlicher Honorargrundlagen f\u00fcr viele Ingenieurb\u00fcros Neuland. Unwirksam geschlossene Honorarvereinbarungen k\u00f6nnen aber einen R\u00fcckfall bedeuten.\u003C\/p\u003E\n\u003C\/div\u003E\n                        \u003Cspan class=\u0022read-more-arrow-container\u0022\u003E\n            \u003Cspan class=\u0022read-more-angled-arrow\u0022\u003E \u003C\/span\u003E\n          \u003C\/span\u003E\n                  \u003C\/div\u003E\n    \u003C\/a\u003E\n\u003Ca href=\u0022\/hoai-vob\/hoai-hoai-aenderungsverordnung-ist-jetzt-amtlich\u0022  class=\u0022teaser teaser--standard\u0022 aria-label=\u0022HOAI-\u00c4nderungsverordnung ist jetzt amtlich\u0022\u003E\n      \u003Cdiv class=\u0022teaser-content--image\u0022\u003E\n        \u003Cfigure class=\u0022image--figure\u0022\u003E\n        \u003Cpicture\u003E\n                        \u003Csource srcset=\u0022\/sites\/default\/files\/styles\/teaser_standard__m\/public\/aurora\/2020\/12\/80404.jpeg.webp?itok=W5isxR90 1x\u0022 media=\u0022(min-width: 48.0625em) and (max-width: 64em)\u0022 type=\u0022image\/webp\u0022 width=\u0022323\u0022 height=\u0022205\u0022\/\u003E\n                  \u003Csource srcset=\u0022\/sites\/default\/files\/styles\/teaser_standard__l\/public\/aurora\/2020\/12\/80404.jpeg.webp?itok=8sc8o8V9 1x\u0022 media=\u0022(min-width: 64.0625em)\u0022 type=\u0022image\/webp\u0022 width=\u0022203\u0022 height=\u0022129\u0022\/\u003E\n                  \u003Csource srcset=\u0022\/sites\/default\/files\/styles\/teaser_standard__m\/public\/aurora\/2020\/12\/80404.jpeg?itok=Vu5Gyhp6 1x\u0022 media=\u0022(min-width: 48.0625em) and (max-width: 64em)\u0022 type=\u0022image\/jpeg\u0022 width=\u0022323\u0022 height=\u0022205\u0022\/\u003E\n                  \u003Csource srcset=\u0022\/sites\/default\/files\/styles\/teaser_standard__l\/public\/aurora\/2020\/12\/80404.jpeg?itok=ityQ420x 1x\u0022 media=\u0022(min-width: 64.0625em)\u0022 type=\u0022image\/jpeg\u0022 width=\u0022203\u0022 height=\u0022129\u0022\/\u003E\n                          \u003Cimg loading=\u0022eager\u0022 data-caption-hide width=\u0022627\u0022 height=\u0022398\u0022 data-zoomed=\u0022https:\/\/www.tga-fachplaner.de\/sites\/default\/files\/styles\/content__zoomed\/public\/aurora\/2020\/12\/80404.jpeg?itok=lHh19OmZ\u0022 src=\u0022\/sites\/default\/files\/styles\/teaser_standard__s\/public\/aurora\/2020\/12\/80404.jpeg?itok=Mefqk-Id\u0022 title=\u0022\u00a9 alvarez \/ E+ \/ Getty Images\n\u0022 \/\u003E\n\n    \u003C\/picture\u003E\n      \u003Cfigcaption class=\u0022image--figcaption\u0022\u003E\n          \u003Cdiv class=\u0022copyright\u0022\u003Ealvarez \/ E+ \/ Getty Images\n\u003C\/div\u003E\n          \u003C\/figcaption\u003E\n\u003C\/figure\u003E\n\n\n    \u003C\/div\u003E\n    \u003Cdiv class=\u0022teaser-content\u0022\u003E\n                    \u003Cdiv class=\u0022teaser-content--kicker\u0022\u003E\n                    HOAI\n        \u003C\/div\u003E\n                                              \n                        \n        \u003Ch4 class=\u0022teaser-content--headline\u0022\u003E\n                                HOAI-\u00c4nderungsverordnung ist jetzt \n                              \u003Cspan class=\u0022headline-last-word-arrow\u0022\u003Eamtlich                      \u003C\/span\u003E\n        \u003C\/h4\u003E\n            \u003Cdiv class=\u0022teaser-content--publishing-date\u0022\u003E\u003Ctime datetime=\u00222020-12-10T02:19:32Z\u0022\u003E10.12.2020\u003C\/time\u003E\n\u003C\/div\u003E\u003Cspan class=\u0022teaser-content--publishing-date-divider\u0022\u003E - \u003C\/span\u003E\u003Cdiv class=\u0022teaser-content--body\u0022\u003E\u003Cp\u003EDie HOAI-\u00c4nderungsverordnung ist am 7.\u0026nbsp;Dezember 2020 verk\u00fcndet worden. F\u00fcr Vertragsverh\u00e4ltnisse ab 1.\u0026nbsp;Januar 2021 sind die Honorare stets frei vereinbar.\u003C\/p\u003E\n\u003C\/div\u003E\n                        \u003Cspan class=\u0022read-more-arrow-container\u0022\u003E\n            \u003Cspan class=\u0022read-more-angled-arrow\u0022\u003E \u003C\/span\u003E\n          \u003C\/span\u003E\n                  \u003C\/div\u003E\n    \u003C\/a\u003E\n\u003Ca href=\u0022\/hoai-vob\/hoai-bundesrat-segnet-neue-hoai-ab\u0022  class=\u0022teaser teaser--standard\u0022 aria-label=\u0022Bundesrat segnet neue HOAI ab\u0022\u003E\n      \u003Cdiv class=\u0022teaser-content--image\u0022\u003E\n        \u003Cfigure class=\u0022image--figure\u0022\u003E\n        \u003Cpicture\u003E\n                        \u003Csource srcset=\u0022\/sites\/default\/files\/styles\/teaser_standard__m\/public\/aurora\/2020\/11\/73470.jpeg.webp?itok=yAvLj1mo 1x\u0022 media=\u0022(min-width: 48.0625em) and (max-width: 64em)\u0022 type=\u0022image\/webp\u0022 width=\u0022323\u0022 height=\u0022208\u0022\/\u003E\n                  \u003Csource srcset=\u0022\/sites\/default\/files\/styles\/teaser_standard__l\/public\/aurora\/2020\/11\/73470.jpeg.webp?itok=NCcRkaLc 1x\u0022 media=\u0022(min-width: 64.0625em)\u0022 type=\u0022image\/webp\u0022 width=\u0022203\u0022 height=\u0022131\u0022\/\u003E\n                  \u003Csource srcset=\u0022\/sites\/default\/files\/styles\/teaser_standard__m\/public\/aurora\/2020\/11\/73470.jpeg?itok=N3sdAW_b 1x\u0022 media=\u0022(min-width: 48.0625em) and (max-width: 64em)\u0022 type=\u0022image\/jpeg\u0022 width=\u0022323\u0022 height=\u0022208\u0022\/\u003E\n                  \u003Csource srcset=\u0022\/sites\/default\/files\/styles\/teaser_standard__l\/public\/aurora\/2020\/11\/73470.jpeg?itok=hPrqB27I 1x\u0022 media=\u0022(min-width: 64.0625em)\u0022 type=\u0022image\/jpeg\u0022 width=\u0022203\u0022 height=\u0022131\u0022\/\u003E\n                          \u003Cimg loading=\u0022eager\u0022 data-caption-hide width=\u0022619\u0022 height=\u0022398\u0022 data-zoomed=\u0022https:\/\/www.tga-fachplaner.de\/sites\/default\/files\/styles\/content__zoomed\/public\/aurora\/2020\/11\/73470.jpeg?itok=aC9UigdY\u0022 src=\u0022\/sites\/default\/files\/styles\/teaser_standard__s\/public\/aurora\/2020\/11\/73470.jpeg?itok=Izq_QK5y\u0022 title=\u0022\u00a9 Paul Bradbury \/ OJO Images Getty Images\n\u0022 \/\u003E\n\n    \u003C\/picture\u003E\n      \u003Cfigcaption class=\u0022image--figcaption\u0022\u003E\n          \u003Cdiv class=\u0022copyright\u0022\u003EPaul Bradbury \/ OJO Images Getty Images\n\u003C\/div\u003E\n          \u003C\/figcaption\u003E\n\u003C\/figure\u003E\n\n\n    \u003C\/div\u003E\n    \u003Cdiv class=\u0022teaser-content\u0022\u003E\n                    \u003Cdiv class=\u0022teaser-content--kicker\u0022\u003E\n                    HOAI\n        \u003C\/div\u003E\n                                              \n                        \n        \u003Ch4 class=\u0022teaser-content--headline\u0022\u003E\n                                Bundesrat segnet neue HOAI \n                              \u003Cspan class=\u0022headline-last-word-arrow\u0022\u003Eab                      \u003C\/span\u003E\n        \u003C\/h4\u003E\n            \u003Cdiv class=\u0022teaser-content--publishing-date\u0022\u003E\u003Ctime datetime=\u00222020-11-06T15:01:10Z\u0022\u003E06.11.2020\u003C\/time\u003E\n\u003C\/div\u003E\u003Cspan class=\u0022teaser-content--publishing-date-divider\u0022\u003E - \u003C\/span\u003E\u003Cdiv class=\u0022teaser-content--body\u0022\u003E\u003Cp\u003EDer Bundesrat hat der \u00c4nderung der Honorarordnung f\u00fcr Architekten und Ingenieure (HOAI) zugestimmt. Ab 2021 sind die Planerhonorare stets frei vereinbar.\u003C\/p\u003E\n\u003C\/div\u003E\n                        \u003Cspan class=\u0022read-more-arrow-container\u0022\u003E\n            \u003Cspan class=\u0022read-more-angled-arrow\u0022\u003E \u003C\/span\u003E\n          \u003C\/span\u003E\n                  \u003C\/div\u003E\n    \u003C\/a\u003E\n\u003Ca href=\u0022\/meldungen\/hoai-bundestag-honorare-muessen-angemessen-sein\u0022  class=\u0022teaser teaser--standard\u0022 aria-label=\u0022Bundestag: Honorare m\u00fcssen angemessen sein\u0022\u003E\n      \u003Cdiv class=\u0022teaser-content--image\u0022\u003E\n        \u003Cfigure class=\u0022image--figure\u0022\u003E\n        \u003Cpicture\u003E\n                        \u003Csource srcset=\u0022\/sites\/default\/files\/styles\/teaser_standard__m\/public\/aurora\/2020\/10\/68243.jpeg.webp?itok=-ri8RN3e 1x\u0022 media=\u0022(min-width: 48.0625em) and (max-width: 64em)\u0022 type=\u0022image\/webp\u0022 width=\u0022323\u0022 height=\u0022180\u0022\/\u003E\n                  \u003Csource srcset=\u0022\/sites\/default\/files\/styles\/teaser_standard__l\/public\/aurora\/2020\/10\/68243.jpeg.webp?itok=UKI9l5qM 1x\u0022 media=\u0022(min-width: 64.0625em)\u0022 type=\u0022image\/webp\u0022 width=\u0022203\u0022 height=\u0022113\u0022\/\u003E\n                  \u003Csource srcset=\u0022\/sites\/default\/files\/styles\/teaser_standard__m\/public\/aurora\/2020\/10\/68243.jpeg?itok=E9w5_uv7 1x\u0022 media=\u0022(min-width: 48.0625em) and (max-width: 64em)\u0022 type=\u0022image\/jpeg\u0022 width=\u0022323\u0022 height=\u0022180\u0022\/\u003E\n                  \u003Csource srcset=\u0022\/sites\/default\/files\/styles\/teaser_standard__l\/public\/aurora\/2020\/10\/68243.jpeg?itok=n7Nru-sM 1x\u0022 media=\u0022(min-width: 64.0625em)\u0022 type=\u0022image\/jpeg\u0022 width=\u0022203\u0022 height=\u0022113\u0022\/\u003E\n                          \u003Cimg loading=\u0022eager\u0022 data-caption-hide width=\u0022708\u0022 height=\u0022395\u0022 data-zoomed=\u0022https:\/\/www.tga-fachplaner.de\/sites\/default\/files\/styles\/content__zoomed\/public\/aurora\/2020\/10\/68243.jpeg?itok=jfakj7Db\u0022 src=\u0022\/sites\/default\/files\/styles\/teaser_standard__s\/public\/aurora\/2020\/10\/68243.jpeg?itok=kvQch21Q\u0022 title=\u0022\u00a9 elenabs \/ iStock \/ Getty Images Plus\n\u0022 \/\u003E\n\n    \u003C\/picture\u003E\n      \u003Cfigcaption class=\u0022image--figcaption\u0022\u003E\n          \u003Cdiv class=\u0022copyright\u0022\u003Eelenabs \/ iStock \/ Getty Images Plus\n\u003C\/div\u003E\n          \u003C\/figcaption\u003E\n\u003C\/figure\u003E\n\n\n    \u003C\/div\u003E\n    \u003Cdiv class=\u0022teaser-content\u0022\u003E\n                    \u003Cdiv class=\u0022teaser-content--kicker\u0022\u003E\n                    HOAI\n        \u003C\/div\u003E\n                                              \n                        \n        \u003Ch4 class=\u0022teaser-content--headline\u0022\u003E\n                                Bundestag: Honorare m\u00fcssen angemessen \n                              \u003Cspan class=\u0022headline-last-word-arrow\u0022\u003Esein                      \u003C\/span\u003E\n        \u003C\/h4\u003E\n            \u003Cdiv class=\u0022teaser-content--publishing-date\u0022\u003E\u003Ctime datetime=\u00222020-10-11T14:22:51Z\u0022\u003E11.10.2020\u003C\/time\u003E\n\u003C\/div\u003E\u003Cspan class=\u0022teaser-content--publishing-date-divider\u0022\u003E - \u003C\/span\u003E\u003Cdiv class=\u0022teaser-content--body\u0022\u003E\u003Cp\u003EDer Bundestag hat am 8.\u0026nbsp;Oktober\u0026nbsp;2020 die Erm\u00e4chtigungsgrundlage der HOAI, das neue ArchLG, mit einer Ma\u00dfgabe zur Angemessenheit der Planerhonorare erg\u00e4nzt.\u003C\/p\u003E\n\u003C\/div\u003E\n                        \u003Cspan class=\u0022read-more-arrow-container\u0022\u003E\n            \u003Cspan class=\u0022read-more-angled-arrow\u0022\u003E \u003C\/span\u003E\n          \u003C\/span\u003E\n                  \u003C\/div\u003E\n    \u003C\/a\u003E\n\u003Ca href=\u0022\/normen-und-verordnungen\/hoai-breg-segnet-orientierungswerte-hoai-ab\u0022  class=\u0022teaser teaser--standard\u0022 aria-label=\u0022BReg segnet Orientierungswerte-HOAI ab\u0022\u003E\n      \u003Cdiv class=\u0022teaser-content--image\u0022\u003E\n        \u003Cfigure class=\u0022image--figure\u0022\u003E\n        \u003Cpicture\u003E\n                        \u003Csource srcset=\u0022\/sites\/default\/files\/styles\/teaser_standard__m\/public\/aurora\/2020\/09\/63176.jpeg.webp?itok=dLVPhlDd 1x\u0022 media=\u0022(min-width: 48.0625em) and (max-width: 64em)\u0022 type=\u0022image\/webp\u0022 width=\u0022300\u0022 height=\u0022214\u0022\/\u003E\n                  \u003Csource srcset=\u0022\/sites\/default\/files\/styles\/teaser_standard__l\/public\/aurora\/2020\/09\/63176.jpeg.webp?itok=G3lovbr- 1x\u0022 media=\u0022(min-width: 64.0625em)\u0022 type=\u0022image\/webp\u0022 width=\u0022203\u0022 height=\u0022145\u0022\/\u003E\n                  \u003Csource srcset=\u0022\/sites\/default\/files\/styles\/teaser_standard__m\/public\/aurora\/2020\/09\/63176.jpeg?itok=sIyVl47c 1x\u0022 media=\u0022(min-width: 48.0625em) and (max-width: 64em)\u0022 type=\u0022image\/jpeg\u0022 width=\u0022300\u0022 height=\u0022214\u0022\/\u003E\n                  \u003Csource srcset=\u0022\/sites\/default\/files\/styles\/teaser_standard__l\/public\/aurora\/2020\/09\/63176.jpeg?itok=RtNkzjG3 1x\u0022 media=\u0022(min-width: 64.0625em)\u0022 type=\u0022image\/jpeg\u0022 width=\u0022203\u0022 height=\u0022145\u0022\/\u003E\n                          \u003Cimg loading=\u0022eager\u0022 data-caption-hide width=\u0022300\u0022 height=\u0022214\u0022 data-zoomed=\u0022https:\/\/www.tga-fachplaner.de\/sites\/default\/files\/styles\/content__zoomed\/public\/aurora\/2020\/09\/63176.jpeg?itok=6cOUxAr6\u0022 src=\u0022\/sites\/default\/files\/styles\/teaser_standard__s\/public\/aurora\/2020\/09\/63176.jpeg?itok=z5yloLYn\u0022 title=\u0022\u00a9 matthiasresing \/ iStock \/ Getty Images Plus\n\u0022 \/\u003E\n\n    \u003C\/picture\u003E\n      \u003Cfigcaption class=\u0022image--figcaption\u0022\u003E\n          \u003Cdiv class=\u0022copyright\u0022\u003Ematthiasresing \/ iStock \/ Getty Images Plus\n\u003C\/div\u003E\n          \u003C\/figcaption\u003E\n\u003C\/figure\u003E\n\n\n    \u003C\/div\u003E\n    \u003Cdiv class=\u0022teaser-content\u0022\u003E\n                    \u003Cdiv class=\u0022teaser-content--kicker\u0022\u003E\n                    HOAI\n        \u003C\/div\u003E\n                                              \n                        \n        \u003Ch4 class=\u0022teaser-content--headline\u0022\u003E\n                                BReg segnet Orientierungswerte-HOAI \n                              \u003Cspan class=\u0022headline-last-word-arrow\u0022\u003Eab                      \u003C\/span\u003E\n        \u003C\/h4\u003E\n            \u003Cdiv class=\u0022teaser-content--publishing-date\u0022\u003E\u003Ctime datetime=\u00222020-09-17T06:45:01Z\u0022\u003E17.09.2020\u003C\/time\u003E\n\u003C\/div\u003E\u003Cspan class=\u0022teaser-content--publishing-date-divider\u0022\u003E - \u003C\/span\u003E\u003Cdiv class=\u0022teaser-content--body\u0022\u003E\u003Cp\u003EDas Bundeskabinett hat den BMWi-Entwurf zur \u00c4nderung der HOAI beschlossen. Die Tage verbindlicher Honorare f\u00fcr Planungsleistungen sind damit gez\u00e4hlt.\u003C\/p\u003E\n\u003C\/div\u003E\n                        \u003Cspan class=\u0022read-more-arrow-container\u0022\u003E\n            \u003Cspan class=\u0022read-more-angled-arrow\u0022\u003E \u003C\/span\u003E\n          \u003C\/span\u003E\n                  \u003C\/div\u003E\n    \u003C\/a\u003E\n\u003Ca href=\u0022\/service\/hoai-aenderungsverordnung-die-aera-verbindlicher-honorare-endet-bald\u0022  class=\u0022teaser teaser--standard\u0022 aria-label=\u0022Die \u00c4ra verbindlicher Honorare endet bald\u0022\u003E\n      \u003Cdiv class=\u0022teaser-content--image\u0022\u003E\n        \u003Cfigure class=\u0022image--figure\u0022\u003E\n        \u003Cpicture\u003E\n                        \u003Csource srcset=\u0022\/sites\/default\/files\/styles\/teaser_standard__m\/public\/aurora\/2020\/09\/59974.jpeg.webp?itok=-m4Xnse1 1x\u0022 media=\u0022(min-width: 48.0625em) and (max-width: 64em)\u0022 type=\u0022image\/webp\u0022 width=\u0022323\u0022 height=\u0022229\u0022\/\u003E\n                  \u003Csource srcset=\u0022\/sites\/default\/files\/styles\/teaser_standard__l\/public\/aurora\/2020\/09\/59974.jpeg.webp?itok=UqCuHa7y 1x\u0022 media=\u0022(min-width: 64.0625em)\u0022 type=\u0022image\/webp\u0022 width=\u0022203\u0022 height=\u0022144\u0022\/\u003E\n                  \u003Csource srcset=\u0022\/sites\/default\/files\/styles\/teaser_standard__m\/public\/aurora\/2020\/09\/59974.jpeg?itok=zzy2j2mj 1x\u0022 media=\u0022(min-width: 48.0625em) and (max-width: 64em)\u0022 type=\u0022image\/jpeg\u0022 width=\u0022323\u0022 height=\u0022229\u0022\/\u003E\n                  \u003Csource srcset=\u0022\/sites\/default\/files\/styles\/teaser_standard__l\/public\/aurora\/2020\/09\/59974.jpeg?itok=oOb_XuYw 1x\u0022 media=\u0022(min-width: 64.0625em)\u0022 type=\u0022image\/jpeg\u0022 width=\u0022203\u0022 height=\u0022144\u0022\/\u003E\n                          \u003Cimg alt=\u0022Bild 1: \u2002Die HOAI-Tafeln haben k\u00fcnftig nur noch eine Orientierungsfunktion.\u0022 loading=\u0022eager\u0022 data-caption-hide width=\u0022562\u0022 height=\u0022398\u0022 data-zoomed=\u0022https:\/\/www.tga-fachplaner.de\/sites\/default\/files\/styles\/content__zoomed\/public\/aurora\/2020\/09\/59974.jpeg?itok=CUHkeo7S\u0022 src=\u0022\/sites\/default\/files\/styles\/teaser_standard__s\/public\/aurora\/2020\/09\/59974.jpeg?itok=1AVSybsN\u0022 title=\u0022\u00a9 Bild: Pawzi \/ iStock \/ Getty Images Plus\n\u0022 \/\u003E\n\n    \u003C\/picture\u003E\n      \u003Cfigcaption class=\u0022image--figcaption\u0022\u003E\n          \u003Cdiv class=\u0022copyright\u0022\u003EBild: Pawzi \/ iStock \/ Getty Images Plus\n\u003C\/div\u003E\n          \u003C\/figcaption\u003E\n\u003C\/figure\u003E\n\n\n    \u003C\/div\u003E\n    \u003Cdiv class=\u0022teaser-content\u0022\u003E\n                    \u003Cdiv class=\u0022teaser-content--kicker\u0022\u003E\n                    HOAI-\u00c4nderungsverordnung\u0026#13;\n        \u003C\/div\u003E\n                                              \n                        \n        \u003Ch4 class=\u0022teaser-content--headline\u0022\u003E\n                                Die \u00c4ra verbindlicher Honorare endet \n                              \u003Cspan class=\u0022headline-last-word-arrow\u0022\u003Ebald                      \u003C\/span\u003E\n        \u003C\/h4\u003E\n            \u003Cdiv class=\u0022teaser-content--publishing-date\u0022\u003E\u003Ctime datetime=\u00222020-09-09T14:01:56Z\u0022\u003E09.09.2020\u003C\/time\u003E\n\u003C\/div\u003E\u003Cspan class=\u0022teaser-content--publishing-date-divider\u0022\u003E - \u003C\/span\u003E\u003Cdiv class=\u0022teaser-content--body\u0022\u003E\u003Cp\u003EDas BMWi hat einen Entwurf f\u00fcr eine HOAI-\u00c4nderungsverordnung vorgelegt. Danach sind die von der HOAI erfassten Architekten- und Ingenieurleistungen k\u00fcnftig immer frei vereinbar, die bisher verbindlichen Honorartafeln zeigen k\u00fcnftig nur noch unverbindliche Orientierungswerte.\u003C\/p\u003E\n\u003C\/div\u003E\n                        \u003Cspan class=\u0022read-more-arrow-container\u0022\u003E\n            \u003Cspan class=\u0022read-more-angled-arrow\u0022\u003E \u003C\/span\u003E\n          \u003C\/span\u003E\n                  \u003C\/div\u003E\n    \u003C\/a\u003E\n\u003Ca href=\u0022\/meldungen\/hoai-referentenentwurf-fuer-hoai-aenderungsverordnung\u0022  class=\u0022teaser teaser--standard\u0022 aria-label=\u0022Referentenentwurf f\u00fcr HOAI-\u00c4nderungsverordnung\u0022\u003E\n      \u003Cdiv class=\u0022teaser-content--image\u0022\u003E\n        \u003Cfigure class=\u0022image--figure\u0022\u003E\n        \u003Cpicture\u003E\n                        \u003Csource srcset=\u0022\/sites\/default\/files\/styles\/teaser_standard__m\/public\/aurora\/2020\/08\/58770.jpeg.webp?itok=jzGhyfDl 1x\u0022 media=\u0022(min-width: 48.0625em) and (max-width: 64em)\u0022 type=\u0022image\/webp\u0022 width=\u0022323\u0022 height=\u0022215\u0022\/\u003E\n                  \u003Csource srcset=\u0022\/sites\/default\/files\/styles\/teaser_standard__l\/public\/aurora\/2020\/08\/58770.jpeg.webp?itok=4-MfTCYx 1x\u0022 media=\u0022(min-width: 64.0625em)\u0022 type=\u0022image\/webp\u0022 width=\u0022203\u0022 height=\u0022135\u0022\/\u003E\n                  \u003Csource srcset=\u0022\/sites\/default\/files\/styles\/teaser_standard__m\/public\/aurora\/2020\/08\/58770.jpeg?itok=QminTItz 1x\u0022 media=\u0022(min-width: 48.0625em) and (max-width: 64em)\u0022 type=\u0022image\/jpeg\u0022 width=\u0022323\u0022 height=\u0022215\u0022\/\u003E\n                  \u003Csource srcset=\u0022\/sites\/default\/files\/styles\/teaser_standard__l\/public\/aurora\/2020\/08\/58770.jpeg?itok=Wq_Kag7h 1x\u0022 media=\u0022(min-width: 64.0625em)\u0022 type=\u0022image\/jpeg\u0022 width=\u0022203\u0022 height=\u0022135\u0022\/\u003E\n                          \u003Cimg loading=\u0022eager\u0022 data-caption-hide width=\u0022597\u0022 height=\u0022398\u0022 data-zoomed=\u0022https:\/\/www.tga-fachplaner.de\/sites\/default\/files\/styles\/content__zoomed\/public\/aurora\/2020\/08\/58770.jpeg?itok=N4fqhmxM\u0022 src=\u0022\/sites\/default\/files\/styles\/teaser_standard__s\/public\/aurora\/2020\/08\/58770.jpeg?itok=vWn5k_KX\u0022 title=\u0022\u00a9 MarianVejcik \/ iStock \/ Getty Images Plus\n\u0022 \/\u003E\n\n    \u003C\/picture\u003E\n      \u003Cfigcaption class=\u0022image--figcaption\u0022\u003E\n          \u003Cdiv class=\u0022copyright\u0022\u003EMarianVejcik \/ iStock \/ Getty Images Plus\n\u003C\/div\u003E\n          \u003C\/figcaption\u003E\n\u003C\/figure\u003E\n\n\n    \u003C\/div\u003E\n    \u003Cdiv class=\u0022teaser-content\u0022\u003E\n                    \u003Cdiv class=\u0022teaser-content--kicker\u0022\u003E\n                    HOAI\n        \u003C\/div\u003E\n                                              \n                        \n        \u003Ch4 class=\u0022teaser-content--headline\u0022\u003E\n                                Referentenentwurf f\u00fcr \n                              \u003Cspan class=\u0022headline-last-word-arrow\u0022\u003EHOAI-\u00c4nderungsverordnung                      \u003C\/span\u003E\n        \u003C\/h4\u003E\n            \u003Cdiv class=\u0022teaser-content--publishing-date\u0022\u003E\u003Ctime datetime=\u00222020-08-27T00:07:45Z\u0022\u003E27.08.2020\u003C\/time\u003E\n\u003C\/div\u003E\u003Cspan class=\u0022teaser-content--publishing-date-divider\u0022\u003E - \u003C\/span\u003E\u003Cdiv class=\u0022teaser-content--body\u0022\u003E\u003Cp\u003EDas BMWi hat seinen Entwurf f\u00fcr eine HOAI-\u00c4nderungsverordnung vorgelegt. Danach enthalten die Honorartafeln k\u00fcnftig unverbindliche Orientierungswerte.\u003C\/p\u003E\n\u003C\/div\u003E\n                        \u003Cspan class=\u0022read-more-arrow-container\u0022\u003E\n            \u003Cspan class=\u0022read-more-angled-arrow\u0022\u003E \u003C\/span\u003E\n          \u003C\/span\u003E\n                  \u003C\/div\u003E\n    \u003C\/a\u003E\n\u003Ca href=\u0022\/meldungen\/hoai-breg-beschliesst-frei-vereinbare-planer-honorare\u0022  class=\u0022teaser teaser--standard\u0022 aria-label=\u0022BReg beschlie\u00dft frei vereinbare Planer-Honorare\u0022\u003E\n      \u003Cdiv class=\u0022teaser-content--image\u0022\u003E\n        \u003Cfigure class=\u0022image--figure\u0022\u003E\n        \u003Cpicture\u003E\n                        \u003Csource srcset=\u0022\/sites\/default\/files\/styles\/teaser_standard__m\/public\/aurora\/2020\/07\/53987.jpeg.webp?itok=s0vTj5Vu 1x\u0022 media=\u0022(min-width: 48.0625em) and (max-width: 64em)\u0022 type=\u0022image\/webp\u0022 width=\u0022323\u0022 height=\u0022214\u0022\/\u003E\n                  \u003Csource srcset=\u0022\/sites\/default\/files\/styles\/teaser_standard__l\/public\/aurora\/2020\/07\/53987.jpeg.webp?itok=g-WorOgL 1x\u0022 media=\u0022(min-width: 64.0625em)\u0022 type=\u0022image\/webp\u0022 width=\u0022203\u0022 height=\u0022134\u0022\/\u003E\n                  \u003Csource srcset=\u0022\/sites\/default\/files\/styles\/teaser_standard__m\/public\/aurora\/2020\/07\/53987.jpeg?itok=t1un45PP 1x\u0022 media=\u0022(min-width: 48.0625em) and (max-width: 64em)\u0022 type=\u0022image\/jpeg\u0022 width=\u0022323\u0022 height=\u0022214\u0022\/\u003E\n                  \u003Csource srcset=\u0022\/sites\/default\/files\/styles\/teaser_standard__l\/public\/aurora\/2020\/07\/53987.jpeg?itok=jcwrPFAP 1x\u0022 media=\u0022(min-width: 64.0625em)\u0022 type=\u0022image\/jpeg\u0022 width=\u0022203\u0022 height=\u0022134\u0022\/\u003E\n                          \u003Cimg alt=\u0022Verbindliche Honorare f\u00fcr Architekten- und Ingenieurleistungen soll es nach der n\u00e4chsten HOAI-Novelle nicht mehr geben.\u0022 loading=\u0022eager\u0022 data-caption-hide width=\u0022601\u0022 height=\u0022398\u0022 data-zoomed=\u0022https:\/\/www.tga-fachplaner.de\/sites\/default\/files\/styles\/content__zoomed\/public\/aurora\/2020\/07\/53987.jpeg?itok=Ef1tDLhD\u0022 src=\u0022\/sites\/default\/files\/styles\/teaser_standard__s\/public\/aurora\/2020\/07\/53987.jpeg?itok=ifKFGgPP\u0022 title=\u0022\u00a9 Gajus \/ iStock \/ Getty Images Plus\n\u0022 \/\u003E\n\n    \u003C\/picture\u003E\n      \u003Cfigcaption class=\u0022image--figcaption\u0022\u003E\n          \u003Cdiv class=\u0022copyright\u0022\u003EGajus \/ iStock \/ Getty Images Plus\n\u003C\/div\u003E\n          \u003C\/figcaption\u003E\n\u003C\/figure\u003E\n\n\n    \u003C\/div\u003E\n    \u003Cdiv class=\u0022teaser-content\u0022\u003E\n                    \u003Cdiv class=\u0022teaser-content--kicker\u0022\u003E\n                    HOAI\n        \u003C\/div\u003E\n                                              \n                        \n        \u003Ch4 class=\u0022teaser-content--headline\u0022\u003E\n                                BReg beschlie\u00dft frei vereinbare \n                              \u003Cspan class=\u0022headline-last-word-arrow\u0022\u003EPlaner-Honorare                      \u003C\/span\u003E\n        \u003C\/h4\u003E\n            \u003Cdiv class=\u0022teaser-content--publishing-date\u0022\u003E\u003Ctime datetime=\u00222020-07-28T08:06:04Z\u0022\u003E28.07.2020\u003C\/time\u003E\n\u003C\/div\u003E\u003Cspan class=\u0022teaser-content--publishing-date-divider\u0022\u003E - \u003C\/span\u003E\u003Cdiv class=\u0022teaser-content--body\u0022\u003E\u003Cp\u003EDie Bundesregierung hat am 15.\u0026nbsp;Juli 2020 im Bundeskabinett den Gesetzentwurf zur \u00c4nderung des Gesetzes zur Regelung von Ingenieur- und Architektenleistungen (ArchLG) verabschiedet und damit den Weg f\u00fcr die Novellierung der HOAI frei gemacht. Die Honorare f\u00fcr Architekten- und Ingenieurleistungen sollen k\u00fcnftig stets frei vereinbar sein.\u003C\/p\u003E\n\u003C\/div\u003E\n                        \u003Cspan class=\u0022read-more-arrow-container\u0022\u003E\n            \u003Cspan class=\u0022read-more-angled-arrow\u0022\u003E \u003C\/span\u003E\n          \u003C\/span\u003E\n                  \u003C\/div\u003E\n    \u003C\/a\u003E\n\u003Ca href=\u0022\/meldungen\/hoai-honorare-statt-verbindlicher-tafeln-nur-noch-orientierung\u0022  class=\u0022teaser teaser--standard\u0022 aria-label=\u0022Honorare: Statt verbindlicher Tafeln nur noch Orientierung\u0022\u003E\n      \u003Cdiv class=\u0022teaser-content--image\u0022\u003E\n        \u003Cfigure class=\u0022image--figure\u0022\u003E\n        \u003Cpicture\u003E\n                        \u003Csource srcset=\u0022\/sites\/default\/files\/styles\/teaser_standard__m\/public\/aurora\/2020\/07\/50277.jpeg.webp?itok=zL8RyMiR 1x\u0022 media=\u0022(min-width: 48.0625em) and (max-width: 64em)\u0022 type=\u0022image\/webp\u0022 width=\u0022323\u0022 height=\u0022229\u0022\/\u003E\n                  \u003Csource srcset=\u0022\/sites\/default\/files\/styles\/teaser_standard__l\/public\/aurora\/2020\/07\/50277.jpeg.webp?itok=5_XjhQvM 1x\u0022 media=\u0022(min-width: 64.0625em)\u0022 type=\u0022image\/webp\u0022 width=\u0022203\u0022 height=\u0022144\u0022\/\u003E\n                  \u003Csource srcset=\u0022\/sites\/default\/files\/styles\/teaser_standard__m\/public\/aurora\/2020\/07\/50277.jpeg?itok=dqJkKZYF 1x\u0022 media=\u0022(min-width: 48.0625em) and (max-width: 64em)\u0022 type=\u0022image\/jpeg\u0022 width=\u0022323\u0022 height=\u0022229\u0022\/\u003E\n                  \u003Csource srcset=\u0022\/sites\/default\/files\/styles\/teaser_standard__l\/public\/aurora\/2020\/07\/50277.jpeg?itok=ctigxttU 1x\u0022 media=\u0022(min-width: 64.0625em)\u0022 type=\u0022image\/jpeg\u0022 width=\u0022203\u0022 height=\u0022144\u0022\/\u003E\n                          \u003Cimg loading=\u0022eager\u0022 data-caption-hide width=\u0022562\u0022 height=\u0022398\u0022 data-zoomed=\u0022https:\/\/www.tga-fachplaner.de\/sites\/default\/files\/styles\/content__zoomed\/public\/aurora\/2020\/07\/50277.jpeg?itok=Kxy4wuwi\u0022 src=\u0022\/sites\/default\/files\/styles\/teaser_standard__s\/public\/aurora\/2020\/07\/50277.jpeg?itok=PK-_8zPx\u0022 title=\u0022\u00a9 Pawzi \/ iStock \/ Getty Images Plus\n\u0022 \/\u003E\n\n    \u003C\/picture\u003E\n      \u003Cfigcaption class=\u0022image--figcaption\u0022\u003E\n          \u003Cdiv class=\u0022copyright\u0022\u003EPawzi \/ iStock \/ Getty Images Plus\n\u003C\/div\u003E\n          \u003C\/figcaption\u003E\n\u003C\/figure\u003E\n\n\n    \u003C\/div\u003E\n    \u003Cdiv class=\u0022teaser-content\u0022\u003E\n                    \u003Cdiv class=\u0022teaser-content--kicker\u0022\u003E\n                    HOAI\n        \u003C\/div\u003E\n                                              \n                        \n        \u003Ch4 class=\u0022teaser-content--headline\u0022\u003E\n                                Honorare: Statt verbindlicher Tafeln nur noch \n                              \u003Cspan class=\u0022headline-last-word-arrow\u0022\u003EOrientierung                      \u003C\/span\u003E\n        \u003C\/h4\u003E\n            \u003Cdiv class=\u0022teaser-content--publishing-date\u0022\u003E\u003Ctime datetime=\u00222020-07-02T06:02:14Z\u0022\u003E02.07.2020\u003C\/time\u003E\n\u003C\/div\u003E\u003Cspan class=\u0022teaser-content--publishing-date-divider\u0022\u003E - \u003C\/span\u003E\u003Cdiv class=\u0022teaser-content--body\u0022\u003E\u003Cp\u003EDas BMWi hat einen Entwurf zur \u00c4nderung des Gesetzes zur Regelung von Ingenieur- und Architektenleistungen (ArchLG) zur Diskussion gestellt. Es ist die Erm\u00e4chtigungsgrundlage zum Erlass der HOAI, deren \u00c4nderungen parallel bearbeitet werden. Im vorliegenden Gesetzentwurf werden die derzeitigen verbindlichen Honorartafeln zuk\u00fcnftig als Honorarorientierung ausgestaltet.\u003C\/p\u003E\n\u003C\/div\u003E\n                        \u003Cspan class=\u0022read-more-arrow-container\u0022\u003E\n            \u003Cspan class=\u0022read-more-angled-arrow\u0022\u003E \u003C\/span\u003E\n          \u003C\/span\u003E\n                  \u003C\/div\u003E\n    \u003C\/a\u003E\n\u003Ca href=\u0022\/meldungen\/hoai-hoai-anwendung-selbst-der-bgh-ist-ueberfragt\u0022  class=\u0022teaser teaser--standard\u0022 aria-label=\u0022HOAI-Anwendung: Selbst der BGH ist \u00fcberfragt\u0022\u003E\n      \u003Cdiv class=\u0022teaser-content--image\u0022\u003E\n        \u003Cfigure class=\u0022image--figure\u0022\u003E\n        \u003Cpicture\u003E\n                        \u003Csource srcset=\u0022\/sites\/default\/files\/styles\/teaser_standard__m\/public\/aurora\/2020\/05\/45441.jpeg.webp?itok=wgds0rAz 1x\u0022 media=\u0022(min-width: 48.0625em) and (max-width: 64em)\u0022 type=\u0022image\/webp\u0022 width=\u0022323\u0022 height=\u0022185\u0022\/\u003E\n                  \u003Csource srcset=\u0022\/sites\/default\/files\/styles\/teaser_standard__l\/public\/aurora\/2020\/05\/45441.jpeg.webp?itok=CU9i0on3 1x\u0022 media=\u0022(min-width: 64.0625em)\u0022 type=\u0022image\/webp\u0022 width=\u0022203\u0022 height=\u0022117\u0022\/\u003E\n                  \u003Csource srcset=\u0022\/sites\/default\/files\/styles\/teaser_standard__m\/public\/aurora\/2020\/05\/45441.jpeg?itok=P_9xzMYs 1x\u0022 media=\u0022(min-width: 48.0625em) and (max-width: 64em)\u0022 type=\u0022image\/jpeg\u0022 width=\u0022323\u0022 height=\u0022185\u0022\/\u003E\n                  \u003Csource srcset=\u0022\/sites\/default\/files\/styles\/teaser_standard__l\/public\/aurora\/2020\/05\/45441.jpeg?itok=eB8_wydp 1x\u0022 media=\u0022(min-width: 64.0625em)\u0022 type=\u0022image\/jpeg\u0022 width=\u0022203\u0022 height=\u0022117\u0022\/\u003E\n                          \u003Cimg loading=\u0022eager\u0022 data-caption-hide width=\u0022693\u0022 height=\u0022398\u0022 data-zoomed=\u0022https:\/\/www.tga-fachplaner.de\/sites\/default\/files\/styles\/content__zoomed\/public\/aurora\/2020\/05\/45441.jpeg?itok=F5pp-2LL\u0022 src=\u0022\/sites\/default\/files\/styles\/teaser_standard__s\/public\/aurora\/2020\/05\/45441.jpeg?itok=U9bvJ4vk\u0022 title=\u0022\u00a9 NiroDesign \/ iStock \/ Getty Images Plus\n\u0022 \/\u003E\n\n    \u003C\/picture\u003E\n      \u003Cfigcaption class=\u0022image--figcaption\u0022\u003E\n          \u003Cdiv class=\u0022copyright\u0022\u003ENiroDesign \/ iStock \/ Getty Images Plus\n\u003C\/div\u003E\n          \u003C\/figcaption\u003E\n\u003C\/figure\u003E\n\n\n    \u003C\/div\u003E\n    \u003Cdiv class=\u0022teaser-content\u0022\u003E\n                    \u003Cdiv class=\u0022teaser-content--kicker\u0022\u003E\n                    HOAI\n        \u003C\/div\u003E\n                                              \n                        \n        \u003Ch4 class=\u0022teaser-content--headline\u0022\u003E\n                                HOAI-Anwendung: Selbst der BGH ist \n                              \u003Cspan class=\u0022headline-last-word-arrow\u0022\u003E\u00fcberfragt                      \u003C\/span\u003E\n        \u003C\/h4\u003E\n            \u003Cdiv class=\u0022teaser-content--publishing-date\u0022\u003E\u003Ctime datetime=\u00222020-05-27T22:13:35Z\u0022\u003E28.05.2020\u003C\/time\u003E\n\u003C\/div\u003E\u003Cspan class=\u0022teaser-content--publishing-date-divider\u0022\u003E - \u003C\/span\u003E\u003Cdiv class=\u0022teaser-content--body\u0022\u003E\u003Cp\u003EAm 14.\u0026nbsp;Mai 2020 hat der Bundesgerichtshof (BGH) \u00fcber die Frage verhandelt, ob und unter welchen Voraussetzungen ma\u00dfgebliche Bestimmungen der HOAI, insbesondere die verbindlichen Mindest- und H\u00f6chsts\u00e4tze, trotz des EuGH-Urteils vom 4.\u0026nbsp;Juli 2019 bis zu einer Neufassung der Verordnung weiterhin anzuwenden sind oder nicht. Da die Rechtslage aber selbst f\u00fcr den BGH zu un\u00fcbersichtlich ist, hat er das Verfahren ausgesetzt und dem EuGH mehrere Fragen vorgelegt.\u003C\/p\u003E\n\u003C\/div\u003E\n                        \u003Cspan class=\u0022read-more-arrow-container\u0022\u003E\n            \u003Cspan class=\u0022read-more-angled-arrow\u0022\u003E \u003C\/span\u003E\n          \u003C\/span\u003E\n                  \u003C\/div\u003E\n    \u003C\/a\u003E\n","entity_type":"node","used_ids":["",209035,191292,180588,180408,178777,176260,164863,163250,162012,159556,158900,157611,156555,155589,155190,154672,153810,151673,147464],"show_more":""}]