[{"command":"showMoreTeasers","id":"del--paragraph-567016","content":"\u003Ca href=\u0022\/raumlufttechnik\/referenzprojekt-kiefer-klimatechnik-intelligente-lueftungstechnik-fuer-einen-neuen\u0022  class=\u0022teaser teaser--standard\u0022 aria-label=\u0022Intelligente L\u00fcftungstechnik f\u00fcr einen neuen Braukeller\u0022\u003E\n      \u003Cdiv class=\u0022teaser-content--image\u0022\u003E\n        \u003Cfigure class=\u0022image--figure\u0022\u003E\n        \u003Cpicture\u003E\n                        \u003Csource srcset=\u0022\/sites\/default\/files\/styles\/teaser_standard__m\/public\/aurora\/2025\/05\/439059.jpeg.webp?itok=tBUdsPyW 1x\u0022 media=\u0022(min-width: 48.0625em) and (max-width: 64em)\u0022 type=\u0022image\/webp\u0022 width=\u0022323\u0022 height=\u0022215\u0022\/\u003E\n                  \u003Csource srcset=\u0022\/sites\/default\/files\/styles\/teaser_standard__l\/public\/aurora\/2025\/05\/439059.jpeg.webp?itok=VBXUfYlU 1x\u0022 media=\u0022(min-width: 64.0625em)\u0022 type=\u0022image\/webp\u0022 width=\u0022203\u0022 height=\u0022135\u0022\/\u003E\n                  \u003Csource srcset=\u0022\/sites\/default\/files\/styles\/teaser_standard__m\/public\/aurora\/2025\/05\/439059.jpeg?itok=fN0SCsbk 1x\u0022 media=\u0022(min-width: 48.0625em) and (max-width: 64em)\u0022 type=\u0022image\/jpeg\u0022 width=\u0022323\u0022 height=\u0022215\u0022\/\u003E\n                  \u003Csource srcset=\u0022\/sites\/default\/files\/styles\/teaser_standard__l\/public\/aurora\/2025\/05\/439059.jpeg?itok=HqtuqokX 1x\u0022 media=\u0022(min-width: 64.0625em)\u0022 type=\u0022image\/jpeg\u0022 width=\u0022203\u0022 height=\u0022135\u0022\/\u003E\n                          \u003Cimg alt=\u0022Bild 1\u2002Der neue Kombikeller der Brauerei Weihenstephan wurde direkt an die bestehenden historischen Geb\u00e4ude angebaut und in der ersten Ausbaustufe mit 12 von 24 m\u00f6glichen Tanks ausgestattet.\u0022 loading=\u0022eager\u0022 data-caption-hide width=\u0022597\u0022 height=\u0022398\u0022 data-zoomed=\u0022https:\/\/www.tga-fachplaner.de\/sites\/default\/files\/styles\/content__zoomed\/public\/aurora\/2025\/05\/439059.jpeg?itok=R-q7lc_M\u0022 src=\u0022\/sites\/default\/files\/styles\/teaser_standard__s\/public\/aurora\/2025\/05\/439059.jpeg?itok=SF2t0Z8t\u0022 title=\u0022\u00a9 Bayerische Staatsbrauerei Weihenstephan\u0022 \/\u003E\n\n    \u003C\/picture\u003E\n      \u003Cfigcaption class=\u0022image--figcaption\u0022\u003E\n          \u003Cdiv class=\u0022copyright\u0022\u003EBayerische Staatsbrauerei Weihenstephan\u003C\/div\u003E\n          \u003C\/figcaption\u003E\n\u003C\/figure\u003E\n\n\n    \u003C\/div\u003E\n    \u003Cdiv class=\u0022teaser-content\u0022\u003E\n                    \u003Cdiv class=\u0022teaser-content--kicker\u0022\u003E\n                    Referenzprojekt Kiefer Klimatechnik\n        \u003C\/div\u003E\n                                              \n                        \n        \u003Ch4 class=\u0022teaser-content--headline\u0022\u003E\n                                Intelligente L\u00fcftungstechnik f\u00fcr einen neuen \n                              \u003Cspan class=\u0022headline-last-word-arrow\u0022\u003EBraukeller              \u003Cspan\n                  class=\u0022permission-lock permission-lock-icon--lock\u0022\u003E\u003C\/span\u003E\n                                  \u003C\/span\u003E\n        \u003C\/h4\u003E\n            \u003Cdiv class=\u0022teaser-content--publishing-date\u0022\u003E\u003Ctime datetime=\u00222025-05-02T05:00:06Z\u0022\u003E02.05.2025\u003C\/time\u003E\n\u003C\/div\u003E\u003Cspan class=\u0022teaser-content--publishing-date-divider\u0022\u003E - \u003C\/span\u003E\u003Cdiv class=\u0022teaser-content--body\u0022\u003E\u003Cp\u003EEin Bierkeller ist ein nicht nur hy\u00adgie\u00adnisch hoch\u00adsen\u00adsi\u00adbler Pro\u00adduk\u00adtions\u00adbe\u00adreich. Da\u00adraus lei\u00adten sich spe\u00adzielle An\u00adfor\u00adde\u00adrun\u00adgen an die Raum\u00adluft\u00adtech\u00adnik ab.\u003C\/p\u003E\n\u003C\/div\u003E\n                        \u003Cspan class=\u0022read-more-arrow-container\u0022\u003E\n            \u003Cspan class=\u0022read-more-angled-arrow\u0022\u003E \u003C\/span\u003E\n          \u003C\/span\u003E\n                  \u003C\/div\u003E\n    \u003C\/a\u003E\n\u003Ca href=\u0022\/raumlufttechnik\/smart-home-zentrale-wohnungslueftung-nach-dem-raumweisen-bedarf\u0022  class=\u0022teaser teaser--standard\u0022 aria-label=\u0022Zentrale Wohnungsl\u00fcftung nach dem raumweisen Bedarf\u0022\u003E\n      \u003Cdiv class=\u0022teaser-content--image\u0022\u003E\n        \u003Cfigure class=\u0022image--figure\u0022\u003E\n        \u003Cpicture\u003E\n                        \u003Csource srcset=\u0022\/sites\/default\/files\/styles\/teaser_standard__m\/public\/aurora\/2024\/12\/410083.jpeg.webp?itok=OfCPV-pD 1x\u0022 media=\u0022(min-width: 48.0625em) and (max-width: 64em)\u0022 type=\u0022image\/webp\u0022 width=\u0022323\u0022 height=\u0022215\u0022\/\u003E\n                  \u003Csource srcset=\u0022\/sites\/default\/files\/styles\/teaser_standard__l\/public\/aurora\/2024\/12\/410083.jpeg.webp?itok=FacLZTCq 1x\u0022 media=\u0022(min-width: 64.0625em)\u0022 type=\u0022image\/webp\u0022 width=\u0022203\u0022 height=\u0022135\u0022\/\u003E\n                  \u003Csource srcset=\u0022\/sites\/default\/files\/styles\/teaser_standard__m\/public\/aurora\/2024\/12\/410083.jpeg?itok=h1MzTykA 1x\u0022 media=\u0022(min-width: 48.0625em) and (max-width: 64em)\u0022 type=\u0022image\/jpeg\u0022 width=\u0022323\u0022 height=\u0022215\u0022\/\u003E\n                  \u003Csource srcset=\u0022\/sites\/default\/files\/styles\/teaser_standard__l\/public\/aurora\/2024\/12\/410083.jpeg?itok=30NSJf6u 1x\u0022 media=\u0022(min-width: 64.0625em)\u0022 type=\u0022image\/jpeg\u0022 width=\u0022203\u0022 height=\u0022135\u0022\/\u003E\n                          \u003Cimg alt=\u0022Bild 1\u2002In gro\u00dfen R\u00e4umen mit gemischter Nutzung kontinuierlich die optimale Luftqualit\u00e4t sicherzustellen, ist eine Herausforderung. Mit der Einzelraumregelung RAV-Control l\u00e4sst sie sich einfach und mit geringeren Betriebskosten l\u00f6sen.\u0022 loading=\u0022eager\u0022 data-caption-hide width=\u0022597\u0022 height=\u0022398\u0022 data-zoomed=\u0022https:\/\/www.tga-fachplaner.de\/sites\/default\/files\/styles\/content__zoomed\/public\/aurora\/2024\/12\/410083.jpeg?itok=iCZFhXtZ\u0022 src=\u0022\/sites\/default\/files\/styles\/teaser_standard__s\/public\/aurora\/2024\/12\/410083.jpeg?itok=ATKi74Qu\u0022 title=\u0022\u00a9 Systemair\u0022 \/\u003E\n\n    \u003C\/picture\u003E\n      \u003Cfigcaption class=\u0022image--figcaption\u0022\u003E\n          \u003Cdiv class=\u0022copyright\u0022\u003ESystemair\u003C\/div\u003E\n          \u003C\/figcaption\u003E\n\u003C\/figure\u003E\n\n\n    \u003C\/div\u003E\n    \u003Cdiv class=\u0022teaser-content\u0022\u003E\n                    \u003Cdiv class=\u0022teaser-content--kicker\u0022\u003E\n                    Smart Home\n        \u003C\/div\u003E\n                                              \n                        \n        \u003Ch4 class=\u0022teaser-content--headline\u0022\u003E\n                                Zentrale Wohnungsl\u00fcftung nach dem raumweisen \n                              \u003Cspan class=\u0022headline-last-word-arrow\u0022\u003EBedarf              \u003Cspan\n                  class=\u0022permission-lock permission-lock-icon--lock\u0022\u003E\u003C\/span\u003E\n                                  \u003C\/span\u003E\n        \u003C\/h4\u003E\n            \u003Cdiv class=\u0022teaser-content--publishing-date\u0022\u003E\u003Ctime datetime=\u00222024-12-23T10:25:21Z\u0022\u003E23.12.2024\u003C\/time\u003E\n\u003C\/div\u003E\u003Cspan class=\u0022teaser-content--publishing-date-divider\u0022\u003E - \u003C\/span\u003E\u003Cdiv class=\u0022teaser-content--body\u0022\u003E\u003Cp\u003EMit RAV-Control ha\u00adben Systemair und eQ-3 eine einfach zu installierende L\u00f6\u00adsung zur zen\u00adtra\u00adlen Woh\u00adnungs\u00adl\u00fcf\u00adtung mit raum\u00adwei\u00adser Luft\u00admen\u00adgen\u00adre\u00adge\u00adlung ent\u00adwick\u00adelt.\u003C\/p\u003E\n\u003C\/div\u003E\n                        \u003Cspan class=\u0022read-more-arrow-container\u0022\u003E\n            \u003Cspan class=\u0022read-more-angled-arrow\u0022\u003E \u003C\/span\u003E\n          \u003C\/span\u003E\n                  \u003C\/div\u003E\n    \u003C\/a\u003E\n\u003Ca href=\u0022\/panorama\/referenzprojekt-helios-ventilatoren-sportliche-sonderloesung-skisprung-im-windkanal\u0022  class=\u0022teaser teaser--standard\u0022 aria-label=\u0022Sportliche Sonderl\u00f6\u00adsung: Ski\u00adsprung im Windkanal\u0022\u003E\n      \u003Cdiv class=\u0022teaser-content--image\u0022\u003E\n        \u003Cfigure class=\u0022image--figure\u0022\u003E\n        \u003Cpicture\u003E\n                        \u003Csource srcset=\u0022\/sites\/default\/files\/styles\/teaser_standard__m\/public\/aurora\/2024\/06\/370762.jpeg.webp?itok=sU0nwsZS 1x\u0022 media=\u0022(min-width: 48.0625em) and (max-width: 64em)\u0022 type=\u0022image\/webp\u0022 width=\u0022323\u0022 height=\u0022215\u0022\/\u003E\n                  \u003Csource srcset=\u0022\/sites\/default\/files\/styles\/teaser_standard__l\/public\/aurora\/2024\/06\/370762.jpeg.webp?itok=jB9CER1U 1x\u0022 media=\u0022(min-width: 64.0625em)\u0022 type=\u0022image\/webp\u0022 width=\u0022203\u0022 height=\u0022135\u0022\/\u003E\n                  \u003Csource srcset=\u0022\/sites\/default\/files\/styles\/teaser_standard__m\/public\/aurora\/2024\/06\/370762.jpeg?itok=m4-3K7Xy 1x\u0022 media=\u0022(min-width: 48.0625em) and (max-width: 64em)\u0022 type=\u0022image\/jpeg\u0022 width=\u0022323\u0022 height=\u0022215\u0022\/\u003E\n                  \u003Csource srcset=\u0022\/sites\/default\/files\/styles\/teaser_standard__l\/public\/aurora\/2024\/06\/370762.jpeg?itok=1yCECUFG 1x\u0022 media=\u0022(min-width: 64.0625em)\u0022 type=\u0022image\/jpeg\u0022 width=\u0022203\u0022 height=\u0022135\u0022\/\u003E\n                          \u003Cimg alt=\u0022Bild 1\u2002Der weltbekannte ehemalige Skispringer Martin Schmitt l\u00e4sst sich bei einem Testlauf auf dem Helios-Gel\u00e4nde in die Ausblasfl\u00e4che der Ventilatoren gurten.\u0022 loading=\u0022eager\u0022 data-caption-hide width=\u0022597\u0022 height=\u0022398\u0022 data-zoomed=\u0022https:\/\/www.tga-fachplaner.de\/sites\/default\/files\/styles\/content__zoomed\/public\/aurora\/2024\/06\/370762.jpeg?itok=XVeyi10b\u0022 src=\u0022\/sites\/default\/files\/styles\/teaser_standard__s\/public\/aurora\/2024\/06\/370762.jpeg?itok=9zhkcDnH\u0022 title=\u0022\u00a9 Helios Ventilatoren\u0022 \/\u003E\n\n    \u003C\/picture\u003E\n      \u003Cfigcaption class=\u0022image--figcaption\u0022\u003E\n          \u003Cdiv class=\u0022copyright\u0022\u003EHelios Ventilatoren\u003C\/div\u003E\n          \u003C\/figcaption\u003E\n\u003C\/figure\u003E\n\n\n    \u003C\/div\u003E\n    \u003Cdiv class=\u0022teaser-content\u0022\u003E\n                    \u003Cdiv class=\u0022teaser-content--kicker\u0022\u003E\n                    Referenzprojekt Helios Ventilatoren\n        \u003C\/div\u003E\n                                              \n                        \n        \u003Ch4 class=\u0022teaser-content--headline\u0022\u003E\n                                Sportliche Sonderl\u00f6\u00adsung: Ski\u00adsprung im \n                              \u003Cspan class=\u0022headline-last-word-arrow\u0022\u003EWindkanal                      \u003C\/span\u003E\n        \u003C\/h4\u003E\n            \u003Cdiv class=\u0022teaser-content--publishing-date\u0022\u003E\u003Ctime datetime=\u00222024-06-30T17:40:15Z\u0022\u003E30.06.2024\u003C\/time\u003E\n\u003C\/div\u003E\u003Cspan class=\u0022teaser-content--publishing-date-divider\u0022\u003E - \u003C\/span\u003E\u003Cdiv class=\u0022teaser-content--body\u0022\u003E\u003Cp\u003EIm Adler\u00adstadion in Hinter\u00adzarten k\u00f6nnen Ski\u00adsprin\u00adger in ei\u00adnem ventilator\u00adbe\u00adtrie\u00adbe\u00adnen Wind\u00adka\u00adnal auch oh\u00adne Sprung\u00adschan\u00adze ich\u00adre Flug\u00adtech\u00adnik op\u00adti\u00admie\u00adren.\u003C\/p\u003E\n\u003C\/div\u003E\n                        \u003Cspan class=\u0022read-more-arrow-container\u0022\u003E\n            \u003Cspan class=\u0022read-more-angled-arrow\u0022\u003E \u003C\/span\u003E\n          \u003C\/span\u003E\n                  \u003C\/div\u003E\n    \u003C\/a\u003E\n\u003Ca href=\u0022\/raumlufttechnik\/raumluftstroemung-filmreife-leistung-aus-dem-stroemungslabor-den-kinosaal\u0022  class=\u0022teaser teaser--standard\u0022 aria-label=\u0022Filmreife Leistung: Aus dem Str\u00f6mungslabor in den Kinosaal\u0022\u003E\n      \u003Cdiv class=\u0022teaser-content--image\u0022\u003E\n        \u003Cfigure class=\u0022image--figure\u0022\u003E\n        \u003Cpicture\u003E\n                        \u003Csource srcset=\u0022\/sites\/default\/files\/styles\/teaser_standard__m\/public\/aurora\/2024\/01\/331057.jpeg.webp?itok=PPGkwNrE 1x\u0022 media=\u0022(min-width: 48.0625em) and (max-width: 64em)\u0022 type=\u0022image\/webp\u0022 width=\u0022323\u0022 height=\u0022215\u0022\/\u003E\n                  \u003Csource srcset=\u0022\/sites\/default\/files\/styles\/teaser_standard__l\/public\/aurora\/2024\/01\/331057.jpeg.webp?itok=xILmT68k 1x\u0022 media=\u0022(min-width: 64.0625em)\u0022 type=\u0022image\/webp\u0022 width=\u0022203\u0022 height=\u0022135\u0022\/\u003E\n                  \u003Csource srcset=\u0022\/sites\/default\/files\/styles\/teaser_standard__m\/public\/aurora\/2024\/01\/331057.jpeg?itok=6gtUlUzw 1x\u0022 media=\u0022(min-width: 48.0625em) and (max-width: 64em)\u0022 type=\u0022image\/jpeg\u0022 width=\u0022323\u0022 height=\u0022215\u0022\/\u003E\n                  \u003Csource srcset=\u0022\/sites\/default\/files\/styles\/teaser_standard__l\/public\/aurora\/2024\/01\/331057.jpeg?itok=-KEsl6V9 1x\u0022 media=\u0022(min-width: 64.0625em)\u0022 type=\u0022image\/jpeg\u0022 width=\u0022203\u0022 height=\u0022135\u0022\/\u003E\n                          \u003Cimg alt=\u0022Bild 1\u2002Das Kino International in Berlin gilt als Architekturikone der Kinolandschaft. Seit 1963 zieht es Filmbegeisterte in seinen Bann.\u0022 loading=\u0022eager\u0022 data-caption-hide width=\u0022597\u0022 height=\u0022398\u0022 data-zoomed=\u0022https:\/\/www.tga-fachplaner.de\/sites\/default\/files\/styles\/content__zoomed\/public\/aurora\/2024\/01\/331057.jpeg?itok=V0xlIXnb\u0022 src=\u0022\/sites\/default\/files\/styles\/teaser_standard__s\/public\/aurora\/2024\/01\/331057.jpeg?itok=ew7Zpwre\u0022 title=\u0022\u00a9 Daniel Horn Photography\n\u0022 \/\u003E\n\n    \u003C\/picture\u003E\n      \u003Cfigcaption class=\u0022image--figcaption\u0022\u003E\n          \u003Cdiv class=\u0022copyright\u0022\u003EDaniel Horn Photography\n\u003C\/div\u003E\n          \u003C\/figcaption\u003E\n\u003C\/figure\u003E\n\n\n    \u003C\/div\u003E\n    \u003Cdiv class=\u0022teaser-content\u0022\u003E\n                    \u003Cdiv class=\u0022teaser-content--kicker\u0022\u003E\n                    Raumluftstr\u00f6mung\n        \u003C\/div\u003E\n                                              \n                        \n        \u003Ch4 class=\u0022teaser-content--headline\u0022\u003E\n                                Filmreife Leistung: Aus dem Str\u00f6mungslabor in den \n                              \u003Cspan class=\u0022headline-last-word-arrow\u0022\u003EKinosaal                      \u003C\/span\u003E\n        \u003C\/h4\u003E\n            \u003Cdiv class=\u0022teaser-content--publishing-date\u0022\u003E\u003Ctime datetime=\u00222024-01-05T15:42:59Z\u0022\u003E05.01.2024\u003C\/time\u003E\n\u003C\/div\u003E\u003Cspan class=\u0022teaser-content--publishing-date-divider\u0022\u003E - \u003C\/span\u003E\u003Cdiv class=\u0022teaser-content--body\u0022\u003E\u003Cp\u003EF\u00fcr die denkmalgerechte Generalinstandsetzung des Kino International in Berlin hat Kiefer Klimatechnik einen besonderen Quell-Luftdurchlass konzipiert.\u003C\/p\u003E\n\u003C\/div\u003E\n                        \u003Cspan class=\u0022read-more-arrow-container\u0022\u003E\n            \u003Cspan class=\u0022read-more-angled-arrow\u0022\u003E \u003C\/span\u003E\n          \u003C\/span\u003E\n                  \u003C\/div\u003E\n    \u003C\/a\u003E\n\u003Ca href=\u0022\/raumlufttechnik\/energieoptimierung-innovative-luftfuehrung-senkt-energiebedarf-im-hallenbad\u0022  class=\u0022teaser teaser--standard\u0022 aria-label=\u0022Innovative Luftf\u00fchrung senkt Energiebedarf im Hallenbad\u0022\u003E\n      \u003Cdiv class=\u0022teaser-content--image\u0022\u003E\n        \u003Cfigure class=\u0022image--figure\u0022\u003E\n        \u003Cpicture\u003E\n                        \u003Csource srcset=\u0022\/sites\/default\/files\/styles\/teaser_standard__m\/public\/aurora\/2023\/09\/307889.png.webp?itok=zuX_WVY7 1x\u0022 media=\u0022(min-width: 48.0625em) and (max-width: 64em)\u0022 type=\u0022image\/webp\u0022 width=\u0022323\u0022 height=\u0022215\u0022\/\u003E\n                  \u003Csource srcset=\u0022\/sites\/default\/files\/styles\/teaser_standard__l\/public\/aurora\/2023\/09\/307889.png.webp?itok=gHXmrQxS 1x\u0022 media=\u0022(min-width: 64.0625em)\u0022 type=\u0022image\/webp\u0022 width=\u0022203\u0022 height=\u0022135\u0022\/\u003E\n                  \u003Csource srcset=\u0022\/sites\/default\/files\/styles\/teaser_standard__m\/public\/aurora\/2023\/09\/307889.png?itok=L2UbffRu 1x\u0022 media=\u0022(min-width: 48.0625em) and (max-width: 64em)\u0022 type=\u0022image\/png\u0022 width=\u0022323\u0022 height=\u0022215\u0022\/\u003E\n                  \u003Csource srcset=\u0022\/sites\/default\/files\/styles\/teaser_standard__l\/public\/aurora\/2023\/09\/307889.png?itok=emXW6w3i 1x\u0022 media=\u0022(min-width: 64.0625em)\u0022 type=\u0022image\/png\u0022 width=\u0022203\u0022 height=\u0022135\u0022\/\u003E\n                          \u003Cimg alt=\u0022Bild 1\u2002Im Rahmen des Projekts EnOB:EnergieeffBaeder haben Expertinnen und Experten des INCO Ingenieurb\u00fcros erstmals Messungen zur Verdunstung in einem Hallenbad durchgef\u00fchrt. Hier sieht man den Aufbau bei einem Nebelversuch.\u0022 loading=\u0022eager\u0022 data-caption-hide width=\u0022597\u0022 height=\u0022398\u0022 data-zoomed=\u0022https:\/\/www.tga-fachplaner.de\/sites\/default\/files\/styles\/content__zoomed\/public\/aurora\/2023\/09\/307889.png?itok=MYbxaLxL\u0022 src=\u0022\/sites\/default\/files\/styles\/teaser_standard__s\/public\/aurora\/2023\/09\/307889.png?itok=Xwngh2qb\u0022 title=\u0022\u00a9 INCO Ingenieurb\u00fcro GmbH\n\u0022 \/\u003E\n\n    \u003C\/picture\u003E\n      \u003Cfigcaption class=\u0022image--figcaption\u0022\u003E\n          \u003Cdiv class=\u0022copyright\u0022\u003EINCO Ingenieurb\u00fcro GmbH\n\u003C\/div\u003E\n          \u003C\/figcaption\u003E\n\u003C\/figure\u003E\n\n\n    \u003C\/div\u003E\n    \u003Cdiv class=\u0022teaser-content\u0022\u003E\n                    \u003Cdiv class=\u0022teaser-content--kicker\u0022\u003E\n                    Energieoptimierung\n        \u003C\/div\u003E\n                                              \n                        \n        \u003Ch4 class=\u0022teaser-content--headline\u0022\u003E\n                                Innovative Luftf\u00fchrung senkt Energiebedarf im \n                              \u003Cspan class=\u0022headline-last-word-arrow\u0022\u003EHallenbad              \u003Cspan\n                  class=\u0022permission-lock permission-lock-icon--lock\u0022\u003E\u003C\/span\u003E\n                                  \u003C\/span\u003E\n        \u003C\/h4\u003E\n            \u003Cdiv class=\u0022teaser-content--publishing-date\u0022\u003E\u003Ctime datetime=\u00222023-09-26T20:36:28Z\u0022\u003E26.09.2023\u003C\/time\u003E\n\u003C\/div\u003E\u003Cspan class=\u0022teaser-content--publishing-date-divider\u0022\u003E - \u003C\/span\u003E\u003Cdiv class=\u0022teaser-content--body\u0022\u003E\u003Cp\u003EEine bereits praktisch erprobte Luftf\u00fchrung in Hallenb\u00e4dern verringert die Verdunstung und senkt so den Energiebedarf zum Nachheizen des Beckenwassers.\u003C\/p\u003E\n\u003C\/div\u003E\n                        \u003Cspan class=\u0022read-more-arrow-container\u0022\u003E\n            \u003Cspan class=\u0022read-more-angled-arrow\u0022\u003E \u003C\/span\u003E\n          \u003C\/span\u003E\n                  \u003C\/div\u003E\n    \u003C\/a\u003E\n\u003Ca href=\u0022\/klimatechnik\/museumsklimatisierung-der-klimakorridor-braucht-eine-fachlich-eindeutige-definition\u0022  class=\u0022teaser teaser--standard\u0022 aria-label=\u0022Der Klimakorridor braucht eine fachlich eindeutige Definition\u0022\u003E\n      \u003Cdiv class=\u0022teaser-content--image\u0022\u003E\n        \u003Cfigure class=\u0022image--figure\u0022\u003E\n        \u003Cpicture\u003E\n                        \u003Csource srcset=\u0022\/sites\/default\/files\/styles\/teaser_standard__m\/public\/aurora\/2023\/06\/287159.jpeg.webp?itok=_VCBU_EU 1x\u0022 media=\u0022(min-width: 48.0625em) and (max-width: 64em)\u0022 type=\u0022image\/webp\u0022 width=\u0022323\u0022 height=\u0022215\u0022\/\u003E\n                  \u003Csource srcset=\u0022\/sites\/default\/files\/styles\/teaser_standard__l\/public\/aurora\/2023\/06\/287159.jpeg.webp?itok=cZEHbDPD 1x\u0022 media=\u0022(min-width: 64.0625em)\u0022 type=\u0022image\/webp\u0022 width=\u0022203\u0022 height=\u0022135\u0022\/\u003E\n                  \u003Csource srcset=\u0022\/sites\/default\/files\/styles\/teaser_standard__m\/public\/aurora\/2023\/06\/287159.jpeg?itok=NicdLYJT 1x\u0022 media=\u0022(min-width: 48.0625em) and (max-width: 64em)\u0022 type=\u0022image\/jpeg\u0022 width=\u0022323\u0022 height=\u0022215\u0022\/\u003E\n                  \u003Csource srcset=\u0022\/sites\/default\/files\/styles\/teaser_standard__l\/public\/aurora\/2023\/06\/287159.jpeg?itok=ijFoRGHu 1x\u0022 media=\u0022(min-width: 64.0625em)\u0022 type=\u0022image\/jpeg\u0022 width=\u0022203\u0022 height=\u0022135\u0022\/\u003E\n                          \u003Cimg alt=\u0022g\u2002Museen sind gesellschaftlich relevante und attraktive Institutionen (DMB). Mit einem wachsenden Bewusstsein f\u00fcr die Auswirkungen der Klimatisierungssysteme auf das Klima und die Museumsfinanzen werden auch die Anforderungen an das Raumklima diskutiert.\u0022 loading=\u0022eager\u0022 data-caption-hide width=\u0022597\u0022 height=\u0022398\u0022 data-zoomed=\u0022https:\/\/www.tga-fachplaner.de\/sites\/default\/files\/styles\/content__zoomed\/public\/aurora\/2023\/06\/287159.jpeg?itok=vlo-HDqK\u0022 src=\u0022\/sites\/default\/files\/styles\/teaser_standard__s\/public\/aurora\/2023\/06\/287159.jpeg?itok=ng0YfNcr\u0022 title=\u0022\u00a9 Jan Kranendonk \u2013 stock.adobe.com\n\u0022 \/\u003E\n\n    \u003C\/picture\u003E\n      \u003Cfigcaption class=\u0022image--figcaption\u0022\u003E\n          \u003Cdiv class=\u0022copyright\u0022\u003EJan Kranendonk \u2013 stock.adobe.com\n\u003C\/div\u003E\n          \u003C\/figcaption\u003E\n\u003C\/figure\u003E\n\n\n    \u003C\/div\u003E\n    \u003Cdiv class=\u0022teaser-content\u0022\u003E\n                    \u003Cdiv class=\u0022teaser-content--kicker\u0022\u003E\n                    Museumsklimatisierung\n        \u003C\/div\u003E\n                                              \n                        \n        \u003Ch4 class=\u0022teaser-content--headline\u0022\u003E\n                                Der Klimakorridor braucht eine fachlich eindeutige \n                              \u003Cspan class=\u0022headline-last-word-arrow\u0022\u003EDefinition              \u003Cspan\n                  class=\u0022permission-lock permission-lock-icon--lock\u0022\u003E\u003C\/span\u003E\n                                  \u003C\/span\u003E\n        \u003C\/h4\u003E\n            \u003Cdiv class=\u0022teaser-content--publishing-date\u0022\u003E\u003Ctime datetime=\u00222023-06-24T06:41:48Z\u0022\u003E24.06.2023\u003C\/time\u003E\n\u003C\/div\u003E\u003Cspan class=\u0022teaser-content--publishing-date-divider\u0022\u003E - \u003C\/span\u003E\u003Cdiv class=\u0022teaser-content--body\u0022\u003E\u003Cp\u003EIn der Energiekrise hat der Deutsche Museumsbund die bedingte Einf\u00fchrung eines erweiterten Klimakorridors zur Museumsklimatisierung empfohlen.\u003C\/p\u003E\n\u003C\/div\u003E\n                        \u003Cspan class=\u0022read-more-arrow-container\u0022\u003E\n            \u003Cspan class=\u0022read-more-angled-arrow\u0022\u003E \u003C\/span\u003E\n          \u003C\/span\u003E\n                  \u003C\/div\u003E\n    \u003C\/a\u003E\n\u003Ca href=\u0022\/raumlufttechnik\/raumluftqualitaet-saeuren-koennen-viren-aerosolen-inaktivieren\u0022  class=\u0022teaser teaser--standard\u0022 aria-label=\u0022S\u00e4uren k\u00f6nnen Viren in Aerosolen inaktivieren\u0022\u003E\n      \u003Cdiv class=\u0022teaser-content--image\u0022\u003E\n        \u003Cfigure class=\u0022image--figure\u0022\u003E\n        \u003Cpicture\u003E\n                        \u003Csource srcset=\u0022\/sites\/default\/files\/styles\/teaser_standard__m\/public\/aurora\/2023\/02\/252463.jpeg.webp?itok=xJUbvgsM 1x\u0022 media=\u0022(min-width: 48.0625em) and (max-width: 64em)\u0022 type=\u0022image\/webp\u0022 width=\u0022323\u0022 height=\u0022215\u0022\/\u003E\n                  \u003Csource srcset=\u0022\/sites\/default\/files\/styles\/teaser_standard__l\/public\/aurora\/2023\/02\/252463.jpeg.webp?itok=QJ3CjkQT 1x\u0022 media=\u0022(min-width: 64.0625em)\u0022 type=\u0022image\/webp\u0022 width=\u0022203\u0022 height=\u0022135\u0022\/\u003E\n                  \u003Csource srcset=\u0022\/sites\/default\/files\/styles\/teaser_standard__m\/public\/aurora\/2023\/02\/252463.jpeg?itok=CbKyMb2I 1x\u0022 media=\u0022(min-width: 48.0625em) and (max-width: 64em)\u0022 type=\u0022image\/jpeg\u0022 width=\u0022323\u0022 height=\u0022215\u0022\/\u003E\n                  \u003Csource srcset=\u0022\/sites\/default\/files\/styles\/teaser_standard__l\/public\/aurora\/2023\/02\/252463.jpeg?itok=JCyvw46c 1x\u0022 media=\u0022(min-width: 64.0625em)\u0022 type=\u0022image\/jpeg\u0022 width=\u0022203\u0022 height=\u0022135\u0022\/\u003E\n                          \u003Cimg alt=\u0022Bild 1\u2002Ausgehustete Aerosole nehmen rasch gasf\u00f6rmige S\u00e4uren aus der Luft auf. Das macht die Schwebeteilchen saurer und inaktiviert in ihnen mitreisende Viren.\u0022 loading=\u0022eager\u0022 data-caption-hide width=\u0022597\u0022 height=\u0022398\u0022 data-zoomed=\u0022https:\/\/www.tga-fachplaner.de\/sites\/default\/files\/styles\/content__zoomed\/public\/aurora\/2023\/02\/252463.jpeg?itok=s2twylrR\u0022 src=\u0022\/sites\/default\/files\/styles\/teaser_standard__s\/public\/aurora\/2023\/02\/252463.jpeg?itok=6z1KCHBs\u0022 title=\u0022\u00a9 Rainer Fuhrmann \u2013 stock.adobe.com\n\u0022 \/\u003E\n\n    \u003C\/picture\u003E\n      \u003Cfigcaption class=\u0022image--figcaption\u0022\u003E\n          \u003Cdiv class=\u0022copyright\u0022\u003ERainer Fuhrmann \u2013 stock.adobe.com\n\u003C\/div\u003E\n          \u003C\/figcaption\u003E\n\u003C\/figure\u003E\n\n\n    \u003C\/div\u003E\n    \u003Cdiv class=\u0022teaser-content\u0022\u003E\n                    \u003Cdiv class=\u0022teaser-content--kicker\u0022\u003E\n                    Raumluftqualit\u00e4t\n        \u003C\/div\u003E\n                                              \n                        \n        \u003Ch4 class=\u0022teaser-content--headline\u0022\u003E\n                                S\u00e4uren k\u00f6nnen Viren in Aerosolen \n                              \u003Cspan class=\u0022headline-last-word-arrow\u0022\u003Einaktivieren              \u003Cspan\n                  class=\u0022permission-lock permission-lock-icon--lock\u0022\u003E\u003C\/span\u003E\n                                  \u003C\/span\u003E\n        \u003C\/h4\u003E\n            \u003Cdiv class=\u0022teaser-content--publishing-date\u0022\u003E\u003Ctime datetime=\u00222023-02-05T15:06:02Z\u0022\u003E05.02.2023\u003C\/time\u003E\n\u003C\/div\u003E\u003Cspan class=\u0022teaser-content--publishing-date-divider\u0022\u003E - \u003C\/span\u003E\u003Cdiv class=\u0022teaser-content--body\u0022\u003E\u003Cp\u003EEin Forschungsteam aus der Schweiz k\u00f6nnte sich vorstellen, gefilterter Luft fl\u00fcchtige S\u00e4uren zur Inaktivierung von Viren in Aerosolen zuzusetzen.\u003C\/p\u003E\n\u003C\/div\u003E\n                        \u003Cspan class=\u0022read-more-arrow-container\u0022\u003E\n            \u003Cspan class=\u0022read-more-angled-arrow\u0022\u003E \u003C\/span\u003E\n          \u003C\/span\u003E\n                  \u003C\/div\u003E\n    \u003C\/a\u003E\n\u003Ca href=\u0022\/raumlufttechnik\/gebaeudeauskuehlung-simulation-fuer-buerogebaeude-was-bringt-nachtauskuehlung\u0022  class=\u0022teaser teaser--standard\u0022 aria-label=\u0022Simulation f\u00fcr B\u00fcrogeb\u00e4ude: Was bringt Nachtausk\u00fchlung?\u0022\u003E\n      \u003Cdiv class=\u0022teaser-content--image\u0022\u003E\n        \u003Cfigure class=\u0022image--figure\u0022\u003E\n        \u003Cpicture\u003E\n                        \u003Csource srcset=\u0022\/sites\/default\/files\/styles\/teaser_standard__m\/public\/aurora\/2022\/09\/220036.jpeg.webp?itok=pBdli9vG 1x\u0022 media=\u0022(min-width: 48.0625em) and (max-width: 64em)\u0022 type=\u0022image\/webp\u0022 width=\u0022323\u0022 height=\u0022215\u0022\/\u003E\n                  \u003Csource srcset=\u0022\/sites\/default\/files\/styles\/teaser_standard__l\/public\/aurora\/2022\/09\/220036.jpeg.webp?itok=vpFH8-h2 1x\u0022 media=\u0022(min-width: 64.0625em)\u0022 type=\u0022image\/webp\u0022 width=\u0022203\u0022 height=\u0022135\u0022\/\u003E\n                  \u003Csource srcset=\u0022\/sites\/default\/files\/styles\/teaser_standard__m\/public\/aurora\/2022\/09\/220036.jpeg?itok=06SQ0rD4 1x\u0022 media=\u0022(min-width: 48.0625em) and (max-width: 64em)\u0022 type=\u0022image\/jpeg\u0022 width=\u0022323\u0022 height=\u0022215\u0022\/\u003E\n                  \u003Csource srcset=\u0022\/sites\/default\/files\/styles\/teaser_standard__l\/public\/aurora\/2022\/09\/220036.jpeg?itok=AwxyJCy0 1x\u0022 media=\u0022(min-width: 64.0625em)\u0022 type=\u0022image\/jpeg\u0022 width=\u0022203\u0022 height=\u0022135\u0022\/\u003E\n                          \u003Cimg alt=\u0022Bild 1\u2002Versuchsaufbau zur Nachausk\u00fchlung mit Rohrventilatoren zur Optimierung der Durchstr\u00f6mung.\u0022 loading=\u0022eager\u0022 data-caption-hide width=\u0022597\u0022 height=\u0022398\u0022 data-zoomed=\u0022https:\/\/www.tga-fachplaner.de\/sites\/default\/files\/styles\/content__zoomed\/public\/aurora\/2022\/09\/220036.jpeg?itok=Mhrvhzgo\u0022 src=\u0022\/sites\/default\/files\/styles\/teaser_standard__s\/public\/aurora\/2022\/09\/220036.jpeg?itok=U7ce1o3i\u0022 title=\u0022\u00a9 InnoVision Gruppe\n\u0022 \/\u003E\n\n    \u003C\/picture\u003E\n      \u003Cfigcaption class=\u0022image--figcaption\u0022\u003E\n          \u003Cdiv class=\u0022copyright\u0022\u003EInnoVision Gruppe\n\u003C\/div\u003E\n          \u003C\/figcaption\u003E\n\u003C\/figure\u003E\n\n\n    \u003C\/div\u003E\n    \u003Cdiv class=\u0022teaser-content\u0022\u003E\n                    \u003Cdiv class=\u0022teaser-content--kicker\u0022\u003E\n                    Geb\u00e4udeausk\u00fchlung\n        \u003C\/div\u003E\n                                              \n                        \n        \u003Ch4 class=\u0022teaser-content--headline\u0022\u003E\n                                Simulation f\u00fcr B\u00fcrogeb\u00e4ude: Was bringt \n                              \u003Cspan class=\u0022headline-last-word-arrow\u0022\u003ENachtausk\u00fchlung?              \u003Cspan\n                  class=\u0022permission-lock permission-lock-icon--lock\u0022\u003E\u003C\/span\u003E\n                                  \u003C\/span\u003E\n        \u003C\/h4\u003E\n            \u003Cdiv class=\u0022teaser-content--publishing-date\u0022\u003E\u003Ctime datetime=\u00222022-09-04T11:00:30Z\u0022\u003E04.09.2022\u003C\/time\u003E\n\u003C\/div\u003E\u003Cspan class=\u0022teaser-content--publishing-date-divider\u0022\u003E - \u003C\/span\u003E\u003Cdiv class=\u0022teaser-content--body\u0022\u003E\u003Cp\u003EDie Simulation der Nachtausk\u00fchlung f\u00fcr ein B\u00fcrogeb\u00e4ude belegt die Effizienz der nat\u00fcrlichen Geb\u00e4udeklimatisierung \u2013 vom Passivhaus bis zu Bestandsgeb\u00e4uden.\u003C\/p\u003E\n\u003C\/div\u003E\n                        \u003Cspan class=\u0022read-more-arrow-container\u0022\u003E\n            \u003Cspan class=\u0022read-more-angled-arrow\u0022\u003E \u003C\/span\u003E\n          \u003C\/span\u003E\n                  \u003C\/div\u003E\n    \u003C\/a\u003E\n\u003Ca href=\u0022\/meldungen\/gebaeudekuehlung-simulation-fuer-buerogebaeude-was-bringt-eine-nachtauskuehlung\u0022  class=\u0022teaser teaser--standard\u0022 aria-label=\u0022Simulation f\u00fcr B\u00fcrogeb\u00e4ude: Was bringt eine Nachtausk\u00fchlung?\u0022\u003E\n      \u003Cdiv class=\u0022teaser-content--image\u0022\u003E\n        \u003Cfigure class=\u0022image--figure\u0022\u003E\n        \u003Cpicture\u003E\n                        \u003Csource srcset=\u0022\/sites\/default\/files\/styles\/teaser_standard__m\/public\/aurora\/2022\/08\/214582.png.webp?itok=LFd1UAcF 1x\u0022 media=\u0022(min-width: 48.0625em) and (max-width: 64em)\u0022 type=\u0022image\/webp\u0022 width=\u0022323\u0022 height=\u0022215\u0022\/\u003E\n                  \u003Csource srcset=\u0022\/sites\/default\/files\/styles\/teaser_standard__l\/public\/aurora\/2022\/08\/214582.png.webp?itok=7eiu9oDf 1x\u0022 media=\u0022(min-width: 64.0625em)\u0022 type=\u0022image\/webp\u0022 width=\u0022203\u0022 height=\u0022135\u0022\/\u003E\n                  \u003Csource srcset=\u0022\/sites\/default\/files\/styles\/teaser_standard__m\/public\/aurora\/2022\/08\/214582.png?itok=RRgxU6bn 1x\u0022 media=\u0022(min-width: 48.0625em) and (max-width: 64em)\u0022 type=\u0022image\/png\u0022 width=\u0022323\u0022 height=\u0022215\u0022\/\u003E\n                  \u003Csource srcset=\u0022\/sites\/default\/files\/styles\/teaser_standard__l\/public\/aurora\/2022\/08\/214582.png?itok=yIsGA4FO 1x\u0022 media=\u0022(min-width: 64.0625em)\u0022 type=\u0022image\/png\u0022 width=\u0022203\u0022 height=\u0022135\u0022\/\u003E\n                          \u003Cimg alt=\u0022Die maximale Temperatur ohne Nachtausk\u00fchlung betrug in den exponiertesten oberen B\u00fcros am 5. Mai um 15:00 Uhr 31,07\u202f\u00b0C\u2026\u0022 loading=\u0022eager\u0022 data-caption-hide width=\u0022597\u0022 height=\u0022398\u0022 data-zoomed=\u0022https:\/\/www.tga-fachplaner.de\/sites\/default\/files\/styles\/content__zoomed\/public\/aurora\/2022\/08\/214582.png?itok=eOi6EAmR\u0022 src=\u0022\/sites\/default\/files\/styles\/teaser_standard__s\/public\/aurora\/2022\/08\/214582.png?itok=DtLcxCRH\u0022 title=\u0022\u00a9 InnoVision Gruppe\n\u0022 \/\u003E\n\n    \u003C\/picture\u003E\n      \u003Cfigcaption class=\u0022image--figcaption\u0022\u003E\n          \u003Cdiv class=\u0022copyright\u0022\u003EInnoVision Gruppe\n\u003C\/div\u003E\n          \u003C\/figcaption\u003E\n\u003C\/figure\u003E\n\n\n    \u003C\/div\u003E\n    \u003Cdiv class=\u0022teaser-content\u0022\u003E\n                    \u003Cdiv class=\u0022teaser-content--kicker\u0022\u003E\n                    Geb\u00e4udek\u00fchlung\n        \u003C\/div\u003E\n                                              \n                        \n        \u003Ch4 class=\u0022teaser-content--headline\u0022\u003E\n                                Simulation f\u00fcr B\u00fcrogeb\u00e4ude: Was bringt eine \n                              \u003Cspan class=\u0022headline-last-word-arrow\u0022\u003ENachtausk\u00fchlung?                      \u003C\/span\u003E\n        \u003C\/h4\u003E\n            \u003Cdiv class=\u0022teaser-content--publishing-date\u0022\u003E\u003Ctime datetime=\u00222022-08-02T08:45:23Z\u0022\u003E02.08.2022\u003C\/time\u003E\n\u003C\/div\u003E\u003Cspan class=\u0022teaser-content--publishing-date-divider\u0022\u003E - \u003C\/span\u003E\u003Cdiv class=\u0022teaser-content--body\u0022\u003E\u003Cp\u003EDie Simulation der Nachtausk\u00fchlung f\u00fcr ein B\u00fcrogeb\u00e4ude belegt die Effizienz der nat\u00fcrlichen Geb\u00e4udeklimatisierung \u2013 vom Passivhaus bis zu Bestandsgeb\u00e4uden.\u003C\/p\u003E\n\u003C\/div\u003E\n                        \u003Cspan class=\u0022read-more-arrow-container\u0022\u003E\n            \u003Cspan class=\u0022read-more-angled-arrow\u0022\u003E \u003C\/span\u003E\n          \u003C\/span\u003E\n                  \u003C\/div\u003E\n    \u003C\/a\u003E\n\u003Ca href=\u0022\/raumlufttechnik\/aerosol-konzentration-rlt-anlagen-sicherer-als-die-fensterlueftung\u0022  class=\u0022teaser teaser--standard\u0022 aria-label=\u0022RLT-Anlagen: Sicherer als die Fensterl\u00fcftung\u0022\u003E\n      \u003Cdiv class=\u0022teaser-content--image\u0022\u003E\n        \u003Cfigure class=\u0022image--figure\u0022\u003E\n        \u003Cpicture\u003E\n                        \u003Csource srcset=\u0022\/sites\/default\/files\/styles\/teaser_standard__m\/public\/aurora\/2021\/12\/153385.jpeg.webp?itok=nRaMQXFG 1x\u0022 media=\u0022(min-width: 48.0625em) and (max-width: 64em)\u0022 type=\u0022image\/webp\u0022 width=\u0022323\u0022 height=\u0022215\u0022\/\u003E\n                  \u003Csource srcset=\u0022\/sites\/default\/files\/styles\/teaser_standard__l\/public\/aurora\/2021\/12\/153385.jpeg.webp?itok=zpbRtCgR 1x\u0022 media=\u0022(min-width: 64.0625em)\u0022 type=\u0022image\/webp\u0022 width=\u0022203\u0022 height=\u0022135\u0022\/\u003E\n                  \u003Csource srcset=\u0022\/sites\/default\/files\/styles\/teaser_standard__m\/public\/aurora\/2021\/12\/153385.jpeg?itok=pyRHrP7j 1x\u0022 media=\u0022(min-width: 48.0625em) and (max-width: 64em)\u0022 type=\u0022image\/jpeg\u0022 width=\u0022323\u0022 height=\u0022215\u0022\/\u003E\n                  \u003Csource srcset=\u0022\/sites\/default\/files\/styles\/teaser_standard__l\/public\/aurora\/2021\/12\/153385.jpeg?itok=5uXELYH2 1x\u0022 media=\u0022(min-width: 64.0625em)\u0022 type=\u0022image\/jpeg\u0022 width=\u0022203\u0022 height=\u0022135\u0022\/\u003E\n                          \u003Cimg alt=\u0022Bild 1\u2002In Kassel wurden im Sommer 2021 in 120 R\u00e4umen von 13 Schulen und drei Kindertagesst\u00e4tten die dezentralen Comfort-Gro\u00dfraum-L\u00fcftungsger\u00e4te CGL von Wolf installiert.\u0022 loading=\u0022eager\u0022 data-caption-hide width=\u0022597\u0022 height=\u0022398\u0022 data-zoomed=\u0022https:\/\/www.tga-fachplaner.de\/sites\/default\/files\/styles\/content__zoomed\/public\/aurora\/2021\/12\/153385.jpeg?itok=miLOm_Vm\u0022 src=\u0022\/sites\/default\/files\/styles\/teaser_standard__s\/public\/aurora\/2021\/12\/153385.jpeg?itok=ui13B2vl\u0022 title=\u0022\u00a9 Wolf \/ Jens Distelberg\n\u0022 \/\u003E\n\n    \u003C\/picture\u003E\n      \u003Cfigcaption class=\u0022image--figcaption\u0022\u003E\n          \u003Cdiv class=\u0022copyright\u0022\u003EWolf \/ Jens Distelberg\n\u003C\/div\u003E\n          \u003C\/figcaption\u003E\n\u003C\/figure\u003E\n\n\n    \u003C\/div\u003E\n    \u003Cdiv class=\u0022teaser-content\u0022\u003E\n                    \u003Cdiv class=\u0022teaser-content--kicker\u0022\u003E\n                    Aerosol-Konzentration\n        \u003C\/div\u003E\n                                              \n                        \n        \u003Ch4 class=\u0022teaser-content--headline\u0022\u003E\n                                RLT-Anlagen: Sicherer als die \n                              \u003Cspan class=\u0022headline-last-word-arrow\u0022\u003EFensterl\u00fcftung              \u003Cspan\n                  class=\u0022permission-lock permission-lock-icon--lock\u0022\u003E\u003C\/span\u003E\n                                  \u003C\/span\u003E\n        \u003C\/h4\u003E\n            \u003Cdiv class=\u0022teaser-content--publishing-date\u0022\u003E\u003Ctime datetime=\u00222021-12-03T08:39:50Z\u0022\u003E03.12.2021\u003C\/time\u003E\n\u003C\/div\u003E\u003Cspan class=\u0022teaser-content--publishing-date-divider\u0022\u003E - \u003C\/span\u003E\u003Cdiv class=\u0022teaser-content--body\u0022\u003E\u003Cp\u003ERLT-Anlagen (L\u00fcftungsanlagen) sch\u00fctzen zuverl\u00e4ssiger vor hohen Aerosol-Konzentrationen in Unterrichtsr\u00e4umen als die vom Wetter beeinflusste Fensterl\u00fcftung.\u003C\/p\u003E\n\u003C\/div\u003E\n                        \u003Cspan class=\u0022read-more-arrow-container\u0022\u003E\n            \u003Cspan class=\u0022read-more-angled-arrow\u0022\u003E \u003C\/span\u003E\n          \u003C\/span\u003E\n                  \u003C\/div\u003E\n    \u003C\/a\u003E\n\u003Ca href=\u0022\/raumlufttechnik\/schullueftung-schichtlueftung-fuer-klassenraeume\u0022  class=\u0022teaser teaser--standard\u0022 aria-label=\u0022Schichtl\u00fcftung f\u00fcr Klassenr\u00e4ume\u0022\u003E\n      \u003Cdiv class=\u0022teaser-content--image\u0022\u003E\n        \u003Cfigure class=\u0022image--figure\u0022\u003E\n        \u003Cpicture\u003E\n                        \u003Csource srcset=\u0022\/sites\/default\/files\/styles\/teaser_standard__m\/public\/aurora\/2021\/09\/140763.jpeg.webp?itok=Ezds5Tix 1x\u0022 media=\u0022(min-width: 48.0625em) and (max-width: 64em)\u0022 type=\u0022image\/webp\u0022 width=\u0022323\u0022 height=\u0022215\u0022\/\u003E\n                  \u003Csource srcset=\u0022\/sites\/default\/files\/styles\/teaser_standard__l\/public\/aurora\/2021\/09\/140763.jpeg.webp?itok=OgKo2qYL 1x\u0022 media=\u0022(min-width: 64.0625em)\u0022 type=\u0022image\/webp\u0022 width=\u0022203\u0022 height=\u0022135\u0022\/\u003E\n                  \u003Csource srcset=\u0022\/sites\/default\/files\/styles\/teaser_standard__m\/public\/aurora\/2021\/09\/140763.jpeg?itok=Fu-z4bvt 1x\u0022 media=\u0022(min-width: 48.0625em) and (max-width: 64em)\u0022 type=\u0022image\/jpeg\u0022 width=\u0022323\u0022 height=\u0022215\u0022\/\u003E\n                  \u003Csource srcset=\u0022\/sites\/default\/files\/styles\/teaser_standard__l\/public\/aurora\/2021\/09\/140763.jpeg?itok=KiWQUfp8 1x\u0022 media=\u0022(min-width: 64.0625em)\u0022 type=\u0022image\/jpeg\u0022 width=\u0022203\u0022 height=\u0022135\u0022\/\u003E\n                          \u003Cimg alt=\u0022Bild 1\u2002Mischl\u00fcftungssysteme verteilen Viren im Raum (links). Schichtl\u00fcftungssysteme transportieren luftgetragene Viren und andere Krankheitserreger auf k\u00fcrzestem Weg aus dem Aufenthaltsbereich und nach au\u00dfen.\u0022 loading=\u0022eager\u0022 data-caption-hide width=\u0022597\u0022 height=\u0022398\u0022 data-zoomed=\u0022https:\/\/www.tga-fachplaner.de\/sites\/default\/files\/styles\/content__zoomed\/public\/aurora\/2021\/09\/140763.jpeg?itok=eG8FrNB_\u0022 src=\u0022\/sites\/default\/files\/styles\/teaser_standard__s\/public\/aurora\/2021\/09\/140763.jpeg?itok=HBcXSSGm\u0022 title=\u0022\u00a9 Weiss Technik GmbH\n\u0022 \/\u003E\n\n    \u003C\/picture\u003E\n      \u003Cfigcaption class=\u0022image--figcaption\u0022\u003E\n          \u003Cdiv class=\u0022copyright\u0022\u003EWeiss Technik GmbH\n\u003C\/div\u003E\n          \u003C\/figcaption\u003E\n\u003C\/figure\u003E\n\n\n    \u003C\/div\u003E\n    \u003Cdiv class=\u0022teaser-content\u0022\u003E\n                    \u003Cdiv class=\u0022teaser-content--kicker\u0022\u003E\n                    Schull\u00fcftung\n        \u003C\/div\u003E\n                                              \n                        \n        \u003Ch4 class=\u0022teaser-content--headline\u0022\u003E\n                                Schichtl\u00fcftung f\u00fcr \n                              \u003Cspan class=\u0022headline-last-word-arrow\u0022\u003EKlassenr\u00e4ume                      \u003C\/span\u003E\n        \u003C\/h4\u003E\n            \u003Cdiv class=\u0022teaser-content--publishing-date\u0022\u003E\u003Ctime datetime=\u00222021-09-25T08:11:47Z\u0022\u003E25.09.2021\u003C\/time\u003E\n\u003C\/div\u003E\u003Cspan class=\u0022teaser-content--publishing-date-divider\u0022\u003E - \u003C\/span\u003E\u003Cdiv class=\u0022teaser-content--body\u0022\u003E\u003Cp\u003EGegen\u00fcber einem Mischl\u00fcftungssystem kann ein Schichtl\u00fcftungssystem die potenzielle Virenlast im Aufenthaltsbereich von Klassenr\u00e4umen signifikant senken.\u003C\/p\u003E\n\u003C\/div\u003E\n                        \u003Cspan class=\u0022read-more-arrow-container\u0022\u003E\n            \u003Cspan class=\u0022read-more-angled-arrow\u0022\u003E \u003C\/span\u003E\n          \u003C\/span\u003E\n                  \u003C\/div\u003E\n    \u003C\/a\u003E\n\u003Ca href=\u0022\/raumlufttechnik\/uv-c-umluftgeraete-virus-inaktivierung-so-toetet-uv-c-entkeimung-corona-viren-ab\u0022  class=\u0022teaser teaser--standard\u0022 aria-label=\u0022Virus-Inaktivierung: So t\u00f6tet UV-C-Entkeimung Corona-Viren ab\u0022\u003E\n      \u003Cdiv class=\u0022teaser-content--image\u0022\u003E\n        \u003Cfigure class=\u0022image--figure\u0022\u003E\n        \u003Cpicture\u003E\n                        \u003Csource srcset=\u0022\/sites\/default\/files\/styles\/teaser_standard__m\/public\/aurora\/2020\/12\/82912.jpeg.webp?itok=2tT__pjD 1x\u0022 media=\u0022(min-width: 48.0625em) and (max-width: 64em)\u0022 type=\u0022image\/webp\u0022 width=\u0022323\u0022 height=\u0022215\u0022\/\u003E\n                  \u003Csource srcset=\u0022\/sites\/default\/files\/styles\/teaser_standard__l\/public\/aurora\/2020\/12\/82912.jpeg.webp?itok=RQbYXa97 1x\u0022 media=\u0022(min-width: 64.0625em)\u0022 type=\u0022image\/webp\u0022 width=\u0022203\u0022 height=\u0022135\u0022\/\u003E\n                  \u003Csource srcset=\u0022\/sites\/default\/files\/styles\/teaser_standard__m\/public\/aurora\/2020\/12\/82912.jpeg?itok=jFwPRueb 1x\u0022 media=\u0022(min-width: 48.0625em) and (max-width: 64em)\u0022 type=\u0022image\/jpeg\u0022 width=\u0022323\u0022 height=\u0022215\u0022\/\u003E\n                  \u003Csource srcset=\u0022\/sites\/default\/files\/styles\/teaser_standard__l\/public\/aurora\/2020\/12\/82912.jpeg?itok=nZkz0oZM 1x\u0022 media=\u0022(min-width: 64.0625em)\u0022 type=\u0022image\/jpeg\u0022 width=\u0022203\u0022 height=\u0022135\u0022\/\u003E\n                          \u003Cimg alt=\u0022Bild 1\u2002Im Inneren des UV-C-Entkeimungsger\u00e4ts von LTG sorgt eine Verspiegelung f\u00fcr eine wirksame Bestrahlung von allen Seiten.\u0022 loading=\u0022eager\u0022 data-caption-hide width=\u0022597\u0022 height=\u0022398\u0022 data-zoomed=\u0022https:\/\/www.tga-fachplaner.de\/sites\/default\/files\/styles\/content__zoomed\/public\/aurora\/2020\/12\/82912.jpeg?itok=scPgxexI\u0022 src=\u0022\/sites\/default\/files\/styles\/teaser_standard__s\/public\/aurora\/2020\/12\/82912.jpeg?itok=6ZmSupnG\u0022 title=\u0022\u00a9 LTG\n\u0022 \/\u003E\n\n    \u003C\/picture\u003E\n      \u003Cfigcaption class=\u0022image--figcaption\u0022\u003E\n          \u003Cdiv class=\u0022copyright\u0022\u003ELTG\n\u003C\/div\u003E\n          \u003C\/figcaption\u003E\n\u003C\/figure\u003E\n\n\n    \u003C\/div\u003E\n    \u003Cdiv class=\u0022teaser-content\u0022\u003E\n                    \u003Cdiv class=\u0022teaser-content--kicker\u0022\u003E\n                    UV-C-Umluftger\u00e4te\n        \u003C\/div\u003E\n                                              \n                        \n        \u003Ch4 class=\u0022teaser-content--headline\u0022\u003E\n                                Virus-Inaktivierung: So t\u00f6tet UV-C-Entkeimung Corona-Viren \n                              \u003Cspan class=\u0022headline-last-word-arrow\u0022\u003Eab                      \u003C\/span\u003E\n        \u003C\/h4\u003E\n            \u003Cdiv class=\u0022teaser-content--publishing-date\u0022\u003E\u003Ctime datetime=\u00222021-07-06T09:00:02Z\u0022\u003E06.07.2021\u003C\/time\u003E\n\u003C\/div\u003E\u003Cspan class=\u0022teaser-content--publishing-date-divider\u0022\u003E - \u003C\/span\u003E\u003Cdiv class=\u0022teaser-content--body\u0022\u003E\u003Cp\u003EEine leistungsf\u00e4hige UV-C-Entkeimung t\u00f6tet Corona-Viren zu 99,99\u0026nbsp;% ab.\u0026nbsp;UV-C-Umluftger\u00e4te k\u00f6nnen so in sensiblen Bereichen die Frischluftzufuhr erg\u00e4nzen.\u003C\/p\u003E\n\u003C\/div\u003E\n                        \u003Cspan class=\u0022read-more-arrow-container\u0022\u003E\n            \u003Cspan class=\u0022read-more-angled-arrow\u0022\u003E \u003C\/span\u003E\n          \u003C\/span\u003E\n                  \u003C\/div\u003E\n    \u003C\/a\u003E\n\u003Ca href=\u0022\/raumlufttechnik\/studie-wolf-tu-berlin-studienergebnis-geballt-aerosole-im-klassenraum-trotz\u0022  class=\u0022teaser teaser--standard\u0022 aria-label=\u0022Studienergebnis: Geballt Aerosole im Klassenraum trotz Fensterl\u00fcftung\u0022\u003E\n      \u003Cdiv class=\u0022teaser-content--image\u0022\u003E\n        \u003Cfigure class=\u0022image--figure\u0022\u003E\n        \u003Cpicture\u003E\n                        \u003Csource srcset=\u0022\/sites\/default\/files\/styles\/teaser_standard__m\/public\/aurora\/2020\/09\/63716.jpeg.webp?itok=lzANq8-v 1x\u0022 media=\u0022(min-width: 48.0625em) and (max-width: 64em)\u0022 type=\u0022image\/webp\u0022 width=\u0022323\u0022 height=\u0022212\u0022\/\u003E\n                  \u003Csource srcset=\u0022\/sites\/default\/files\/styles\/teaser_standard__l\/public\/aurora\/2020\/09\/63716.jpeg.webp?itok=wmMgFdNP 1x\u0022 media=\u0022(min-width: 64.0625em)\u0022 type=\u0022image\/webp\u0022 width=\u0022203\u0022 height=\u0022133\u0022\/\u003E\n                  \u003Csource srcset=\u0022\/sites\/default\/files\/styles\/teaser_standard__m\/public\/aurora\/2020\/09\/63716.jpeg?itok=fGcobhiY 1x\u0022 media=\u0022(min-width: 48.0625em) and (max-width: 64em)\u0022 type=\u0022image\/jpeg\u0022 width=\u0022323\u0022 height=\u0022212\u0022\/\u003E\n                  \u003Csource srcset=\u0022\/sites\/default\/files\/styles\/teaser_standard__l\/public\/aurora\/2020\/09\/63716.jpeg?itok=nQzXgl0w 1x\u0022 media=\u0022(min-width: 64.0625em)\u0022 type=\u0022image\/jpeg\u0022 width=\u0022203\u0022 height=\u0022133\u0022\/\u003E\n                          \u003Cimg alt=\u0022Partikelkonzentration im Klassenzimmer: Entwicklung der Partikelkonzentration einer infizierten Person (1. Reihe, an der Wand sitzend) w\u00e4hrend einer Unterrichtsstunde. Einfluss L\u00fcftungsger\u00e4t im \u00adVergleich zur Fensterl\u00fcftung.\u0022 loading=\u0022eager\u0022 data-caption-hide width=\u0022606\u0022 height=\u0022398\u0022 data-zoomed=\u0022https:\/\/www.tga-fachplaner.de\/sites\/default\/files\/styles\/content__zoomed\/public\/aurora\/2020\/09\/63716.jpeg?itok=5T4V2wZC\u0022 src=\u0022\/sites\/default\/files\/styles\/teaser_standard__s\/public\/aurora\/2020\/09\/63716.jpeg?itok=4tz24wjP\u0022 title=\u0022\u00a9 Bild: Wolf GmbH\n\u0022 \/\u003E\n\n    \u003C\/picture\u003E\n      \u003Cfigcaption class=\u0022image--figcaption\u0022\u003E\n          \u003Cdiv class=\u0022copyright\u0022\u003EBild: Wolf GmbH\n\u003C\/div\u003E\n          \u003C\/figcaption\u003E\n\u003C\/figure\u003E\n\n\n    \u003C\/div\u003E\n    \u003Cdiv class=\u0022teaser-content\u0022\u003E\n                    \u003Cdiv class=\u0022teaser-content--kicker\u0022\u003E\n                    Studie Wolf\/TU Berlin\n        \u003C\/div\u003E\n                                              \n                        \n        \u003Ch4 class=\u0022teaser-content--headline\u0022\u003E\n                                Studienergebnis: Geballt Aerosole im Klassenraum trotz \n                              \u003Cspan class=\u0022headline-last-word-arrow\u0022\u003EFensterl\u00fcftung                      \u003C\/span\u003E\n        \u003C\/h4\u003E\n            \u003Cdiv class=\u0022teaser-content--publishing-date\u0022\u003E\u003Ctime datetime=\u00222021-02-03T08:00:08Z\u0022\u003E03.02.2021\u003C\/time\u003E\n\u003C\/div\u003E\u003Cspan class=\u0022teaser-content--publishing-date-divider\u0022\u003E - \u003C\/span\u003E\u003Cdiv class=\u0022teaser-content--body\u0022\u003E\u003Cp\u003EMit welchen l\u00fcftungstechnischen Ma\u00dfnahmen kann die Aerosolkonzentration und damit das Ansteckungsrisiko minimiert werden?\u0026nbsp;\u003C\/p\u003E\n\u003C\/div\u003E\n                        \u003Cspan class=\u0022read-more-arrow-container\u0022\u003E\n            \u003Cspan class=\u0022read-more-angled-arrow\u0022\u003E \u003C\/span\u003E\n          \u003C\/span\u003E\n                  \u003C\/div\u003E\n    \u003C\/a\u003E\n\u003Ca href=\u0022\/meldungen\/raumlufttechnik-dlr-lueftungssysteme-sind-besser-als-offene-fenster\u0022  class=\u0022teaser teaser--standard\u0022 aria-label=\u0022DLR: \u201eL\u00fcftungssysteme sind besser als offene Fenster\u201c\u0022\u003E\n      \u003Cdiv class=\u0022teaser-content--image\u0022\u003E\n        \u003Cfigure class=\u0022image--figure\u0022\u003E\n        \u003Cpicture\u003E\n                        \u003Csource srcset=\u0022\/sites\/default\/files\/styles\/teaser_standard__m\/public\/aurora\/2020\/11\/72927.jpeg.webp?itok=-fY1X1TA 1x\u0022 media=\u0022(min-width: 48.0625em) and (max-width: 64em)\u0022 type=\u0022image\/webp\u0022 width=\u0022323\u0022 height=\u0022197\u0022\/\u003E\n                  \u003Csource srcset=\u0022\/sites\/default\/files\/styles\/teaser_standard__l\/public\/aurora\/2020\/11\/72927.jpeg.webp?itok=wRB4_J5a 1x\u0022 media=\u0022(min-width: 64.0625em)\u0022 type=\u0022image\/webp\u0022 width=\u0022203\u0022 height=\u0022124\u0022\/\u003E\n                  \u003Csource srcset=\u0022\/sites\/default\/files\/styles\/teaser_standard__m\/public\/aurora\/2020\/11\/72927.jpeg?itok=wTebTIz8 1x\u0022 media=\u0022(min-width: 48.0625em) and (max-width: 64em)\u0022 type=\u0022image\/jpeg\u0022 width=\u0022323\u0022 height=\u0022197\u0022\/\u003E\n                  \u003Csource srcset=\u0022\/sites\/default\/files\/styles\/teaser_standard__l\/public\/aurora\/2020\/11\/72927.jpeg?itok=t08T4Q6J 1x\u0022 media=\u0022(min-width: 64.0625em)\u0022 type=\u0022image\/jpeg\u0022 width=\u0022203\u0022 height=\u0022124\u0022\/\u003E\n                          \u003Cimg alt=\u0022Blick in Testraum im DLR G\u00f6ttingen mit Dummies.\u0022 loading=\u0022eager\u0022 data-caption-hide width=\u0022654\u0022 height=\u0022398\u0022 data-zoomed=\u0022https:\/\/www.tga-fachplaner.de\/sites\/default\/files\/styles\/content__zoomed\/public\/aurora\/2020\/11\/72927.jpeg?itok=mbwlrfoF\u0022 src=\u0022\/sites\/default\/files\/styles\/teaser_standard__s\/public\/aurora\/2020\/11\/72927.jpeg?itok=dMq9PV3H\u0022 title=\u0022\u00a9 DLR \/ www.dlr.de\n\u0022 \/\u003E\n\n    \u003C\/picture\u003E\n      \u003Cfigcaption class=\u0022image--figcaption\u0022\u003E\n          \u003Cdiv class=\u0022copyright\u0022\u003EDLR \/ www.dlr.de\n\u003C\/div\u003E\n          \u003C\/figcaption\u003E\n\u003C\/figure\u003E\n\n\n    \u003C\/div\u003E\n    \u003Cdiv class=\u0022teaser-content\u0022\u003E\n                    \u003Cdiv class=\u0022teaser-content--kicker\u0022\u003E\n                    Raumlufttechnik\n        \u003C\/div\u003E\n                                              \n                        \n        \u003Ch4 class=\u0022teaser-content--headline\u0022\u003E\n                                DLR: \u201eL\u00fcftungssysteme sind besser als offene \n                              \u003Cspan class=\u0022headline-last-word-arrow\u0022\u003EFenster\u201c                      \u003C\/span\u003E\n        \u003C\/h4\u003E\n            \u003Cdiv class=\u0022teaser-content--publishing-date\u0022\u003E\u003Ctime datetime=\u00222020-11-04T23:48:05Z\u0022\u003E05.11.2020\u003C\/time\u003E\n\u003C\/div\u003E\u003Cspan class=\u0022teaser-content--publishing-date-divider\u0022\u003E - \u003C\/span\u003E\u003Cdiv class=\u0022teaser-content--body\u0022\u003E\u003Cp\u003EDas Deutsche Zentrum f\u00fcr Luft- und Raumfahrt (DLR) hat ein Bel\u00fcftungskonzept f\u00fcr Klassenzimmer untersucht. Die Tester: Es ist besser als Fensterl\u00fcftung.\u003C\/p\u003E\n\u003C\/div\u003E\n                        \u003Cspan class=\u0022read-more-arrow-container\u0022\u003E\n            \u003Cspan class=\u0022read-more-angled-arrow\u0022\u003E \u003C\/span\u003E\n          \u003C\/span\u003E\n                  \u003C\/div\u003E\n    \u003C\/a\u003E\n\u003Ca href=\u0022\/raumlufttechnik\/arwus-luftschottanlagen-mit-konkret-definierter-abschottungswirkung\u0022  class=\u0022teaser teaser--standard\u0022 aria-label=\u0022Mit konkret definierter Abschottungswirkung\u0022\u003E\n      \u003Cdiv class=\u0022teaser-content--image\u0022\u003E\n        \u003Cfigure class=\u0022image--figure\u0022\u003E\n        \u003Cpicture\u003E\n                        \u003Csource srcset=\u0022\/sites\/default\/files\/styles\/teaser_standard__m\/public\/ulmer\/de-tga\/image\/binarydata_original_772335.jpg.webp?itok=3Ft0wqLS 1x\u0022 media=\u0022(min-width: 48.0625em) and (max-width: 64em)\u0022 type=\u0022image\/webp\u0022 width=\u0022323\u0022 height=\u0022203\u0022\/\u003E\n                  \u003Csource srcset=\u0022\/sites\/default\/files\/styles\/teaser_standard__l\/public\/ulmer\/de-tga\/image\/binarydata_original_772335.jpg.webp?itok=FiRlnzsL 1x\u0022 media=\u0022(min-width: 64.0625em)\u0022 type=\u0022image\/webp\u0022 width=\u0022203\u0022 height=\u0022127\u0022\/\u003E\n                  \u003Csource srcset=\u0022\/sites\/default\/files\/styles\/teaser_standard__m\/public\/ulmer\/de-tga\/image\/binarydata_original_772335.jpg?itok=N_nOHjNM 1x\u0022 media=\u0022(min-width: 48.0625em) and (max-width: 64em)\u0022 type=\u0022image\/jpeg\u0022 width=\u0022323\u0022 height=\u0022203\u0022\/\u003E\n                  \u003Csource srcset=\u0022\/sites\/default\/files\/styles\/teaser_standard__l\/public\/ulmer\/de-tga\/image\/binarydata_original_772335.jpg?itok=B9iC5dfj 1x\u0022 media=\u0022(min-width: 64.0625em)\u0022 type=\u0022image\/jpeg\u0022 width=\u0022203\u0022 height=\u0022127\u0022\/\u003E\n                          \u003Cimg alt=\u0022\n1\n\u2002arwus-Luftschottanlage am Durchgang zu einem K\u00fchllager. Durch die hohe Abschottungswirkung erm\u00f6glichen die Anlagen neben der Trennung verschieden temperierter Bereiche auch die Abgrenzung von Bereichen mit unterschiedlichen Luftqualit\u00e4ten. \n\n\n\n\u0022 loading=\u0022eager\u0022 data-caption-hide width=\u0022635\u0022 height=\u0022398\u0022 data-zoomed=\u0022https:\/\/www.tga-fachplaner.de\/sites\/default\/files\/styles\/content__zoomed\/public\/ulmer\/de-tga\/image\/binarydata_original_772335.jpg?itok=ZLUGEpAT\u0022 src=\u0022\/sites\/default\/files\/styles\/teaser_standard__s\/public\/ulmer\/de-tga\/image\/binarydata_original_772335.jpg?itok=YSDD5JzG\u0022 title=\u0022\u00a9 arwus\n\n\u0022 \/\u003E\n\n    \u003C\/picture\u003E\n      \u003Cfigcaption class=\u0022image--figcaption\u0022\u003E\n          \u003Cdiv class=\u0022copyright\u0022\u003Earwus\n\n\u003C\/div\u003E\n          \u003C\/figcaption\u003E\n\u003C\/figure\u003E\n\n\n    \u003C\/div\u003E\n    \u003Cdiv class=\u0022teaser-content\u0022\u003E\n                    \u003Cdiv class=\u0022teaser-content--kicker\u0022\u003E\n                    arwus-Luftschottanlagen\n        \u003C\/div\u003E\n                                              \n                        \n        \u003Ch4 class=\u0022teaser-content--headline\u0022\u003E\n                                Mit konkret definierter \n                              \u003Cspan class=\u0022headline-last-word-arrow\u0022\u003EAbschottungswirkung              \u003Cspan\n                  class=\u0022permission-lock permission-lock-icon--lock\u0022\u003E\u003C\/span\u003E\n                                  \u003C\/span\u003E\n        \u003C\/h4\u003E\n            \u003Cdiv class=\u0022teaser-content--publishing-date\u0022\u003E\u003Ctime datetime=\u00222017-06-27T13:16:03Z\u0022\u003E27.06.2017\u003C\/time\u003E\n\u003C\/div\u003E\u003Cspan class=\u0022teaser-content--publishing-date-divider\u0022\u003E - \u003C\/span\u003E\u003Cdiv class=\u0022teaser-content--body\u0022\u003E\u003Cp\u003E1991 begann der Vorl\u00e4ufer von arwus, als Ingenieurbetrieb f\u00fcr klimatechnisches Engineering, die Entwicklung und Fertigung hochwertiger Luftschottanlagen als Alternative zur herk\u00f6mmlichen Luftschleiertechnik. Heute pr\u00e4sentiert sich das in Chemnitz ans\u00e4ssige Unternehmen als Marktf\u00fchrer im Bereich Luftschotttechnik. Die TGA-Redaktion sprach mit Germo Ritzmann, gesch\u00e4ftsf\u00fchrender Gesellschafter der arwus GmbH, \u00fcber die Technik, ihre Vorteile und ihre Potenziale. \u003C\/p\u003E\n\u003C\/div\u003E\n                        \u003Cspan class=\u0022read-more-arrow-container\u0022\u003E\n            \u003Cspan class=\u0022read-more-angled-arrow\u0022\u003E \u003C\/span\u003E\n          \u003C\/span\u003E\n                  \u003C\/div\u003E\n    \u003C\/a\u003E\n\u003Ca href=\u0022\/raumlufttechnik\/bedarfsgefuehrte-lueftung-mehr-komfort-mit-weniger-energie\u0022  class=\u0022teaser teaser--standard\u0022 aria-label=\u0022Mehr Komfort mit weniger Energie\u0022\u003E\n      \u003Cdiv class=\u0022teaser-content--image\u0022\u003E\n              \u003Cpicture\u003E\n                        \u003Csource srcset=\u0022\/sites\/default\/files\/styles\/teaser_standard__m\/public\/ulmer\/de-tga\/image\/binarydata_original_750106.jpg.webp?itok=-755hv1z 1x\u0022 media=\u0022(min-width: 48.0625em) and (max-width: 64em)\u0022 type=\u0022image\/webp\u0022 width=\u002211\u0022 height=\u002219\u0022\/\u003E\n                  \u003Csource srcset=\u0022\/sites\/default\/files\/styles\/teaser_standard__l\/public\/ulmer\/de-tga\/image\/binarydata_original_750106.jpg.webp?itok=Uq_8rbWI 1x\u0022 media=\u0022(min-width: 64.0625em)\u0022 type=\u0022image\/webp\u0022 width=\u002211\u0022 height=\u002219\u0022\/\u003E\n                  \u003Csource srcset=\u0022\/sites\/default\/files\/styles\/teaser_standard__m\/public\/ulmer\/de-tga\/image\/binarydata_original_750106.jpg?itok=n6fwVsLf 1x\u0022 media=\u0022(min-width: 48.0625em) and (max-width: 64em)\u0022 type=\u0022image\/jpeg\u0022 width=\u002211\u0022 height=\u002219\u0022\/\u003E\n                  \u003Csource srcset=\u0022\/sites\/default\/files\/styles\/teaser_standard__l\/public\/ulmer\/de-tga\/image\/binarydata_original_750106.jpg?itok=evMeJU9l 1x\u0022 media=\u0022(min-width: 64.0625em)\u0022 type=\u0022image\/jpeg\u0022 width=\u002211\u0022 height=\u002219\u0022\/\u003E\n                          \u003Cimg loading=\u0022eager\u0022 data-caption-hide width=\u002211\u0022 height=\u002219\u0022 data-zoomed=\u0022https:\/\/www.tga-fachplaner.de\/sites\/default\/files\/styles\/content__zoomed\/public\/ulmer\/de-tga\/image\/binarydata_original_750106.jpg?itok=WqIYyU5Z\u0022 src=\u0022\/sites\/default\/files\/styles\/teaser_standard__s\/public\/ulmer\/de-tga\/image\/binarydata_original_750106.jpg?itok=qqfEOiOO\u0022 \/\u003E\n\n    \u003C\/picture\u003E\n    \n\n    \u003C\/div\u003E\n    \u003Cdiv class=\u0022teaser-content\u0022\u003E\n                    \u003Cdiv class=\u0022teaser-content--kicker\u0022\u003E\n                    Bedarfsgef\u00fchrte L\u00fcftung\n        \u003C\/div\u003E\n                                              \n                        \n        \u003Ch4 class=\u0022teaser-content--headline\u0022\u003E\n                                Mehr Komfort mit weniger \n                              \u003Cspan class=\u0022headline-last-word-arrow\u0022\u003EEnergie                      \u003C\/span\u003E\n        \u003C\/h4\u003E\n            \u003Cdiv class=\u0022teaser-content--publishing-date\u0022\u003E\u003Ctime datetime=\u00222017-01-31T12:15:06Z\u0022\u003E31.01.2017\u003C\/time\u003E\n\u003C\/div\u003E\u003Cspan class=\u0022teaser-content--publishing-date-divider\u0022\u003E - \u003C\/span\u003E\u003Cdiv class=\u0022teaser-content--body\u0022\u003E\u003Cp\u003EWer eine konventionelle Bestandsl\u00fcftung auf bedarfsgef\u00fchrte Regelung umstellt, kann den Energieverbrauch der Anlage massiv senken. In den meisten F\u00e4llen sparen die Betreiber \u00fcber 50\u2004% der Stromkosten f\u00fcr den Ventilatorantrieb. L\u00fcftungskonzepte mit ungerichteter Str\u00f6mung erm\u00f6glichen weitere Einsparungen, gleichzeitig profitieren die Geb\u00e4udenutzer durch einen Komfortgewinn.\u003C\/p\u003E\n\u003C\/div\u003E\n                        \u003Cspan class=\u0022read-more-arrow-container\u0022\u003E\n            \u003Cspan class=\u0022read-more-angled-arrow\u0022\u003E \u003C\/span\u003E\n          \u003C\/span\u003E\n                  \u003C\/div\u003E\n    \u003C\/a\u003E\n\u003Ca href=\u0022\/raumlufttechnik\/energetische-bewertung-behaglichkeit-besser-als-gedacht-warmluftheizungen\u0022  class=\u0022teaser teaser--standard\u0022 aria-label=\u0022Besser als gedacht: Warmluftheizungen\u0022\u003E\n      \u003Cdiv class=\u0022teaser-content--image\u0022\u003E\n        \u003Cfigure class=\u0022image--figure\u0022\u003E\n        \u003Cpicture\u003E\n                        \u003Csource srcset=\u0022\/sites\/default\/files\/styles\/teaser_standard__m\/public\/ulmer\/de-tga\/image\/binarydata_original_596225.jpg.webp?itok=bf2TzfHc 1x\u0022 media=\u0022(min-width: 48.0625em) and (max-width: 64em)\u0022 type=\u0022image\/webp\u0022 width=\u0022323\u0022 height=\u0022189\u0022\/\u003E\n                  \u003Csource srcset=\u0022\/sites\/default\/files\/styles\/teaser_standard__l\/public\/ulmer\/de-tga\/image\/binarydata_original_596225.jpg.webp?itok=87kid_Bd 1x\u0022 media=\u0022(min-width: 64.0625em)\u0022 type=\u0022image\/webp\u0022 width=\u0022203\u0022 height=\u0022119\u0022\/\u003E\n                  \u003Csource srcset=\u0022\/sites\/default\/files\/styles\/teaser_standard__m\/public\/ulmer\/de-tga\/image\/binarydata_original_596225.jpg?itok=2HHNITsc 1x\u0022 media=\u0022(min-width: 48.0625em) and (max-width: 64em)\u0022 type=\u0022image\/jpeg\u0022 width=\u0022323\u0022 height=\u0022189\u0022\/\u003E\n                  \u003Csource srcset=\u0022\/sites\/default\/files\/styles\/teaser_standard__l\/public\/ulmer\/de-tga\/image\/binarydata_original_596225.jpg?itok=ZMU29vPP 1x\u0022 media=\u0022(min-width: 64.0625em)\u0022 type=\u0022image\/jpeg\u0022 width=\u0022203\u0022 height=\u0022119\u0022\/\u003E\n                          \u003Cimg loading=\u0022eager\u0022 data-caption-hide width=\u0022680\u0022 height=\u0022398\u0022 alt=\u0022\n\n\n\n1\n\u2002Warmluftheizungen werden in der neuen DIN V 18\u2009599-5 physikalisch wesentlich genauer abgebildet. \n\u0022 data-zoomed=\u0022https:\/\/www.tga-fachplaner.de\/sites\/default\/files\/styles\/content__zoomed\/public\/ulmer\/de-tga\/image\/binarydata_original_596225.jpg?itok=SA4YPIKI\u0022 src=\u0022\/sites\/default\/files\/styles\/teaser_standard__s\/public\/ulmer\/de-tga\/image\/binarydata_original_596225.jpg?itok=PHku6klu\u0022 title=\u0022\u00a9 Bild: Wolf GmbH, Mainburg\n\n\u0022 \/\u003E\n\n    \u003C\/picture\u003E\n      \u003Cfigcaption class=\u0022image--figcaption\u0022\u003E\n          \u003Cdiv class=\u0022copyright\u0022\u003EBild: Wolf GmbH, Mainburg\n\n\u003C\/div\u003E\n          \u003C\/figcaption\u003E\n\u003C\/figure\u003E\n\n\n    \u003C\/div\u003E\n    \u003Cdiv class=\u0022teaser-content\u0022\u003E\n                    \u003Cdiv class=\u0022teaser-content--kicker\u0022\u003E\n                    Energetische Bewertung \/ Behaglichkeit\n        \u003C\/div\u003E\n                                              \n                        \n        \u003Ch4 class=\u0022teaser-content--headline\u0022\u003E\n                                Besser als gedacht: \n                              \u003Cspan class=\u0022headline-last-word-arrow\u0022\u003EWarmluftheizungen              \u003Cspan\n                  class=\u0022permission-lock permission-lock-icon--lock\u0022\u003E\u003C\/span\u003E\n                                  \u003C\/span\u003E\n        \u003C\/h4\u003E\n            \u003Cdiv class=\u0022teaser-content--publishing-date\u0022\u003E\u003Ctime datetime=\u00222014-07-02T07:29:49Z\u0022\u003E02.07.2014\u003C\/time\u003E\n\u003C\/div\u003E\u003Cspan class=\u0022teaser-content--publishing-date-divider\u0022\u003E - \u003C\/span\u003E\u003Cdiv class=\u0022teaser-content--body\u0022\u003E\u003Cp\u003EDie Planung von Heizungs- und L\u00fcftungsanlagen f\u00fcr gewerbliche und industrielle Hallengeb\u00e4ude gilt als anspruchsvoll. Eine besondere Herausforderung stellte bisher in vielen F\u00e4llen die Einhaltung energierechtlicher Vorschriften dar. Tatsache ist, dass den Strahlungsheizsystemen gegen\u00fcber Warmluftheizungen zum Teil signifikante energetische Vorteile bei der Nachweisf\u00fchrung einger\u00e4umt wurden. Durch mehrere von der figawa initiierte Forschungsarbeiten konnte jetzt mehr Klarheit f\u00fcr die energetische Bewertung von Hallenheizungen geschaffen werden. Ein wichtiges Ergebnis: Auch die bislang eher benachteiligten Luftheizungen k\u00f6nnen Hallen sowohl energieeffizient als auch f\u00fcr die Besch\u00e4ftigten behaglich beheizen.\u003C\/p\u003E\n\u003C\/div\u003E\n                        \u003Cspan class=\u0022read-more-arrow-container\u0022\u003E\n            \u003Cspan class=\u0022read-more-angled-arrow\u0022\u003E \u003C\/span\u003E\n          \u003C\/span\u003E\n                  \u003C\/div\u003E\n    \u003C\/a\u003E\n\u003Ca href=\u0022\/raumlufttechnik\/turbulenzarme-verdraengungsstroemung-bestes-klima-auf-den-punkt-gebracht\u0022  class=\u0022teaser teaser--standard\u0022 aria-label=\u0022Bestes Klima auf den Punkt gebracht\u0022\u003E\n      \u003Cdiv class=\u0022teaser-content--image\u0022\u003E\n        \u003Cfigure class=\u0022image--figure\u0022\u003E\n        \u003Cpicture\u003E\n                        \u003Csource srcset=\u0022\/sites\/default\/files\/styles\/teaser_standard__m\/public\/ulmer\/de-tga\/image\/binarydata_original_596204.jpg.webp?itok=TllFhVJa 1x\u0022 media=\u0022(min-width: 48.0625em) and (max-width: 64em)\u0022 type=\u0022image\/webp\u0022 width=\u0022323\u0022 height=\u0022200\u0022\/\u003E\n                  \u003Csource srcset=\u0022\/sites\/default\/files\/styles\/teaser_standard__l\/public\/ulmer\/de-tga\/image\/binarydata_original_596204.jpg.webp?itok=KiLj-Vcl 1x\u0022 media=\u0022(min-width: 64.0625em)\u0022 type=\u0022image\/webp\u0022 width=\u0022203\u0022 height=\u0022126\u0022\/\u003E\n                  \u003Csource srcset=\u0022\/sites\/default\/files\/styles\/teaser_standard__m\/public\/ulmer\/de-tga\/image\/binarydata_original_596204.jpg?itok=WYvAtGmt 1x\u0022 media=\u0022(min-width: 48.0625em) and (max-width: 64em)\u0022 type=\u0022image\/jpeg\u0022 width=\u0022323\u0022 height=\u0022200\u0022\/\u003E\n                  \u003Csource srcset=\u0022\/sites\/default\/files\/styles\/teaser_standard__l\/public\/ulmer\/de-tga\/image\/binarydata_original_596204.jpg?itok=vjR085yH 1x\u0022 media=\u0022(min-width: 64.0625em)\u0022 type=\u0022image\/jpeg\u0022 width=\u0022203\u0022 height=\u0022126\u0022\/\u003E\n                          \u003Cimg alt=\u0022\n\n\n\n1\n\u2002Bei Lackierprozessen ist eine gleichm\u00e4\u00dfige, laminare und induktionsarme Luftumsp\u00fclung des Bauteils zur Abf\u00fchrung von Schleifpartikeln, L\u00f6sungsmitteld\u00e4mpfen sowie des Oversprays in Bodenrichtung notwendig. \n\u0022 loading=\u0022eager\u0022 data-caption-hide width=\u0022642\u0022 height=\u0022398\u0022 data-zoomed=\u0022https:\/\/www.tga-fachplaner.de\/sites\/default\/files\/styles\/content__zoomed\/public\/ulmer\/de-tga\/image\/binarydata_original_596204.jpg?itok=F8qE-dyM\u0022 src=\u0022\/sites\/default\/files\/styles\/teaser_standard__s\/public\/ulmer\/de-tga\/image\/binarydata_original_596204.jpg?itok=VW4VBHs3\u0022 title=\u0022\u00a9 Bild: Emco Klima\n\n\u0022 \/\u003E\n\n    \u003C\/picture\u003E\n      \u003Cfigcaption class=\u0022image--figcaption\u0022\u003E\n          \u003Cdiv class=\u0022copyright\u0022\u003EBild: Emco Klima\n\n\u003C\/div\u003E\n          \u003C\/figcaption\u003E\n\u003C\/figure\u003E\n\n\n    \u003C\/div\u003E\n    \u003Cdiv class=\u0022teaser-content\u0022\u003E\n                    \u003Cdiv class=\u0022teaser-content--kicker\u0022\u003E\n                    Turbulenzarme Verdr\u00e4ngungsstr\u00f6mung\n        \u003C\/div\u003E\n                                              \n                        \n        \u003Ch4 class=\u0022teaser-content--headline\u0022\u003E\n                                Bestes Klima auf den Punkt \n                              \u003Cspan class=\u0022headline-last-word-arrow\u0022\u003Egebracht              \u003Cspan\n                  class=\u0022permission-lock permission-lock-icon--lock\u0022\u003E\u003C\/span\u003E\n                                  \u003C\/span\u003E\n        \u003C\/h4\u003E\n            \u003Cdiv class=\u0022teaser-content--publishing-date\u0022\u003E\u003Ctime datetime=\u00222014-07-02T07:28:57Z\u0022\u003E02.07.2014\u003C\/time\u003E\n\u003C\/div\u003E\u003Cspan class=\u0022teaser-content--publishing-date-divider\u0022\u003E - \u003C\/span\u003E\u003Cdiv class=\u0022teaser-content--body\u0022\u003E\u003Cp\u003EIn der Industrie ist mit moderner L\u00fcftungstechnik eine wirksame Abfuhr von W\u00e4rme- und Schadstofflasten am Arbeitsplatz sowie im Produktionsbereich m\u00f6glich. Sind hohe Anforderungen an Luftqualit\u00e4t und Temperatur nur \u00f6rtlich begrenzt vorhanden, kommt in der Regel eine turbulenzarme Verdr\u00e4ngungsstr\u00f6mung zum Einsatz. \u003C\/p\u003E\n\u003C\/div\u003E\n                        \u003Cspan class=\u0022read-more-arrow-container\u0022\u003E\n            \u003Cspan class=\u0022read-more-angled-arrow\u0022\u003E \u003C\/span\u003E\n          \u003C\/span\u003E\n                  \u003C\/div\u003E\n    \u003C\/a\u003E\n\u003Ca href=\u0022\/klimatechnik\/raum-raum-systeme-komfortable-rueckzugsraeume\u0022  class=\u0022teaser teaser--standard\u0022 aria-label=\u0022Komfortable R\u00fcckzugsr\u00e4ume\u0022\u003E\n      \u003Cdiv class=\u0022teaser-content--image\u0022\u003E\n        \u003Cfigure class=\u0022image--figure\u0022\u003E\n        \u003Cpicture\u003E\n                        \u003Csource srcset=\u0022\/sites\/default\/files\/styles\/teaser_standard__m\/public\/ulmer\/de-tga\/image\/binarydata_big_574366.jpg.webp?itok=3uGT9HBw 1x\u0022 media=\u0022(min-width: 48.0625em) and (max-width: 64em)\u0022 type=\u0022image\/webp\u0022 width=\u0022323\u0022 height=\u0022204\u0022\/\u003E\n                  \u003Csource srcset=\u0022\/sites\/default\/files\/styles\/teaser_standard__l\/public\/ulmer\/de-tga\/image\/binarydata_big_574366.jpg.webp?itok=jaZmB9Xe 1x\u0022 media=\u0022(min-width: 64.0625em)\u0022 type=\u0022image\/webp\u0022 width=\u0022203\u0022 height=\u0022128\u0022\/\u003E\n                  \u003Csource srcset=\u0022\/sites\/default\/files\/styles\/teaser_standard__m\/public\/ulmer\/de-tga\/image\/binarydata_big_574366.jpg?itok=P4uPQ83_ 1x\u0022 media=\u0022(min-width: 48.0625em) and (max-width: 64em)\u0022 type=\u0022image\/jpeg\u0022 width=\u0022323\u0022 height=\u0022204\u0022\/\u003E\n                  \u003Csource srcset=\u0022\/sites\/default\/files\/styles\/teaser_standard__l\/public\/ulmer\/de-tga\/image\/binarydata_big_574366.jpg?itok=AS1dxiDa 1x\u0022 media=\u0022(min-width: 64.0625em)\u0022 type=\u0022image\/jpeg\u0022 width=\u0022203\u0022 height=\u0022128\u0022\/\u003E\n                          \u003Cimg alt=\u0022Abb. 1 Wichtiger Bestandteil des B\u00fcrokonzeptes der neuen Vodafone Deutschlandzentrale sind Think Tanks, die den Mitarbeitern einen abgeschirmten R\u00fcckzugsraum f\u00fcr vertrauliche Gespr\u00e4che und Telefonate oder konzentriertes Arbeiten bieten.\u0022 loading=\u0022eager\u0022 data-caption-hide width=\u0022630\u0022 height=\u0022398\u0022 data-zoomed=\u0022https:\/\/www.tga-fachplaner.de\/sites\/default\/files\/styles\/content__zoomed\/public\/ulmer\/de-tga\/image\/binarydata_big_574366.jpg?itok=KUjqXZcS\u0022 src=\u0022\/sites\/default\/files\/styles\/teaser_standard__s\/public\/ulmer\/de-tga\/image\/binarydata_big_574366.jpg?itok=PaqJsME0\u0022 title=\u0022\u00a9 Str\u00e4hle \/ Emco Klima\n\u0022 \/\u003E\n\n    \u003C\/picture\u003E\n      \u003Cfigcaption class=\u0022image--figcaption\u0022\u003E\n          \u003Cdiv class=\u0022copyright\u0022\u003EStr\u00e4hle \/ Emco Klima\n\u003C\/div\u003E\n          \u003C\/figcaption\u003E\n\u003C\/figure\u003E\n\n\n    \u003C\/div\u003E\n    \u003Cdiv class=\u0022teaser-content\u0022\u003E\n                    \u003Cdiv class=\u0022teaser-content--kicker\u0022\u003E\n                    Raum-in-Raum-Systeme\n        \u003C\/div\u003E\n                                              \n                        \n        \u003Ch4 class=\u0022teaser-content--headline\u0022\u003E\n                                Komfortable \n                              \u003Cspan class=\u0022headline-last-word-arrow\u0022\u003ER\u00fcckzugsr\u00e4ume              \u003Cspan\n                  class=\u0022permission-lock permission-lock-icon--lock\u0022\u003E\u003C\/span\u003E\n                                  \u003C\/span\u003E\n        \u003C\/h4\u003E\n            \u003Cdiv class=\u0022teaser-content--publishing-date\u0022\u003E\u003Ctime datetime=\u00222014-02-06T15:23:32Z\u0022\u003E06.02.2014\u003C\/time\u003E\n\u003C\/div\u003E\u003Cspan class=\u0022teaser-content--publishing-date-divider\u0022\u003E - \u003C\/span\u003E\u003Cdiv class=\u0022teaser-content--body\u0022\u003E\u003Cp\u003E\u003Cbr\u003E\n\u003Cp\u003EImmer mehr Unternehmen entscheiden sich bei der Gestaltung ihrer B\u00fcrofl\u00e4chen f\u00fcr innovative Open-Space-Konzepte und mobile Arbeitspl\u00e4tze. So auch der \u00adTelekommunikationsanbieter Vodafone, der in seiner neuen Deutschlandzentrale in D\u00fcsseldorf eine offene B\u00fcroumgebung mit zahlreichen, flexibel nutzbaren Bereichen f\u00fcr formellen wie informellen Austausch realisierte. \u00adVertrauliche Gespr\u00e4che oder konzentriertes Arbeiten sind in abgetrennten \u00adR\u00e4umen \u201eThink Tanks\u201c m\u00f6glich. Dabei stellte das Unternehmen bez\u00fcglich der \u00adGestaltungs- und Nutzungsflexibilit\u00e4t als auch der Akustik, Behaglichkeit und Luftqualit\u00e4t hohe Anforderungen an die Raum-in-Raum-Systeme.\u003C\/p\u003E\n\u003C\/div\u003E\n                        \u003Cspan class=\u0022read-more-arrow-container\u0022\u003E\n            \u003Cspan class=\u0022read-more-angled-arrow\u0022\u003E \u003C\/span\u003E\n          \u003C\/span\u003E\n                  \u003C\/div\u003E\n    \u003C\/a\u003E\n","entity_type":"node","used_ids":["",240458,232681,222141,214760,210880,207074,201187,194916,193869,183506,180231,175959,160461,157430,32294,32270,30882,31987,30943],"show_more":""}]