[{"command":"settings","settings":{"pluralDelimiter":"\u0003","suppressDeprecationErrors":true,"ajaxPageState":{"libraries":"eJxLzi9K1S_ITC4pLUpNy8zJ0UmpzEvMzUyOT80rySypjM_JLC7RL87IL4_PBaoEALH_EqY","theme":"ivory","theme_token":null},"ajaxTrustedUrl":[],"user":{"uid":0,"permissionsHash":"9c975576f1b96e43d31b3ff34c1ca6b53b6096ff14d83974ef00f2d68011e8fb"}},"merge":true},{"command":"add_css","data":[{"rel":"stylesheet","media":"all","href":"\/core\/themes\/stable9\/css\/core\/components\/progress.module.css?te7139"},{"rel":"stylesheet","media":"all","href":"\/core\/themes\/stable9\/css\/core\/components\/ajax-progress.module.css?te7139"},{"rel":"stylesheet","media":"all","href":"\/themes\/contrib\/gin\/dist\/css\/components\/ajax.css?te7139"}]},{"command":"add_js","selector":"body","data":[{"src":"\/core\/assets\/vendor\/jquery\/jquery.min.js?v=4.0.0"},{"src":"\/sites\/default\/files\/js\/js_bbNtUyzZwSqHFgQa7bDd4psVjQWTQR0CoG2VmPnBvV8.js?scope=footer\u0026delta=1\u0026language=de-tga\u0026theme=ivory\u0026include=eJxLqcxLzM1Mjk_NK8ksqYzPySwu0S_OyC-Pz80vSgUAtBcL_w"}]},{"command":"showMoreTeasers","id":"del--paragraph-567098","content":"\u003Ca href=\u0022\/meldungen\/rechtsprechung-nachbar-muss-ueberwachungskamera-entfernen\u0022  class=\u0022teaser teaser--standard\u0022 aria-label=\u0022Nachbar muss \u00dcberwachungskamera entfernen\u0022\u003E\n      \u003Cdiv class=\u0022teaser-content--image\u0022\u003E\n        \u003Cfigure class=\u0022image--figure\u0022\u003E\n        \u003Cpicture\u003E\n                        \u003Csource srcset=\u0022\/sites\/default\/files\/styles\/teaser_standard__m\/public\/aurora\/2023\/01\/248947.jpeg.webp?itok=q5gu3DqE 1x\u0022 media=\u0022(min-width: 48.0625em) and (max-width: 64em)\u0022 type=\u0022image\/webp\u0022 width=\u0022323\u0022 height=\u0022215\u0022\/\u003E\n                  \u003Csource srcset=\u0022\/sites\/default\/files\/styles\/teaser_standard__l\/public\/aurora\/2023\/01\/248947.jpeg.webp?itok=5CXq4xuS 1x\u0022 media=\u0022(min-width: 64.0625em)\u0022 type=\u0022image\/webp\u0022 width=\u0022203\u0022 height=\u0022135\u0022\/\u003E\n                  \u003Csource srcset=\u0022\/sites\/default\/files\/styles\/teaser_standard__m\/public\/aurora\/2023\/01\/248947.jpeg?itok=dEFFBlas 1x\u0022 media=\u0022(min-width: 48.0625em) and (max-width: 64em)\u0022 type=\u0022image\/jpeg\u0022 width=\u0022323\u0022 height=\u0022215\u0022\/\u003E\n                  \u003Csource srcset=\u0022\/sites\/default\/files\/styles\/teaser_standard__l\/public\/aurora\/2023\/01\/248947.jpeg?itok=uxFmAIVq 1x\u0022 media=\u0022(min-width: 64.0625em)\u0022 type=\u0022image\/jpeg\u0022 width=\u0022203\u0022 height=\u0022135\u0022\/\u003E\n                          \u003Cimg loading=\u0022eager\u0022 data-caption-hide width=\u0022560\u0022 height=\u0022373\u0022 data-zoomed=\u0022https:\/\/www.tga-fachplaner.de\/sites\/default\/files\/styles\/content__zoomed\/public\/aurora\/2023\/01\/248947.jpeg?itok=EQ3MC-sr\u0022 src=\u0022\/sites\/default\/files\/styles\/teaser_standard__s\/public\/aurora\/2023\/01\/248947.jpeg?itok=dWEGkpiB\u0022 title=\u0022\u00a9 Tomicek \/ LBS\n\u0022 \/\u003E\n\n    \u003C\/picture\u003E\n      \u003Cfigcaption class=\u0022image--figcaption\u0022\u003E\n          \u003Cdiv class=\u0022copyright\u0022\u003ETomicek \/ LBS\n\u003C\/div\u003E\n          \u003C\/figcaption\u003E\n\u003C\/figure\u003E\n\n\n    \u003C\/div\u003E\n    \u003Cdiv class=\u0022teaser-content\u0022\u003E\n                    \u003Cdiv class=\u0022teaser-content--kicker\u0022\u003E\n                    Rechtsprechung\n        \u003C\/div\u003E\n                                              \n                        \n        \u003Ch4 class=\u0022teaser-content--headline\u0022\u003E\n                                Nachbar muss \u00dcberwachungskamera \n                              \u003Cspan class=\u0022headline-last-word-arrow\u0022\u003Eentfernen                      \u003C\/span\u003E\n        \u003C\/h4\u003E\n            \u003Cdiv class=\u0022teaser-content--publishing-date\u0022\u003E\u003Ctime datetime=\u00222023-01-09T12:21:56Z\u0022\u003E09.01.2023\u003C\/time\u003E\n\u003C\/div\u003E\u003Cspan class=\u0022teaser-content--publishing-date-divider\u0022\u003E - \u003C\/span\u003E\u003Cdiv class=\u0022teaser-content--body\u0022\u003E\u003Cp\u003EDer eine hat ein hohes Sicherheitsbed\u00fcrfnis \u2013 der andere will nicht be\u00e4ugt werden. Wie ein Gericht im Nachbarschaftsstreit um \u00dcberwachungskameras entschied.\u003C\/p\u003E\n\u003C\/div\u003E\n                        \u003Cspan class=\u0022read-more-arrow-container\u0022\u003E\n            \u003Cspan class=\u0022read-more-angled-arrow\u0022\u003E \u003C\/span\u003E\n          \u003C\/span\u003E\n                  \u003C\/div\u003E\n    \u003C\/a\u003E\n\u003Ca href=\u0022\/meldungen\/sanierungsmassnahmen-hinweispflicht-bei-kosten-guenstigeren-alternativen\u0022  class=\u0022teaser teaser--standard\u0022 aria-label=\u0022Hinweispflicht bei kosten\u00adg\u00fcnstigeren Alternativen\u0022\u003E\n      \u003Cdiv class=\u0022teaser-content--image\u0022\u003E\n        \u003Cfigure class=\u0022image--figure\u0022\u003E\n        \u003Cpicture\u003E\n                        \u003Csource srcset=\u0022\/sites\/default\/files\/styles\/teaser_standard__m\/public\/aurora\/2022\/11\/237487.jpeg.webp?itok=852Im4Ga 1x\u0022 media=\u0022(min-width: 48.0625em) and (max-width: 64em)\u0022 type=\u0022image\/webp\u0022 width=\u0022323\u0022 height=\u0022215\u0022\/\u003E\n                  \u003Csource srcset=\u0022\/sites\/default\/files\/styles\/teaser_standard__l\/public\/aurora\/2022\/11\/237487.jpeg.webp?itok=rILJLeKJ 1x\u0022 media=\u0022(min-width: 64.0625em)\u0022 type=\u0022image\/webp\u0022 width=\u0022203\u0022 height=\u0022135\u0022\/\u003E\n                  \u003Csource srcset=\u0022\/sites\/default\/files\/styles\/teaser_standard__m\/public\/aurora\/2022\/11\/237487.jpeg?itok=eZK6W56M 1x\u0022 media=\u0022(min-width: 48.0625em) and (max-width: 64em)\u0022 type=\u0022image\/jpeg\u0022 width=\u0022323\u0022 height=\u0022215\u0022\/\u003E\n                  \u003Csource srcset=\u0022\/sites\/default\/files\/styles\/teaser_standard__l\/public\/aurora\/2022\/11\/237487.jpeg?itok=GVrv1iQF 1x\u0022 media=\u0022(min-width: 64.0625em)\u0022 type=\u0022image\/jpeg\u0022 width=\u0022203\u0022 height=\u0022135\u0022\/\u003E\n                          \u003Cimg loading=\u0022eager\u0022 data-caption-hide width=\u0022597\u0022 height=\u0022398\u0022 data-zoomed=\u0022https:\/\/www.tga-fachplaner.de\/sites\/default\/files\/styles\/content__zoomed\/public\/aurora\/2022\/11\/237487.jpeg?itok=LgcsJlCp\u0022 src=\u0022\/sites\/default\/files\/styles\/teaser_standard__s\/public\/aurora\/2022\/11\/237487.jpeg?itok=89_AwItS\u0022 title=\u0022\u00a9 Guido Grochowski \u2013 stock.adobe.com\n\u0022 \/\u003E\n\n    \u003C\/picture\u003E\n      \u003Cfigcaption class=\u0022image--figcaption\u0022\u003E\n          \u003Cdiv class=\u0022copyright\u0022\u003EGuido Grochowski \u2013 stock.adobe.com\n\u003C\/div\u003E\n          \u003C\/figcaption\u003E\n\u003C\/figure\u003E\n\n\n    \u003C\/div\u003E\n    \u003Cdiv class=\u0022teaser-content\u0022\u003E\n                    \u003Cdiv class=\u0022teaser-content--kicker\u0022\u003E\n                    Sanierungsma\u00dfnahmen\n        \u003C\/div\u003E\n                                              \n                        \n        \u003Ch4 class=\u0022teaser-content--headline\u0022\u003E\n                                Hinweispflicht bei kosten\u00adg\u00fcnstigeren \n                              \u003Cspan class=\u0022headline-last-word-arrow\u0022\u003EAlternativen                      \u003C\/span\u003E\n        \u003C\/h4\u003E\n            \u003Cdiv class=\u0022teaser-content--publishing-date\u0022\u003E\u003Ctime datetime=\u00222022-11-09T14:00:00Z\u0022\u003E09.11.2022\u003C\/time\u003E\n\u003C\/div\u003E\u003Cspan class=\u0022teaser-content--publishing-date-divider\u0022\u003E - \u003C\/span\u003E\u003Cdiv class=\u0022teaser-content--body\u0022\u003E\u003Cp\u003ENach einem Urteil des OLG Karlsruhe m\u00fcssen Bauunternehmen Kunden \u00fcber die g\u00fcnstigsten L\u00f6sungen umfassend informieren beraten. Sonst droht Schadensersatz.\u003C\/p\u003E\n\u003C\/div\u003E\n                        \u003Cspan class=\u0022read-more-arrow-container\u0022\u003E\n            \u003Cspan class=\u0022read-more-angled-arrow\u0022\u003E \u003C\/span\u003E\n          \u003C\/span\u003E\n                  \u003C\/div\u003E\n    \u003C\/a\u003E\n\u003Ca href=\u0022\/meldungen\/energiewende-neuen-eeg-anlagen-steht-netzzugang-binnen-einem-monat-zu\u0022  class=\u0022teaser teaser--standard\u0022 aria-label=\u0022Neuen EEG-Anlagen steht Netzzugang binnen einem Monat zu\u0022\u003E\n      \u003Cdiv class=\u0022teaser-content--image\u0022\u003E\n        \u003Cfigure class=\u0022image--figure\u0022\u003E\n        \u003Cpicture\u003E\n                        \u003Csource srcset=\u0022\/sites\/default\/files\/styles\/teaser_standard__m\/public\/aurora\/2022\/10\/236717.jpeg.webp?itok=kTbq2xVL 1x\u0022 media=\u0022(min-width: 48.0625em) and (max-width: 64em)\u0022 type=\u0022image\/webp\u0022 width=\u0022323\u0022 height=\u0022215\u0022\/\u003E\n                  \u003Csource srcset=\u0022\/sites\/default\/files\/styles\/teaser_standard__l\/public\/aurora\/2022\/10\/236717.jpeg.webp?itok=KKiknpdZ 1x\u0022 media=\u0022(min-width: 64.0625em)\u0022 type=\u0022image\/webp\u0022 width=\u0022203\u0022 height=\u0022135\u0022\/\u003E\n                  \u003Csource srcset=\u0022\/sites\/default\/files\/styles\/teaser_standard__m\/public\/aurora\/2022\/10\/236717.jpeg?itok=CTnO46i2 1x\u0022 media=\u0022(min-width: 48.0625em) and (max-width: 64em)\u0022 type=\u0022image\/jpeg\u0022 width=\u0022323\u0022 height=\u0022215\u0022\/\u003E\n                  \u003Csource srcset=\u0022\/sites\/default\/files\/styles\/teaser_standard__l\/public\/aurora\/2022\/10\/236717.jpeg?itok=LNMPIjGp 1x\u0022 media=\u0022(min-width: 64.0625em)\u0022 type=\u0022image\/jpeg\u0022 width=\u0022203\u0022 height=\u0022135\u0022\/\u003E\n                          \u003Cimg loading=\u0022eager\u0022 data-caption-hide width=\u0022597\u0022 height=\u0022398\u0022 data-zoomed=\u0022https:\/\/www.tga-fachplaner.de\/sites\/default\/files\/styles\/content__zoomed\/public\/aurora\/2022\/10\/236717.jpeg?itok=KZeZWsCx\u0022 src=\u0022\/sites\/default\/files\/styles\/teaser_standard__s\/public\/aurora\/2022\/10\/236717.jpeg?itok=mLAN2c7A\u0022 title=\u0022\u00a9 tl6781 \u2013 stock.adobe.com\n\u0022 \/\u003E\n\n    \u003C\/picture\u003E\n      \u003Cfigcaption class=\u0022image--figcaption\u0022\u003E\n          \u003Cdiv class=\u0022copyright\u0022\u003Etl6781 \u2013 stock.adobe.com\n\u003C\/div\u003E\n          \u003C\/figcaption\u003E\n\u003C\/figure\u003E\n\n\n    \u003C\/div\u003E\n    \u003Cdiv class=\u0022teaser-content\u0022\u003E\n                    \u003Cdiv class=\u0022teaser-content--kicker\u0022\u003E\n                    Energiewende\n        \u003C\/div\u003E\n                                              \n                        \n        \u003Ch4 class=\u0022teaser-content--headline\u0022\u003E\n                                Neuen EEG-Anlagen steht Netzzugang binnen einem Monat \n                              \u003Cspan class=\u0022headline-last-word-arrow\u0022\u003Ezu                      \u003C\/span\u003E\n        \u003C\/h4\u003E\n            \u003Cdiv class=\u0022teaser-content--publishing-date\u0022\u003E\u003Ctime datetime=\u00222022-11-02T03:00:03Z\u0022\u003E02.11.2022\u003C\/time\u003E\n\u003C\/div\u003E\u003Cspan class=\u0022teaser-content--publishing-date-divider\u0022\u003E - \u003C\/span\u003E\u003Cdiv class=\u0022teaser-content--body\u0022\u003E\u003Cp\u003EDie Bundesnetzagentur hat nach Beschwerden \u00fcber den verz\u00f6gerten Einbau von Messeinrichtungen f\u00fcr neu errichtete EEG-Anlagen Klarstellungen ver\u00f6ffentlicht.\u003C\/p\u003E\n\u003C\/div\u003E\n                        \u003Cspan class=\u0022read-more-arrow-container\u0022\u003E\n            \u003Cspan class=\u0022read-more-angled-arrow\u0022\u003E \u003C\/span\u003E\n          \u003C\/span\u003E\n                  \u003C\/div\u003E\n    \u003C\/a\u003E\n\u003Ca href=\u0022\/meldungen\/recht-nachtragsangebote-ignorieren-kann-zustimmung-sein\u0022  class=\u0022teaser teaser--standard\u0022 aria-label=\u0022Nachtragsangebote: Ignorieren kann Zustimmung sein\u0022\u003E\n      \u003Cdiv class=\u0022teaser-content--image\u0022\u003E\n        \u003Cfigure class=\u0022image--figure\u0022\u003E\n        \u003Cpicture\u003E\n                        \u003Csource srcset=\u0022\/sites\/default\/files\/styles\/teaser_standard__m\/public\/aurora\/2022\/08\/214987.jpeg.webp?itok=vP2YKnMO 1x\u0022 media=\u0022(min-width: 48.0625em) and (max-width: 64em)\u0022 type=\u0022image\/webp\u0022 width=\u0022323\u0022 height=\u0022215\u0022\/\u003E\n                  \u003Csource srcset=\u0022\/sites\/default\/files\/styles\/teaser_standard__l\/public\/aurora\/2022\/08\/214987.jpeg.webp?itok=z7ypYl-E 1x\u0022 media=\u0022(min-width: 64.0625em)\u0022 type=\u0022image\/webp\u0022 width=\u0022203\u0022 height=\u0022135\u0022\/\u003E\n                  \u003Csource srcset=\u0022\/sites\/default\/files\/styles\/teaser_standard__m\/public\/aurora\/2022\/08\/214987.jpeg?itok=mT2I4olK 1x\u0022 media=\u0022(min-width: 48.0625em) and (max-width: 64em)\u0022 type=\u0022image\/jpeg\u0022 width=\u0022323\u0022 height=\u0022215\u0022\/\u003E\n                  \u003Csource srcset=\u0022\/sites\/default\/files\/styles\/teaser_standard__l\/public\/aurora\/2022\/08\/214987.jpeg?itok=QhOu-s6p 1x\u0022 media=\u0022(min-width: 64.0625em)\u0022 type=\u0022image\/jpeg\u0022 width=\u0022203\u0022 height=\u0022135\u0022\/\u003E\n                          \u003Cimg loading=\u0022eager\u0022 data-caption-hide width=\u0022597\u0022 height=\u0022398\u0022 data-zoomed=\u0022https:\/\/www.tga-fachplaner.de\/sites\/default\/files\/styles\/content__zoomed\/public\/aurora\/2022\/08\/214987.jpeg?itok=GzDIVQrO\u0022 src=\u0022\/sites\/default\/files\/styles\/teaser_standard__s\/public\/aurora\/2022\/08\/214987.jpeg?itok=8-vZPlX1\u0022 title=\u0022\u00a9 romaset \u2013 stock.adobe.com\n\u0022 \/\u003E\n\n    \u003C\/picture\u003E\n      \u003Cfigcaption class=\u0022image--figcaption\u0022\u003E\n          \u003Cdiv class=\u0022copyright\u0022\u003Eromaset \u2013 stock.adobe.com\n\u003C\/div\u003E\n          \u003C\/figcaption\u003E\n\u003C\/figure\u003E\n\n\n    \u003C\/div\u003E\n    \u003Cdiv class=\u0022teaser-content\u0022\u003E\n                    \u003Cdiv class=\u0022teaser-content--kicker\u0022\u003E\n                    Recht\n        \u003C\/div\u003E\n                                              \n                        \n        \u003Ch4 class=\u0022teaser-content--headline\u0022\u003E\n                                Nachtragsangebote: Ignorieren kann Zustimmung \n                              \u003Cspan class=\u0022headline-last-word-arrow\u0022\u003Esein                      \u003C\/span\u003E\n        \u003C\/h4\u003E\n            \u003Cdiv class=\u0022teaser-content--publishing-date\u0022\u003E\u003Ctime datetime=\u00222022-08-06T22:15:03Z\u0022\u003E07.08.2022\u003C\/time\u003E\n\u003C\/div\u003E\u003Cspan class=\u0022teaser-content--publishing-date-divider\u0022\u003E - \u003C\/span\u003E\u003Cdiv class=\u0022teaser-content--body\u0022\u003E\u003Cp\u003EIgnorieren Auftraggeber Nachtragsangebote, lassen die Leistungen aber widerspruchslos ausf\u00fchren, kann sich daraus eine Verg\u00fctungspflicht ergeben.\u003C\/p\u003E\n\u003C\/div\u003E\n                        \u003Cspan class=\u0022read-more-arrow-container\u0022\u003E\n            \u003Cspan class=\u0022read-more-angled-arrow\u0022\u003E \u003C\/span\u003E\n          \u003C\/span\u003E\n                  \u003C\/div\u003E\n    \u003C\/a\u003E\n\u003Ca href=\u0022\/meldungen\/recht-auch-ein-schiff-kann-dem-baurecht-unterliegen\u0022  class=\u0022teaser teaser--standard\u0022 aria-label=\u0022Auch ein Schiff kann dem Baurecht unterliegen\u0022\u003E\n      \u003Cdiv class=\u0022teaser-content--image\u0022\u003E\n        \u003Cfigure class=\u0022image--figure\u0022\u003E\n        \u003Cpicture\u003E\n                        \u003Csource srcset=\u0022\/sites\/default\/files\/styles\/teaser_standard__m\/public\/aurora\/2021\/11\/150722.jpeg.webp?itok=3OqqAlGJ 1x\u0022 media=\u0022(min-width: 48.0625em) and (max-width: 64em)\u0022 type=\u0022image\/webp\u0022 width=\u0022323\u0022 height=\u0022215\u0022\/\u003E\n                  \u003Csource srcset=\u0022\/sites\/default\/files\/styles\/teaser_standard__l\/public\/aurora\/2021\/11\/150722.jpeg.webp?itok=zykIF1ff 1x\u0022 media=\u0022(min-width: 64.0625em)\u0022 type=\u0022image\/webp\u0022 width=\u0022203\u0022 height=\u0022135\u0022\/\u003E\n                  \u003Csource srcset=\u0022\/sites\/default\/files\/styles\/teaser_standard__m\/public\/aurora\/2021\/11\/150722.jpeg?itok=tDNliIXP 1x\u0022 media=\u0022(min-width: 48.0625em) and (max-width: 64em)\u0022 type=\u0022image\/jpeg\u0022 width=\u0022323\u0022 height=\u0022215\u0022\/\u003E\n                  \u003Csource srcset=\u0022\/sites\/default\/files\/styles\/teaser_standard__l\/public\/aurora\/2021\/11\/150722.jpeg?itok=rPN1UjDn 1x\u0022 media=\u0022(min-width: 64.0625em)\u0022 type=\u0022image\/jpeg\u0022 width=\u0022203\u0022 height=\u0022135\u0022\/\u003E\n                          \u003Cimg loading=\u0022eager\u0022 data-caption-hide width=\u0022597\u0022 height=\u0022398\u0022 data-zoomed=\u0022https:\/\/www.tga-fachplaner.de\/sites\/default\/files\/styles\/content__zoomed\/public\/aurora\/2021\/11\/150722.jpeg?itok=Gqqu1fng\u0022 src=\u0022\/sites\/default\/files\/styles\/teaser_standard__s\/public\/aurora\/2021\/11\/150722.jpeg?itok=ZabjTfiC\u0022 title=\u0022\u00a9 Tomicek \/ LBS\n\u0022 \/\u003E\n\n    \u003C\/picture\u003E\n      \u003Cfigcaption class=\u0022image--figcaption\u0022\u003E\n          \u003Cdiv class=\u0022copyright\u0022\u003ETomicek \/ LBS\n\u003C\/div\u003E\n          \u003C\/figcaption\u003E\n\u003C\/figure\u003E\n\n\n    \u003C\/div\u003E\n    \u003Cdiv class=\u0022teaser-content\u0022\u003E\n                    \u003Cdiv class=\u0022teaser-content--kicker\u0022\u003E\n                    Recht\n        \u003C\/div\u003E\n                                              \n                        \n        \u003Ch4 class=\u0022teaser-content--headline\u0022\u003E\n                                Auch ein Schiff kann dem Baurecht \n                              \u003Cspan class=\u0022headline-last-word-arrow\u0022\u003Eunterliegen                      \u003C\/span\u003E\n        \u003C\/h4\u003E\n            \u003Cdiv class=\u0022teaser-content--publishing-date\u0022\u003E\u003Ctime datetime=\u00222021-11-03T23:04:07Z\u0022\u003E04.11.2021\u003C\/time\u003E\n\u003C\/div\u003E\u003Cspan class=\u0022teaser-content--publishing-date-divider\u0022\u003E - \u003C\/span\u003E\u003Cdiv class=\u0022teaser-content--body\u0022\u003E\u003Cp\u003EDem Sprachgebrauch nach ist ein Hausboot kein Geb\u00e4ude. Doch unter bestimmten Voraussetzungen kann es \u00e4hnlich behandelt werden wie eine normale Immobilie.\u003C\/p\u003E\n\u003C\/div\u003E\n                        \u003Cspan class=\u0022read-more-arrow-container\u0022\u003E\n            \u003Cspan class=\u0022read-more-angled-arrow\u0022\u003E \u003C\/span\u003E\n          \u003C\/span\u003E\n                  \u003C\/div\u003E\n    \u003C\/a\u003E\n\u003Ca href=\u0022\/meldungen\/eeg-mieterstrom-ist-keine-eigenversorgung-im-sinne-des-eeg\u0022  class=\u0022teaser teaser--standard\u0022 aria-label=\u0022Mieterstrom ist keine Eigenversorgung im Sinne des EEG\u0022\u003E\n      \u003Cdiv class=\u0022teaser-content--image\u0022\u003E\n        \u003Cfigure class=\u0022image--figure\u0022\u003E\n        \u003Cpicture\u003E\n                        \u003Csource srcset=\u0022\/sites\/default\/files\/styles\/teaser_standard__m\/public\/aurora\/2021\/08\/131880.jpeg.webp?itok=PBFHuKMR 1x\u0022 media=\u0022(min-width: 48.0625em) and (max-width: 64em)\u0022 type=\u0022image\/webp\u0022 width=\u0022323\u0022 height=\u0022215\u0022\/\u003E\n                  \u003Csource srcset=\u0022\/sites\/default\/files\/styles\/teaser_standard__l\/public\/aurora\/2021\/08\/131880.jpeg.webp?itok=_OslZJ3Y 1x\u0022 media=\u0022(min-width: 64.0625em)\u0022 type=\u0022image\/webp\u0022 width=\u0022203\u0022 height=\u0022135\u0022\/\u003E\n                  \u003Csource srcset=\u0022\/sites\/default\/files\/styles\/teaser_standard__m\/public\/aurora\/2021\/08\/131880.jpeg?itok=k5uaOHf6 1x\u0022 media=\u0022(min-width: 48.0625em) and (max-width: 64em)\u0022 type=\u0022image\/jpeg\u0022 width=\u0022323\u0022 height=\u0022215\u0022\/\u003E\n                  \u003Csource srcset=\u0022\/sites\/default\/files\/styles\/teaser_standard__l\/public\/aurora\/2021\/08\/131880.jpeg?itok=vBOXfwMn 1x\u0022 media=\u0022(min-width: 64.0625em)\u0022 type=\u0022image\/jpeg\u0022 width=\u0022203\u0022 height=\u0022135\u0022\/\u003E\n                          \u003Cimg alt=\u0022Da es sich bei Mieterstrom nicht um Eigenverbrauch im Sinne des EEG handelt, muss f\u00fcr jede kWh die volle EEG-Umlage an den \u00dcbertragungsnetzbetreiber entrichtet werden.\u0022 loading=\u0022eager\u0022 data-caption-hide width=\u0022597\u0022 height=\u0022398\u0022 data-zoomed=\u0022https:\/\/www.tga-fachplaner.de\/sites\/default\/files\/styles\/content__zoomed\/public\/aurora\/2021\/08\/131880.jpeg?itok=jO_lt-B7\u0022 src=\u0022\/sites\/default\/files\/styles\/teaser_standard__s\/public\/aurora\/2021\/08\/131880.jpeg?itok=s3I8ncKP\u0022 title=\u0022\u00a9 Wolfgang Cibura \u2013 stock.adobe.com\n\u0022 \/\u003E\n\n    \u003C\/picture\u003E\n      \u003Cfigcaption class=\u0022image--figcaption\u0022\u003E\n          \u003Cdiv class=\u0022copyright\u0022\u003EWolfgang Cibura \u2013 stock.adobe.com\n\u003C\/div\u003E\n          \u003C\/figcaption\u003E\n\u003C\/figure\u003E\n\n\n    \u003C\/div\u003E\n    \u003Cdiv class=\u0022teaser-content\u0022\u003E\n                    \u003Cdiv class=\u0022teaser-content--kicker\u0022\u003E\n                    EEG\n        \u003C\/div\u003E\n                                              \n                        \n        \u003Ch4 class=\u0022teaser-content--headline\u0022\u003E\n                                Mieterstrom ist keine Eigenversorgung im Sinne des \n                              \u003Cspan class=\u0022headline-last-word-arrow\u0022\u003EEEG                      \u003C\/span\u003E\n        \u003C\/h4\u003E\n            \u003Cdiv class=\u0022teaser-content--publishing-date\u0022\u003E\u003Ctime datetime=\u00222021-08-19T19:45:53Z\u0022\u003E19.08.2021\u003C\/time\u003E\n\u003C\/div\u003E\u003Cspan class=\u0022teaser-content--publishing-date-divider\u0022\u003E - \u003C\/span\u003E\u003Cdiv class=\u0022teaser-content--body\u0022\u003E\u003Cp\u003E\u00dcber die F\u00f6rderung von Mieterstrom k\u00f6nnen Mieter von der Energiewende profitieren. Wichtig ist die Unterscheidung von Mieterstrom und Eigenversorgung.\u003C\/p\u003E\n\u003C\/div\u003E\n                        \u003Cspan class=\u0022read-more-arrow-container\u0022\u003E\n            \u003Cspan class=\u0022read-more-angled-arrow\u0022\u003E \u003C\/span\u003E\n          \u003C\/span\u003E\n                  \u003C\/div\u003E\n    \u003C\/a\u003E\n\u003Ca href=\u0022\/meldungen\/recht-diebstahl-am-bau-wer-muss-ersatz-bezahlen\u0022  class=\u0022teaser teaser--standard\u0022 aria-label=\u0022Diebstahl am Bau: Wer muss Ersatz bezahlen?\u0022\u003E\n      \u003Cdiv class=\u0022teaser-content--image\u0022\u003E\n        \u003Cfigure class=\u0022image--figure\u0022\u003E\n        \u003Cpicture\u003E\n                        \u003Csource srcset=\u0022\/sites\/default\/files\/styles\/teaser_standard__m\/public\/aurora\/2020\/09\/60449.jpeg.webp?itok=tk82FFuu 1x\u0022 media=\u0022(min-width: 48.0625em) and (max-width: 64em)\u0022 type=\u0022image\/webp\u0022 width=\u0022323\u0022 height=\u0022182\u0022\/\u003E\n                  \u003Csource srcset=\u0022\/sites\/default\/files\/styles\/teaser_standard__l\/public\/aurora\/2020\/09\/60449.jpeg.webp?itok=ixJW86mm 1x\u0022 media=\u0022(min-width: 64.0625em)\u0022 type=\u0022image\/webp\u0022 width=\u0022203\u0022 height=\u0022114\u0022\/\u003E\n                  \u003Csource srcset=\u0022\/sites\/default\/files\/styles\/teaser_standard__m\/public\/aurora\/2020\/09\/60449.jpeg?itok=-qKQNsxJ 1x\u0022 media=\u0022(min-width: 48.0625em) and (max-width: 64em)\u0022 type=\u0022image\/jpeg\u0022 width=\u0022323\u0022 height=\u0022182\u0022\/\u003E\n                  \u003Csource srcset=\u0022\/sites\/default\/files\/styles\/teaser_standard__l\/public\/aurora\/2020\/09\/60449.jpeg?itok=bfvCvute 1x\u0022 media=\u0022(min-width: 64.0625em)\u0022 type=\u0022image\/jpeg\u0022 width=\u0022203\u0022 height=\u0022114\u0022\/\u003E\n                          \u003Cimg loading=\u0022eager\u0022 data-caption-hide width=\u0022707\u0022 height=\u0022398\u0022 data-zoomed=\u0022https:\/\/www.tga-fachplaner.de\/sites\/default\/files\/styles\/content__zoomed\/public\/aurora\/2020\/09\/60449.jpeg?itok=qaPeToIk\u0022 src=\u0022\/sites\/default\/files\/styles\/teaser_standard__s\/public\/aurora\/2020\/09\/60449.jpeg?itok=-txUq7uw\u0022 title=\u0022\u00a9 Tomicek \/ LBS\n\u0022 \/\u003E\n\n    \u003C\/picture\u003E\n      \u003Cfigcaption class=\u0022image--figcaption\u0022\u003E\n          \u003Cdiv class=\u0022copyright\u0022\u003ETomicek \/ LBS\n\u003C\/div\u003E\n          \u003C\/figcaption\u003E\n\u003C\/figure\u003E\n\n\n    \u003C\/div\u003E\n    \u003Cdiv class=\u0022teaser-content\u0022\u003E\n                    \u003Cdiv class=\u0022teaser-content--kicker\u0022\u003E\n                    Recht\n        \u003C\/div\u003E\n                                              \n                        \n        \u003Ch4 class=\u0022teaser-content--headline\u0022\u003E\n                                Diebstahl am Bau: Wer muss Ersatz \n                              \u003Cspan class=\u0022headline-last-word-arrow\u0022\u003Ebezahlen?                      \u003C\/span\u003E\n        \u003C\/h4\u003E\n            \u003Cdiv class=\u0022teaser-content--publishing-date\u0022\u003E\u003Ctime datetime=\u00222020-09-03T07:03:10Z\u0022\u003E03.09.2020\u003C\/time\u003E\n\u003C\/div\u003E\u003Cspan class=\u0022teaser-content--publishing-date-divider\u0022\u003E - \u003C\/span\u003E\u003Cdiv class=\u0022teaser-content--body\u0022\u003E\u003Cp\u003EWenn Diebe auf einer Baustelle einer Firma f\u00fcr den Hausbau vorgesehenes Material stehlen, muss diese in der Regel auch die Ersatzlieferung bezahlen.\u003C\/p\u003E\n\u003C\/div\u003E\n                        \u003Cspan class=\u0022read-more-arrow-container\u0022\u003E\n            \u003Cspan class=\u0022read-more-angled-arrow\u0022\u003E \u003C\/span\u003E\n          \u003C\/span\u003E\n                  \u003C\/div\u003E\n    \u003C\/a\u003E\n\u003Ca href=\u0022\/meldungen\/recht-entfernungspauschale-ausnahmen-laengerer-weg\u0022  class=\u0022teaser teaser--standard\u0022 aria-label=\u0022Entfernungspauschale: In Ausnahmen l\u00e4ngerer Weg\u0022\u003E\n      \u003Cdiv class=\u0022teaser-content--image\u0022\u003E\n        \u003Cfigure class=\u0022image--figure\u0022\u003E\n        \u003Cpicture\u003E\n                        \u003Csource srcset=\u0022\/sites\/default\/files\/styles\/teaser_standard__m\/public\/aurora\/2020\/07\/50270.jpeg.webp?itok=aUW7iI3x 1x\u0022 media=\u0022(min-width: 48.0625em) and (max-width: 64em)\u0022 type=\u0022image\/webp\u0022 width=\u0022323\u0022 height=\u0022232\u0022\/\u003E\n                  \u003Csource srcset=\u0022\/sites\/default\/files\/styles\/teaser_standard__l\/public\/aurora\/2020\/07\/50270.jpeg.webp?itok=WouE-MDz 1x\u0022 media=\u0022(min-width: 64.0625em)\u0022 type=\u0022image\/webp\u0022 width=\u0022203\u0022 height=\u0022146\u0022\/\u003E\n                  \u003Csource srcset=\u0022\/sites\/default\/files\/styles\/teaser_standard__m\/public\/aurora\/2020\/07\/50270.jpeg?itok=-E6clkOk 1x\u0022 media=\u0022(min-width: 48.0625em) and (max-width: 64em)\u0022 type=\u0022image\/jpeg\u0022 width=\u0022323\u0022 height=\u0022232\u0022\/\u003E\n                  \u003Csource srcset=\u0022\/sites\/default\/files\/styles\/teaser_standard__l\/public\/aurora\/2020\/07\/50270.jpeg?itok=CJUyUaUA 1x\u0022 media=\u0022(min-width: 64.0625em)\u0022 type=\u0022image\/jpeg\u0022 width=\u0022203\u0022 height=\u0022146\u0022\/\u003E\n                          \u003Cimg loading=\u0022eager\u0022 data-caption-hide width=\u0022554\u0022 height=\u0022398\u0022 data-zoomed=\u0022https:\/\/www.tga-fachplaner.de\/sites\/default\/files\/styles\/content__zoomed\/public\/aurora\/2020\/07\/50270.jpeg?itok=QVCJrLI_\u0022 src=\u0022\/sites\/default\/files\/styles\/teaser_standard__s\/public\/aurora\/2020\/07\/50270.jpeg?itok=vA89Cz27\u0022 title=\u0022\u00a9 Tomicek \/ LBS\n\u0022 \/\u003E\n\n    \u003C\/picture\u003E\n      \u003Cfigcaption class=\u0022image--figcaption\u0022\u003E\n          \u003Cdiv class=\u0022copyright\u0022\u003ETomicek \/ LBS\n\u003C\/div\u003E\n          \u003C\/figcaption\u003E\n\u003C\/figure\u003E\n\n\n    \u003C\/div\u003E\n    \u003Cdiv class=\u0022teaser-content\u0022\u003E\n                    \u003Cdiv class=\u0022teaser-content--kicker\u0022\u003E\n                    Recht\n        \u003C\/div\u003E\n                                              \n                        \n        \u003Ch4 class=\u0022teaser-content--headline\u0022\u003E\n                                Entfernungspauschale: In Ausnahmen l\u00e4ngerer \n                              \u003Cspan class=\u0022headline-last-word-arrow\u0022\u003EWeg                      \u003C\/span\u003E\n        \u003C\/h4\u003E\n            \u003Cdiv class=\u0022teaser-content--publishing-date\u0022\u003E\u003Ctime datetime=\u00222020-07-01T20:15:24Z\u0022\u003E01.07.2020\u003C\/time\u003E\n\u003C\/div\u003E\u003Cspan class=\u0022teaser-content--publishing-date-divider\u0022\u003E - \u003C\/span\u003E\u003Cdiv class=\u0022teaser-content--body\u0022\u003E\u003Cp\u003EEin Arbeitnehmer muss normalerweise bei Fahrten zwischen Wohnung und Arbeitsplatz die k\u00fcrzeste Strecke w\u00e4hlen, wenn er die steuerliche Entfernungspauschale geltend machen will. Ausnahmen k\u00f6nnen laut nur dann geltend gemacht werden, wenn eine andere (l\u00e4ngere) Verbindung \u201eoffensichtlich verkehrsg\u00fcnstiger\u201c ist.\u003C\/p\u003E\n\u003C\/div\u003E\n                        \u003Cspan class=\u0022read-more-arrow-container\u0022\u003E\n            \u003Cspan class=\u0022read-more-angled-arrow\u0022\u003E \u003C\/span\u003E\n          \u003C\/span\u003E\n                  \u003C\/div\u003E\n    \u003C\/a\u003E\n\u003Ca href=\u0022\/meldungen\/recht-energetisch-saniert-und-gleichzeitig-das-gegenteil-getan\u0022  class=\u0022teaser teaser--standard\u0022 aria-label=\u0022Energetisch saniert und gleichzeitig das Gegenteil getan...\u0022\u003E\n      \u003Cdiv class=\u0022teaser-content--image\u0022\u003E\n        \u003Cfigure class=\u0022image--figure\u0022\u003E\n        \u003Cpicture\u003E\n                        \u003Csource srcset=\u0022\/sites\/default\/files\/styles\/teaser_standard__m\/public\/aurora\/2020\/03\/31014.jpg.webp?itok=o6tT5gDP 1x\u0022 media=\u0022(min-width: 48.0625em) and (max-width: 64em)\u0022 type=\u0022image\/webp\u0022 width=\u0022323\u0022 height=\u0022230\u0022\/\u003E\n                  \u003Csource srcset=\u0022\/sites\/default\/files\/styles\/teaser_standard__l\/public\/aurora\/2020\/03\/31014.jpg.webp?itok=KX6URQRr 1x\u0022 media=\u0022(min-width: 64.0625em)\u0022 type=\u0022image\/webp\u0022 width=\u0022203\u0022 height=\u0022144\u0022\/\u003E\n                  \u003Csource srcset=\u0022\/sites\/default\/files\/styles\/teaser_standard__m\/public\/aurora\/2020\/03\/31014.jpg?itok=npyuBnlb 1x\u0022 media=\u0022(min-width: 48.0625em) and (max-width: 64em)\u0022 type=\u0022image\/jpeg\u0022 width=\u0022323\u0022 height=\u0022230\u0022\/\u003E\n                  \u003Csource srcset=\u0022\/sites\/default\/files\/styles\/teaser_standard__l\/public\/aurora\/2020\/03\/31014.jpg?itok=auNlUa7I 1x\u0022 media=\u0022(min-width: 64.0625em)\u0022 type=\u0022image\/jpeg\u0022 width=\u0022203\u0022 height=\u0022144\u0022\/\u003E\n                          \u003Cimg loading=\u0022eager\u0022 data-caption-hide width=\u0022559\u0022 height=\u0022398\u0022 data-zoomed=\u0022https:\/\/www.tga-fachplaner.de\/sites\/default\/files\/styles\/content__zoomed\/public\/aurora\/2020\/03\/31014.jpg?itok=25VfKqKl\u0022 src=\u0022\/sites\/default\/files\/styles\/teaser_standard__s\/public\/aurora\/2020\/03\/31014.jpg?itok=1wyFv8iV\u0022 title=\u0022\u00a9 Tomicek \/ LBS\n\u0022 \/\u003E\n\n    \u003C\/picture\u003E\n      \u003Cfigcaption class=\u0022image--figcaption\u0022\u003E\n          \u003Cdiv class=\u0022copyright\u0022\u003ETomicek \/ LBS\n\u003C\/div\u003E\n          \u003C\/figcaption\u003E\n\u003C\/figure\u003E\n\n\n    \u003C\/div\u003E\n    \u003Cdiv class=\u0022teaser-content\u0022\u003E\n                    \u003Cdiv class=\u0022teaser-content--kicker\u0022\u003E\n                    Recht\n        \u003C\/div\u003E\n                                              \n                        \n        \u003Ch4 class=\u0022teaser-content--headline\u0022\u003E\n                                Energetisch saniert und gleichzeitig das Gegenteil \n                              \u003Cspan class=\u0022headline-last-word-arrow\u0022\u003Egetan...                      \u003C\/span\u003E\n        \u003C\/h4\u003E\n            \u003Cdiv class=\u0022teaser-content--publishing-date\u0022\u003E\u003Ctime datetime=\u00222020-03-04T15:14:18Z\u0022\u003E04.03.2020\u003C\/time\u003E\n\u003C\/div\u003E\u003Cspan class=\u0022teaser-content--publishing-date-divider\u0022\u003E - \u003C\/span\u003E\u003Cdiv class=\u0022teaser-content--body\u0022\u003E\u003Cp\u003EIm Prinzip hat der Gesetzgeber vorgesehen, dass Immobilieneigent\u00fcmer die Kosten f\u00fcr die energetische Sanierung eines Objekts auf die Mieter umlegen k\u00f6nnen. Es gibt aber auch Ausnahmen \u2013 zum Beispiel dann, wenn die durchgef\u00fchrten Energiesparma\u00dfnahmen mit anderen Umbauten einhergehen, die das Gegenteil bewirken.\u003C\/p\u003E\n\u003C\/div\u003E\n                        \u003Cspan class=\u0022read-more-arrow-container\u0022\u003E\n            \u003Cspan class=\u0022read-more-angled-arrow\u0022\u003E \u003C\/span\u003E\n          \u003C\/span\u003E\n                  \u003C\/div\u003E\n    \u003C\/a\u003E\n\u003Ca href=\u0022\/meldungen\/recht-kamin-am-falschen-ort\u0022  class=\u0022teaser teaser--standard\u0022 aria-label=\u0022Kamin am falschen Ort\u0022\u003E\n      \u003Cdiv class=\u0022teaser-content--image\u0022\u003E\n        \u003Cfigure class=\u0022image--figure\u0022\u003E\n        \u003Cpicture\u003E\n                        \u003Csource srcset=\u0022\/sites\/default\/files\/styles\/teaser_standard__m\/public\/aurora\/2020\/03\/30657.jpg.webp?itok=sLx87Xn_ 1x\u0022 media=\u0022(min-width: 48.0625em) and (max-width: 64em)\u0022 type=\u0022image\/webp\u0022 width=\u0022323\u0022 height=\u0022230\u0022\/\u003E\n                  \u003Csource srcset=\u0022\/sites\/default\/files\/styles\/teaser_standard__l\/public\/aurora\/2020\/03\/30657.jpg.webp?itok=C7yUqS6Q 1x\u0022 media=\u0022(min-width: 64.0625em)\u0022 type=\u0022image\/webp\u0022 width=\u0022203\u0022 height=\u0022144\u0022\/\u003E\n                  \u003Csource srcset=\u0022\/sites\/default\/files\/styles\/teaser_standard__m\/public\/aurora\/2020\/03\/30657.jpg?itok=Lofhp9o2 1x\u0022 media=\u0022(min-width: 48.0625em) and (max-width: 64em)\u0022 type=\u0022image\/jpeg\u0022 width=\u0022323\u0022 height=\u0022230\u0022\/\u003E\n                  \u003Csource srcset=\u0022\/sites\/default\/files\/styles\/teaser_standard__l\/public\/aurora\/2020\/03\/30657.jpg?itok=t0Dgz3Kh 1x\u0022 media=\u0022(min-width: 64.0625em)\u0022 type=\u0022image\/jpeg\u0022 width=\u0022203\u0022 height=\u0022144\u0022\/\u003E\n                          \u003Cimg loading=\u0022eager\u0022 data-caption-hide width=\u0022559\u0022 height=\u0022398\u0022 data-zoomed=\u0022https:\/\/www.tga-fachplaner.de\/sites\/default\/files\/styles\/content__zoomed\/public\/aurora\/2020\/03\/30657.jpg?itok=NUoYuBpo\u0022 src=\u0022\/sites\/default\/files\/styles\/teaser_standard__s\/public\/aurora\/2020\/03\/30657.jpg?itok=NcL84H4W\u0022 title=\u0022\u00a9 Tomicek \/ LBS\n\u0022 \/\u003E\n\n    \u003C\/picture\u003E\n      \u003Cfigcaption class=\u0022image--figcaption\u0022\u003E\n          \u003Cdiv class=\u0022copyright\u0022\u003ETomicek \/ LBS\n\u003C\/div\u003E\n          \u003C\/figcaption\u003E\n\u003C\/figure\u003E\n\n\n    \u003C\/div\u003E\n    \u003Cdiv class=\u0022teaser-content\u0022\u003E\n                    \u003Cdiv class=\u0022teaser-content--kicker\u0022\u003E\n                    Recht\n        \u003C\/div\u003E\n                                              \n                        \n        \u003Ch4 class=\u0022teaser-content--headline\u0022\u003E\n                                Kamin am falschen \n                              \u003Cspan class=\u0022headline-last-word-arrow\u0022\u003EOrt                      \u003C\/span\u003E\n        \u003C\/h4\u003E\n            \u003Cdiv class=\u0022teaser-content--publishing-date\u0022\u003E\u003Ctime datetime=\u00222020-03-02T15:07:25Z\u0022\u003E02.03.2020\u003C\/time\u003E\n\u003C\/div\u003E\u003Cspan class=\u0022teaser-content--publishing-date-divider\u0022\u003E - \u003C\/span\u003E\u003Cdiv class=\u0022teaser-content--body\u0022\u003E\u003Cp\u003EVor dem Neubau einer Immobilie fand ein Ortstermin statt, bei dem es unter anderem um den Standort eines Kamins f\u00fcr eine Pellet-Heizungsanlage ging. Auch der Bezirksschornsteinfeger war zugegen, verma\u00df die Entfernungen zum Nachbargrundst\u00fcck und gab \u201egr\u00fcnes Licht\u201c f\u00fcr die vorgesehene Ausf\u00fchrung. Eine folgenschwere Auskunft.\u003C\/p\u003E\n\u003C\/div\u003E\n                        \u003Cspan class=\u0022read-more-arrow-container\u0022\u003E\n            \u003Cspan class=\u0022read-more-angled-arrow\u0022\u003E \u003C\/span\u003E\n          \u003C\/span\u003E\n                  \u003C\/div\u003E\n    \u003C\/a\u003E\n\u003Ca href=\u0022\/recht\/recht-abrissverfuegung-gilt-auch-fuer-kaeufer\u0022  class=\u0022teaser teaser--standard\u0022 aria-label=\u0022Abrissverf\u00fcgung gilt auch f\u00fcr K\u00e4ufer\u0022\u003E\n      \u003Cdiv class=\u0022teaser-content--image\u0022\u003E\n        \u003Cfigure class=\u0022image--figure\u0022\u003E\n        \u003Cpicture\u003E\n                        \u003Csource srcset=\u0022\/sites\/default\/files\/styles\/teaser_standard__m\/public\/ulmer\/de-geb\/image\/binarydata_original_881680.jpg.webp?itok=5Vfad5bz 1x\u0022 media=\u0022(min-width: 48.0625em) and (max-width: 64em)\u0022 type=\u0022image\/webp\u0022 width=\u0022323\u0022 height=\u0022228\u0022\/\u003E\n                  \u003Csource srcset=\u0022\/sites\/default\/files\/styles\/teaser_standard__l\/public\/ulmer\/de-geb\/image\/binarydata_original_881680.jpg.webp?itok=-C6aqJ-O 1x\u0022 media=\u0022(min-width: 64.0625em)\u0022 type=\u0022image\/webp\u0022 width=\u0022203\u0022 height=\u0022143\u0022\/\u003E\n                  \u003Csource srcset=\u0022\/sites\/default\/files\/styles\/teaser_standard__m\/public\/ulmer\/de-geb\/image\/binarydata_original_881680.jpg?itok=k2mQHT-n 1x\u0022 media=\u0022(min-width: 48.0625em) and (max-width: 64em)\u0022 type=\u0022image\/jpeg\u0022 width=\u0022323\u0022 height=\u0022228\u0022\/\u003E\n                  \u003Csource srcset=\u0022\/sites\/default\/files\/styles\/teaser_standard__l\/public\/ulmer\/de-geb\/image\/binarydata_original_881680.jpg?itok=kC2xzkwL 1x\u0022 media=\u0022(min-width: 64.0625em)\u0022 type=\u0022image\/jpeg\u0022 width=\u0022203\u0022 height=\u0022143\u0022\/\u003E\n                          \u003Cimg loading=\u0022eager\u0022 data-caption-hide width=\u0022565\u0022 height=\u0022398\u0022 data-zoomed=\u0022https:\/\/www.tga-fachplaner.de\/sites\/default\/files\/styles\/content__zoomed\/public\/ulmer\/de-geb\/image\/binarydata_original_881680.jpg?itok=3ynDhYC-\u0022 src=\u0022\/sites\/default\/files\/styles\/teaser_standard__s\/public\/ulmer\/de-geb\/image\/binarydata_original_881680.jpg?itok=afYG33FB\u0022 title=\u0022\u00a9 Tomicek \/ LBS\n\u0022 \/\u003E\n\n    \u003C\/picture\u003E\n      \u003Cfigcaption class=\u0022image--figcaption\u0022\u003E\n          \u003Cdiv class=\u0022copyright\u0022\u003ETomicek \/ LBS\n\u003C\/div\u003E\n          \u003C\/figcaption\u003E\n\u003C\/figure\u003E\n\n\n    \u003C\/div\u003E\n    \u003Cdiv class=\u0022teaser-content\u0022\u003E\n                    \u003Cdiv class=\u0022teaser-content--kicker\u0022\u003E\n                    Recht\n        \u003C\/div\u003E\n                                              \n                        \n        \u003Ch4 class=\u0022teaser-content--headline\u0022\u003E\n                                Abrissverf\u00fcgung gilt auch f\u00fcr \n                              \u003Cspan class=\u0022headline-last-word-arrow\u0022\u003EK\u00e4ufer                      \u003C\/span\u003E\n        \u003C\/h4\u003E\n            \u003Cdiv class=\u0022teaser-content--publishing-date\u0022\u003E\u003Ctime datetime=\u00222019-07-10T20:03:14Z\u0022\u003E10.07.2019\u003C\/time\u003E\n\u003C\/div\u003E\u003Cspan class=\u0022teaser-content--publishing-date-divider\u0022\u003E - \u003C\/span\u003E\u003Cdiv class=\u0022teaser-content--body\u0022\u003E\u003Cp\u003EDass der Erwerber eines Grundst\u00fccks eine bereits vom Voreigent\u00fcmer beantragte und beh\u00f6rdlich genehmigte Baugenehmigung \u00fcbernehmen kann, ist weitgehend bekannt. Weniger bekannt d\u00fcrfte sein, dass auch das Gegenteil gilt.\u003C\/p\u003E\n\u003C\/div\u003E\n                        \u003Cspan class=\u0022read-more-arrow-container\u0022\u003E\n            \u003Cspan class=\u0022read-more-angled-arrow\u0022\u003E \u003C\/span\u003E\n          \u003C\/span\u003E\n                  \u003C\/div\u003E\n    \u003C\/a\u003E\n\u003Ca href=\u0022\/energietechnik\/eigenversorgung-das-energierecht-ist-mit-fallstricken-gespickt\u0022  class=\u0022teaser teaser--standard\u0022 aria-label=\u0022Das Energierecht ist mit Fallstricken gespickt\u0022\u003E\n      \u003Cdiv class=\u0022teaser-content--image\u0022\u003E\n        \u003Cfigure class=\u0022image--figure\u0022\u003E\n        \u003Cpicture\u003E\n                        \u003Csource srcset=\u0022\/sites\/default\/files\/styles\/teaser_standard__m\/public\/ulmer\/de-tga\/image\/binarydata_original_824263.jpg.webp?itok=6Le_ywjs 1x\u0022 media=\u0022(min-width: 48.0625em) and (max-width: 64em)\u0022 type=\u0022image\/webp\u0022 width=\u0022323\u0022 height=\u0022223\u0022\/\u003E\n                  \u003Csource srcset=\u0022\/sites\/default\/files\/styles\/teaser_standard__l\/public\/ulmer\/de-tga\/image\/binarydata_original_824263.jpg.webp?itok=uKUxyUle 1x\u0022 media=\u0022(min-width: 64.0625em)\u0022 type=\u0022image\/webp\u0022 width=\u0022203\u0022 height=\u0022140\u0022\/\u003E\n                  \u003Csource srcset=\u0022\/sites\/default\/files\/styles\/teaser_standard__m\/public\/ulmer\/de-tga\/image\/binarydata_original_824263.jpg?itok=MONVjvBS 1x\u0022 media=\u0022(min-width: 48.0625em) and (max-width: 64em)\u0022 type=\u0022image\/jpeg\u0022 width=\u0022323\u0022 height=\u0022223\u0022\/\u003E\n                  \u003Csource srcset=\u0022\/sites\/default\/files\/styles\/teaser_standard__l\/public\/ulmer\/de-tga\/image\/binarydata_original_824263.jpg?itok=t3CHTbXM 1x\u0022 media=\u0022(min-width: 64.0625em)\u0022 type=\u0022image\/jpeg\u0022 width=\u0022203\u0022 height=\u0022140\u0022\/\u003E\n                          \u003Cimg alt=\u0022\n\n\n\n1\n\u2002Viele Unternehmen setzen auf eigene Stromversorgung, wie die H. E. Reinert Westf\u00e4lische Privat-Schlachterei GmbH in Versmold mit einem Blockheizkraftwerk, und sehen sich mit immer komplexeren, b\u00fcrokratischen Herausforderungen konfrontiert. \n\u0022 loading=\u0022eager\u0022 data-caption-hide width=\u0022578\u0022 height=\u0022398\u0022 data-zoomed=\u0022https:\/\/www.tga-fachplaner.de\/sites\/default\/files\/styles\/content__zoomed\/public\/ulmer\/de-tga\/image\/binarydata_original_824263.jpg?itok=Io6jHyoe\u0022 src=\u0022\/sites\/default\/files\/styles\/teaser_standard__s\/public\/ulmer\/de-tga\/image\/binarydata_original_824263.jpg?itok=ptH_4MYe\u0022 title=\u0022\u00a9 H. E. Reinert\n\n\u0022 \/\u003E\n\n    \u003C\/picture\u003E\n      \u003Cfigcaption class=\u0022image--figcaption\u0022\u003E\n          \u003Cdiv class=\u0022copyright\u0022\u003EH. E. Reinert\n\n\u003C\/div\u003E\n          \u003C\/figcaption\u003E\n\u003C\/figure\u003E\n\n\n    \u003C\/div\u003E\n    \u003Cdiv class=\u0022teaser-content\u0022\u003E\n                    \u003Cdiv class=\u0022teaser-content--kicker\u0022\u003E\n                    Eigenversorgung\n        \u003C\/div\u003E\n                                              \n                        \n        \u003Ch4 class=\u0022teaser-content--headline\u0022\u003E\n                                Das Energierecht ist mit Fallstricken \n                              \u003Cspan class=\u0022headline-last-word-arrow\u0022\u003Egespickt              \u003Cspan\n                  class=\u0022permission-lock permission-lock-icon--lock\u0022\u003E\u003C\/span\u003E\n                                  \u003C\/span\u003E\n        \u003C\/h4\u003E\n            \u003Cdiv class=\u0022teaser-content--publishing-date\u0022\u003E\u003Ctime datetime=\u00222018-06-05T06:45:17Z\u0022\u003E05.06.2018\u003C\/time\u003E\n\u003C\/div\u003E\u003Cspan class=\u0022teaser-content--publishing-date-divider\u0022\u003E - \u003C\/span\u003E\u003Cdiv class=\u0022teaser-content--body\u0022\u003E\u003Cp\u003EViele Unternehmen und \u00f6ffentliche Einrichtungen erzeugen inzwischen eigenen Strom und W\u00e4rme durch Kraft-W\u00e4rme-Kopplung, meist per BHKW. Dabei m\u00fcssen sie zahlreiche energierechtliche Ge- und Verbote beachten. Besonders kompliziert wird es dann, wenn selbst erzeugter Strom auch an Dritte geliefert wird \u2013 wobei diese Belieferung mitunter gar nicht sofort erkennbar ist.\u003C\/p\u003E\n\u003C\/div\u003E\n                        \u003Cspan class=\u0022read-more-arrow-container\u0022\u003E\n            \u003Cspan class=\u0022read-more-angled-arrow\u0022\u003E \u003C\/span\u003E\n          \u003C\/span\u003E\n                  \u003C\/div\u003E\n    \u003C\/a\u003E\n\u003Ca href=\u0022\/recht\/recht-schornsteinfeger-kosten-von-der-steuer-absetzen\u0022  class=\u0022teaser teaser--standard\u0022 aria-label=\u0022Schornsteinfeger-Kosten von der Steuer absetzen\u0022\u003E\n      \u003Cdiv class=\u0022teaser-content--image\u0022\u003E\n        \u003Cfigure class=\u0022image--figure\u0022\u003E\n        \u003Cpicture\u003E\n                        \u003Csource srcset=\u0022\/sites\/default\/files\/styles\/teaser_standard__m\/public\/ulmer\/de-tga\/image\/binarydata_original_818201.jpg.webp?itok=s2P7LRdJ 1x\u0022 media=\u0022(min-width: 48.0625em) and (max-width: 64em)\u0022 type=\u0022image\/webp\u0022 width=\u0022323\u0022 height=\u0022215\u0022\/\u003E\n                  \u003Csource srcset=\u0022\/sites\/default\/files\/styles\/teaser_standard__l\/public\/ulmer\/de-tga\/image\/binarydata_original_818201.jpg.webp?itok=lBUy6HsL 1x\u0022 media=\u0022(min-width: 64.0625em)\u0022 type=\u0022image\/webp\u0022 width=\u0022203\u0022 height=\u0022135\u0022\/\u003E\n                  \u003Csource srcset=\u0022\/sites\/default\/files\/styles\/teaser_standard__m\/public\/ulmer\/de-tga\/image\/binarydata_original_818201.jpg?itok=FZPBaIE4 1x\u0022 media=\u0022(min-width: 48.0625em) and (max-width: 64em)\u0022 type=\u0022image\/jpeg\u0022 width=\u0022323\u0022 height=\u0022215\u0022\/\u003E\n                  \u003Csource srcset=\u0022\/sites\/default\/files\/styles\/teaser_standard__l\/public\/ulmer\/de-tga\/image\/binarydata_original_818201.jpg?itok=jzP80DHU 1x\u0022 media=\u0022(min-width: 64.0625em)\u0022 type=\u0022image\/jpeg\u0022 width=\u0022203\u0022 height=\u0022135\u0022\/\u003E\n                          \u003Cimg loading=\u0022eager\u0022 data-caption-hide width=\u0022597\u0022 height=\u0022398\u0022 data-zoomed=\u0022https:\/\/www.tga-fachplaner.de\/sites\/default\/files\/styles\/content__zoomed\/public\/ulmer\/de-tga\/image\/binarydata_original_818201.jpg?itok=uMafAfGz\u0022 src=\u0022\/sites\/default\/files\/styles\/teaser_standard__s\/public\/ulmer\/de-tga\/image\/binarydata_original_818201.jpg?itok=4YefQmvF\u0022 title=\u0022\u00a9 Vereinigte Lohnsteuerhilfe e.V. \/ VLH\n\u0022 \/\u003E\n\n    \u003C\/picture\u003E\n      \u003Cfigcaption class=\u0022image--figcaption\u0022\u003E\n          \u003Cdiv class=\u0022copyright\u0022\u003EVereinigte Lohnsteuerhilfe e.V. \/ VLH\n\u003C\/div\u003E\n          \u003C\/figcaption\u003E\n\u003C\/figure\u003E\n\n\n    \u003C\/div\u003E\n    \u003Cdiv class=\u0022teaser-content\u0022\u003E\n                    \u003Cdiv class=\u0022teaser-content--kicker\u0022\u003E\n                    Recht\n        \u003C\/div\u003E\n                                              \n                        \n        \u003Ch4 class=\u0022teaser-content--headline\u0022\u003E\n                                Schornsteinfeger-Kosten von der Steuer \n                              \u003Cspan class=\u0022headline-last-word-arrow\u0022\u003Eabsetzen                      \u003C\/span\u003E\n        \u003C\/h4\u003E\n            \u003Cdiv class=\u0022teaser-content--publishing-date\u0022\u003E\u003Ctime datetime=\u00222018-05-02T08:52:32Z\u0022\u003E02.05.2018\u003C\/time\u003E\n\u003C\/div\u003E\u003Cspan class=\u0022teaser-content--publishing-date-divider\u0022\u003E - \u003C\/span\u003E\u003Cdiv class=\u0022teaser-content--body\u0022\u003E\u003Cp\u003EEr soll Gl\u00fcck bringen und hinterl\u00e4sst doch regelm\u00e4\u00dfig eine Rechnung: der Schornsteinfeger. Die gute Nachricht: Man kann den Fiskus an den Ausgaben f\u00fcr Schornsteinfeger-Leistungen beteiligen, auch als Mieter.\u003C\/p\u003E\n\u003C\/div\u003E\n                        \u003Cspan class=\u0022read-more-arrow-container\u0022\u003E\n            \u003Cspan class=\u0022read-more-angled-arrow\u0022\u003E \u003C\/span\u003E\n          \u003C\/span\u003E\n                  \u003C\/div\u003E\n    \u003C\/a\u003E\n\u003Ca href=\u0022\/baurecht\/baurecht-das-neue-bauvertragsrecht-2018\u0022  class=\u0022teaser teaser--standard\u0022 aria-label=\u0022Das neue Bauvertragsrecht 2018\u0022\u003E\n      \u003Cdiv class=\u0022teaser-content--image\u0022\u003E\n        \u003Cfigure class=\u0022image--figure\u0022\u003E\n        \u003Cpicture\u003E\n                        \u003Csource srcset=\u0022\/sites\/default\/files\/styles\/teaser_standard__m\/public\/ulmer\/de-tga\/image\/binarydata_original_807885.jpg.webp?itok=rBO4IT9T 1x\u0022 media=\u0022(min-width: 48.0625em) and (max-width: 64em)\u0022 type=\u0022image\/webp\u0022 width=\u0022323\u0022 height=\u0022215\u0022\/\u003E\n                  \u003Csource srcset=\u0022\/sites\/default\/files\/styles\/teaser_standard__l\/public\/ulmer\/de-tga\/image\/binarydata_original_807885.jpg.webp?itok=9U0QB1KD 1x\u0022 media=\u0022(min-width: 64.0625em)\u0022 type=\u0022image\/webp\u0022 width=\u0022203\u0022 height=\u0022135\u0022\/\u003E\n                  \u003Csource srcset=\u0022\/sites\/default\/files\/styles\/teaser_standard__m\/public\/ulmer\/de-tga\/image\/binarydata_original_807885.jpg?itok=38lmUMeP 1x\u0022 media=\u0022(min-width: 48.0625em) and (max-width: 64em)\u0022 type=\u0022image\/jpeg\u0022 width=\u0022323\u0022 height=\u0022215\u0022\/\u003E\n                  \u003Csource srcset=\u0022\/sites\/default\/files\/styles\/teaser_standard__l\/public\/ulmer\/de-tga\/image\/binarydata_original_807885.jpg?itok=rGokWHO6 1x\u0022 media=\u0022(min-width: 64.0625em)\u0022 type=\u0022image\/jpeg\u0022 width=\u0022203\u0022 height=\u0022135\u0022\/\u003E\n                          \u003Cimg loading=\u0022eager\u0022 data-caption-hide width=\u0022597\u0022 height=\u0022398\u0022 data-zoomed=\u0022https:\/\/www.tga-fachplaner.de\/sites\/default\/files\/styles\/content__zoomed\/public\/ulmer\/de-tga\/image\/binarydata_original_807885.jpg?itok=LWR5dCG0\u0022 src=\u0022\/sites\/default\/files\/styles\/teaser_standard__s\/public\/ulmer\/de-tga\/image\/binarydata_original_807885.jpg?itok=u732FrT6\u0022 title=\u0022\u00a9 BayIka\n\u0022 \/\u003E\n\n    \u003C\/picture\u003E\n      \u003Cfigcaption class=\u0022image--figcaption\u0022\u003E\n          \u003Cdiv class=\u0022copyright\u0022\u003EBayIka\n\u003C\/div\u003E\n          \u003C\/figcaption\u003E\n\u003C\/figure\u003E\n\n\n    \u003C\/div\u003E\n    \u003Cdiv class=\u0022teaser-content\u0022\u003E\n                    \u003Cdiv class=\u0022teaser-content--kicker\u0022\u003E\n                    Baurecht\n        \u003C\/div\u003E\n                                              \n                        \n        \u003Ch4 class=\u0022teaser-content--headline\u0022\u003E\n                                Das neue Bauvertragsrecht \n                              \u003Cspan class=\u0022headline-last-word-arrow\u0022\u003E2018                      \u003C\/span\u003E\n        \u003C\/h4\u003E\n            \u003Cdiv class=\u0022teaser-content--publishing-date\u0022\u003E\u003Ctime datetime=\u00222018-02-21T08:55:37Z\u0022\u003E21.02.2018\u003C\/time\u003E\n\u003C\/div\u003E\u003Cspan class=\u0022teaser-content--publishing-date-divider\u0022\u003E - \u003C\/span\u003E\u003Cdiv class=\u0022teaser-content--body\u0022\u003E\u003Cp\u003EDie Bayerische Ingenieurekammer-Bau hat zu dem am 1. Januar 2018 in Kraft getretenen \u201eGesetz zur Reform des Bauvertragsrechts und zur \u00c4nderung der kaufrechtlichen M\u00e4ngelhaftung\u201c eine Informationsschrift mit den wichtigsten \u00c4nderungen ver\u00f6ffentlicht.\u003C\/p\u003E\n\u003C\/div\u003E\n                        \u003Cspan class=\u0022read-more-arrow-container\u0022\u003E\n            \u003Cspan class=\u0022read-more-angled-arrow\u0022\u003E \u003C\/span\u003E\n          \u003C\/span\u003E\n                  \u003C\/div\u003E\n    \u003C\/a\u003E\n\u003Ca href=\u0022\/recht\/recht-jederzeit-sofort-warmwasser\u0022  class=\u0022teaser teaser--standard\u0022 aria-label=\u0022Jederzeit sofort Warmwasser?\u0022\u003E\n      \u003Cdiv class=\u0022teaser-content--image\u0022\u003E\n              \u003Cpicture\u003E\n                        \u003Csource srcset=\u0022\/sites\/default\/files\/styles\/teaser_standard__m\/public\/ulmer\/de-tga\/image\/binarydata_original_801796.jpg.webp?itok=6xLrUtJu 1x\u0022 media=\u0022(min-width: 48.0625em) and (max-width: 64em)\u0022 type=\u0022image\/webp\u0022 width=\u0022323\u0022 height=\u0022240\u0022\/\u003E\n                  \u003Csource srcset=\u0022\/sites\/default\/files\/styles\/teaser_standard__l\/public\/ulmer\/de-tga\/image\/binarydata_original_801796.jpg.webp?itok=72_s7Dfv 1x\u0022 media=\u0022(min-width: 64.0625em)\u0022 type=\u0022image\/webp\u0022 width=\u0022203\u0022 height=\u0022151\u0022\/\u003E\n                  \u003Csource srcset=\u0022\/sites\/default\/files\/styles\/teaser_standard__m\/public\/ulmer\/de-tga\/image\/binarydata_original_801796.jpg?itok=p3y88tLA 1x\u0022 media=\u0022(min-width: 48.0625em) and (max-width: 64em)\u0022 type=\u0022image\/jpeg\u0022 width=\u0022323\u0022 height=\u0022240\u0022\/\u003E\n                  \u003Csource srcset=\u0022\/sites\/default\/files\/styles\/teaser_standard__l\/public\/ulmer\/de-tga\/image\/binarydata_original_801796.jpg?itok=6dp5uNrQ 1x\u0022 media=\u0022(min-width: 64.0625em)\u0022 type=\u0022image\/jpeg\u0022 width=\u0022203\u0022 height=\u0022151\u0022\/\u003E\n                          \u003Cimg loading=\u0022eager\u0022 data-caption-hide width=\u0022536\u0022 height=\u0022398\u0022 data-zoomed=\u0022https:\/\/www.tga-fachplaner.de\/sites\/default\/files\/styles\/content__zoomed\/public\/ulmer\/de-tga\/image\/binarydata_original_801796.jpg?itok=r79vlSWe\u0022 src=\u0022\/sites\/default\/files\/styles\/teaser_standard__s\/public\/ulmer\/de-tga\/image\/binarydata_original_801796.jpg?itok=N_tDlJtp\u0022 \/\u003E\n\n    \u003C\/picture\u003E\n    \n\n    \u003C\/div\u003E\n    \u003Cdiv class=\u0022teaser-content\u0022\u003E\n                    \u003Cdiv class=\u0022teaser-content--kicker\u0022\u003E\n                    Recht\n        \u003C\/div\u003E\n                                              \n                        \n        \u003Ch4 class=\u0022teaser-content--headline\u0022\u003E\n                                Jederzeit sofort \n                              \u003Cspan class=\u0022headline-last-word-arrow\u0022\u003EWarmwasser?                      \u003C\/span\u003E\n        \u003C\/h4\u003E\n            \u003Cdiv class=\u0022teaser-content--publishing-date\u0022\u003E\u003Ctime datetime=\u00222018-01-10T15:37:50Z\u0022\u003E10.01.2018\u003C\/time\u003E\n\u003C\/div\u003E\u003Cspan class=\u0022teaser-content--publishing-date-divider\u0022\u003E - \u003C\/span\u003E\u003Cdiv class=\u0022teaser-content--body\u0022\u003E\u003Cp\u003EEs mag zwar f\u00fcr den einzelnen Bewohner eines Hauses w\u00fcnschenswert sein, wenn auch mitten in der Nacht noch auf Anhieb warmes Wasser aus den Leitungen kommt. Doch eine Eigent\u00fcmergemeinschaft kann sich dagegen verwahren, die Kosten f\u00fcr diesen Service begleichen zu m\u00fcssen.\u003C\/p\u003E\n\u003C\/div\u003E\n                        \u003Cspan class=\u0022read-more-arrow-container\u0022\u003E\n            \u003Cspan class=\u0022read-more-angled-arrow\u0022\u003E \u003C\/span\u003E\n          \u003C\/span\u003E\n                  \u003C\/div\u003E\n    \u003C\/a\u003E\n\u003Ca href=\u0022\/recht\/recht-aussengeraet-erhebliche-optische-beeintraechtigung-0\u0022  class=\u0022teaser teaser--standard\u0022 aria-label=\u0022Au\u00dfenger\u00e4t: \u201cErhebliche optische Beeintr\u00e4chtigung\u201c\u0022\u003E\n      \u003Cdiv class=\u0022teaser-content--image\u0022\u003E\n              \u003Cpicture\u003E\n                        \u003Csource srcset=\u0022\/sites\/default\/files\/styles\/teaser_standard__m\/public\/ulmer\/de-tga\/image\/binarydata_original_794905.jpg.webp?itok=QNbJ2Em2 1x\u0022 media=\u0022(min-width: 48.0625em) and (max-width: 64em)\u0022 type=\u0022image\/webp\u0022 width=\u0022323\u0022 height=\u0022227\u0022\/\u003E\n                  \u003Csource srcset=\u0022\/sites\/default\/files\/styles\/teaser_standard__l\/public\/ulmer\/de-tga\/image\/binarydata_original_794905.jpg.webp?itok=HFhxRC1l 1x\u0022 media=\u0022(min-width: 64.0625em)\u0022 type=\u0022image\/webp\u0022 width=\u0022203\u0022 height=\u0022143\u0022\/\u003E\n                  \u003Csource srcset=\u0022\/sites\/default\/files\/styles\/teaser_standard__m\/public\/ulmer\/de-tga\/image\/binarydata_original_794905.jpg?itok=Bb1aySLL 1x\u0022 media=\u0022(min-width: 48.0625em) and (max-width: 64em)\u0022 type=\u0022image\/jpeg\u0022 width=\u0022323\u0022 height=\u0022227\u0022\/\u003E\n                  \u003Csource srcset=\u0022\/sites\/default\/files\/styles\/teaser_standard__l\/public\/ulmer\/de-tga\/image\/binarydata_original_794905.jpg?itok=ZLczuzDf 1x\u0022 media=\u0022(min-width: 64.0625em)\u0022 type=\u0022image\/jpeg\u0022 width=\u0022203\u0022 height=\u0022143\u0022\/\u003E\n                          \u003Cimg loading=\u0022eager\u0022 data-caption-hide width=\u0022566\u0022 height=\u0022398\u0022 data-zoomed=\u0022https:\/\/www.tga-fachplaner.de\/sites\/default\/files\/styles\/content__zoomed\/public\/ulmer\/de-tga\/image\/binarydata_original_794905.jpg?itok=X-S2ZnUe\u0022 src=\u0022\/sites\/default\/files\/styles\/teaser_standard__s\/public\/ulmer\/de-tga\/image\/binarydata_original_794905.jpg?itok=wD2V_0lZ\u0022 \/\u003E\n\n    \u003C\/picture\u003E\n    \n\n    \u003C\/div\u003E\n    \u003Cdiv class=\u0022teaser-content\u0022\u003E\n                    \u003Cdiv class=\u0022teaser-content--kicker\u0022\u003E\n                    Recht\n        \u003C\/div\u003E\n                                              \n                        \n        \u003Ch4 class=\u0022teaser-content--headline\u0022\u003E\n                                Au\u00dfenger\u00e4t: \u201cErhebliche optische \n                              \u003Cspan class=\u0022headline-last-word-arrow\u0022\u003EBeeintr\u00e4chtigung\u201c                      \u003C\/span\u003E\n        \u003C\/h4\u003E\n            \u003Cdiv class=\u0022teaser-content--publishing-date\u0022\u003E\u003Ctime datetime=\u00222017-11-25T12:53:21Z\u0022\u003E25.11.2017\u003C\/time\u003E\n\u003C\/div\u003E\u003Cspan class=\u0022teaser-content--publishing-date-divider\u0022\u003E - \u003C\/span\u003E\u003Cdiv class=\u0022teaser-content--body\u0022\u003E\u003Cp\u003EIm Herbst und Winter befassen sich die wenigsten Menschen mit dem Thema Klimaanlage. Doch manchmal w\u00e4re das vielleicht ratsam. Wenn n\u00e4mlich ein Wohnungseigent\u00fcmer eine solche Anlage an der Hausfassade anbringen will, dann sollte er\u2026\u003C\/p\u003E\n\u003C\/div\u003E\n                        \u003Cspan class=\u0022read-more-arrow-container\u0022\u003E\n            \u003Cspan class=\u0022read-more-angled-arrow\u0022\u003E \u003C\/span\u003E\n          \u003C\/span\u003E\n                  \u003C\/div\u003E\n    \u003C\/a\u003E\n\u003Ca href=\u0022\/anlagentechnik\/anlagentechnik-trws-791-2-das-muessen-fachbetriebe-wissen\u0022  class=\u0022teaser teaser--standard\u0022 aria-label=\u0022TRwS 791-2: Das m\u00fcssen Fachbetriebe wissen\u0022\u003E\n      \u003Cdiv class=\u0022teaser-content--image\u0022\u003E\n        \u003Cfigure class=\u0022image--figure\u0022\u003E\n        \u003Cpicture\u003E\n                        \u003Csource srcset=\u0022\/sites\/default\/files\/styles\/teaser_standard__m\/public\/ulmer\/de-tga\/image\/binarydata_original_772623.jpg.webp?itok=E-Qng6sQ 1x\u0022 media=\u0022(min-width: 48.0625em) and (max-width: 64em)\u0022 type=\u0022image\/webp\u0022 width=\u0022323\u0022 height=\u0022215\u0022\/\u003E\n                  \u003Csource srcset=\u0022\/sites\/default\/files\/styles\/teaser_standard__l\/public\/ulmer\/de-tga\/image\/binarydata_original_772623.jpg.webp?itok=CmGiM3Tk 1x\u0022 media=\u0022(min-width: 64.0625em)\u0022 type=\u0022image\/webp\u0022 width=\u0022203\u0022 height=\u0022135\u0022\/\u003E\n                  \u003Csource srcset=\u0022\/sites\/default\/files\/styles\/teaser_standard__m\/public\/ulmer\/de-tga\/image\/binarydata_original_772623.jpg?itok=0xLOFXKm 1x\u0022 media=\u0022(min-width: 48.0625em) and (max-width: 64em)\u0022 type=\u0022image\/jpeg\u0022 width=\u0022323\u0022 height=\u0022215\u0022\/\u003E\n                  \u003Csource srcset=\u0022\/sites\/default\/files\/styles\/teaser_standard__l\/public\/ulmer\/de-tga\/image\/binarydata_original_772623.jpg?itok=Zt3y_xsg 1x\u0022 media=\u0022(min-width: 64.0625em)\u0022 type=\u0022image\/jpeg\u0022 width=\u0022203\u0022 height=\u0022135\u0022\/\u003E\n                          \u003Cimg loading=\u0022eager\u0022 data-caption-hide width=\u0022597\u0022 height=\u0022398\u0022 data-zoomed=\u0022https:\/\/www.tga-fachplaner.de\/sites\/default\/files\/styles\/content__zoomed\/public\/ulmer\/de-tga\/image\/binarydata_original_772623.jpg?itok=r0wMim2K\u0022 src=\u0022\/sites\/default\/files\/styles\/teaser_standard__s\/public\/ulmer\/de-tga\/image\/binarydata_original_772623.jpg?itok=QfCgmaLG\u0022 title=\u0022\u00a9 IWO\n\u0022 \/\u003E\n\n    \u003C\/picture\u003E\n      \u003Cfigcaption class=\u0022image--figcaption\u0022\u003E\n          \u003Cdiv class=\u0022copyright\u0022\u003EIWO\n\u003C\/div\u003E\n          \u003C\/figcaption\u003E\n\u003C\/figure\u003E\n\n\n    \u003C\/div\u003E\n    \u003Cdiv class=\u0022teaser-content\u0022\u003E\n                    \u003Cdiv class=\u0022teaser-content--kicker\u0022\u003E\n                    Anlagentechnik\n        \u003C\/div\u003E\n                                              \n                        \n        \u003Ch4 class=\u0022teaser-content--headline\u0022\u003E\n                                TRwS 791-2: Das m\u00fcssen Fachbetriebe \n                              \u003Cspan class=\u0022headline-last-word-arrow\u0022\u003Ewissen                      \u003C\/span\u003E\n        \u003C\/h4\u003E\n            \u003Cdiv class=\u0022teaser-content--publishing-date\u0022\u003E\u003Ctime datetime=\u00222017-06-29T05:53:56Z\u0022\u003E29.06.2017\u003C\/time\u003E\n\u003C\/div\u003E\u003Cspan class=\u0022teaser-content--publishing-date-divider\u0022\u003E - \u003C\/span\u003E\u003Cdiv class=\u0022teaser-content--body\u0022\u003E\u003Cp\u003EDie k\u00fcrzlich ver\u00f6ffentlichte \u201eTechnische Regel wassergef\u00e4hrdender Stoffe \u2013 Heiz\u00f6lverbraucheranlagen \u2013 Teil 2: Anforderungen an bestehende Heiz\u00f6lverbraucheranlagen\u201c (TRwS 791-2) konkretisiert die technischen und betrieblichen Anforderungen f\u00fcr Heiz\u00f6lverbraucheranlagen, die vor Februar 2015 errichtet wurden und bringt \u00c4nderungen f\u00fcr Fachbetriebe mit sich.\u003C\/p\u003E\n\u003C\/div\u003E\n                        \u003Cspan class=\u0022read-more-arrow-container\u0022\u003E\n            \u003Cspan class=\u0022read-more-angled-arrow\u0022\u003E \u003C\/span\u003E\n          \u003C\/span\u003E\n                  \u003C\/div\u003E\n    \u003C\/a\u003E\n\u003Ca href=\u0022\/recht\/gewerblicher-gebrauch-von-messenger-diensten-haftung-und-ansprueche-bei-der-nutzung-von\u0022  class=\u0022teaser teaser--standard\u0022 aria-label=\u0022Haftung und Anspr\u00fcche bei der Nutzung von WhatsApp\u0022\u003E\n      \u003Cdiv class=\u0022teaser-content--image\u0022\u003E\n        \u003Cfigure class=\u0022image--figure\u0022\u003E\n        \u003Cpicture\u003E\n                        \u003Csource srcset=\u0022\/sites\/default\/files\/styles\/teaser_standard__m\/public\/ulmer\/de-tga\/image\/binarydata_original_737318.jpg.webp?itok=jGeUGv1g 1x\u0022 media=\u0022(min-width: 48.0625em) and (max-width: 64em)\u0022 type=\u0022image\/webp\u0022 width=\u0022323\u0022 height=\u0022211\u0022\/\u003E\n                  \u003Csource srcset=\u0022\/sites\/default\/files\/styles\/teaser_standard__l\/public\/ulmer\/de-tga\/image\/binarydata_original_737318.jpg.webp?itok=Xn3oWFHA 1x\u0022 media=\u0022(min-width: 64.0625em)\u0022 type=\u0022image\/webp\u0022 width=\u0022203\u0022 height=\u0022133\u0022\/\u003E\n                  \u003Csource srcset=\u0022\/sites\/default\/files\/styles\/teaser_standard__m\/public\/ulmer\/de-tga\/image\/binarydata_original_737318.jpg?itok=EChpM4Wc 1x\u0022 media=\u0022(min-width: 48.0625em) and (max-width: 64em)\u0022 type=\u0022image\/jpeg\u0022 width=\u0022323\u0022 height=\u0022211\u0022\/\u003E\n                  \u003Csource srcset=\u0022\/sites\/default\/files\/styles\/teaser_standard__l\/public\/ulmer\/de-tga\/image\/binarydata_original_737318.jpg?itok=y8JP5rMy 1x\u0022 media=\u0022(min-width: 64.0625em)\u0022 type=\u0022image\/jpeg\u0022 width=\u0022203\u0022 height=\u0022133\u0022\/\u003E\n                          \u003Cimg alt=\u0022\n\n\n\n1\n\u2002Werden aus der gewerblichen WhatsApp-Nutzung Anspr\u00fcche gestellt oder Bu\u00dfgelder erhoben, so gehen diese regelm\u00e4\u00dfig mit einem Straftatbestand einher. Damit f\u00e4llt die Nutzung regelm\u00e4\u00dfig aus dem Versicherungsschutz einer jeden Versicherungsform heraus. \n\u0022 loading=\u0022eager\u0022 data-caption-hide width=\u0022608\u0022 height=\u0022398\u0022 data-zoomed=\u0022https:\/\/www.tga-fachplaner.de\/sites\/default\/files\/styles\/content__zoomed\/public\/ulmer\/de-tga\/image\/binarydata_original_737318.jpg?itok=-PbGuWtM\u0022 src=\u0022\/sites\/default\/files\/styles\/teaser_standard__s\/public\/ulmer\/de-tga\/image\/binarydata_original_737318.jpg?itok=OkeIuguY\u0022 title=\u0022\u00a9 Goodluz \/ iStock \/ Thinkstock\n\n\u0022 \/\u003E\n\n    \u003C\/picture\u003E\n      \u003Cfigcaption class=\u0022image--figcaption\u0022\u003E\n          \u003Cdiv class=\u0022copyright\u0022\u003EGoodluz \/ iStock \/ Thinkstock\n\n\u003C\/div\u003E\n          \u003C\/figcaption\u003E\n\u003C\/figure\u003E\n\n\n    \u003C\/div\u003E\n    \u003Cdiv class=\u0022teaser-content\u0022\u003E\n                    \u003Cdiv class=\u0022teaser-content--kicker\u0022\u003E\n                    Gewerblicher Gebrauch von Messenger-Diensten\n        \u003C\/div\u003E\n                                              \n                        \n        \u003Ch4 class=\u0022teaser-content--headline\u0022\u003E\n                                Haftung und Anspr\u00fcche bei der Nutzung von \n                              \u003Cspan class=\u0022headline-last-word-arrow\u0022\u003EWhatsApp                      \u003C\/span\u003E\n        \u003C\/h4\u003E\n            \u003Cdiv class=\u0022teaser-content--publishing-date\u0022\u003E\u003Ctime datetime=\u00222016-10-31T13:45:04Z\u0022\u003E31.10.2016\u003C\/time\u003E\n\u003C\/div\u003E\u003Cspan class=\u0022teaser-content--publishing-date-divider\u0022\u003E - \u003C\/span\u003E\u003Cdiv class=\u0022teaser-content--body\u0022\u003E\u003Cp\u003EInstant-Messaging-Dienste wie WhatsApp vermelden auch f\u00fcr Deutschland ein rasantes Wachstum aktiver Nutzer. Kommerzielle Anbieter, wie Architekten und Fachplaner, wollen deshalb \u2013 genauso wie gr\u00f6\u00dfere System- und Komponentenhersteller und Anlagenbauer \u2013 nicht den Anschluss verlieren. Schlie\u00dflich signalisiert man potenziellen Kunden mit der Nutzung eines solchen Dienstes, dass man nicht nur hip ist, sondern auch die \u201eschnelle Kommunikation\u201c beherrscht. Zwar ist WhatsApp vonseiten des Dienstes seit Kurzem offiziell f\u00fcr die kommerzielle Nutzung freigegeben, doch ein genauerer Blick zeigt: Mit deutschem Recht ist die gewerbliche Nutzung von WhatsApp kaum vereinbar.\u003C\/p\u003E\n\u003C\/div\u003E\n                        \u003Cspan class=\u0022read-more-arrow-container\u0022\u003E\n            \u003Cspan class=\u0022read-more-angled-arrow\u0022\u003E \u003C\/span\u003E\n          \u003C\/span\u003E\n                  \u003C\/div\u003E\n    \u003C\/a\u003E\n\u003Ca href=\u0022\/recht\/recht-zahlungspflicht-auch-bei-raetselhaftem-wasserverbrauch\u0022  class=\u0022teaser teaser--standard\u0022 aria-label=\u0022Zahlungspflicht auch bei r\u00e4tselhaftem Wasserverbrauch\u0022\u003E\n      \u003Cdiv class=\u0022teaser-content--image\u0022\u003E\n              \u003Cpicture\u003E\n                        \u003Csource srcset=\u0022\/sites\/default\/files\/styles\/teaser_standard__m\/public\/ulmer\/de-tga\/image\/binarydata_original_715684.jpg.webp?itok=sBpOxwPC 1x\u0022 media=\u0022(min-width: 48.0625em) and (max-width: 64em)\u0022 type=\u0022image\/webp\u0022 width=\u0022323\u0022 height=\u0022228\u0022\/\u003E\n                  \u003Csource srcset=\u0022\/sites\/default\/files\/styles\/teaser_standard__l\/public\/ulmer\/de-tga\/image\/binarydata_original_715684.jpg.webp?itok=7Pl6Tf9Q 1x\u0022 media=\u0022(min-width: 64.0625em)\u0022 type=\u0022image\/webp\u0022 width=\u0022203\u0022 height=\u0022143\u0022\/\u003E\n                  \u003Csource srcset=\u0022\/sites\/default\/files\/styles\/teaser_standard__m\/public\/ulmer\/de-tga\/image\/binarydata_original_715684.jpg?itok=p-WEIkeY 1x\u0022 media=\u0022(min-width: 48.0625em) and (max-width: 64em)\u0022 type=\u0022image\/jpeg\u0022 width=\u0022323\u0022 height=\u0022228\u0022\/\u003E\n                  \u003Csource srcset=\u0022\/sites\/default\/files\/styles\/teaser_standard__l\/public\/ulmer\/de-tga\/image\/binarydata_original_715684.jpg?itok=AvfQQ70f 1x\u0022 media=\u0022(min-width: 64.0625em)\u0022 type=\u0022image\/jpeg\u0022 width=\u0022203\u0022 height=\u0022143\u0022\/\u003E\n                          \u003Cimg loading=\u0022eager\u0022 data-caption-hide width=\u0022564\u0022 height=\u0022398\u0022 data-zoomed=\u0022https:\/\/www.tga-fachplaner.de\/sites\/default\/files\/styles\/content__zoomed\/public\/ulmer\/de-tga\/image\/binarydata_original_715684.jpg?itok=wwl8ZQ5i\u0022 src=\u0022\/sites\/default\/files\/styles\/teaser_standard__s\/public\/ulmer\/de-tga\/image\/binarydata_original_715684.jpg?itok=M0s4YUR1\u0022 \/\u003E\n\n    \u003C\/picture\u003E\n    \n\n    \u003C\/div\u003E\n    \u003Cdiv class=\u0022teaser-content\u0022\u003E\n                    \u003Cdiv class=\u0022teaser-content--kicker\u0022\u003E\n                    Recht\n        \u003C\/div\u003E\n                                              \n                        \n        \u003Ch4 class=\u0022teaser-content--headline\u0022\u003E\n                                Zahlungspflicht auch bei r\u00e4tselhaftem \n                              \u003Cspan class=\u0022headline-last-word-arrow\u0022\u003EWasserverbrauch                      \u003C\/span\u003E\n        \u003C\/h4\u003E\n            \u003Cdiv class=\u0022teaser-content--publishing-date\u0022\u003E\u003Ctime datetime=\u00222016-06-03T05:47:48Z\u0022\u003E03.06.2016\u003C\/time\u003E\n\u003C\/div\u003E\u003Cspan class=\u0022teaser-content--publishing-date-divider\u0022\u003E - \u003C\/span\u003E\u003Cdiv class=\u0022teaser-content--body\u0022\u003E\u003Cp\u003EDie blo\u00dfe Wahrscheinlichkeit reicht zur Entlastung eines Grundst\u00fcckseigent\u00fcmers nicht aus, wenn auf seinem Anwesen pl\u00f6tzlich der Wasserverbrauch nach oben schnellt. Kann er keinen technischen Defekt der Messger\u00e4te nachweisen, muss er den entsprechenden Betrag bezahlen.\u003C\/p\u003E\n\u003C\/div\u003E\n                        \u003Cspan class=\u0022read-more-arrow-container\u0022\u003E\n            \u003Cspan class=\u0022read-more-angled-arrow\u0022\u003E \u003C\/span\u003E\n          \u003C\/span\u003E\n                  \u003C\/div\u003E\n    \u003C\/a\u003E\n","entity_type":"node","used_ids":["",200077,197744,197495,194040,182042,178422,154932,151665,144506,144257,50629,30990,50768,49626,51755,51173,49664,30843,50062],"show_more":"\u003Cdiv class=\u0022del-show-more\u0022\u003E\u003Ca href=\u0022\/ajax\/del\/66eabb30-5e77-466f-8c40-9c0a656b87ad\/paragraph\/20\/19\/asc\/eyJub2RlIjp7ImlkIjoiMzAyODgiLCJ0eXBlIjoicGFnZSJ9fQ%3D%3D\u0022 title=\u0022Mehr Elemente anzeigen\u0022 class=\u0022del-show-more-link use-ajax\u0022 rel=\u0022nofollow\u0022 data-target-type=\u0022node\u0022 aria-controls=\u0022del--paragraph-567098--content\u0022 aria-label=\u0022Mehr Elemente anzeigen\u0022\u003EMehr anzeigen\u003C\/a\u003E\u003C\/div\u003E\n"}]