[{"command":"settings","settings":{"pluralDelimiter":"\u0003","suppressDeprecationErrors":true,"ajaxPageState":{"libraries":"eJxLzi9K1S_ITC4pLUpNy8zJ0UmpzEvMzUyOT80rySypjM_JLC7RL87IL4_PBaoEALH_EqY","theme":"ivory","theme_token":null},"ajaxTrustedUrl":[],"user":{"uid":0,"permissionsHash":"9c975576f1b96e43d31b3ff34c1ca6b53b6096ff14d83974ef00f2d68011e8fb"}},"merge":true},{"command":"add_css","data":[{"rel":"stylesheet","media":"all","href":"\/core\/themes\/stable9\/css\/core\/components\/progress.module.css?te7139"},{"rel":"stylesheet","media":"all","href":"\/core\/themes\/stable9\/css\/core\/components\/ajax-progress.module.css?te7139"},{"rel":"stylesheet","media":"all","href":"\/themes\/contrib\/gin\/dist\/css\/components\/ajax.css?te7139"}]},{"command":"add_js","selector":"body","data":[{"src":"\/core\/assets\/vendor\/jquery\/jquery.min.js?v=4.0.0"},{"src":"\/sites\/default\/files\/js\/js_bbNtUyzZwSqHFgQa7bDd4psVjQWTQR0CoG2VmPnBvV8.js?scope=footer\u0026delta=1\u0026language=de-tga\u0026theme=ivory\u0026include=eJxLqcxLzM1Mjk_NK8ksqYzPySwu0S_OyC-Pz80vSgUAtBcL_w"}]},{"command":"showMoreTeasers","id":"del--paragraph-567038","content":"\u003Ca href=\u0022\/planungsbuero\/digitale-bauzeitenplaner-software-fuer-die-termin-und-ressourcenplanung\u0022  class=\u0022teaser teaser--standard\u0022 aria-label=\u0022Software f\u00fcr die Termin- und Ressourcenplanung\u0022\u003E\n      \u003Cdiv class=\u0022teaser-content--image\u0022\u003E\n        \u003Cfigure class=\u0022image--figure\u0022\u003E\n        \u003Cpicture\u003E\n                        \u003Csource srcset=\u0022\/sites\/default\/files\/styles\/teaser_standard__m\/public\/aurora\/2026\/02\/506206.jpeg.webp?itok=HX8vuSBs 1x\u0022 media=\u0022(min-width: 48.0625em) and (max-width: 64em)\u0022 type=\u0022image\/webp\u0022 width=\u0022323\u0022 height=\u0022215\u0022\/\u003E\n                  \u003Csource srcset=\u0022\/sites\/default\/files\/styles\/teaser_standard__l\/public\/aurora\/2026\/02\/506206.jpeg.webp?itok=e0St2i5Q 1x\u0022 media=\u0022(min-width: 64.0625em)\u0022 type=\u0022image\/webp\u0022 width=\u0022203\u0022 height=\u0022135\u0022\/\u003E\n                  \u003Csource srcset=\u0022\/sites\/default\/files\/styles\/teaser_standard__m\/public\/aurora\/2026\/02\/506206.jpeg?itok=RPGgPzSN 1x\u0022 media=\u0022(min-width: 48.0625em) and (max-width: 64em)\u0022 type=\u0022image\/jpeg\u0022 width=\u0022323\u0022 height=\u0022215\u0022\/\u003E\n                  \u003Csource srcset=\u0022\/sites\/default\/files\/styles\/teaser_standard__l\/public\/aurora\/2026\/02\/506206.jpeg?itok=tU7qF6Qr 1x\u0022 media=\u0022(min-width: 64.0625em)\u0022 type=\u0022image\/jpeg\u0022 width=\u0022203\u0022 height=\u0022135\u0022\/\u003E\n                          \u003Cimg alt=\u0022Bild 1\u2002Mit digitalen Bauzeitenplanern k\u00f6nnen Projektleiter die zeitliche Abfolge, die Dauer und Abh\u00e4ngigkeiten einzelner T\u00e4tigkeiten planen und eine termingerechte Erledigung kontrollieren k\u00f6nnen.\u0022 loading=\u0022eager\u0022 data-caption-hide width=\u0022597\u0022 height=\u0022398\u0022 data-zoomed=\u0022https:\/\/www.tga-fachplaner.de\/sites\/default\/files\/styles\/content__zoomed\/public\/aurora\/2026\/02\/506206.jpeg?itok=K655WHa5\u0022 src=\u0022\/sites\/default\/files\/styles\/teaser_standard__s\/public\/aurora\/2026\/02\/506206.jpeg?itok=bQEE-Leb\u0022 title=\u0022\u00a9 Flexxter\u0022 \/\u003E\n\n    \u003C\/picture\u003E\n      \u003Cfigcaption class=\u0022image--figcaption\u0022\u003E\n          \u003Cdiv class=\u0022copyright\u0022\u003EFlexxter\u003C\/div\u003E\n          \u003C\/figcaption\u003E\n\u003C\/figure\u003E\n\n\n    \u003C\/div\u003E\n    \u003Cdiv class=\u0022teaser-content\u0022\u003E\n                    \u003Cdiv class=\u0022teaser-content--kicker\u0022\u003E\n                    Digitale Bauzeitenplaner\n        \u003C\/div\u003E\n                                              \n                        \n        \u003Ch4 class=\u0022teaser-content--headline\u0022\u003E\n                                Software f\u00fcr die Termin- und \n                              \u003Cspan class=\u0022headline-last-word-arrow\u0022\u003ERessourcenplanung              \u003Cspan\n                  class=\u0022permission-lock permission-lock-icon--lock\u0022\u003E\u003C\/span\u003E\n                                  \u003C\/span\u003E\n        \u003C\/h4\u003E\n            \u003Cdiv class=\u0022teaser-content--publishing-date\u0022\u003E\u003Ctime datetime=\u00222026-02-02T23:16:43Z\u0022\u003E03.02.2026\u003C\/time\u003E\n\u003C\/div\u003E\u003Cspan class=\u0022teaser-content--publishing-date-divider\u0022\u003E - \u003C\/span\u003E\u003Cdiv class=\u0022teaser-content--body\u0022\u003E\u003Cp\u003ESoftware f\u00fcr die Bauzeiten-, Termin- und Ressourcen\u00adplanung unter\u00adst\u00fctzt bei der \u00dcber\u00adwa\u00adchung und Opti\u00admie\u00adrung von Projekt\u00adab\u00adl\u00e4ufen und des Ressourcen\u00adein\u00adsatzes.\u003C\/p\u003E\n\u003C\/div\u003E\n                        \u003Cspan class=\u0022read-more-arrow-container\u0022\u003E\n            \u003Cspan class=\u0022read-more-angled-arrow\u0022\u003E \u003C\/span\u003E\n          \u003C\/span\u003E\n                  \u003C\/div\u003E\n    \u003C\/a\u003E\n\u003Ca href=\u0022\/gebaeudetechnik\/oekobilanzierung-der-tga-nachhaltigere-technik-zum-vorteil-der-gebaeude-planen\u0022  class=\u0022teaser teaser--standard\u0022 aria-label=\u0022Nachhaltigere Technik zum Vorteil der Geb\u00e4ude planen\u0022\u003E\n      \u003Cdiv class=\u0022teaser-content--image\u0022\u003E\n        \u003Cfigure class=\u0022image--figure\u0022\u003E\n        \u003Cpicture\u003E\n                        \u003Csource srcset=\u0022\/sites\/default\/files\/styles\/teaser_standard__m\/public\/aurora\/2026\/01\/500404.jpeg.webp?itok=ErLRtT9o 1x\u0022 media=\u0022(min-width: 48.0625em) and (max-width: 64em)\u0022 type=\u0022image\/webp\u0022 width=\u0022323\u0022 height=\u0022215\u0022\/\u003E\n                  \u003Csource srcset=\u0022\/sites\/default\/files\/styles\/teaser_standard__l\/public\/aurora\/2026\/01\/500404.jpeg.webp?itok=_OfSnc3v 1x\u0022 media=\u0022(min-width: 64.0625em)\u0022 type=\u0022image\/webp\u0022 width=\u0022203\u0022 height=\u0022135\u0022\/\u003E\n                  \u003Csource srcset=\u0022\/sites\/default\/files\/styles\/teaser_standard__m\/public\/aurora\/2026\/01\/500404.jpeg?itok=qEKvasOl 1x\u0022 media=\u0022(min-width: 48.0625em) and (max-width: 64em)\u0022 type=\u0022image\/jpeg\u0022 width=\u0022323\u0022 height=\u0022215\u0022\/\u003E\n                  \u003Csource srcset=\u0022\/sites\/default\/files\/styles\/teaser_standard__l\/public\/aurora\/2026\/01\/500404.jpeg?itok=3uwpZWql 1x\u0022 media=\u0022(min-width: 64.0625em)\u0022 type=\u0022image\/jpeg\u0022 width=\u0022203\u0022 height=\u0022135\u0022\/\u003E\n                          \u003Cimg alt=\u0022Bild 1\u2002In CAD- und BIM-Programmen enthaltene LCA-Funktionen erm\u00f6glichen eine nachhaltigere Planung und Fertigung.\u0022 loading=\u0022eager\u0022 data-caption-hide width=\u0022597\u0022 height=\u0022398\u0022 data-zoomed=\u0022https:\/\/www.tga-fachplaner.de\/sites\/default\/files\/styles\/content__zoomed\/public\/aurora\/2026\/01\/500404.jpeg?itok=JVxGBNDx\u0022 src=\u0022\/sites\/default\/files\/styles\/teaser_standard__s\/public\/aurora\/2026\/01\/500404.jpeg?itok=LaNl39Wn\u0022 title=\u0022\u00a9 iStock Andrey Popov, Graphisoft\u0022 \/\u003E\n\n    \u003C\/picture\u003E\n      \u003Cfigcaption class=\u0022image--figcaption\u0022\u003E\n          \u003Cdiv class=\u0022copyright\u0022\u003EiStock Andrey Popov, Graphisoft\u003C\/div\u003E\n          \u003C\/figcaption\u003E\n\u003C\/figure\u003E\n\n\n    \u003C\/div\u003E\n    \u003Cdiv class=\u0022teaser-content\u0022\u003E\n                    \u003Cdiv class=\u0022teaser-content--kicker\u0022\u003E\n                    \u00d6kobilanzierung in der TGA\n        \u003C\/div\u003E\n                                              \n                        \n        \u003Ch4 class=\u0022teaser-content--headline\u0022\u003E\n                                Nachhaltigere Technik zum Vorteil der Geb\u00e4ude \n                              \u003Cspan class=\u0022headline-last-word-arrow\u0022\u003Eplanen              \u003Cspan\n                  class=\u0022permission-lock permission-lock-icon--lock\u0022\u003E\u003C\/span\u003E\n                                  \u003C\/span\u003E\n        \u003C\/h4\u003E\n            \u003Cdiv class=\u0022teaser-content--publishing-date\u0022\u003E\u003Ctime datetime=\u00222026-01-08T17:50:34Z\u0022\u003E08.01.2026\u003C\/time\u003E\n\u003C\/div\u003E\u003Cspan class=\u0022teaser-content--publishing-date-divider\u0022\u003E - \u003C\/span\u003E\u003Cdiv class=\u0022teaser-content--body\u0022\u003E\u003Cp\u003EPCF, LCA, EPD, DPP, DoP \u2013 wer sich als TGA-Planer oder SHK-Installateur an nachhaltigen Projekten beteiligen will, kommt an diesen Abk\u00fcrzungen nicht vorbei.\u003C\/p\u003E\n\u003C\/div\u003E\n                        \u003Cspan class=\u0022read-more-arrow-container\u0022\u003E\n            \u003Cspan class=\u0022read-more-angled-arrow\u0022\u003E \u003C\/span\u003E\n          \u003C\/span\u003E\n                  \u003C\/div\u003E\n    \u003C\/a\u003E\n\u003Ca href=\u0022\/digitalisierung\/tgadigital-digitalisierung-ki-robotik-auf-baustellen-schon-bald-normal\u0022  class=\u0022teaser teaser--standard\u0022 aria-label=\u0022Digitalisierung, KI, Robotik: auf Baustellen schon bald normal?\u0022\u003E\n      \u003Cdiv class=\u0022teaser-content--image\u0022\u003E\n        \u003Cfigure class=\u0022image--figure\u0022\u003E\n        \u003Cpicture\u003E\n                        \u003Csource srcset=\u0022\/sites\/default\/files\/styles\/teaser_standard__m\/public\/aurora\/2026\/01\/501793.jpeg.webp?itok=AR47yb6Z 1x\u0022 media=\u0022(min-width: 48.0625em) and (max-width: 64em)\u0022 type=\u0022image\/webp\u0022 width=\u0022323\u0022 height=\u0022215\u0022\/\u003E\n                  \u003Csource srcset=\u0022\/sites\/default\/files\/styles\/teaser_standard__l\/public\/aurora\/2026\/01\/501793.jpeg.webp?itok=5hKf4B1H 1x\u0022 media=\u0022(min-width: 64.0625em)\u0022 type=\u0022image\/webp\u0022 width=\u0022203\u0022 height=\u0022135\u0022\/\u003E\n                  \u003Csource srcset=\u0022\/sites\/default\/files\/styles\/teaser_standard__m\/public\/aurora\/2026\/01\/501793.jpeg?itok=tpjF9n8E 1x\u0022 media=\u0022(min-width: 48.0625em) and (max-width: 64em)\u0022 type=\u0022image\/jpeg\u0022 width=\u0022323\u0022 height=\u0022215\u0022\/\u003E\n                  \u003Csource srcset=\u0022\/sites\/default\/files\/styles\/teaser_standard__l\/public\/aurora\/2026\/01\/501793.jpeg?itok=zftBm4rE 1x\u0022 media=\u0022(min-width: 64.0625em)\u0022 type=\u0022image\/jpeg\u0022 width=\u0022203\u0022 height=\u0022135\u0022\/\u003E\n                          \u003Cimg alt=\u0022Bild 1\u2002Mehr als 100 Fachleute aus unterschiedlichsten Zweigen der Baubranche setzten sich beim BIM-Fachkongress in der \u201eViega World\u201c intensiv mit den aktuellen Entwicklungen zur Zukunft des Bauens auseinander.\u0022 loading=\u0022eager\u0022 data-caption-hide width=\u0022597\u0022 height=\u0022398\u0022 data-zoomed=\u0022https:\/\/www.tga-fachplaner.de\/sites\/default\/files\/styles\/content__zoomed\/public\/aurora\/2026\/01\/501793.jpeg?itok=cgYee6iJ\u0022 src=\u0022\/sites\/default\/files\/styles\/teaser_standard__s\/public\/aurora\/2026\/01\/501793.jpeg?itok=b_2jxv9H\u0022 title=\u0022\u00a9 Viega \/ Udo Geisler\u0022 \/\u003E\n\n    \u003C\/picture\u003E\n      \u003Cfigcaption class=\u0022image--figcaption\u0022\u003E\n          \u003Cdiv class=\u0022copyright\u0022\u003EViega \/ Udo Geisler\u003C\/div\u003E\n          \u003C\/figcaption\u003E\n\u003C\/figure\u003E\n\n\n    \u003C\/div\u003E\n    \u003Cdiv class=\u0022teaser-content\u0022\u003E\n                    \u003Cdiv class=\u0022teaser-content--kicker\u0022\u003E\n                    TGA.Digital\n        \u003C\/div\u003E\n                                              \n                        \n        \u003Ch4 class=\u0022teaser-content--headline\u0022\u003E\n                                Digitalisierung, KI, Robotik: auf Baustellen schon bald \n                              \u003Cspan class=\u0022headline-last-word-arrow\u0022\u003Enormal?              \u003Cspan\n                  class=\u0022permission-lock permission-lock-icon--lock\u0022\u003E\u003C\/span\u003E\n                                  \u003C\/span\u003E\n        \u003C\/h4\u003E\n            \u003Cdiv class=\u0022teaser-content--publishing-date\u0022\u003E\u003Ctime datetime=\u00222026-01-05T11:12:50Z\u0022\u003E05.01.2026\u003C\/time\u003E\n\u003C\/div\u003E\u003Cspan class=\u0022teaser-content--publishing-date-divider\u0022\u003E - \u003C\/span\u003E\u003Cdiv class=\u0022teaser-content--body\u0022\u003E\u003Cp\u003EHohe Baukosten, Fachkr\u00e4fte\u00admangel sowie der Zwang zu nach\u00adhalti\u00adgerem Bauen und Be\u00adtrei\u00adben von Ge\u00adb\u00e4u\u00adden er\u00adfor\u00addern Auto\u00adma\u00adti\u00adsier\u00adung in der ge\u00adsam\u00adten Prozess\u00adkette.\u003C\/p\u003E\n\u003C\/div\u003E\n                        \u003Cspan class=\u0022read-more-arrow-container\u0022\u003E\n            \u003Cspan class=\u0022read-more-angled-arrow\u0022\u003E \u003C\/span\u003E\n          \u003C\/span\u003E\n                  \u003C\/div\u003E\n    \u003C\/a\u003E\n\u003Ca href=\u0022\/projektierung\/marktuebersicht-tga-cad-programme-und-trends-im-ueberblick\u0022  class=\u0022teaser teaser--standard\u0022 aria-label=\u0022TGA-CAD-Programme und Trends im \u00dcberblick\u0022\u003E\n      \u003Cdiv class=\u0022teaser-content--image\u0022\u003E\n        \u003Cfigure class=\u0022image--figure\u0022\u003E\n        \u003Cpicture\u003E\n                        \u003Csource srcset=\u0022\/sites\/default\/files\/styles\/teaser_standard__m\/public\/aurora\/2025\/11\/494241.jpeg.webp?itok=aIi8RnTb 1x\u0022 media=\u0022(min-width: 48.0625em) and (max-width: 64em)\u0022 type=\u0022image\/webp\u0022 width=\u0022323\u0022 height=\u0022215\u0022\/\u003E\n                  \u003Csource srcset=\u0022\/sites\/default\/files\/styles\/teaser_standard__l\/public\/aurora\/2025\/11\/494241.jpeg.webp?itok=xXniV5RI 1x\u0022 media=\u0022(min-width: 64.0625em)\u0022 type=\u0022image\/webp\u0022 width=\u0022203\u0022 height=\u0022135\u0022\/\u003E\n                  \u003Csource srcset=\u0022\/sites\/default\/files\/styles\/teaser_standard__m\/public\/aurora\/2025\/11\/494241.jpeg?itok=AqNMqnKN 1x\u0022 media=\u0022(min-width: 48.0625em) and (max-width: 64em)\u0022 type=\u0022image\/jpeg\u0022 width=\u0022323\u0022 height=\u0022215\u0022\/\u003E\n                  \u003Csource srcset=\u0022\/sites\/default\/files\/styles\/teaser_standard__l\/public\/aurora\/2025\/11\/494241.jpeg?itok=ew2qQeyW 1x\u0022 media=\u0022(min-width: 64.0625em)\u0022 type=\u0022image\/jpeg\u0022 width=\u0022203\u0022 height=\u0022135\u0022\/\u003E\n                          \u003Cimg alt=\u0022Bild 1\u2002F\u00fcr Planungsb\u00fcros und Fachbetriebe ist TGA-Software bei der Konzeption und Berechnung der Geb\u00e4udetechnik inzwischen unverzichtbar.\u0022 loading=\u0022eager\u0022 data-caption-hide width=\u0022597\u0022 height=\u0022398\u0022 data-zoomed=\u0022https:\/\/www.tga-fachplaner.de\/sites\/default\/files\/styles\/content__zoomed\/public\/aurora\/2025\/11\/494241.jpeg?itok=C0ZaYJtv\u0022 src=\u0022\/sites\/default\/files\/styles\/teaser_standard__s\/public\/aurora\/2025\/11\/494241.jpeg?itok=eh4mSg_1\u0022 title=\u0022\u00a9 Lindab Global\u0022 \/\u003E\n\n    \u003C\/picture\u003E\n      \u003Cfigcaption class=\u0022image--figcaption\u0022\u003E\n          \u003Cdiv class=\u0022copyright\u0022\u003ELindab Global\u003C\/div\u003E\n          \u003C\/figcaption\u003E\n\u003C\/figure\u003E\n\n\n    \u003C\/div\u003E\n    \u003Cdiv class=\u0022teaser-content\u0022\u003E\n                    \u003Cdiv class=\u0022teaser-content--kicker\u0022\u003E\n                    Markt\u00fcbersicht\n        \u003C\/div\u003E\n                                              \n                        \n        \u003Ch4 class=\u0022teaser-content--headline\u0022\u003E\n                                TGA-CAD-Programme und Trends im \n                              \u003Cspan class=\u0022headline-last-word-arrow\u0022\u003E\u00dcberblick              \u003Cspan\n                  class=\u0022permission-lock permission-lock-icon--lock\u0022\u003E\u003C\/span\u003E\n                                  \u003C\/span\u003E\n        \u003C\/h4\u003E\n            \u003Cdiv class=\u0022teaser-content--publishing-date\u0022\u003E\u003Ctime datetime=\u00222025-11-28T22:59:26Z\u0022\u003E28.11.2025\u003C\/time\u003E\n\u003C\/div\u003E\u003Cspan class=\u0022teaser-content--publishing-date-divider\u0022\u003E - \u003C\/span\u003E\u003Cdiv class=\u0022teaser-content--body\u0022\u003E\u003Cp\u003EDiese aktualisierte Markt\u00ad\u00fcber\u00adsicht ver\u00adgleicht 27 CAD- und BIM-Planungs- und Berech\u00adnungs\u00adpro\u00adgramme f\u00fcr die Ge\u00adwerke SHKL und Elektro tabella\u00adrisch\u003C\/p\u003E\n\u003C\/div\u003E\n                        \u003Cspan class=\u0022read-more-arrow-container\u0022\u003E\n            \u003Cspan class=\u0022read-more-angled-arrow\u0022\u003E \u003C\/span\u003E\n          \u003C\/span\u003E\n                  \u003C\/div\u003E\n    \u003C\/a\u003E\n\u003Ca href=\u0022\/projektierung\/digitaler-zwilling-gebaeudemanagement-es-waechst-zusammen-was-zusammengehoert\u0022  class=\u0022teaser teaser--standard\u0022 aria-label=\u0022Geb\u00e4udemanagement: Es w\u00e4chst zusammen, was zusammengeh\u00f6rt\u0022\u003E\n      \u003Cdiv class=\u0022teaser-content--image\u0022\u003E\n        \u003Cfigure class=\u0022image--figure\u0022\u003E\n        \u003Cpicture\u003E\n                        \u003Csource srcset=\u0022\/sites\/default\/files\/styles\/teaser_standard__m\/public\/aurora\/2025\/11\/492451.jpeg.webp?itok=PzsW3kO_ 1x\u0022 media=\u0022(min-width: 48.0625em) and (max-width: 64em)\u0022 type=\u0022image\/webp\u0022 width=\u0022323\u0022 height=\u0022215\u0022\/\u003E\n                  \u003Csource srcset=\u0022\/sites\/default\/files\/styles\/teaser_standard__l\/public\/aurora\/2025\/11\/492451.jpeg.webp?itok=0Mi4X3Xd 1x\u0022 media=\u0022(min-width: 64.0625em)\u0022 type=\u0022image\/webp\u0022 width=\u0022203\u0022 height=\u0022135\u0022\/\u003E\n                  \u003Csource srcset=\u0022\/sites\/default\/files\/styles\/teaser_standard__m\/public\/aurora\/2025\/11\/492451.jpeg?itok=G6IrwSaE 1x\u0022 media=\u0022(min-width: 48.0625em) and (max-width: 64em)\u0022 type=\u0022image\/jpeg\u0022 width=\u0022323\u0022 height=\u0022215\u0022\/\u003E\n                  \u003Csource srcset=\u0022\/sites\/default\/files\/styles\/teaser_standard__l\/public\/aurora\/2025\/11\/492451.jpeg?itok=IjIvQav- 1x\u0022 media=\u0022(min-width: 64.0625em)\u0022 type=\u0022image\/jpeg\u0022 width=\u0022203\u0022 height=\u0022135\u0022\/\u003E\n                          \u003Cimg loading=\u0022eager\u0022 data-caption-hide width=\u0022597\u0022 height=\u0022398\u0022 alt=\u0022Bild 1\u2002Mit nur wenigen Daten k\u00f6nnen Geb\u00e4ude schon sehr fr\u00fch im Planungsprozess \u00fcber einen digitalen Zwilling realit\u00e4tsnah simuliert und mithilfe von Analysen und Prognosen optimal gestaltet werden. Im realen Betrieb kann der digitale Zwilling vorausschauende Regelstrategien liefern und Optimierungspotenziale aufzeigen.\u0022 data-zoomed=\u0022https:\/\/www.tga-fachplaner.de\/sites\/default\/files\/styles\/content__zoomed\/public\/aurora\/2025\/11\/492451.jpeg?itok=EiuWtphb\u0022 src=\u0022\/sites\/default\/files\/styles\/teaser_standard__s\/public\/aurora\/2025\/11\/492451.jpeg?itok=gziZmSsn\u0022 title=\u0022\u00a9 Wago\u0022 \/\u003E\n\n    \u003C\/picture\u003E\n      \u003Cfigcaption class=\u0022image--figcaption\u0022\u003E\n          \u003Cdiv class=\u0022copyright\u0022\u003EWago\u003C\/div\u003E\n          \u003C\/figcaption\u003E\n\u003C\/figure\u003E\n\n\n    \u003C\/div\u003E\n    \u003Cdiv class=\u0022teaser-content\u0022\u003E\n                    \u003Cdiv class=\u0022teaser-content--kicker\u0022\u003E\n                    Digitaler Zwilling\n        \u003C\/div\u003E\n                                              \n                        \n        \u003Ch4 class=\u0022teaser-content--headline\u0022\u003E\n                                Geb\u00e4udemanagement: Es w\u00e4chst zusammen, was \n                              \u003Cspan class=\u0022headline-last-word-arrow\u0022\u003Ezusammengeh\u00f6rt              \u003Cspan\n                  class=\u0022permission-lock permission-lock-icon--lock\u0022\u003E\u003C\/span\u003E\n                                  \u003C\/span\u003E\n        \u003C\/h4\u003E\n            \u003Cdiv class=\u0022teaser-content--publishing-date\u0022\u003E\u003Ctime datetime=\u00222025-11-28T09:59:40Z\u0022\u003E28.11.2025\u003C\/time\u003E\n\u003C\/div\u003E\u003Cspan class=\u0022teaser-content--publishing-date-divider\u0022\u003E - \u003C\/span\u003E\u003Cdiv class=\u0022teaser-content--body\u0022\u003E\u003Cp\u003EGeb\u00e4ude werden smart und nutzen zu\u00adneh\u00admend k\u00fcnst\u00adliche Intelli\u00adgenz, aber was be\u00addeu\u00adtet das und wo\u00adrauf m\u00fcssen sich Fach\u00adplaner ein\u00adstellen?\u003C\/p\u003E\n\u003C\/div\u003E\n                        \u003Cspan class=\u0022read-more-arrow-container\u0022\u003E\n            \u003Cspan class=\u0022read-more-angled-arrow\u0022\u003E \u003C\/span\u003E\n          \u003C\/span\u003E\n                  \u003C\/div\u003E\n    \u003C\/a\u003E\n\u003Ca href=\u0022\/energiemanagement\/energetische-potenziale-im-betrieb-heben-monitoring-ist-fuer-effizienten\u0022  class=\u0022teaser teaser--standard\u0022 aria-label=\u0022Monitoring ist f\u00fcr effizienten Geb\u00e4ude\u00adbetrieb uner\u00adl\u00e4sslich\u0022\u003E\n      \u003Cdiv class=\u0022teaser-content--image\u0022\u003E\n        \u003Cfigure class=\u0022image--figure\u0022\u003E\n        \u003Cpicture\u003E\n                        \u003Csource srcset=\u0022\/sites\/default\/files\/styles\/teaser_standard__m\/public\/aurora\/2025\/10\/485269.jpeg.webp?itok=e-9Bl_l2 1x\u0022 media=\u0022(min-width: 48.0625em) and (max-width: 64em)\u0022 type=\u0022image\/webp\u0022 width=\u0022323\u0022 height=\u0022160\u0022\/\u003E\n                  \u003Csource srcset=\u0022\/sites\/default\/files\/styles\/teaser_standard__l\/public\/aurora\/2025\/10\/485269.jpeg.webp?itok=DnEdT1Hc 1x\u0022 media=\u0022(min-width: 64.0625em)\u0022 type=\u0022image\/webp\u0022 width=\u0022203\u0022 height=\u0022101\u0022\/\u003E\n                  \u003Csource srcset=\u0022\/sites\/default\/files\/styles\/teaser_standard__m\/public\/aurora\/2025\/10\/485269.jpeg?itok=nl5Fi3Kb 1x\u0022 media=\u0022(min-width: 48.0625em) and (max-width: 64em)\u0022 type=\u0022image\/jpeg\u0022 width=\u0022323\u0022 height=\u0022160\u0022\/\u003E\n                  \u003Csource srcset=\u0022\/sites\/default\/files\/styles\/teaser_standard__l\/public\/aurora\/2025\/10\/485269.jpeg?itok=ivRIFmdX 1x\u0022 media=\u0022(min-width: 64.0625em)\u0022 type=\u0022image\/jpeg\u0022 width=\u0022203\u0022 height=\u0022101\u0022\/\u003E\n                          \u003Cimg alt=\u0022Bild 1\u2002Viega World: Beim Neubau des Seminarcenters wurde in aller Tiefe \u00fcber die verschiedenen Lebenszyklusstufen durchdekliniert, wie ein Maximum an Energieeffizienz bei der Errichtung und dem Betrieb solcher Geb\u00e4ude erreicht werden kann.\u0022 loading=\u0022eager\u0022 data-caption-hide width=\u0022708\u0022 height=\u0022351\u0022 data-zoomed=\u0022https:\/\/www.tga-fachplaner.de\/sites\/default\/files\/styles\/content__zoomed\/public\/aurora\/2025\/10\/485269.jpeg?itok=MpSZwXcE\u0022 src=\u0022\/sites\/default\/files\/styles\/teaser_standard__s\/public\/aurora\/2025\/10\/485269.jpeg?itok=304gEwEo\u0022 title=\u0022\u00a9 Viega\u0022 \/\u003E\n\n    \u003C\/picture\u003E\n      \u003Cfigcaption class=\u0022image--figcaption\u0022\u003E\n          \u003Cdiv class=\u0022copyright\u0022\u003EViega\u003C\/div\u003E\n          \u003C\/figcaption\u003E\n\u003C\/figure\u003E\n\n\n    \u003C\/div\u003E\n    \u003Cdiv class=\u0022teaser-content\u0022\u003E\n                    \u003Cdiv class=\u0022teaser-content--kicker\u0022\u003E\n                    Energetische Potenziale im Betrieb heben\n        \u003C\/div\u003E\n                                              \n                        \n        \u003Ch4 class=\u0022teaser-content--headline\u0022\u003E\n                                Monitoring ist f\u00fcr effizienten Geb\u00e4ude\u00adbetrieb \n                              \u003Cspan class=\u0022headline-last-word-arrow\u0022\u003Euner\u00adl\u00e4sslich              \u003Cspan\n                  class=\u0022permission-lock permission-lock-icon--lock\u0022\u003E\u003C\/span\u003E\n                                  \u003C\/span\u003E\n        \u003C\/h4\u003E\n            \u003Cdiv class=\u0022teaser-content--publishing-date\u0022\u003E\u003Ctime datetime=\u00222025-10-30T08:50:04Z\u0022\u003E30.10.2025\u003C\/time\u003E\n\u003C\/div\u003E\u003Cspan class=\u0022teaser-content--publishing-date-divider\u0022\u003E - \u003C\/span\u003E\u003Cdiv class=\u0022teaser-content--body\u0022\u003E\u003Cp\u003EBei der Trans\u00adfor\u00adma\u00adtion von Ge\u00adb\u00e4u\u00adden hin zur Klima\u00adneu\u00adtra\u00adli\u00adt\u00e4t werden ent\u00adschei\u00adden\u00adde Wie\u00adchen daf\u00fcr \u00fcber ein ge\u00adb\u00e4ude\u00adspe\u00adzi\u00adfisches Energie\u00adkon\u00adzept gestellt.\u003C\/p\u003E\n\u003C\/div\u003E\n                        \u003Cspan class=\u0022read-more-arrow-container\u0022\u003E\n            \u003Cspan class=\u0022read-more-angled-arrow\u0022\u003E \u003C\/span\u003E\n          \u003C\/span\u003E\n                  \u003C\/div\u003E\n    \u003C\/a\u003E\n\u003Ca href=\u0022\/planungsbuero\/kuenstliche-intelligenz-smarte-planungshelfer-ki-der-bauplanung\u0022  class=\u0022teaser teaser--standard\u0022 aria-label=\u0022Smarte Planungshelfer: KI in der Bauplanung\u0022\u003E\n      \u003Cdiv class=\u0022teaser-content--image\u0022\u003E\n        \u003Cfigure class=\u0022image--figure\u0022\u003E\n        \u003Cpicture\u003E\n                        \u003Csource srcset=\u0022\/sites\/default\/files\/styles\/teaser_standard__m\/public\/aurora\/2025\/06\/452867.jpeg.webp?itok=VtC4uB_f 1x\u0022 media=\u0022(min-width: 48.0625em) and (max-width: 64em)\u0022 type=\u0022image\/webp\u0022 width=\u0022323\u0022 height=\u0022215\u0022\/\u003E\n                  \u003Csource srcset=\u0022\/sites\/default\/files\/styles\/teaser_standard__l\/public\/aurora\/2025\/06\/452867.jpeg.webp?itok=tEnaI4n0 1x\u0022 media=\u0022(min-width: 64.0625em)\u0022 type=\u0022image\/webp\u0022 width=\u0022203\u0022 height=\u0022135\u0022\/\u003E\n                  \u003Csource srcset=\u0022\/sites\/default\/files\/styles\/teaser_standard__m\/public\/aurora\/2025\/06\/452867.jpeg?itok=277KpTok 1x\u0022 media=\u0022(min-width: 48.0625em) and (max-width: 64em)\u0022 type=\u0022image\/jpeg\u0022 width=\u0022323\u0022 height=\u0022215\u0022\/\u003E\n                  \u003Csource srcset=\u0022\/sites\/default\/files\/styles\/teaser_standard__l\/public\/aurora\/2025\/06\/452867.jpeg?itok=Q1sje0Rs 1x\u0022 media=\u0022(min-width: 64.0625em)\u0022 type=\u0022image\/jpeg\u0022 width=\u0022203\u0022 height=\u0022135\u0022\/\u003E\n                          \u003Cimg loading=\u0022eager\u0022 data-caption-hide width=\u0022597\u0022 height=\u0022398\u0022 alt=\u0022Bild\u202f1\u2002KI-Software unterst\u00fctzt Planer bei der Konzeption, Planung, Berechnung und Optimierung von Bauwerken.\u0022 data-zoomed=\u0022https:\/\/www.tga-fachplaner.de\/sites\/default\/files\/styles\/content__zoomed\/public\/aurora\/2025\/06\/452867.jpeg?itok=IKRus0a_\u0022 src=\u0022\/sites\/default\/files\/styles\/teaser_standard__s\/public\/aurora\/2025\/06\/452867.jpeg?itok=MeI4MSfl\u0022 title=\u0022\u00a9 Autodesk\u0022 \/\u003E\n\n    \u003C\/picture\u003E\n      \u003Cfigcaption class=\u0022image--figcaption\u0022\u003E\n          \u003Cdiv class=\u0022copyright\u0022\u003EAutodesk\u003C\/div\u003E\n          \u003C\/figcaption\u003E\n\u003C\/figure\u003E\n\n\n    \u003C\/div\u003E\n    \u003Cdiv class=\u0022teaser-content\u0022\u003E\n                    \u003Cdiv class=\u0022teaser-content--kicker\u0022\u003E\n                    K\u00fcnstliche Intelligenz\n        \u003C\/div\u003E\n                                              \n                        \n        \u003Ch4 class=\u0022teaser-content--headline\u0022\u003E\n                                Smarte Planungshelfer: KI in der \n                              \u003Cspan class=\u0022headline-last-word-arrow\u0022\u003EBauplanung                      \u003C\/span\u003E\n        \u003C\/h4\u003E\n            \u003Cdiv class=\u0022teaser-content--publishing-date\u0022\u003E\u003Ctime datetime=\u00222025-06-01T19:05:31Z\u0022\u003E01.06.2025\u003C\/time\u003E\n\u003C\/div\u003E\u003Cspan class=\u0022teaser-content--publishing-date-divider\u0022\u003E - \u003C\/span\u003E\u003Cdiv class=\u0022teaser-content--body\u0022\u003E\u003Cp\u003ESoftware mit K\u00fcnstlicher Intelli\u00adgenz er\u00adobert be\u00adreits die Bau\u00adplanung und -konzeption. Sie wird zu\u00adneh\u00admend auch die Arbeit von TGA+E-Planern be\u00adein\u00adflussen.\u003C\/p\u003E\n\u003C\/div\u003E\n                        \u003Cspan class=\u0022read-more-arrow-container\u0022\u003E\n            \u003Cspan class=\u0022read-more-angled-arrow\u0022\u003E \u003C\/span\u003E\n          \u003C\/span\u003E\n                  \u003C\/div\u003E\n    \u003C\/a\u003E\n\u003Ca href=\u0022\/projektierung\/laserscanning-software-punktwolken-daten-rationell-bearbeiten-und-auswerten\u0022  class=\u0022teaser teaser--standard\u0022 aria-label=\u0022Punktwolken-Daten rationell bearbeiten und auswerten\u0022\u003E\n      \u003Cdiv class=\u0022teaser-content--image\u0022\u003E\n        \u003Cfigure class=\u0022image--figure\u0022\u003E\n        \u003Cpicture\u003E\n                        \u003Csource srcset=\u0022\/sites\/default\/files\/styles\/teaser_standard__m\/public\/aurora\/2025\/05\/440299.jpeg.webp?itok=8N0wZQIH 1x\u0022 media=\u0022(min-width: 48.0625em) and (max-width: 64em)\u0022 type=\u0022image\/webp\u0022 width=\u0022323\u0022 height=\u0022215\u0022\/\u003E\n                  \u003Csource srcset=\u0022\/sites\/default\/files\/styles\/teaser_standard__l\/public\/aurora\/2025\/05\/440299.jpeg.webp?itok=rUC5hmy2 1x\u0022 media=\u0022(min-width: 64.0625em)\u0022 type=\u0022image\/webp\u0022 width=\u0022203\u0022 height=\u0022135\u0022\/\u003E\n                  \u003Csource srcset=\u0022\/sites\/default\/files\/styles\/teaser_standard__m\/public\/aurora\/2025\/05\/440299.jpeg?itok=9PvAUsXu 1x\u0022 media=\u0022(min-width: 48.0625em) and (max-width: 64em)\u0022 type=\u0022image\/jpeg\u0022 width=\u0022323\u0022 height=\u0022215\u0022\/\u003E\n                  \u003Csource srcset=\u0022\/sites\/default\/files\/styles\/teaser_standard__l\/public\/aurora\/2025\/05\/440299.jpeg?itok=yqt9Zs8I 1x\u0022 media=\u0022(min-width: 64.0625em)\u0022 type=\u0022image\/jpeg\u0022 width=\u0022203\u0022 height=\u0022135\u0022\/\u003E\n                          \u003Cimg loading=\u0022eager\u0022 data-caption-hide width=\u0022597\u0022 height=\u0022398\u0022 alt=\u0022Bild 1\u2002Wie schnell und effizient die Anlagentechnik erfasst werden kann, dar\u00fcber entscheiden nicht nur 3D-Laserscanner, sondern auch die Auswerte-Software.\u0022 data-zoomed=\u0022https:\/\/www.tga-fachplaner.de\/sites\/default\/files\/styles\/content__zoomed\/public\/aurora\/2025\/05\/440299.jpeg?itok=lLWj4Um4\u0022 src=\u0022\/sites\/default\/files\/styles\/teaser_standard__s\/public\/aurora\/2025\/05\/440299.jpeg?itok=KVqD5leZ\u0022 title=\u0022\u00a9 Leica Geosystems, Hexagon\u0022 \/\u003E\n\n    \u003C\/picture\u003E\n      \u003Cfigcaption class=\u0022image--figcaption\u0022\u003E\n          \u003Cdiv class=\u0022copyright\u0022\u003ELeica Geosystems, Hexagon\u003C\/div\u003E\n          \u003C\/figcaption\u003E\n\u003C\/figure\u003E\n\n\n    \u003C\/div\u003E\n    \u003Cdiv class=\u0022teaser-content\u0022\u003E\n                    \u003Cdiv class=\u0022teaser-content--kicker\u0022\u003E\n                    Laserscanning-Software\n        \u003C\/div\u003E\n                                              \n                        \n        \u003Ch4 class=\u0022teaser-content--headline\u0022\u003E\n                                Punktwolken-Daten rationell bearbeiten und \n                              \u003Cspan class=\u0022headline-last-word-arrow\u0022\u003Eauswerten              \u003Cspan\n                  class=\u0022permission-lock permission-lock-icon--lock\u0022\u003E\u003C\/span\u003E\n                                  \u003C\/span\u003E\n        \u003C\/h4\u003E\n            \u003Cdiv class=\u0022teaser-content--publishing-date\u0022\u003E\u003Ctime datetime=\u00222025-05-02T07:52:59Z\u0022\u003E02.05.2025\u003C\/time\u003E\n\u003C\/div\u003E\u003Cspan class=\u0022teaser-content--publishing-date-divider\u0022\u003E - \u003C\/span\u003E\u003Cdiv class=\u0022teaser-content--body\u0022\u003E\u003Cp\u003EF\u00fcr die plane\u00adri\u00adsche Weiter\u00adbe\u00adar\u00adbei\u00adtung von 3D-Laser\u00adscan\u00addaten sind spe\u00adziel\u00adle Pro\u00adgram\u00adme er\u00adfor\u00adder\u00adlich. Was diese k\u00f6n\u00adnen und wel\u00adche Trends sich ab\u00adzeich\u00adnen.\u003C\/p\u003E\n\u003C\/div\u003E\n                        \u003Cspan class=\u0022read-more-arrow-container\u0022\u003E\n            \u003Cspan class=\u0022read-more-angled-arrow\u0022\u003E \u003C\/span\u003E\n          \u003C\/span\u003E\n                  \u003C\/div\u003E\n    \u003C\/a\u003E\n\u003Ca href=\u0022\/gebaeudetechnik\/bautechnik-3d-gebaeudedruck-haeuser-schichtarbeit-erstellen\u0022  class=\u0022teaser teaser--standard\u0022 aria-label=\u00223D-Geb\u00e4udedruck: H\u00e4user in \u201eSchicht\u00adarbeit\u201c er\u00adstellen\u0022\u003E\n      \u003Cdiv class=\u0022teaser-content--image\u0022\u003E\n        \u003Cfigure class=\u0022image--figure\u0022\u003E\n        \u003Cpicture\u003E\n                        \u003Csource srcset=\u0022\/sites\/default\/files\/styles\/teaser_standard__m\/public\/aurora\/2025\/04\/430976.jpeg.webp?itok=_v4AjUkd 1x\u0022 media=\u0022(min-width: 48.0625em) and (max-width: 64em)\u0022 type=\u0022image\/webp\u0022 width=\u0022323\u0022 height=\u0022215\u0022\/\u003E\n                  \u003Csource srcset=\u0022\/sites\/default\/files\/styles\/teaser_standard__l\/public\/aurora\/2025\/04\/430976.jpeg.webp?itok=kLzpTG8V 1x\u0022 media=\u0022(min-width: 64.0625em)\u0022 type=\u0022image\/webp\u0022 width=\u0022203\u0022 height=\u0022135\u0022\/\u003E\n                  \u003Csource srcset=\u0022\/sites\/default\/files\/styles\/teaser_standard__m\/public\/aurora\/2025\/04\/430976.jpeg?itok=iFou9rh3 1x\u0022 media=\u0022(min-width: 48.0625em) and (max-width: 64em)\u0022 type=\u0022image\/jpeg\u0022 width=\u0022323\u0022 height=\u0022215\u0022\/\u003E\n                  \u003Csource srcset=\u0022\/sites\/default\/files\/styles\/teaser_standard__l\/public\/aurora\/2025\/04\/430976.jpeg?itok=LLg7C0Zi 1x\u0022 media=\u0022(min-width: 64.0625em)\u0022 type=\u0022image\/jpeg\u0022 width=\u0022203\u0022 height=\u0022135\u0022\/\u003E\n                          \u003Cimg alt=\u0022Bild 1\u2002Bereits w\u00e4hrend des Druckvorgangs ber\u00fccksichtigt der Drucker Aussparungen und Durchbr\u00fcche f\u00fcr die sp\u00e4ter zu verlegenden Leitungen und Anschl\u00fcsse.\u0022 loading=\u0022eager\u0022 data-caption-hide width=\u0022597\u0022 height=\u0022398\u0022 data-zoomed=\u0022https:\/\/www.tga-fachplaner.de\/sites\/default\/files\/styles\/content__zoomed\/public\/aurora\/2025\/04\/430976.jpeg?itok=Z4Kglt2f\u0022 src=\u0022\/sites\/default\/files\/styles\/teaser_standard__s\/public\/aurora\/2025\/04\/430976.jpeg?itok=RwhopLvq\u0022 title=\u0022\u00a9 Mense-Korte Ingenieure+Architekten\u0022 \/\u003E\n\n    \u003C\/picture\u003E\n      \u003Cfigcaption class=\u0022image--figcaption\u0022\u003E\n          \u003Cdiv class=\u0022copyright\u0022\u003EMense-Korte Ingenieure+Architekten\u003C\/div\u003E\n          \u003C\/figcaption\u003E\n\u003C\/figure\u003E\n\n\n    \u003C\/div\u003E\n    \u003Cdiv class=\u0022teaser-content\u0022\u003E\n                    \u003Cdiv class=\u0022teaser-content--kicker\u0022\u003E\n                    Bautechnik\n        \u003C\/div\u003E\n                                              \n                        \n        \u003Ch4 class=\u0022teaser-content--headline\u0022\u003E\n                                3D-Geb\u00e4udedruck: H\u00e4user in \u201eSchicht\u00adarbeit\u201c \n                              \u003Cspan class=\u0022headline-last-word-arrow\u0022\u003Eer\u00adstellen              \u003Cspan\n                  class=\u0022permission-lock permission-lock-icon--lock\u0022\u003E\u003C\/span\u003E\n                                  \u003C\/span\u003E\n        \u003C\/h4\u003E\n            \u003Cdiv class=\u0022teaser-content--publishing-date\u0022\u003E\u003Ctime datetime=\u00222025-04-01T10:59:37Z\u0022\u003E01.04.2025\u003C\/time\u003E\n\u003C\/div\u003E\u003Cspan class=\u0022teaser-content--publishing-date-divider\u0022\u003E - \u003C\/span\u003E\u003Cdiv class=\u0022teaser-content--body\u0022\u003E\u003Cp\u003EWerden Ge\u00adb\u00e4u\u00adde k\u00fcnf\u00adtig von 3D-Druck-Robotern ge\u00adfer\u00adtigt und was be\u00addeu\u00adtet das dann f\u00fcr die TGA+E-Fach\u00adplanung und -Installation?\u003C\/p\u003E\n\u003C\/div\u003E\n                        \u003Cspan class=\u0022read-more-arrow-container\u0022\u003E\n            \u003Cspan class=\u0022read-more-angled-arrow\u0022\u003E \u003C\/span\u003E\n          \u003C\/span\u003E\n                  \u003C\/div\u003E\n    \u003C\/a\u003E\n\u003Ca href=\u0022\/planungsbuero\/kuenstliche-intelligenz-smarte-baustelle-ki-der-bauausfuehrung\u0022  class=\u0022teaser teaser--standard\u0022 aria-label=\u0022Smarte Baustelle: KI in der Bauausf\u00fchrung\u0022\u003E\n      \u003Cdiv class=\u0022teaser-content--image\u0022\u003E\n        \u003Cfigure class=\u0022image--figure\u0022\u003E\n        \u003Cpicture\u003E\n                        \u003Csource srcset=\u0022\/sites\/default\/files\/styles\/teaser_standard__m\/public\/aurora\/2025\/02\/415501.jpeg.webp?itok=qY9b_5nk 1x\u0022 media=\u0022(min-width: 48.0625em) and (max-width: 64em)\u0022 type=\u0022image\/webp\u0022 width=\u0022323\u0022 height=\u0022215\u0022\/\u003E\n                  \u003Csource srcset=\u0022\/sites\/default\/files\/styles\/teaser_standard__l\/public\/aurora\/2025\/02\/415501.jpeg.webp?itok=-7iJ4rc9 1x\u0022 media=\u0022(min-width: 64.0625em)\u0022 type=\u0022image\/webp\u0022 width=\u0022203\u0022 height=\u0022135\u0022\/\u003E\n                  \u003Csource srcset=\u0022\/sites\/default\/files\/styles\/teaser_standard__m\/public\/aurora\/2025\/02\/415501.jpeg?itok=62k6ghgZ 1x\u0022 media=\u0022(min-width: 48.0625em) and (max-width: 64em)\u0022 type=\u0022image\/jpeg\u0022 width=\u0022323\u0022 height=\u0022215\u0022\/\u003E\n                  \u003Csource srcset=\u0022\/sites\/default\/files\/styles\/teaser_standard__l\/public\/aurora\/2025\/02\/415501.jpeg?itok=28wq-TS6 1x\u0022 media=\u0022(min-width: 64.0625em)\u0022 type=\u0022image\/jpeg\u0022 width=\u0022203\u0022 height=\u0022135\u0022\/\u003E\n                          \u003Cimg loading=\u0022eager\u0022 data-caption-hide width=\u0022597\u0022 height=\u0022398\u0022 alt=\u0022Bild 1\u2002Im Zusammenspiel mit mobilen Cloud-L\u00f6sungen und BIM-Modellen erm\u00f6glicht die KI innovative Anwendungen in der Bauausf\u00fchrung.\u0022 data-zoomed=\u0022https:\/\/www.tga-fachplaner.de\/sites\/default\/files\/styles\/content__zoomed\/public\/aurora\/2025\/02\/415501.jpeg?itok=IO8SBXXa\u0022 src=\u0022\/sites\/default\/files\/styles\/teaser_standard__s\/public\/aurora\/2025\/02\/415501.jpeg?itok=BKclsA_a\u0022 title=\u0022\u00a9 OpenSpace\u0022 \/\u003E\n\n    \u003C\/picture\u003E\n      \u003Cfigcaption class=\u0022image--figcaption\u0022\u003E\n          \u003Cdiv class=\u0022copyright\u0022\u003EOpenSpace\u003C\/div\u003E\n          \u003C\/figcaption\u003E\n\u003C\/figure\u003E\n\n\n    \u003C\/div\u003E\n    \u003Cdiv class=\u0022teaser-content\u0022\u003E\n                    \u003Cdiv class=\u0022teaser-content--kicker\u0022\u003E\n                    K\u00fcnstliche Intelligenz\n        \u003C\/div\u003E\n                                              \n                        \n        \u003Ch4 class=\u0022teaser-content--headline\u0022\u003E\n                                Smarte Baustelle: KI in der \n                              \u003Cspan class=\u0022headline-last-word-arrow\u0022\u003EBauausf\u00fchrung              \u003Cspan\n                  class=\u0022permission-lock permission-lock-icon--lock\u0022\u003E\u003C\/span\u003E\n                                  \u003C\/span\u003E\n        \u003C\/h4\u003E\n            \u003Cdiv class=\u0022teaser-content--publishing-date\u0022\u003E\u003Ctime datetime=\u00222025-02-02T19:07:53Z\u0022\u003E02.02.2025\u003C\/time\u003E\n\u003C\/div\u003E\u003Cspan class=\u0022teaser-content--publishing-date-divider\u0022\u003E - \u003C\/span\u003E\u003Cdiv class=\u0022teaser-content--body\u0022\u003E\u003Cp\u003EDie K\u00fcnstliche Intelligenz (KI) ist im Bau\u00adbe\u00adreich an\u00adge\u00adkom\u00admen \u2013 und be\u00adein\u00adflusst k\u00fcnf\u00adtig auch den All\u00adtag auf der Bau\u00adstelle.\u003C\/p\u003E\n\u003C\/div\u003E\n                        \u003Cspan class=\u0022read-more-arrow-container\u0022\u003E\n            \u003Cspan class=\u0022read-more-angled-arrow\u0022\u003E \u003C\/span\u003E\n          \u003C\/span\u003E\n                  \u003C\/div\u003E\n    \u003C\/a\u003E\n\u003Ca href=\u0022\/bim\/bim2cafm-digitale-planungsdaten-fuer-den-gebaeudebetrieb\u0022  class=\u0022teaser teaser--standard\u0022 aria-label=\u0022Digitale Planungsdaten f\u00fcr den Geb\u00e4udebetrieb\u0022\u003E\n      \u003Cdiv class=\u0022teaser-content--image\u0022\u003E\n        \u003Cfigure class=\u0022image--figure\u0022\u003E\n        \u003Cpicture\u003E\n                        \u003Csource srcset=\u0022\/sites\/default\/files\/styles\/teaser_standard__m\/public\/aurora\/2024\/04\/350155.jpeg.webp?itok=24tHTtVb 1x\u0022 media=\u0022(min-width: 48.0625em) and (max-width: 64em)\u0022 type=\u0022image\/webp\u0022 width=\u0022323\u0022 height=\u0022215\u0022\/\u003E\n                  \u003Csource srcset=\u0022\/sites\/default\/files\/styles\/teaser_standard__l\/public\/aurora\/2024\/04\/350155.jpeg.webp?itok=XiH8S4Gf 1x\u0022 media=\u0022(min-width: 64.0625em)\u0022 type=\u0022image\/webp\u0022 width=\u0022203\u0022 height=\u0022135\u0022\/\u003E\n                  \u003Csource srcset=\u0022\/sites\/default\/files\/styles\/teaser_standard__m\/public\/aurora\/2024\/04\/350155.jpeg?itok=-cXMLo3J 1x\u0022 media=\u0022(min-width: 48.0625em) and (max-width: 64em)\u0022 type=\u0022image\/jpeg\u0022 width=\u0022323\u0022 height=\u0022215\u0022\/\u003E\n                  \u003Csource srcset=\u0022\/sites\/default\/files\/styles\/teaser_standard__l\/public\/aurora\/2024\/04\/350155.jpeg?itok=bFLrv01z 1x\u0022 media=\u0022(min-width: 64.0625em)\u0022 type=\u0022image\/jpeg\u0022 width=\u0022203\u0022 height=\u0022135\u0022\/\u003E\n                          \u003Cimg alt=\u0022 Bild 1\u2002BIM-Planungsdaten schaffen mehr Transparenz im rechnergest\u00fctzten Geb\u00e4udemanagement.\u0022 loading=\u0022eager\u0022 data-caption-hide width=\u0022597\u0022 height=\u0022398\u0022 data-zoomed=\u0022https:\/\/www.tga-fachplaner.de\/sites\/default\/files\/styles\/content__zoomed\/public\/aurora\/2024\/04\/350155.jpeg?itok=R66zwvl5\u0022 src=\u0022\/sites\/default\/files\/styles\/teaser_standard__s\/public\/aurora\/2024\/04\/350155.jpeg?itok=GDzXE2NL\u0022 title=\u0022\u00a9 Martin Steffen \/ Plansite\n\u0022 \/\u003E\n\n    \u003C\/picture\u003E\n      \u003Cfigcaption class=\u0022image--figcaption\u0022\u003E\n          \u003Cdiv class=\u0022copyright\u0022\u003EMartin Steffen \/ Plansite\n\u003C\/div\u003E\n          \u003C\/figcaption\u003E\n\u003C\/figure\u003E\n\n\n    \u003C\/div\u003E\n    \u003Cdiv class=\u0022teaser-content\u0022\u003E\n                    \u003Cdiv class=\u0022teaser-content--kicker\u0022\u003E\n                    BIM2CAFM\n        \u003C\/div\u003E\n                                              \n                        \n        \u003Ch4 class=\u0022teaser-content--headline\u0022\u003E\n                                Digitale Planungsdaten f\u00fcr den \n                              \u003Cspan class=\u0022headline-last-word-arrow\u0022\u003EGeb\u00e4udebetrieb              \u003Cspan\n                  class=\u0022permission-lock permission-lock-icon--lock\u0022\u003E\u003C\/span\u003E\n                                  \u003C\/span\u003E\n        \u003C\/h4\u003E\n            \u003Cdiv class=\u0022teaser-content--publishing-date\u0022\u003E\u003Ctime datetime=\u00222024-04-03T14:31:52Z\u0022\u003E03.04.2024\u003C\/time\u003E\n\u003C\/div\u003E\u003Cspan class=\u0022teaser-content--publishing-date-divider\u0022\u003E - \u003C\/span\u003E\u003Cdiv class=\u0022teaser-content--body\u0022\u003E\u003Cp\u003EDamit der Austausch zwischen CAD\/BIM-Pro\u00adgram\u00admen und CAFM-Sys\u00adte\u00admen klappt, m\u00fcssen viele Punkte be\u00adach\u00adtet und wich\u00adtige Ab\u00adspra\u00adchen ge\u00adtroffen wer\u00adden.\u003C\/p\u003E\n\u003C\/div\u003E\n                        \u003Cspan class=\u0022read-more-arrow-container\u0022\u003E\n            \u003Cspan class=\u0022read-more-angled-arrow\u0022\u003E \u003C\/span\u003E\n          \u003C\/span\u003E\n                  \u003C\/div\u003E\n    \u003C\/a\u003E\n\u003Ca href=\u0022\/bim\/forschungsprojekt-energiedigital-betriebsdaten-echtzeit-am-digitalen-zwilling-visualisieren\u0022  class=\u0022teaser teaser--standard\u0022 aria-label=\u0022Betriebsdaten in Echtzeit am Digitalen Zwilling visualisieren\u0022\u003E\n      \u003Cdiv class=\u0022teaser-content--image\u0022\u003E\n        \u003Cfigure class=\u0022image--figure\u0022\u003E\n        \u003Cpicture\u003E\n                        \u003Csource srcset=\u0022\/sites\/default\/files\/styles\/teaser_standard__m\/public\/aurora\/2023\/06\/286041.jpeg.webp?itok=xkBt2_lk 1x\u0022 media=\u0022(min-width: 48.0625em) and (max-width: 64em)\u0022 type=\u0022image\/webp\u0022 width=\u0022323\u0022 height=\u0022215\u0022\/\u003E\n                  \u003Csource srcset=\u0022\/sites\/default\/files\/styles\/teaser_standard__l\/public\/aurora\/2023\/06\/286041.jpeg.webp?itok=5YSZfsx5 1x\u0022 media=\u0022(min-width: 64.0625em)\u0022 type=\u0022image\/webp\u0022 width=\u0022203\u0022 height=\u0022135\u0022\/\u003E\n                  \u003Csource srcset=\u0022\/sites\/default\/files\/styles\/teaser_standard__m\/public\/aurora\/2023\/06\/286041.jpeg?itok=OfW5pGkk 1x\u0022 media=\u0022(min-width: 48.0625em) and (max-width: 64em)\u0022 type=\u0022image\/jpeg\u0022 width=\u0022323\u0022 height=\u0022215\u0022\/\u003E\n                  \u003Csource srcset=\u0022\/sites\/default\/files\/styles\/teaser_standard__l\/public\/aurora\/2023\/06\/286041.jpeg?itok=NNbivGWx 1x\u0022 media=\u0022(min-width: 64.0625em)\u0022 type=\u0022image\/jpeg\u0022 width=\u0022203\u0022 height=\u0022135\u0022\/\u003E\n                          \u003Cimg alt=\u0022Bild 1\u2002In der Viega World k\u00f6nnen alle relevanten Betriebsdaten in Echtzeit nachvollzogen werden; hier in der Technikzentrale, in der die regenerativen Energien aus W\u00e4rmepumpe, Nahw\u00e4rme und Photovoltaik zusammenflie\u00dfen.\u0022 loading=\u0022eager\u0022 data-caption-hide width=\u0022597\u0022 height=\u0022398\u0022 data-zoomed=\u0022https:\/\/www.tga-fachplaner.de\/sites\/default\/files\/styles\/content__zoomed\/public\/aurora\/2023\/06\/286041.jpeg?itok=SIETpZQL\u0022 src=\u0022\/sites\/default\/files\/styles\/teaser_standard__s\/public\/aurora\/2023\/06\/286041.jpeg?itok=b7kundVO\u0022 title=\u0022\u00a9 Viega\n\u0022 \/\u003E\n\n    \u003C\/picture\u003E\n      \u003Cfigcaption class=\u0022image--figcaption\u0022\u003E\n          \u003Cdiv class=\u0022copyright\u0022\u003EViega\n\u003C\/div\u003E\n          \u003C\/figcaption\u003E\n\u003C\/figure\u003E\n\n\n    \u003C\/div\u003E\n    \u003Cdiv class=\u0022teaser-content\u0022\u003E\n                    \u003Cdiv class=\u0022teaser-content--kicker\u0022\u003E\n                    Forschungsprojekt Energie.Digital\n        \u003C\/div\u003E\n                                              \n                        \n        \u003Ch4 class=\u0022teaser-content--headline\u0022\u003E\n                                Betriebsdaten in Echtzeit am Digitalen Zwilling \n                              \u003Cspan class=\u0022headline-last-word-arrow\u0022\u003Evisualisieren              \u003Cspan\n                  class=\u0022permission-lock permission-lock-icon--lock\u0022\u003E\u003C\/span\u003E\n                                  \u003C\/span\u003E\n        \u003C\/h4\u003E\n            \u003Cdiv class=\u0022teaser-content--publishing-date\u0022\u003E\u003Ctime datetime=\u00222023-06-23T17:20:49Z\u0022\u003E23.06.2023\u003C\/time\u003E\n\u003C\/div\u003E\u003Cspan class=\u0022teaser-content--publishing-date-divider\u0022\u003E - \u003C\/span\u003E\u003Cdiv class=\u0022teaser-content--body\u0022\u003E\u003Cp\u003EIm Forschungsprojekt Energie.Digital wurde eine Methode zur Verkn\u00fcpfung von TGA und\u003C\/p\u003E\n\u003C\/div\u003E\n                        \u003Cspan class=\u0022read-more-arrow-container\u0022\u003E\n            \u003Cspan class=\u0022read-more-angled-arrow\u0022\u003E \u003C\/span\u003E\n          \u003C\/span\u003E\n                  \u003C\/div\u003E\n    \u003C\/a\u003E\n\u003Ca href=\u0022\/bim\/orca-software-den-bim-prozessen-das-ganze-potenzial-von-bim-objekten-nutzen\u0022  class=\u0022teaser teaser--standard\u0022 aria-label=\u0022Das ganze Potenzial von BIM-Objekten nutzen\u0022\u003E\n      \u003Cdiv class=\u0022teaser-content--image\u0022\u003E\n        \u003Cfigure class=\u0022image--figure\u0022\u003E\n        \u003Cpicture\u003E\n                        \u003Csource srcset=\u0022\/sites\/default\/files\/styles\/teaser_standard__m\/public\/aurora\/2023\/04\/267724.jpeg.webp?itok=jHAkwcg4 1x\u0022 media=\u0022(min-width: 48.0625em) and (max-width: 64em)\u0022 type=\u0022image\/webp\u0022 width=\u0022323\u0022 height=\u0022215\u0022\/\u003E\n                  \u003Csource srcset=\u0022\/sites\/default\/files\/styles\/teaser_standard__l\/public\/aurora\/2023\/04\/267724.jpeg.webp?itok=EzpwvMSa 1x\u0022 media=\u0022(min-width: 64.0625em)\u0022 type=\u0022image\/webp\u0022 width=\u0022203\u0022 height=\u0022135\u0022\/\u003E\n                  \u003Csource srcset=\u0022\/sites\/default\/files\/styles\/teaser_standard__m\/public\/aurora\/2023\/04\/267724.jpeg?itok=EuB7NRk8 1x\u0022 media=\u0022(min-width: 48.0625em) and (max-width: 64em)\u0022 type=\u0022image\/jpeg\u0022 width=\u0022323\u0022 height=\u0022215\u0022\/\u003E\n                  \u003Csource srcset=\u0022\/sites\/default\/files\/styles\/teaser_standard__l\/public\/aurora\/2023\/04\/267724.jpeg?itok=rsemEHto 1x\u0022 media=\u0022(min-width: 64.0625em)\u0022 type=\u0022image\/jpeg\u0022 width=\u0022203\u0022 height=\u0022135\u0022\/\u003E\n                          \u003Cimg alt=\u0022Bild 1\u2002Alle zwei Jahre befragt Orca Software Bauplaner nach ihren Erfahrungen und Einsch\u00e4tzungen zu BIM.\u0022 loading=\u0022eager\u0022 data-caption-hide width=\u0022597\u0022 height=\u0022398\u0022 data-zoomed=\u0022https:\/\/www.tga-fachplaner.de\/sites\/default\/files\/styles\/content__zoomed\/public\/aurora\/2023\/04\/267724.jpeg?itok=rDR1cJXK\u0022 src=\u0022\/sites\/default\/files\/styles\/teaser_standard__s\/public\/aurora\/2023\/04\/267724.jpeg?itok=BGBv7c5-\u0022 title=\u0022\u00a9 Orca Software\n\u0022 \/\u003E\n\n    \u003C\/picture\u003E\n      \u003Cfigcaption class=\u0022image--figcaption\u0022\u003E\n          \u003Cdiv class=\u0022copyright\u0022\u003EOrca Software\n\u003C\/div\u003E\n          \u003C\/figcaption\u003E\n\u003C\/figure\u003E\n\n\n    \u003C\/div\u003E\n    \u003Cdiv class=\u0022teaser-content\u0022\u003E\n                    \u003Cdiv class=\u0022teaser-content--kicker\u0022\u003E\n                    Orca Software in den BIM-Prozessen\n        \u003C\/div\u003E\n                                              \n                        \n        \u003Ch4 class=\u0022teaser-content--headline\u0022\u003E\n                                Das ganze Potenzial von BIM-Objekten \n                              \u003Cspan class=\u0022headline-last-word-arrow\u0022\u003Enutzen                      \u003C\/span\u003E\n        \u003C\/h4\u003E\n            \u003Cdiv class=\u0022teaser-content--publishing-date\u0022\u003E\u003Ctime datetime=\u00222023-04-06T17:02:29Z\u0022\u003E06.04.2023\u003C\/time\u003E\n\u003C\/div\u003E\u003Cspan class=\u0022teaser-content--publishing-date-divider\u0022\u003E - \u003C\/span\u003E\u003Cdiv class=\u0022teaser-content--body\u0022\u003E\u003Cp\u003EWohin und wie entwickelt sich die BIM-Dynamik? Wo steht der Prozess aktuell? Was brauchen die Akteure der Baubranche, um BIM-ready zu werden?\u003C\/p\u003E\n\u003C\/div\u003E\n                        \u003Cspan class=\u0022read-more-arrow-container\u0022\u003E\n            \u003Cspan class=\u0022read-more-angled-arrow\u0022\u003E \u003C\/span\u003E\n          \u003C\/span\u003E\n                  \u003C\/div\u003E\n    \u003C\/a\u003E\n\u003Ca href=\u0022\/meldungen\/building-information-modeling-bim-der-baubranche-da-ist-noch-luft-nach-oben\u0022  class=\u0022teaser teaser--standard\u0022 aria-label=\u0022BIM in der Baubranche: Da ist noch Luft nach oben!\u0022\u003E\n      \u003Cdiv class=\u0022teaser-content--image\u0022\u003E\n        \u003Cfigure class=\u0022image--figure\u0022\u003E\n        \u003Cpicture\u003E\n                        \u003Csource srcset=\u0022\/sites\/default\/files\/styles\/teaser_standard__m\/public\/aurora\/2023\/02\/260499.jpeg.webp?itok=GOMX0FUb 1x\u0022 media=\u0022(min-width: 48.0625em) and (max-width: 64em)\u0022 type=\u0022image\/webp\u0022 width=\u0022323\u0022 height=\u0022215\u0022\/\u003E\n                  \u003Csource srcset=\u0022\/sites\/default\/files\/styles\/teaser_standard__l\/public\/aurora\/2023\/02\/260499.jpeg.webp?itok=yzvQoEXG 1x\u0022 media=\u0022(min-width: 64.0625em)\u0022 type=\u0022image\/webp\u0022 width=\u0022203\u0022 height=\u0022135\u0022\/\u003E\n                  \u003Csource srcset=\u0022\/sites\/default\/files\/styles\/teaser_standard__m\/public\/aurora\/2023\/02\/260499.jpeg?itok=7IOn8Nxm 1x\u0022 media=\u0022(min-width: 48.0625em) and (max-width: 64em)\u0022 type=\u0022image\/jpeg\u0022 width=\u0022323\u0022 height=\u0022215\u0022\/\u003E\n                  \u003Csource srcset=\u0022\/sites\/default\/files\/styles\/teaser_standard__l\/public\/aurora\/2023\/02\/260499.jpeg?itok=w50MzPDy 1x\u0022 media=\u0022(min-width: 64.0625em)\u0022 type=\u0022image\/jpeg\u0022 width=\u0022203\u0022 height=\u0022135\u0022\/\u003E\n                          \u003Cimg loading=\u0022eager\u0022 data-caption-hide width=\u0022597\u0022 height=\u0022398\u0022 data-zoomed=\u0022https:\/\/www.tga-fachplaner.de\/sites\/default\/files\/styles\/content__zoomed\/public\/aurora\/2023\/02\/260499.jpeg?itok=nrpNqezf\u0022 src=\u0022\/sites\/default\/files\/styles\/teaser_standard__s\/public\/aurora\/2023\/02\/260499.jpeg?itok=sa03F7Ej\u0022 title=\u0022\u00a9 Caverion Deutschland GmbH\n\u0022 \/\u003E\n\n    \u003C\/picture\u003E\n      \u003Cfigcaption class=\u0022image--figcaption\u0022\u003E\n          \u003Cdiv class=\u0022copyright\u0022\u003ECaverion Deutschland GmbH\n\u003C\/div\u003E\n          \u003C\/figcaption\u003E\n\u003C\/figure\u003E\n\n\n    \u003C\/div\u003E\n    \u003Cdiv class=\u0022teaser-content\u0022\u003E\n                    \u003Cdiv class=\u0022teaser-content--kicker\u0022\u003E\n                    Building Information Modeling\n        \u003C\/div\u003E\n                                              \n                        \n        \u003Ch4 class=\u0022teaser-content--headline\u0022\u003E\n                                BIM in der Baubranche: Da ist noch Luft nach \n                              \u003Cspan class=\u0022headline-last-word-arrow\u0022\u003Eoben!                      \u003C\/span\u003E\n        \u003C\/h4\u003E\n            \u003Cdiv class=\u0022teaser-content--publishing-date\u0022\u003E\u003Ctime datetime=\u00222023-02-23T19:40:45Z\u0022\u003E23.02.2023\u003C\/time\u003E\n\u003C\/div\u003E\u003Cspan class=\u0022teaser-content--publishing-date-divider\u0022\u003E - \u003C\/span\u003E\u003Cdiv class=\u0022teaser-content--body\u0022\u003E\u003Cp\u003EDer Wandel zu einer umfassenden digitalen Vernetzung in der Baubranche vollzieht sich zum Teil noch z\u00f6gerlich \u2013 er ist aber unausweichlich.\u003C\/p\u003E\n\u003C\/div\u003E\n                        \u003Cspan class=\u0022read-more-arrow-container\u0022\u003E\n            \u003Cspan class=\u0022read-more-angled-arrow\u0022\u003E \u003C\/span\u003E\n          \u003C\/span\u003E\n                  \u003C\/div\u003E\n    \u003C\/a\u003E\n\u003Ca href=\u0022\/meldungen\/tga-hersteller-viega-eroeffnet-bim-leuchtturm-viega-world\u0022  class=\u0022teaser teaser--standard\u0022 aria-label=\u0022Viega er\u00f6ffnet BIM-Leuchtturm Viega World\u0022\u003E\n      \u003Cdiv class=\u0022teaser-content--image\u0022\u003E\n        \u003Cfigure class=\u0022image--figure\u0022\u003E\n        \u003Cpicture\u003E\n                        \u003Csource srcset=\u0022\/sites\/default\/files\/styles\/teaser_standard__m\/public\/aurora\/2023\/02\/254908.jpeg.webp?itok=IQn3114e 1x\u0022 media=\u0022(min-width: 48.0625em) and (max-width: 64em)\u0022 type=\u0022image\/webp\u0022 width=\u0022323\u0022 height=\u0022215\u0022\/\u003E\n                  \u003Csource srcset=\u0022\/sites\/default\/files\/styles\/teaser_standard__l\/public\/aurora\/2023\/02\/254908.jpeg.webp?itok=OOrYfnss 1x\u0022 media=\u0022(min-width: 64.0625em)\u0022 type=\u0022image\/webp\u0022 width=\u0022203\u0022 height=\u0022135\u0022\/\u003E\n                  \u003Csource srcset=\u0022\/sites\/default\/files\/styles\/teaser_standard__m\/public\/aurora\/2023\/02\/254908.jpeg?itok=tO3v8FwS 1x\u0022 media=\u0022(min-width: 48.0625em) and (max-width: 64em)\u0022 type=\u0022image\/jpeg\u0022 width=\u0022323\u0022 height=\u0022215\u0022\/\u003E\n                  \u003Csource srcset=\u0022\/sites\/default\/files\/styles\/teaser_standard__l\/public\/aurora\/2023\/02\/254908.jpeg?itok=UR9WHLj9 1x\u0022 media=\u0022(min-width: 64.0625em)\u0022 type=\u0022image\/jpeg\u0022 width=\u0022203\u0022 height=\u0022135\u0022\/\u003E\n                          \u003Cimg alt=\u0022Mit der Viega World in Attendorn wurde eines der nachhaltigsten Bildungsgeb\u00e4ude der Sanit\u00e4r- und Heizungsbranche er\u00f6ffnet.\u0022 loading=\u0022eager\u0022 data-caption-hide width=\u0022597\u0022 height=\u0022398\u0022 data-zoomed=\u0022https:\/\/www.tga-fachplaner.de\/sites\/default\/files\/styles\/content__zoomed\/public\/aurora\/2023\/02\/254908.jpeg?itok=v4V490Bq\u0022 src=\u0022\/sites\/default\/files\/styles\/teaser_standard__s\/public\/aurora\/2023\/02\/254908.jpeg?itok=BJEevHPA\u0022 title=\u0022\u00a9 Viega\n\u0022 \/\u003E\n\n    \u003C\/picture\u003E\n      \u003Cfigcaption class=\u0022image--figcaption\u0022\u003E\n          \u003Cdiv class=\u0022copyright\u0022\u003EViega\n\u003C\/div\u003E\n          \u003C\/figcaption\u003E\n\u003C\/figure\u003E\n\n\n    \u003C\/div\u003E\n    \u003Cdiv class=\u0022teaser-content\u0022\u003E\n                    \u003Cdiv class=\u0022teaser-content--kicker\u0022\u003E\n                    TGA-Hersteller\n        \u003C\/div\u003E\n                                              \n                        \n        \u003Ch4 class=\u0022teaser-content--headline\u0022\u003E\n                                Viega er\u00f6ffnet BIM-Leuchtturm Viega \n                              \u003Cspan class=\u0022headline-last-word-arrow\u0022\u003EWorld                      \u003C\/span\u003E\n        \u003C\/h4\u003E\n            \u003Cdiv class=\u0022teaser-content--publishing-date\u0022\u003E\u003Ctime datetime=\u00222023-02-03T08:50:02Z\u0022\u003E03.02.2023\u003C\/time\u003E\n\u003C\/div\u003E\u003Cspan class=\u0022teaser-content--publishing-date-divider\u0022\u003E - \u003C\/span\u003E\u003Cdiv class=\u0022teaser-content--body\u0022\u003E\u003Cp\u003EMit der Viega World in Attendorn ist eines der innovativsten Seminarcenter der Branche und ein Referenzprojekt f\u00fcr das Bauen der Zukunft er\u00f6ffnet worden.\u003C\/p\u003E\n\u003C\/div\u003E\n                        \u003Cspan class=\u0022read-more-arrow-container\u0022\u003E\n            \u003Cspan class=\u0022read-more-angled-arrow\u0022\u003E \u003C\/span\u003E\n          \u003C\/span\u003E\n                  \u003C\/div\u003E\n    \u003C\/a\u003E\n\u003Ca href=\u0022\/bim\/bim-praxiserfahrungen-tga-planer-berichten-aus-der-praxis-steinige-wege-zu-bim\u0022  class=\u0022teaser teaser--standard\u0022 aria-label=\u0022TGA-Planer berichten aus der Praxis: Steinige Wege zu BIM\u0022\u003E\n      \u003Cdiv class=\u0022teaser-content--image\u0022\u003E\n        \u003Cfigure class=\u0022image--figure\u0022\u003E\n        \u003Cpicture\u003E\n                        \u003Csource srcset=\u0022\/sites\/default\/files\/styles\/teaser_standard__m\/public\/aurora\/2023\/01\/246710.jpeg.webp?itok=KmFx9EXs 1x\u0022 media=\u0022(min-width: 48.0625em) and (max-width: 64em)\u0022 type=\u0022image\/webp\u0022 width=\u0022323\u0022 height=\u0022215\u0022\/\u003E\n                  \u003Csource srcset=\u0022\/sites\/default\/files\/styles\/teaser_standard__l\/public\/aurora\/2023\/01\/246710.jpeg.webp?itok=C2R3ElKe 1x\u0022 media=\u0022(min-width: 64.0625em)\u0022 type=\u0022image\/webp\u0022 width=\u0022203\u0022 height=\u0022135\u0022\/\u003E\n                  \u003Csource srcset=\u0022\/sites\/default\/files\/styles\/teaser_standard__m\/public\/aurora\/2023\/01\/246710.jpeg?itok=8lbCzH9d 1x\u0022 media=\u0022(min-width: 48.0625em) and (max-width: 64em)\u0022 type=\u0022image\/jpeg\u0022 width=\u0022323\u0022 height=\u0022215\u0022\/\u003E\n                  \u003Csource srcset=\u0022\/sites\/default\/files\/styles\/teaser_standard__l\/public\/aurora\/2023\/01\/246710.jpeg?itok=Apf5wLqm 1x\u0022 media=\u0022(min-width: 64.0625em)\u0022 type=\u0022image\/jpeg\u0022 width=\u0022203\u0022 height=\u0022135\u0022\/\u003E\n                          \u003Cimg alt=\u0022g\u2002BIM bietet viele Vorteile \u2013 setzt in der Praxis aber auch viel Motivation und Engagement voraus.\u0022 loading=\u0022eager\u0022 data-caption-hide width=\u0022597\u0022 height=\u0022398\u0022 data-zoomed=\u0022https:\/\/www.tga-fachplaner.de\/sites\/default\/files\/styles\/content__zoomed\/public\/aurora\/2023\/01\/246710.jpeg?itok=R93WG-DU\u0022 src=\u0022\/sites\/default\/files\/styles\/teaser_standard__s\/public\/aurora\/2023\/01\/246710.jpeg?itok=zKJfuM2Z\u0022 title=\u0022\u00a9 KD-Plan\n\u0022 \/\u003E\n\n    \u003C\/picture\u003E\n      \u003Cfigcaption class=\u0022image--figcaption\u0022\u003E\n          \u003Cdiv class=\u0022copyright\u0022\u003EKD-Plan\n\u003C\/div\u003E\n          \u003C\/figcaption\u003E\n\u003C\/figure\u003E\n\n\n    \u003C\/div\u003E\n    \u003Cdiv class=\u0022teaser-content\u0022\u003E\n                    \u003Cdiv class=\u0022teaser-content--kicker\u0022\u003E\n                    BIM-Praxiserfahrungen\n        \u003C\/div\u003E\n                                              \n                        \n        \u003Ch4 class=\u0022teaser-content--headline\u0022\u003E\n                                TGA-Planer berichten aus der Praxis: Steinige Wege zu \n                              \u003Cspan class=\u0022headline-last-word-arrow\u0022\u003EBIM              \u003Cspan\n                  class=\u0022permission-lock permission-lock-icon--lock\u0022\u003E\u003C\/span\u003E\n                                  \u003C\/span\u003E\n        \u003C\/h4\u003E\n            \u003Cdiv class=\u0022teaser-content--publishing-date\u0022\u003E\u003Ctime datetime=\u00222023-01-01T17:12:10Z\u0022\u003E01.01.2023\u003C\/time\u003E\n\u003C\/div\u003E\u003Cspan class=\u0022teaser-content--publishing-date-divider\u0022\u003E - \u003C\/span\u003E\u003Cdiv class=\u0022teaser-content--body\u0022\u003E\u003Cp\u003ETGA-Planer berichten \u00fcber Erfahrungen mit Building Information Modeling (BIM): Herausforderungen bei der Einf\u00fchrung, Vorteile und noch bestehende Defizite.\u003C\/p\u003E\n\u003C\/div\u003E\n                        \u003Cspan class=\u0022read-more-arrow-container\u0022\u003E\n            \u003Cspan class=\u0022read-more-angled-arrow\u0022\u003E \u003C\/span\u003E\n          \u003C\/span\u003E\n                  \u003C\/div\u003E\n    \u003C\/a\u003E\n\u003Ca href=\u0022\/meldungen\/digitalisierung-geringe-nachfrage-bremst-bim-anwendung-ingenieurbueros\u0022  class=\u0022teaser teaser--standard\u0022 aria-label=\u0022Geringe Nachfrage bremst BIM-Anwendung in Ingenieurb\u00fcros\u0022\u003E\n      \u003Cdiv class=\u0022teaser-content--image\u0022\u003E\n        \u003Cfigure class=\u0022image--figure\u0022\u003E\n        \u003Cpicture\u003E\n                        \u003Csource srcset=\u0022\/sites\/default\/files\/styles\/teaser_standard__m\/public\/aurora\/2022\/12\/247933.jpeg.webp?itok=xifdvj01 1x\u0022 media=\u0022(min-width: 48.0625em) and (max-width: 64em)\u0022 type=\u0022image\/webp\u0022 width=\u0022323\u0022 height=\u0022215\u0022\/\u003E\n                  \u003Csource srcset=\u0022\/sites\/default\/files\/styles\/teaser_standard__l\/public\/aurora\/2022\/12\/247933.jpeg.webp?itok=MXV2i4Cq 1x\u0022 media=\u0022(min-width: 64.0625em)\u0022 type=\u0022image\/webp\u0022 width=\u0022203\u0022 height=\u0022135\u0022\/\u003E\n                  \u003Csource srcset=\u0022\/sites\/default\/files\/styles\/teaser_standard__m\/public\/aurora\/2022\/12\/247933.jpeg?itok=eFufC6Qn 1x\u0022 media=\u0022(min-width: 48.0625em) and (max-width: 64em)\u0022 type=\u0022image\/jpeg\u0022 width=\u0022323\u0022 height=\u0022215\u0022\/\u003E\n                  \u003Csource srcset=\u0022\/sites\/default\/files\/styles\/teaser_standard__l\/public\/aurora\/2022\/12\/247933.jpeg?itok=nQt9WjOG 1x\u0022 media=\u0022(min-width: 64.0625em)\u0022 type=\u0022image\/jpeg\u0022 width=\u0022203\u0022 height=\u0022135\u0022\/\u003E\n                          \u003Cimg loading=\u0022eager\u0022 data-caption-hide width=\u0022597\u0022 height=\u0022398\u0022 data-zoomed=\u0022https:\/\/www.tga-fachplaner.de\/sites\/default\/files\/styles\/content__zoomed\/public\/aurora\/2022\/12\/247933.jpeg?itok=gaRBQLHN\u0022 src=\u0022\/sites\/default\/files\/styles\/teaser_standard__s\/public\/aurora\/2022\/12\/247933.jpeg?itok=gLggFVSL\u0022 title=\u0022\u00a9 Bundesingenieurkammer\n\u0022 \/\u003E\n\n    \u003C\/picture\u003E\n      \u003Cfigcaption class=\u0022image--figcaption\u0022\u003E\n          \u003Cdiv class=\u0022copyright\u0022\u003EBundesingenieurkammer\n\u003C\/div\u003E\n          \u003C\/figcaption\u003E\n\u003C\/figure\u003E\n\n\n    \u003C\/div\u003E\n    \u003Cdiv class=\u0022teaser-content\u0022\u003E\n                    \u003Cdiv class=\u0022teaser-content--kicker\u0022\u003E\n                    Digitalisierung\n        \u003C\/div\u003E\n                                              \n                        \n        \u003Ch4 class=\u0022teaser-content--headline\u0022\u003E\n                                Geringe Nachfrage bremst BIM-Anwendung in \n                              \u003Cspan class=\u0022headline-last-word-arrow\u0022\u003EIngenieurb\u00fcros                      \u003C\/span\u003E\n        \u003C\/h4\u003E\n            \u003Cdiv class=\u0022teaser-content--publishing-date\u0022\u003E\u003Ctime datetime=\u00222022-12-21T13:29:00Z\u0022\u003E21.12.2022\u003C\/time\u003E\n\u003C\/div\u003E\u003Cspan class=\u0022teaser-content--publishing-date-divider\u0022\u003E - \u003C\/span\u003E\u003Cdiv class=\u0022teaser-content--body\u0022\u003E\u003Cp\u003EBei einer Umfrage der Bundesingenieurkammer gaben 28\u202f% der Befragten an, dass sie die BIM-Planungsmethode aktuell nicht anwenden. Es mangelt an Nachfrage.\u003C\/p\u003E\n\u003C\/div\u003E\n                        \u003Cspan class=\u0022read-more-arrow-container\u0022\u003E\n            \u003Cspan class=\u0022read-more-angled-arrow\u0022\u003E \u003C\/span\u003E\n          \u003C\/span\u003E\n                  \u003C\/div\u003E\n    \u003C\/a\u003E\n\u003Ca href=\u0022\/meldungen\/bim-monitor-2022-23-digitalisierung-im-bau-wie-bereit-ist-deutschland\u0022  class=\u0022teaser teaser--standard\u0022 aria-label=\u0022Digitalisierung im Bau: Wie bereit ist Deutschland?\u0022\u003E\n      \u003Cdiv class=\u0022teaser-content--image\u0022\u003E\n        \u003Cfigure class=\u0022image--figure\u0022\u003E\n        \u003Cpicture\u003E\n                        \u003Csource srcset=\u0022\/sites\/default\/files\/styles\/teaser_standard__m\/public\/aurora\/2022\/12\/246202.jpeg.webp?itok=CMjXpuO0 1x\u0022 media=\u0022(min-width: 48.0625em) and (max-width: 64em)\u0022 type=\u0022image\/webp\u0022 width=\u0022323\u0022 height=\u0022215\u0022\/\u003E\n                  \u003Csource srcset=\u0022\/sites\/default\/files\/styles\/teaser_standard__l\/public\/aurora\/2022\/12\/246202.jpeg.webp?itok=3k0AeOLY 1x\u0022 media=\u0022(min-width: 64.0625em)\u0022 type=\u0022image\/webp\u0022 width=\u0022203\u0022 height=\u0022135\u0022\/\u003E\n                  \u003Csource srcset=\u0022\/sites\/default\/files\/styles\/teaser_standard__m\/public\/aurora\/2022\/12\/246202.jpeg?itok=1qhdPO36 1x\u0022 media=\u0022(min-width: 48.0625em) and (max-width: 64em)\u0022 type=\u0022image\/jpeg\u0022 width=\u0022323\u0022 height=\u0022215\u0022\/\u003E\n                  \u003Csource srcset=\u0022\/sites\/default\/files\/styles\/teaser_standard__l\/public\/aurora\/2022\/12\/246202.jpeg?itok=m3E17Ukg 1x\u0022 media=\u0022(min-width: 64.0625em)\u0022 type=\u0022image\/jpeg\u0022 width=\u0022203\u0022 height=\u0022135\u0022\/\u003E\n                          \u003Cimg loading=\u0022eager\u0022 data-caption-hide width=\u0022560\u0022 height=\u0022373\u0022 data-zoomed=\u0022https:\/\/www.tga-fachplaner.de\/sites\/default\/files\/styles\/content__zoomed\/public\/aurora\/2022\/12\/246202.jpeg?itok=EVF_Y_3X\u0022 src=\u0022\/sites\/default\/files\/styles\/teaser_standard__s\/public\/aurora\/2022\/12\/246202.jpeg?itok=_AKhOo5v\u0022 title=\u0022\u00a9 HENADZ - stock.adobe.com\n\u0022 \/\u003E\n\n    \u003C\/picture\u003E\n      \u003Cfigcaption class=\u0022image--figcaption\u0022\u003E\n          \u003Cdiv class=\u0022copyright\u0022\u003EHENADZ - stock.adobe.com\n\u003C\/div\u003E\n          \u003C\/figcaption\u003E\n\u003C\/figure\u003E\n\n\n    \u003C\/div\u003E\n    \u003Cdiv class=\u0022teaser-content\u0022\u003E\n                    \u003Cdiv class=\u0022teaser-content--kicker\u0022\u003E\n                    BIM-Monitor 2022\/23\n        \u003C\/div\u003E\n                                              \n                        \n        \u003Ch4 class=\u0022teaser-content--headline\u0022\u003E\n                                Digitalisierung im Bau: Wie bereit ist \n                              \u003Cspan class=\u0022headline-last-word-arrow\u0022\u003EDeutschland?                      \u003C\/span\u003E\n        \u003C\/h4\u003E\n            \u003Cdiv class=\u0022teaser-content--publishing-date\u0022\u003E\u003Ctime datetime=\u00222022-12-14T10:58:20Z\u0022\u003E14.12.2022\u003C\/time\u003E\n\u003C\/div\u003E\u003Cspan class=\u0022teaser-content--publishing-date-divider\u0022\u003E - \u003C\/span\u003E\u003Cdiv class=\u0022teaser-content--body\u0022\u003E\u003Cp\u003EDer\u0026nbsp;BIM-Monitor untersucht, warum\u0026nbsp;ein Gro\u00dfteil der Planer- und Baubranche Building Information Modeling trotz bestehender Vorschriften noch nicht nutzt.\u003C\/p\u003E\n\u003C\/div\u003E\n                        \u003Cspan class=\u0022read-more-arrow-container\u0022\u003E\n            \u003Cspan class=\u0022read-more-angled-arrow\u0022\u003E \u003C\/span\u003E\n          \u003C\/span\u003E\n                  \u003C\/div\u003E\n    \u003C\/a\u003E\n\u003Ca href=\u0022\/panorama\/kuenstliche-intelligenz-smarter-planen-bauen-und-nutzen-ki-auf-dem-bau\u0022  class=\u0022teaser teaser--standard\u0022 aria-label=\u0022Smarter planen, bauen und\u00a0 nutzen: KI auf dem Bau\u0022\u003E\n      \u003Cdiv class=\u0022teaser-content--image\u0022\u003E\n        \u003Cfigure class=\u0022image--figure\u0022\u003E\n        \u003Cpicture\u003E\n                        \u003Csource srcset=\u0022\/sites\/default\/files\/styles\/teaser_standard__m\/public\/aurora\/2022\/11\/240586.jpeg.webp?itok=QC6HS-Nn 1x\u0022 media=\u0022(min-width: 48.0625em) and (max-width: 64em)\u0022 type=\u0022image\/webp\u0022 width=\u0022323\u0022 height=\u0022215\u0022\/\u003E\n                  \u003Csource srcset=\u0022\/sites\/default\/files\/styles\/teaser_standard__l\/public\/aurora\/2022\/11\/240586.jpeg.webp?itok=AfUW17Bp 1x\u0022 media=\u0022(min-width: 64.0625em)\u0022 type=\u0022image\/webp\u0022 width=\u0022203\u0022 height=\u0022135\u0022\/\u003E\n                  \u003Csource srcset=\u0022\/sites\/default\/files\/styles\/teaser_standard__m\/public\/aurora\/2022\/11\/240586.jpeg?itok=6Ah-1SHP 1x\u0022 media=\u0022(min-width: 48.0625em) and (max-width: 64em)\u0022 type=\u0022image\/jpeg\u0022 width=\u0022323\u0022 height=\u0022215\u0022\/\u003E\n                  \u003Csource srcset=\u0022\/sites\/default\/files\/styles\/teaser_standard__l\/public\/aurora\/2022\/11\/240586.jpeg?itok=1Nr5J7Pr 1x\u0022 media=\u0022(min-width: 64.0625em)\u0022 type=\u0022image\/jpeg\u0022 width=\u0022203\u0022 height=\u0022135\u0022\/\u003E\n                          \u003Cimg alt=\u0022Bild 1\u2002K\u00fcnstliche Intelligenz wird zunehmend auch den Bau- und TGA-Bereich pr\u00e4gen \u2013 sie setzt allerdings entsprechende Daten-Infrastrukturen voraus.\u0022 loading=\u0022eager\u0022 data-caption-hide width=\u0022597\u0022 height=\u0022398\u0022 data-zoomed=\u0022https:\/\/www.tga-fachplaner.de\/sites\/default\/files\/styles\/content__zoomed\/public\/aurora\/2022\/11\/240586.jpeg?itok=yL5Ierrf\u0022 src=\u0022\/sites\/default\/files\/styles\/teaser_standard__s\/public\/aurora\/2022\/11\/240586.jpeg?itok=4s85cveH\u0022 title=\u0022\u00a9 Microsoft \/\/ shansekala \/ iStockphoto \/ Getty Images\u0022 \/\u003E\n\n    \u003C\/picture\u003E\n      \u003Cfigcaption class=\u0022image--figcaption\u0022\u003E\n          \u003Cdiv class=\u0022copyright\u0022\u003EMicrosoft \/\/ shansekala \/ iStockphoto \/ Getty Images\u003C\/div\u003E\n          \u003C\/figcaption\u003E\n\u003C\/figure\u003E\n\n\n    \u003C\/div\u003E\n    \u003Cdiv class=\u0022teaser-content\u0022\u003E\n                    \u003Cdiv class=\u0022teaser-content--kicker\u0022\u003E\n                    K\u00fcnstliche Intelligenz\n        \u003C\/div\u003E\n                                              \n                        \n        \u003Ch4 class=\u0022teaser-content--headline\u0022\u003E\n                                Smarter planen, bauen und\u00a0 nutzen: KI auf dem \n                              \u003Cspan class=\u0022headline-last-word-arrow\u0022\u003EBau                      \u003C\/span\u003E\n        \u003C\/h4\u003E\n            \u003Cdiv class=\u0022teaser-content--publishing-date\u0022\u003E\u003Ctime datetime=\u00222022-11-29T12:12:16Z\u0022\u003E29.11.2022\u003C\/time\u003E\n\u003C\/div\u003E\u003Cspan class=\u0022teaser-content--publishing-date-divider\u0022\u003E - \u003C\/span\u003E\u003Cdiv class=\u0022teaser-content--body\u0022\u003E\u003Cp\u003EK\u00fcnstliche Intelligenz beeinflusst zunehmend das Planen, Bauen und Nutzen von Geb\u00e4uden und der Geb\u00e4udetechnik. Was gibt es schon und was kommt morgen?\u003C\/p\u003E\n\u003C\/div\u003E\n                        \u003Cspan class=\u0022read-more-arrow-container\u0022\u003E\n            \u003Cspan class=\u0022read-more-angled-arrow\u0022\u003E \u003C\/span\u003E\n          \u003C\/span\u003E\n                  \u003C\/div\u003E\n    \u003C\/a\u003E\n","entity_type":"node","used_ids":["",253597,252516,252426,250969,250932,249370,241961,240477,237760,233939,218541,207070,204060,202083,201099,199747,199581,199328,198662],"show_more":"\u003Cdiv class=\u0022del-show-more\u0022\u003E\u003Ca href=\u0022\/ajax\/del\/68bed8f7-2380-49d8-8926-48896f783b13\/paragraph\/20\/19\/asc\/eyJub2RlIjp7ImlkIjoiMzAyNzciLCJ0eXBlIjoicGFnZSJ9fQ%3D%3D\u0022 title=\u0022Mehr Elemente anzeigen\u0022 class=\u0022del-show-more-link use-ajax\u0022 rel=\u0022nofollow\u0022 data-target-type=\u0022node\u0022 aria-controls=\u0022del--paragraph-567038--content\u0022 aria-label=\u0022Mehr Elemente anzeigen\u0022\u003EMehr anzeigen\u003C\/a\u003E\u003C\/div\u003E\n"}]