[{"command":"settings","settings":{"pluralDelimiter":"\u0003","suppressDeprecationErrors":true,"ajaxPageState":{"libraries":"eJxLzi9K1S_ITC4pLUpNy8zJ0UmpzEvMzUyOT80rySypjM_JLC7RL87IL4_PBaoEALH_EqY","theme":"ivory","theme_token":null},"ajaxTrustedUrl":[],"user":{"uid":0,"permissionsHash":"9c975576f1b96e43d31b3ff34c1ca6b53b6096ff14d83974ef00f2d68011e8fb"}},"merge":true},{"command":"add_css","data":[{"rel":"stylesheet","media":"all","href":"\/core\/themes\/stable9\/css\/core\/components\/progress.module.css?te7139"},{"rel":"stylesheet","media":"all","href":"\/core\/themes\/stable9\/css\/core\/components\/ajax-progress.module.css?te7139"},{"rel":"stylesheet","media":"all","href":"\/themes\/contrib\/gin\/dist\/css\/components\/ajax.css?te7139"}]},{"command":"add_js","selector":"body","data":[{"src":"\/core\/assets\/vendor\/jquery\/jquery.min.js?v=4.0.0"},{"src":"\/sites\/default\/files\/js\/js_bbNtUyzZwSqHFgQa7bDd4psVjQWTQR0CoG2VmPnBvV8.js?scope=footer\u0026delta=1\u0026language=de-tga\u0026theme=ivory\u0026include=eJxLqcxLzM1Mjk_NK8ksqYzPySwu0S_OyC-Pz80vSgUAtBcL_w"}]},{"command":"showMoreTeasers","id":"del--paragraph-559150","content":"\u003Ca href=\u0022\/produkte\/pentair-jung-pumpen-grauwasser-hebeanlage\u0022  class=\u0022teaser teaser--standard\u0022 aria-label=\u0022Grauwasser-Hebeanlage\u0022\u003E\n      \u003Cdiv class=\u0022teaser-content--image\u0022\u003E\n        \u003Cfigure class=\u0022image--figure\u0022\u003E\n        \u003Cpicture\u003E\n                        \u003Csource srcset=\u0022\/sites\/default\/files\/styles\/teaser_standard__m\/public\/aurora\/2025\/05\/442020.jpeg.webp?itok=I194DP8a 1x\u0022 media=\u0022(min-width: 48.0625em) and (max-width: 64em)\u0022 type=\u0022image\/webp\u0022 width=\u0022323\u0022 height=\u0022215\u0022\/\u003E\n                  \u003Csource srcset=\u0022\/sites\/default\/files\/styles\/teaser_standard__l\/public\/aurora\/2025\/05\/442020.jpeg.webp?itok=_SLEu6pc 1x\u0022 media=\u0022(min-width: 64.0625em)\u0022 type=\u0022image\/webp\u0022 width=\u0022203\u0022 height=\u0022135\u0022\/\u003E\n                  \u003Csource srcset=\u0022\/sites\/default\/files\/styles\/teaser_standard__m\/public\/aurora\/2025\/05\/442020.jpeg?itok=7zHuPOki 1x\u0022 media=\u0022(min-width: 48.0625em) and (max-width: 64em)\u0022 type=\u0022image\/jpeg\u0022 width=\u0022323\u0022 height=\u0022215\u0022\/\u003E\n                  \u003Csource srcset=\u0022\/sites\/default\/files\/styles\/teaser_standard__l\/public\/aurora\/2025\/05\/442020.jpeg?itok=rGcd_P4T 1x\u0022 media=\u0022(min-width: 64.0625em)\u0022 type=\u0022image\/jpeg\u0022 width=\u0022203\u0022 height=\u0022135\u0022\/\u003E\n                          \u003Cimg alt=\u0022Pentair Jung Pumpen: Hebefix Pro.\u0022 loading=\u0022eager\u0022 data-caption-hide width=\u0022597\u0022 height=\u0022398\u0022 data-zoomed=\u0022https:\/\/www.tga-fachplaner.de\/sites\/default\/files\/styles\/content__zoomed\/public\/aurora\/2025\/05\/442020.jpeg?itok=SWeRb1NZ\u0022 src=\u0022\/sites\/default\/files\/styles\/teaser_standard__s\/public\/aurora\/2025\/05\/442020.jpeg?itok=mNPxGwUp\u0022 title=\u0022\u00a9 Pentair Jung Pumpen\u0022 \/\u003E\n\n    \u003C\/picture\u003E\n      \u003Cfigcaption class=\u0022image--figcaption\u0022\u003E\n          \u003Cdiv class=\u0022copyright\u0022\u003EPentair Jung Pumpen\u003C\/div\u003E\n          \u003C\/figcaption\u003E\n\u003C\/figure\u003E\n\n\n    \u003C\/div\u003E\n    \u003Cdiv class=\u0022teaser-content\u0022\u003E\n                    \u003Cdiv class=\u0022teaser-content--kicker\u0022\u003E\n                    Pentair Jung Pumpen\n        \u003C\/div\u003E\n                                              \n                        \n        \u003Ch4 class=\u0022teaser-content--headline\u0022\u003E\n                                        \u003Cspan class=\u0022headline-last-word-arrow\u0022\u003EGrauwasser-Hebeanlage                      \u003C\/span\u003E\n        \u003C\/h4\u003E\n            \u003Cdiv class=\u0022teaser-content--publishing-date\u0022\u003E\u003Ctime datetime=\u00222025-05-01T11:23:02Z\u0022\u003E01.05.2025\u003C\/time\u003E\n\u003C\/div\u003E\u003Cspan class=\u0022teaser-content--publishing-date-divider\u0022\u003E - \u003C\/span\u003E\u003Cdiv class=\u0022teaser-content--body\u0022\u003E\u003Cp\u003EDie stecker\u00adfertige Hebe\u00adanlage Hebefix Pro von Pentair Jung Pumpen ent\u00adsorgt f\u00e4ka\u00adlien\u00adfreies Ab\u00adwasser, auch von Ent\u00adh\u00e4r\u00adtungs\u00adan\u00adlagen und Brenn\u00adwert\u00adheiz\u00adkesseln.\u003C\/p\u003E\n\u003C\/div\u003E\n                        \u003Cspan class=\u0022read-more-arrow-container\u0022\u003E\n            \u003Cspan class=\u0022read-more-angled-arrow\u0022\u003E \u003C\/span\u003E\n          \u003C\/span\u003E\n                  \u003C\/div\u003E\n    \u003C\/a\u003E\n\u003Ca href=\u0022\/produkte\/kessel-retrofit-pumpensumpf-einbausatz\u0022  class=\u0022teaser teaser--standard\u0022 aria-label=\u0022Retrofit-Pumpensumpf-Einbausatz\u0022\u003E\n      \u003Cdiv class=\u0022teaser-content--image\u0022\u003E\n        \u003Cfigure class=\u0022image--figure\u0022\u003E\n        \u003Cpicture\u003E\n                        \u003Csource srcset=\u0022\/sites\/default\/files\/styles\/teaser_standard__m\/public\/aurora\/2025\/05\/442023.jpeg.webp?itok=uudR4b4Q 1x\u0022 media=\u0022(min-width: 48.0625em) and (max-width: 64em)\u0022 type=\u0022image\/webp\u0022 width=\u0022323\u0022 height=\u0022215\u0022\/\u003E\n                  \u003Csource srcset=\u0022\/sites\/default\/files\/styles\/teaser_standard__l\/public\/aurora\/2025\/05\/442023.jpeg.webp?itok=8TgEVD7X 1x\u0022 media=\u0022(min-width: 64.0625em)\u0022 type=\u0022image\/webp\u0022 width=\u0022203\u0022 height=\u0022135\u0022\/\u003E\n                  \u003Csource srcset=\u0022\/sites\/default\/files\/styles\/teaser_standard__m\/public\/aurora\/2025\/05\/442023.jpeg?itok=KwbvvcL7 1x\u0022 media=\u0022(min-width: 48.0625em) and (max-width: 64em)\u0022 type=\u0022image\/jpeg\u0022 width=\u0022323\u0022 height=\u0022215\u0022\/\u003E\n                  \u003Csource srcset=\u0022\/sites\/default\/files\/styles\/teaser_standard__l\/public\/aurora\/2025\/05\/442023.jpeg?itok=5X3RbEWd 1x\u0022 media=\u0022(min-width: 64.0625em)\u0022 type=\u0022image\/jpeg\u0022 width=\u0022203\u0022 height=\u0022135\u0022\/\u003E\n                          \u003Cimg alt=\u0022Kessel: Duoanlage Retrofit\u202fS.\u0022 loading=\u0022eager\u0022 data-caption-hide width=\u0022597\u0022 height=\u0022398\u0022 data-zoomed=\u0022https:\/\/www.tga-fachplaner.de\/sites\/default\/files\/styles\/content__zoomed\/public\/aurora\/2025\/05\/442023.jpeg?itok=A_niGY38\u0022 src=\u0022\/sites\/default\/files\/styles\/teaser_standard__s\/public\/aurora\/2025\/05\/442023.jpeg?itok=uJTVxe1v\u0022 title=\u0022\u00a9 Kessel\u0022 \/\u003E\n\n    \u003C\/picture\u003E\n      \u003Cfigcaption class=\u0022image--figcaption\u0022\u003E\n          \u003Cdiv class=\u0022copyright\u0022\u003EKessel\u003C\/div\u003E\n          \u003C\/figcaption\u003E\n\u003C\/figure\u003E\n\n\n    \u003C\/div\u003E\n    \u003Cdiv class=\u0022teaser-content\u0022\u003E\n                    \u003Cdiv class=\u0022teaser-content--kicker\u0022\u003E\n                    Kessel\n        \u003C\/div\u003E\n                                              \n                        \n        \u003Ch4 class=\u0022teaser-content--headline\u0022\u003E\n                                        \u003Cspan class=\u0022headline-last-word-arrow\u0022\u003ERetrofit-Pumpensumpf-Einbausatz                      \u003C\/span\u003E\n        \u003C\/h4\u003E\n            \u003Cdiv class=\u0022teaser-content--publishing-date\u0022\u003E\u003Ctime datetime=\u00222025-05-01T11:23:00Z\u0022\u003E01.05.2025\u003C\/time\u003E\n\u003C\/div\u003E\u003Cspan class=\u0022teaser-content--publishing-date-divider\u0022\u003E - \u003C\/span\u003E\u003Cdiv class=\u0022teaser-content--body\u0022\u003E\u003Cp\u003EMit Retrofit\u0026nbsp;S bietet Kessel einen kom\u00adpak\u00adten und an\u00adschluss\u00adfer\u00adti\u00adgen Pumpen-Einbau\u00adsatz f\u00fcr f\u00e4kalien\u00adfreies Ab\u00adwasser zum Ein\u00adbau in be\u00adstehen\u00adde Sch\u00e4chte an.\u003C\/p\u003E\n\u003C\/div\u003E\n                        \u003Cspan class=\u0022read-more-arrow-container\u0022\u003E\n            \u003Cspan class=\u0022read-more-angled-arrow\u0022\u003E \u003C\/span\u003E\n          \u003C\/span\u003E\n                  \u003C\/div\u003E\n    \u003C\/a\u003E\n\u003Ca href=\u0022\/produkte\/viega-y-stueck-fuer-die-erdwaermenutzung\u0022  class=\u0022teaser teaser--standard\u0022 aria-label=\u0022Y-St\u00fcck f\u00fcr die Erdw\u00e4rmenutzung\u0022\u003E\n      \u003Cdiv class=\u0022teaser-content--image\u0022\u003E\n        \u003Cfigure class=\u0022image--figure\u0022\u003E\n        \u003Cpicture\u003E\n                        \u003Csource srcset=\u0022\/sites\/default\/files\/styles\/teaser_standard__m\/public\/aurora\/2025\/05\/441996.jpeg.webp?itok=qKe-QWkJ 1x\u0022 media=\u0022(min-width: 48.0625em) and (max-width: 64em)\u0022 type=\u0022image\/webp\u0022 width=\u0022323\u0022 height=\u0022215\u0022\/\u003E\n                  \u003Csource srcset=\u0022\/sites\/default\/files\/styles\/teaser_standard__l\/public\/aurora\/2025\/05\/441996.jpeg.webp?itok=GG7ILVjg 1x\u0022 media=\u0022(min-width: 64.0625em)\u0022 type=\u0022image\/webp\u0022 width=\u0022203\u0022 height=\u0022135\u0022\/\u003E\n                  \u003Csource srcset=\u0022\/sites\/default\/files\/styles\/teaser_standard__m\/public\/aurora\/2025\/05\/441996.jpeg?itok=doaXUxxE 1x\u0022 media=\u0022(min-width: 48.0625em) and (max-width: 64em)\u0022 type=\u0022image\/jpeg\u0022 width=\u0022323\u0022 height=\u0022215\u0022\/\u003E\n                  \u003Csource srcset=\u0022\/sites\/default\/files\/styles\/teaser_standard__l\/public\/aurora\/2025\/05\/441996.jpeg?itok=v2cIAO1z 1x\u0022 media=\u0022(min-width: 64.0625em)\u0022 type=\u0022image\/jpeg\u0022 width=\u0022203\u0022 height=\u0022135\u0022\/\u003E\n                          \u003Cimg alt=\u0022Viega: Geopress-Y-St\u00fcck aus Rotguss.\u0022 loading=\u0022eager\u0022 data-caption-hide width=\u0022597\u0022 height=\u0022398\u0022 data-zoomed=\u0022https:\/\/www.tga-fachplaner.de\/sites\/default\/files\/styles\/content__zoomed\/public\/aurora\/2025\/05\/441996.jpeg?itok=HhBg5GV5\u0022 src=\u0022\/sites\/default\/files\/styles\/teaser_standard__s\/public\/aurora\/2025\/05\/441996.jpeg?itok=YBQnRPQ-\u0022 title=\u0022\u00a9 Viega\u0022 \/\u003E\n\n    \u003C\/picture\u003E\n      \u003Cfigcaption class=\u0022image--figcaption\u0022\u003E\n          \u003Cdiv class=\u0022copyright\u0022\u003EViega\u003C\/div\u003E\n          \u003C\/figcaption\u003E\n\u003C\/figure\u003E\n\n\n    \u003C\/div\u003E\n    \u003Cdiv class=\u0022teaser-content\u0022\u003E\n                    \u003Cdiv class=\u0022teaser-content--kicker\u0022\u003E\n                    Viega\n        \u003C\/div\u003E\n                                              \n                        \n        \u003Ch4 class=\u0022teaser-content--headline\u0022\u003E\n                                Y-St\u00fcck f\u00fcr die \n                              \u003Cspan class=\u0022headline-last-word-arrow\u0022\u003EErdw\u00e4rmenutzung                      \u003C\/span\u003E\n        \u003C\/h4\u003E\n            \u003Cdiv class=\u0022teaser-content--publishing-date\u0022\u003E\u003Ctime datetime=\u00222025-05-01T11:22:58Z\u0022\u003E01.05.2025\u003C\/time\u003E\n\u003C\/div\u003E\u003Cspan class=\u0022teaser-content--publishing-date-divider\u0022\u003E - \u003C\/span\u003E\u003Cdiv class=\u0022teaser-content--body\u0022\u003E\u003Cp\u003EDas Geopress-Y-St\u00fcck von Viega ist eine hoch\u00adbe\u00adlast\u00adbare M\u00f6glich\u00adkeit, Erd\u00adw\u00e4rme\u00adson\u00adden aus erd\u00adver\u00adlegten PE-HD- oder PE-X-Rohren kosten\u00adg\u00fcns\u00adtig zu\u00adsam\u00admen\u00adzu\u00adf\u00fchren.\u003C\/p\u003E\n\u003C\/div\u003E\n                        \u003Cspan class=\u0022read-more-arrow-container\u0022\u003E\n            \u003Cspan class=\u0022read-more-angled-arrow\u0022\u003E \u003C\/span\u003E\n          \u003C\/span\u003E\n                  \u003C\/div\u003E\n    \u003C\/a\u003E\n\u003Ca href=\u0022\/produkte\/viega-schnell-montiertes-brandschutzband\u0022  class=\u0022teaser teaser--standard\u0022 aria-label=\u0022Schnell montiertes Brandschutzband\u0022\u003E\n      \u003Cdiv class=\u0022teaser-content--image\u0022\u003E\n        \u003Cfigure class=\u0022image--figure\u0022\u003E\n        \u003Cpicture\u003E\n                        \u003Csource srcset=\u0022\/sites\/default\/files\/styles\/teaser_standard__m\/public\/aurora\/2025\/04\/434168.jpeg.webp?itok=92XdCw1B 1x\u0022 media=\u0022(min-width: 48.0625em) and (max-width: 64em)\u0022 type=\u0022image\/webp\u0022 width=\u0022323\u0022 height=\u0022215\u0022\/\u003E\n                  \u003Csource srcset=\u0022\/sites\/default\/files\/styles\/teaser_standard__l\/public\/aurora\/2025\/04\/434168.jpeg.webp?itok=cP8uu9AE 1x\u0022 media=\u0022(min-width: 64.0625em)\u0022 type=\u0022image\/webp\u0022 width=\u0022203\u0022 height=\u0022135\u0022\/\u003E\n                  \u003Csource srcset=\u0022\/sites\/default\/files\/styles\/teaser_standard__m\/public\/aurora\/2025\/04\/434168.jpeg?itok=fFhIFLVi 1x\u0022 media=\u0022(min-width: 48.0625em) and (max-width: 64em)\u0022 type=\u0022image\/jpeg\u0022 width=\u0022323\u0022 height=\u0022215\u0022\/\u003E\n                  \u003Csource srcset=\u0022\/sites\/default\/files\/styles\/teaser_standard__l\/public\/aurora\/2025\/04\/434168.jpeg?itok=V8Wg83Wp 1x\u0022 media=\u0022(min-width: 64.0625em)\u0022 type=\u0022image\/jpeg\u0022 width=\u0022203\u0022 height=\u0022135\u0022\/\u003E\n                          \u003Cimg alt=\u0022Viega: Fallleitung mit Brandschutzband Typ\u202fF.\u0022 loading=\u0022eager\u0022 data-caption-hide width=\u0022597\u0022 height=\u0022398\u0022 data-zoomed=\u0022https:\/\/www.tga-fachplaner.de\/sites\/default\/files\/styles\/content__zoomed\/public\/aurora\/2025\/04\/434168.jpeg?itok=UssotOnQ\u0022 src=\u0022\/sites\/default\/files\/styles\/teaser_standard__s\/public\/aurora\/2025\/04\/434168.jpeg?itok=juo0T92K\u0022 title=\u0022\u00a9 Viega\u0022 \/\u003E\n\n    \u003C\/picture\u003E\n      \u003Cfigcaption class=\u0022image--figcaption\u0022\u003E\n          \u003Cdiv class=\u0022copyright\u0022\u003EViega\u003C\/div\u003E\n          \u003C\/figcaption\u003E\n\u003C\/figure\u003E\n\n\n    \u003C\/div\u003E\n    \u003Cdiv class=\u0022teaser-content\u0022\u003E\n                    \u003Cdiv class=\u0022teaser-content--kicker\u0022\u003E\n                    Viega\n        \u003C\/div\u003E\n                                              \n                        \n        \u003Ch4 class=\u0022teaser-content--headline\u0022\u003E\n                                Schnell montiertes \n                              \u003Cspan class=\u0022headline-last-word-arrow\u0022\u003EBrandschutzband                      \u003C\/span\u003E\n        \u003C\/h4\u003E\n            \u003Cdiv class=\u0022teaser-content--publishing-date\u0022\u003E\u003Ctime datetime=\u00222025-04-01T19:18:23Z\u0022\u003E01.04.2025\u003C\/time\u003E\n\u003C\/div\u003E\u003Cspan class=\u0022teaser-content--publishing-date-divider\u0022\u003E - \u003C\/span\u003E\u003Cdiv class=\u0022teaser-content--body\u0022\u003E\u003Cp\u003EMit dem Brandschutzband Typ\u0026nbsp;F von Viega k\u00f6n\u00adnen brenn\u00adba\u00adre Ent\u00adw\u00e4sserungs\u00adlei\u00adtun\u00adgen bis DN\u202f200 in Decken\u00addurch\u00adf\u00fch\u00adrun\u00adgen ab\u00adge\u00adschottet wer\u00adden.\u003C\/p\u003E\n\u003C\/div\u003E\n                        \u003Cspan class=\u0022read-more-arrow-container\u0022\u003E\n            \u003Cspan class=\u0022read-more-angled-arrow\u0022\u003E \u003C\/span\u003E\n          \u003C\/span\u003E\n                  \u003C\/div\u003E\n    \u003C\/a\u003E\n\u003Ca href=\u0022\/produkte\/dallmer-individuell-befliesbare-duschrinnen\u0022  class=\u0022teaser teaser--standard\u0022 aria-label=\u0022Individuell befliesbare Duschrinnen\u0022\u003E\n      \u003Cdiv class=\u0022teaser-content--image\u0022\u003E\n        \u003Cfigure class=\u0022image--figure\u0022\u003E\n        \u003Cpicture\u003E\n                        \u003Csource srcset=\u0022\/sites\/default\/files\/styles\/teaser_standard__m\/public\/aurora\/2025\/03\/424701.jpeg.webp?itok=Poc9TMH8 1x\u0022 media=\u0022(min-width: 48.0625em) and (max-width: 64em)\u0022 type=\u0022image\/webp\u0022 width=\u0022323\u0022 height=\u0022215\u0022\/\u003E\n                  \u003Csource srcset=\u0022\/sites\/default\/files\/styles\/teaser_standard__l\/public\/aurora\/2025\/03\/424701.jpeg.webp?itok=V0heKdFI 1x\u0022 media=\u0022(min-width: 64.0625em)\u0022 type=\u0022image\/webp\u0022 width=\u0022203\u0022 height=\u0022135\u0022\/\u003E\n                  \u003Csource srcset=\u0022\/sites\/default\/files\/styles\/teaser_standard__m\/public\/aurora\/2025\/03\/424701.jpeg?itok=Q8xsGbwW 1x\u0022 media=\u0022(min-width: 48.0625em) and (max-width: 64em)\u0022 type=\u0022image\/jpeg\u0022 width=\u0022323\u0022 height=\u0022215\u0022\/\u003E\n                  \u003Csource srcset=\u0022\/sites\/default\/files\/styles\/teaser_standard__l\/public\/aurora\/2025\/03\/424701.jpeg?itok=CRfbQypY 1x\u0022 media=\u0022(min-width: 64.0625em)\u0022 type=\u0022image\/jpeg\u0022 width=\u0022203\u0022 height=\u0022135\u0022\/\u003E\n                          \u003Cimg alt=\u0022Dallmer: CeraFloor Inividual Neo.\u0022 loading=\u0022eager\u0022 data-caption-hide width=\u0022597\u0022 height=\u0022398\u0022 data-zoomed=\u0022https:\/\/www.tga-fachplaner.de\/sites\/default\/files\/styles\/content__zoomed\/public\/aurora\/2025\/03\/424701.jpeg?itok=9-wUQxCs\u0022 src=\u0022\/sites\/default\/files\/styles\/teaser_standard__s\/public\/aurora\/2025\/03\/424701.jpeg?itok=n0RyDyaP\u0022 title=\u0022\u00a9 Dallmer\u0022 \/\u003E\n\n    \u003C\/picture\u003E\n      \u003Cfigcaption class=\u0022image--figcaption\u0022\u003E\n          \u003Cdiv class=\u0022copyright\u0022\u003EDallmer\u003C\/div\u003E\n          \u003C\/figcaption\u003E\n\u003C\/figure\u003E\n\n\n    \u003C\/div\u003E\n    \u003Cdiv class=\u0022teaser-content\u0022\u003E\n                    \u003Cdiv class=\u0022teaser-content--kicker\u0022\u003E\n                    Dallmer\n        \u003C\/div\u003E\n                                              \n                        \n        \u003Ch4 class=\u0022teaser-content--headline\u0022\u003E\n                                Individuell befliesbare \n                              \u003Cspan class=\u0022headline-last-word-arrow\u0022\u003EDuschrinnen                      \u003C\/span\u003E\n        \u003C\/h4\u003E\n            \u003Cdiv class=\u0022teaser-content--publishing-date\u0022\u003E\u003Ctime datetime=\u00222025-03-01T09:02:15Z\u0022\u003E01.03.2025\u003C\/time\u003E\n\u003C\/div\u003E\u003Cspan class=\u0022teaser-content--publishing-date-divider\u0022\u003E - \u003C\/span\u003E\u003Cdiv class=\u0022teaser-content--body\u0022\u003E\u003Cp\u003EDie befliesbaren Duschrinnen CeraFloor \/ CeraWall Individual Neo eignet sich f\u00fcr eine gro\u00dfe Auswahl an Fliesen- und Keramikbel\u00e4gen sowie Naturstein.\u003C\/p\u003E\n\u003C\/div\u003E\n                        \u003Cspan class=\u0022read-more-arrow-container\u0022\u003E\n            \u003Cspan class=\u0022read-more-angled-arrow\u0022\u003E \u003C\/span\u003E\n          \u003C\/span\u003E\n                  \u003C\/div\u003E\n    \u003C\/a\u003E\n\u003Ca href=\u0022\/produkte\/geka-ibc-adapter-aus-metall\u0022  class=\u0022teaser teaser--standard\u0022 aria-label=\u0022IBC-Adapter aus Metall\u0022\u003E\n      \u003Cdiv class=\u0022teaser-content--image\u0022\u003E\n        \u003Cfigure class=\u0022image--figure\u0022\u003E\n        \u003Cpicture\u003E\n                        \u003Csource srcset=\u0022\/sites\/default\/files\/styles\/teaser_standard__m\/public\/aurora\/2025\/02\/416911.jpeg.webp?itok=S3q4iQbv 1x\u0022 media=\u0022(min-width: 48.0625em) and (max-width: 64em)\u0022 type=\u0022image\/webp\u0022 width=\u0022323\u0022 height=\u0022215\u0022\/\u003E\n                  \u003Csource srcset=\u0022\/sites\/default\/files\/styles\/teaser_standard__l\/public\/aurora\/2025\/02\/416911.jpeg.webp?itok=UV1yPuVJ 1x\u0022 media=\u0022(min-width: 64.0625em)\u0022 type=\u0022image\/webp\u0022 width=\u0022203\u0022 height=\u0022135\u0022\/\u003E\n                  \u003Csource srcset=\u0022\/sites\/default\/files\/styles\/teaser_standard__m\/public\/aurora\/2025\/02\/416911.jpeg?itok=lj9rTFvF 1x\u0022 media=\u0022(min-width: 48.0625em) and (max-width: 64em)\u0022 type=\u0022image\/jpeg\u0022 width=\u0022323\u0022 height=\u0022215\u0022\/\u003E\n                  \u003Csource srcset=\u0022\/sites\/default\/files\/styles\/teaser_standard__l\/public\/aurora\/2025\/02\/416911.jpeg?itok=QKdcIEVK 1x\u0022 media=\u0022(min-width: 64.0625em)\u0022 type=\u0022image\/jpeg\u0022 width=\u0022203\u0022 height=\u0022135\u0022\/\u003E\n                          \u003Cimg alt=\u0022Geka: IBC-Adapter und Sets aus Metall.\u0022 loading=\u0022eager\u0022 data-caption-hide width=\u0022597\u0022 height=\u0022398\u0022 data-zoomed=\u0022https:\/\/www.tga-fachplaner.de\/sites\/default\/files\/styles\/content__zoomed\/public\/aurora\/2025\/02\/416911.jpeg?itok=MqD_E_nG\u0022 src=\u0022\/sites\/default\/files\/styles\/teaser_standard__s\/public\/aurora\/2025\/02\/416911.jpeg?itok=a2pNug8r\u0022 title=\u0022\u00a9 Geka\u0022 \/\u003E\n\n    \u003C\/picture\u003E\n      \u003Cfigcaption class=\u0022image--figcaption\u0022\u003E\n          \u003Cdiv class=\u0022copyright\u0022\u003EGeka\u003C\/div\u003E\n          \u003C\/figcaption\u003E\n\u003C\/figure\u003E\n\n\n    \u003C\/div\u003E\n    \u003Cdiv class=\u0022teaser-content\u0022\u003E\n                    \u003Cdiv class=\u0022teaser-content--kicker\u0022\u003E\n                    Geka\n        \u003C\/div\u003E\n                                              \n                        \n        \u003Ch4 class=\u0022teaser-content--headline\u0022\u003E\n                                IBC-Adapter aus \n                              \u003Cspan class=\u0022headline-last-word-arrow\u0022\u003EMetall                      \u003C\/span\u003E\n        \u003C\/h4\u003E\n            \u003Cdiv class=\u0022teaser-content--publishing-date\u0022\u003E\u003Ctime datetime=\u00222025-02-01T17:12:17Z\u0022\u003E01.02.2025\u003C\/time\u003E\n\u003C\/div\u003E\u003Cspan class=\u0022teaser-content--publishing-date-divider\u0022\u003E - \u003C\/span\u003E\u003Cdiv class=\u0022teaser-content--body\u0022\u003E\u003Cp\u003EMit dem IBC-Adapter aus Metall von Geka geh\u00f6ren schiefe H\u00e4hne an IBC-Containern der Ver\u00adgangen\u00adheit an: Der Adapter hat einen um 360\u00b0 dreh\u00adbaren Innen\u00adring.\u003C\/p\u003E\n\u003C\/div\u003E\n                        \u003Cspan class=\u0022read-more-arrow-container\u0022\u003E\n            \u003Cspan class=\u0022read-more-angled-arrow\u0022\u003E \u003C\/span\u003E\n          \u003C\/span\u003E\n                  \u003C\/div\u003E\n    \u003C\/a\u003E\n\u003Ca href=\u0022\/produkte\/mall-lamellenklaerer-erfolgreich-geprueft\u0022  class=\u0022teaser teaser--standard\u0022 aria-label=\u0022Lamellenkl\u00e4rer erfolgreich gepr\u00fcft\u0022\u003E\n      \u003Cdiv class=\u0022teaser-content--image\u0022\u003E\n        \u003Cfigure class=\u0022image--figure\u0022\u003E\n        \u003Cpicture\u003E\n                        \u003Csource srcset=\u0022\/sites\/default\/files\/styles\/teaser_standard__m\/public\/aurora\/2024\/12\/411590.jpeg.webp?itok=3OSR8LPn 1x\u0022 media=\u0022(min-width: 48.0625em) and (max-width: 64em)\u0022 type=\u0022image\/webp\u0022 width=\u0022323\u0022 height=\u0022215\u0022\/\u003E\n                  \u003Csource srcset=\u0022\/sites\/default\/files\/styles\/teaser_standard__l\/public\/aurora\/2024\/12\/411590.jpeg.webp?itok=jJErEF5x 1x\u0022 media=\u0022(min-width: 64.0625em)\u0022 type=\u0022image\/webp\u0022 width=\u0022203\u0022 height=\u0022135\u0022\/\u003E\n                  \u003Csource srcset=\u0022\/sites\/default\/files\/styles\/teaser_standard__m\/public\/aurora\/2024\/12\/411590.jpeg?itok=2f8kzohJ 1x\u0022 media=\u0022(min-width: 48.0625em) and (max-width: 64em)\u0022 type=\u0022image\/jpeg\u0022 width=\u0022323\u0022 height=\u0022215\u0022\/\u003E\n                  \u003Csource srcset=\u0022\/sites\/default\/files\/styles\/teaser_standard__l\/public\/aurora\/2024\/12\/411590.jpeg?itok=IwDoaxFU 1x\u0022 media=\u0022(min-width: 64.0625em)\u0022 type=\u0022image\/jpeg\u0022 width=\u0022203\u0022 height=\u0022135\u0022\/\u003E\n                          \u003Cimg alt=\u0022Mall: Lamellenkl\u00e4rer ViaTub.\u0022 loading=\u0022eager\u0022 data-caption-hide width=\u0022597\u0022 height=\u0022398\u0022 data-zoomed=\u0022https:\/\/www.tga-fachplaner.de\/sites\/default\/files\/styles\/content__zoomed\/public\/aurora\/2024\/12\/411590.jpeg?itok=xYoUtuQc\u0022 src=\u0022\/sites\/default\/files\/styles\/teaser_standard__s\/public\/aurora\/2024\/12\/411590.jpeg?itok=OrYU7wll\u0022 title=\u0022\u00a9 Mall\u0022 \/\u003E\n\n    \u003C\/picture\u003E\n      \u003Cfigcaption class=\u0022image--figcaption\u0022\u003E\n          \u003Cdiv class=\u0022copyright\u0022\u003EMall\u003C\/div\u003E\n          \u003C\/figcaption\u003E\n\u003C\/figure\u003E\n\n\n    \u003C\/div\u003E\n    \u003Cdiv class=\u0022teaser-content\u0022\u003E\n                    \u003Cdiv class=\u0022teaser-content--kicker\u0022\u003E\n                    Mall\n        \u003C\/div\u003E\n                                              \n                        \n        \u003Ch4 class=\u0022teaser-content--headline\u0022\u003E\n                                Lamellenkl\u00e4rer erfolgreich \n                              \u003Cspan class=\u0022headline-last-word-arrow\u0022\u003Egepr\u00fcft                      \u003C\/span\u003E\n        \u003C\/h4\u003E\n            \u003Cdiv class=\u0022teaser-content--publishing-date\u0022\u003E\u003Ctime datetime=\u00222024-12-22T12:55:31Z\u0022\u003E22.12.2024\u003C\/time\u003E\n\u003C\/div\u003E\u003Cspan class=\u0022teaser-content--publishing-date-divider\u0022\u003E - \u003C\/span\u003E\u003Cdiv class=\u0022teaser-content--body\u0022\u003E\u003Cp\u003EEine vom IKT durchgef\u00fchrte Pr\u00fc\u00adfung be\u00adst\u00e4tigt, dass der Lamellenkl\u00e4rer ViaTub von Mall bei Fl\u00e4\u00adchen mit stark be\u00adlaste\u00adtem Nieder\u00adschlags\u00adwasser ein\u00adsetz\u00adbar ist.\u003C\/p\u003E\n\u003C\/div\u003E\n                        \u003Cspan class=\u0022read-more-arrow-container\u0022\u003E\n            \u003Cspan class=\u0022read-more-angled-arrow\u0022\u003E \u003C\/span\u003E\n          \u003C\/span\u003E\n                  \u003C\/div\u003E\n    \u003C\/a\u003E\n\u003Ca href=\u0022\/produkte\/aco-haustechnik-doppelpumpen-hebeanlage-fuer-grosse-hoehen-und-distanzen\u0022  class=\u0022teaser teaser--standard\u0022 aria-label=\u0022Doppelpumpen-Hebeanlage f\u00fcr gro\u00dfe H\u00f6hen und Distanzen\u0022\u003E\n      \u003Cdiv class=\u0022teaser-content--image\u0022\u003E\n        \u003Cfigure class=\u0022image--figure\u0022\u003E\n        \u003Cpicture\u003E\n                        \u003Csource srcset=\u0022\/sites\/default\/files\/styles\/teaser_standard__m\/public\/aurora\/2024\/12\/411596.jpeg.webp?itok=jtjEETnS 1x\u0022 media=\u0022(min-width: 48.0625em) and (max-width: 64em)\u0022 type=\u0022image\/webp\u0022 width=\u0022323\u0022 height=\u0022215\u0022\/\u003E\n                  \u003Csource srcset=\u0022\/sites\/default\/files\/styles\/teaser_standard__l\/public\/aurora\/2024\/12\/411596.jpeg.webp?itok=k39vRn3c 1x\u0022 media=\u0022(min-width: 64.0625em)\u0022 type=\u0022image\/webp\u0022 width=\u0022203\u0022 height=\u0022135\u0022\/\u003E\n                  \u003Csource srcset=\u0022\/sites\/default\/files\/styles\/teaser_standard__m\/public\/aurora\/2024\/12\/411596.jpeg?itok=d8tfopNv 1x\u0022 media=\u0022(min-width: 48.0625em) and (max-width: 64em)\u0022 type=\u0022image\/jpeg\u0022 width=\u0022323\u0022 height=\u0022215\u0022\/\u003E\n                  \u003Csource srcset=\u0022\/sites\/default\/files\/styles\/teaser_standard__l\/public\/aurora\/2024\/12\/411596.jpeg?itok=BKhlgE91 1x\u0022 media=\u0022(min-width: 64.0625em)\u0022 type=\u0022image\/jpeg\u0022 width=\u0022203\u0022 height=\u0022135\u0022\/\u003E\n                          \u003Cimg alt=\u0022ACO Haustechnik: Doppelpumpen-Hebeanlage ACO Muli-Nova DDP.\u0022 loading=\u0022eager\u0022 data-caption-hide width=\u0022597\u0022 height=\u0022398\u0022 data-zoomed=\u0022https:\/\/www.tga-fachplaner.de\/sites\/default\/files\/styles\/content__zoomed\/public\/aurora\/2024\/12\/411596.jpeg?itok=36s-Fd5G\u0022 src=\u0022\/sites\/default\/files\/styles\/teaser_standard__s\/public\/aurora\/2024\/12\/411596.jpeg?itok=97PIF8Zw\u0022 title=\u0022\u00a9 ACO Haustechnik\u0022 \/\u003E\n\n    \u003C\/picture\u003E\n      \u003Cfigcaption class=\u0022image--figcaption\u0022\u003E\n          \u003Cdiv class=\u0022copyright\u0022\u003EACO Haustechnik\u003C\/div\u003E\n          \u003C\/figcaption\u003E\n\u003C\/figure\u003E\n\n\n    \u003C\/div\u003E\n    \u003Cdiv class=\u0022teaser-content\u0022\u003E\n                    \u003Cdiv class=\u0022teaser-content--kicker\u0022\u003E\n                    ACO Haustechnik\n        \u003C\/div\u003E\n                                              \n                        \n        \u003Ch4 class=\u0022teaser-content--headline\u0022\u003E\n                                Doppelpumpen-Hebeanlage f\u00fcr gro\u00dfe H\u00f6hen und \n                              \u003Cspan class=\u0022headline-last-word-arrow\u0022\u003EDistanzen                      \u003C\/span\u003E\n        \u003C\/h4\u003E\n            \u003Cdiv class=\u0022teaser-content--publishing-date\u0022\u003E\u003Ctime datetime=\u00222024-12-22T12:55:30Z\u0022\u003E22.12.2024\u003C\/time\u003E\n\u003C\/div\u003E\u003Cspan class=\u0022teaser-content--publishing-date-divider\u0022\u003E - \u003C\/span\u003E\u003Cdiv class=\u0022teaser-content--body\u0022\u003E\u003Cp\u003EACO Haustechnik r\u00fcstet die Doppelpumpen-Hebeanlage ACO Muli-Nova DDP mit leistungs\u00adstarken Vortex-Pumpen (F\u00f6rder\u00adh\u00f6he bis 30\u202fm, F\u00f6rder\u00admenge bis 23,5\u202fl\/s) aus.\u003C\/p\u003E\n\u003C\/div\u003E\n                        \u003Cspan class=\u0022read-more-arrow-container\u0022\u003E\n            \u003Cspan class=\u0022read-more-angled-arrow\u0022\u003E \u003C\/span\u003E\n          \u003C\/span\u003E\n                  \u003C\/div\u003E\n    \u003C\/a\u003E\n\u003Ca href=\u0022\/produkte\/fraenkische-vorgefertigte-werksrigole\u0022  class=\u0022teaser teaser--standard\u0022 aria-label=\u0022Vorgefertigte Werksrigole\u0022\u003E\n      \u003Cdiv class=\u0022teaser-content--image\u0022\u003E\n        \u003Cfigure class=\u0022image--figure\u0022\u003E\n        \u003Cpicture\u003E\n                        \u003Csource srcset=\u0022\/sites\/default\/files\/styles\/teaser_standard__m\/public\/aurora\/2024\/12\/411581.jpeg.webp?itok=ptksPPpY 1x\u0022 media=\u0022(min-width: 48.0625em) and (max-width: 64em)\u0022 type=\u0022image\/webp\u0022 width=\u0022323\u0022 height=\u0022215\u0022\/\u003E\n                  \u003Csource srcset=\u0022\/sites\/default\/files\/styles\/teaser_standard__l\/public\/aurora\/2024\/12\/411581.jpeg.webp?itok=m5WsCHlP 1x\u0022 media=\u0022(min-width: 64.0625em)\u0022 type=\u0022image\/webp\u0022 width=\u0022203\u0022 height=\u0022135\u0022\/\u003E\n                  \u003Csource srcset=\u0022\/sites\/default\/files\/styles\/teaser_standard__m\/public\/aurora\/2024\/12\/411581.jpeg?itok=I0b-E90m 1x\u0022 media=\u0022(min-width: 48.0625em) and (max-width: 64em)\u0022 type=\u0022image\/jpeg\u0022 width=\u0022323\u0022 height=\u0022215\u0022\/\u003E\n                  \u003Csource srcset=\u0022\/sites\/default\/files\/styles\/teaser_standard__l\/public\/aurora\/2024\/12\/411581.jpeg?itok=e9xFypW0 1x\u0022 media=\u0022(min-width: 64.0625em)\u0022 type=\u0022image\/jpeg\u0022 width=\u0022203\u0022 height=\u0022135\u0022\/\u003E\n                          \u003Cimg alt=\u0022Fr\u00e4nkische: RigoCollect-Anlage.\u0022 loading=\u0022eager\u0022 data-caption-hide width=\u0022597\u0022 height=\u0022398\u0022 data-zoomed=\u0022https:\/\/www.tga-fachplaner.de\/sites\/default\/files\/styles\/content__zoomed\/public\/aurora\/2024\/12\/411581.jpeg?itok=MN6ve3eW\u0022 src=\u0022\/sites\/default\/files\/styles\/teaser_standard__s\/public\/aurora\/2024\/12\/411581.jpeg?itok=fQSKkwXX\u0022 title=\u0022\u00a9 Fr\u00e4nkische\u0022 \/\u003E\n\n    \u003C\/picture\u003E\n      \u003Cfigcaption class=\u0022image--figcaption\u0022\u003E\n          \u003Cdiv class=\u0022copyright\u0022\u003EFr\u00e4nkische\u003C\/div\u003E\n          \u003C\/figcaption\u003E\n\u003C\/figure\u003E\n\n\n    \u003C\/div\u003E\n    \u003Cdiv class=\u0022teaser-content\u0022\u003E\n                    \u003Cdiv class=\u0022teaser-content--kicker\u0022\u003E\n                    Fr\u00e4nkische\n        \u003C\/div\u003E\n                                              \n                        \n        \u003Ch4 class=\u0022teaser-content--headline\u0022\u003E\n                                Vorgefertigte \n                              \u003Cspan class=\u0022headline-last-word-arrow\u0022\u003EWerksrigole                      \u003C\/span\u003E\n        \u003C\/h4\u003E\n            \u003Cdiv class=\u0022teaser-content--publishing-date\u0022\u003E\u003Ctime datetime=\u00222024-12-22T12:55:29Z\u0022\u003E22.12.2024\u003C\/time\u003E\n\u003C\/div\u003E\u003Cspan class=\u0022teaser-content--publishing-date-divider\u0022\u003E - \u003C\/span\u003E\u003Cdiv class=\u0022teaser-content--body\u0022\u003E\u003Cp\u003EDie RigoCollect-Anlagen von Fr\u00e4nkische k\u00f6nnen Regen\u00adwasser r\u00fcck\u00adhalten und auch als L\u00f6sch\u00adwasser bevor\u00adraten \u2013 optional als vor\u00adgefertigte Werks\u00adrigole.\u003C\/p\u003E\n\u003C\/div\u003E\n                        \u003Cspan class=\u0022read-more-arrow-container\u0022\u003E\n            \u003Cspan class=\u0022read-more-angled-arrow\u0022\u003E \u003C\/span\u003E\n          \u003C\/span\u003E\n                  \u003C\/div\u003E\n    \u003C\/a\u003E\n\u003Ca href=\u0022\/produkte\/grohe-vormontierter-duschrahmen\u0022  class=\u0022teaser teaser--standard\u0022 aria-label=\u0022Vormontierter Duschrahmen\u0022\u003E\n      \u003Cdiv class=\u0022teaser-content--image\u0022\u003E\n        \u003Cfigure class=\u0022image--figure\u0022\u003E\n        \u003Cpicture\u003E\n                        \u003Csource srcset=\u0022\/sites\/default\/files\/styles\/teaser_standard__m\/public\/aurora\/2024\/12\/411593.jpeg.webp?itok=8ULEYa4z 1x\u0022 media=\u0022(min-width: 48.0625em) and (max-width: 64em)\u0022 type=\u0022image\/webp\u0022 width=\u0022323\u0022 height=\u0022215\u0022\/\u003E\n                  \u003Csource srcset=\u0022\/sites\/default\/files\/styles\/teaser_standard__l\/public\/aurora\/2024\/12\/411593.jpeg.webp?itok=o-kanlu3 1x\u0022 media=\u0022(min-width: 64.0625em)\u0022 type=\u0022image\/webp\u0022 width=\u0022203\u0022 height=\u0022135\u0022\/\u003E\n                  \u003Csource srcset=\u0022\/sites\/default\/files\/styles\/teaser_standard__m\/public\/aurora\/2024\/12\/411593.jpeg?itok=pt9OqJuc 1x\u0022 media=\u0022(min-width: 48.0625em) and (max-width: 64em)\u0022 type=\u0022image\/jpeg\u0022 width=\u0022323\u0022 height=\u0022215\u0022\/\u003E\n                  \u003Csource srcset=\u0022\/sites\/default\/files\/styles\/teaser_standard__l\/public\/aurora\/2024\/12\/411593.jpeg?itok=S4GNmWBe 1x\u0022 media=\u0022(min-width: 64.0625em)\u0022 type=\u0022image\/jpeg\u0022 width=\u0022203\u0022 height=\u0022135\u0022\/\u003E\n                          \u003Cimg alt=\u0022Grohe: Rapido Duschrahmen.\u0022 loading=\u0022eager\u0022 data-caption-hide width=\u0022597\u0022 height=\u0022398\u0022 data-zoomed=\u0022https:\/\/www.tga-fachplaner.de\/sites\/default\/files\/styles\/content__zoomed\/public\/aurora\/2024\/12\/411593.jpeg?itok=4GqoZ98-\u0022 src=\u0022\/sites\/default\/files\/styles\/teaser_standard__s\/public\/aurora\/2024\/12\/411593.jpeg?itok=yUdGKkNB\u0022 title=\u0022\u00a9 Grohe\u0022 \/\u003E\n\n    \u003C\/picture\u003E\n      \u003Cfigcaption class=\u0022image--figcaption\u0022\u003E\n          \u003Cdiv class=\u0022copyright\u0022\u003EGrohe\u003C\/div\u003E\n          \u003C\/figcaption\u003E\n\u003C\/figure\u003E\n\n\n    \u003C\/div\u003E\n    \u003Cdiv class=\u0022teaser-content\u0022\u003E\n                    \u003Cdiv class=\u0022teaser-content--kicker\u0022\u003E\n                    Grohe\n        \u003C\/div\u003E\n                                              \n                        \n        \u003Ch4 class=\u0022teaser-content--headline\u0022\u003E\n                                Vormontierter \n                              \u003Cspan class=\u0022headline-last-word-arrow\u0022\u003EDuschrahmen                      \u003C\/span\u003E\n        \u003C\/h4\u003E\n            \u003Cdiv class=\u0022teaser-content--publishing-date\u0022\u003E\u003Ctime datetime=\u00222024-12-22T12:55:29Z\u0022\u003E22.12.2024\u003C\/time\u003E\n\u003C\/div\u003E\u003Cspan class=\u0022teaser-content--publishing-date-divider\u0022\u003E - \u003C\/span\u003E\u003Cdiv class=\u0022teaser-content--body\u0022\u003E\u003Cp\u003EDer vormontierte Rapido Duschrahmen von Grohe ist als Mono- oder Duo-Variante f\u00fcr zwei oder drei Dusch\u00adfunk\u00adtio\u00adnen erh\u00e4ltlich.\u003C\/p\u003E\n\u003C\/div\u003E\n                        \u003Cspan class=\u0022read-more-arrow-container\u0022\u003E\n            \u003Cspan class=\u0022read-more-angled-arrow\u0022\u003E \u003C\/span\u003E\n          \u003C\/span\u003E\n                  \u003C\/div\u003E\n    \u003C\/a\u003E\n\u003Ca href=\u0022\/produkte\/empur-vorgefertigte-installationsregister\u0022  class=\u0022teaser teaser--standard\u0022 aria-label=\u0022Vorgefertigte Installationsregister\u0022\u003E\n      \u003Cdiv class=\u0022teaser-content--image\u0022\u003E\n        \u003Cfigure class=\u0022image--figure\u0022\u003E\n        \u003Cpicture\u003E\n                        \u003Csource srcset=\u0022\/sites\/default\/files\/styles\/teaser_standard__m\/public\/aurora\/2024\/12\/410949.jpeg.webp?itok=n9fj5XUs 1x\u0022 media=\u0022(min-width: 48.0625em) and (max-width: 64em)\u0022 type=\u0022image\/webp\u0022 width=\u0022323\u0022 height=\u0022215\u0022\/\u003E\n                  \u003Csource srcset=\u0022\/sites\/default\/files\/styles\/teaser_standard__l\/public\/aurora\/2024\/12\/410949.jpeg.webp?itok=ymksHAfX 1x\u0022 media=\u0022(min-width: 64.0625em)\u0022 type=\u0022image\/webp\u0022 width=\u0022203\u0022 height=\u0022135\u0022\/\u003E\n                  \u003Csource srcset=\u0022\/sites\/default\/files\/styles\/teaser_standard__m\/public\/aurora\/2024\/12\/410949.jpeg?itok=b9Q5WDji 1x\u0022 media=\u0022(min-width: 48.0625em) and (max-width: 64em)\u0022 type=\u0022image\/jpeg\u0022 width=\u0022323\u0022 height=\u0022215\u0022\/\u003E\n                  \u003Csource srcset=\u0022\/sites\/default\/files\/styles\/teaser_standard__l\/public\/aurora\/2024\/12\/410949.jpeg?itok=tgj4H_2_ 1x\u0022 media=\u0022(min-width: 64.0625em)\u0022 type=\u0022image\/jpeg\u0022 width=\u0022203\u0022 height=\u0022135\u0022\/\u003E\n                          \u003Cimg alt=\u0022Empur: Vorgefertigte Installationsregister.\u0022 loading=\u0022eager\u0022 data-caption-hide width=\u0022597\u0022 height=\u0022398\u0022 data-zoomed=\u0022https:\/\/www.tga-fachplaner.de\/sites\/default\/files\/styles\/content__zoomed\/public\/aurora\/2024\/12\/410949.jpeg?itok=IkMugjVw\u0022 src=\u0022\/sites\/default\/files\/styles\/teaser_standard__s\/public\/aurora\/2024\/12\/410949.jpeg?itok=V0o2rynb\u0022 title=\u0022\u00a9 Empur\u0022 \/\u003E\n\n    \u003C\/picture\u003E\n      \u003Cfigcaption class=\u0022image--figcaption\u0022\u003E\n          \u003Cdiv class=\u0022copyright\u0022\u003EEmpur\u003C\/div\u003E\n          \u003C\/figcaption\u003E\n\u003C\/figure\u003E\n\n\n    \u003C\/div\u003E\n    \u003Cdiv class=\u0022teaser-content\u0022\u003E\n                    \u003Cdiv class=\u0022teaser-content--kicker\u0022\u003E\n                    Empur\n        \u003C\/div\u003E\n                                              \n                        \n        \u003Ch4 class=\u0022teaser-content--headline\u0022\u003E\n                                Vorgefertigte \n                              \u003Cspan class=\u0022headline-last-word-arrow\u0022\u003EInstallationsregister                      \u003C\/span\u003E\n        \u003C\/h4\u003E\n            \u003Cdiv class=\u0022teaser-content--publishing-date\u0022\u003E\u003Ctime datetime=\u00222024-12-22T12:10:50Z\u0022\u003E22.12.2024\u003C\/time\u003E\n\u003C\/div\u003E\u003Cspan class=\u0022teaser-content--publishing-date-divider\u0022\u003E - \u003C\/span\u003E\u003Cdiv class=\u0022teaser-content--body\u0022\u003E\u003Cp\u003EEmpur hat sein Programm um Installations\u00adregister er\u00adweitert. Sie wer\u00adden im Werk ge\u00adplant und dann vor\u00admon\u00adtiert auf die Bau\u00adstelle ge\u00adliefert.\u003C\/p\u003E\n\u003C\/div\u003E\n                        \u003Cspan class=\u0022read-more-arrow-container\u0022\u003E\n            \u003Cspan class=\u0022read-more-angled-arrow\u0022\u003E \u003C\/span\u003E\n          \u003C\/span\u003E\n                  \u003C\/div\u003E\n    \u003C\/a\u003E\n\u003Ca href=\u0022\/produkte\/rehau-nahwaermerohr-auch-fuer-leitungsgebundene-kaelte-geeignet\u0022  class=\u0022teaser teaser--standard\u0022 aria-label=\u0022Nahw\u00e4rmerohr auch f\u00fcr leitungsgebundene K\u00e4lte geeignet\u0022\u003E\n      \u003Cdiv class=\u0022teaser-content--image\u0022\u003E\n        \u003Cfigure class=\u0022image--figure\u0022\u003E\n        \u003Cpicture\u003E\n                        \u003Csource srcset=\u0022\/sites\/default\/files\/styles\/teaser_standard__m\/public\/aurora\/2024\/12\/410952.jpeg.webp?itok=XdslRteh 1x\u0022 media=\u0022(min-width: 48.0625em) and (max-width: 64em)\u0022 type=\u0022image\/webp\u0022 width=\u0022323\u0022 height=\u0022215\u0022\/\u003E\n                  \u003Csource srcset=\u0022\/sites\/default\/files\/styles\/teaser_standard__l\/public\/aurora\/2024\/12\/410952.jpeg.webp?itok=2Lev0pG6 1x\u0022 media=\u0022(min-width: 64.0625em)\u0022 type=\u0022image\/webp\u0022 width=\u0022203\u0022 height=\u0022135\u0022\/\u003E\n                  \u003Csource srcset=\u0022\/sites\/default\/files\/styles\/teaser_standard__m\/public\/aurora\/2024\/12\/410952.jpeg?itok=7dHrUGX4 1x\u0022 media=\u0022(min-width: 48.0625em) and (max-width: 64em)\u0022 type=\u0022image\/jpeg\u0022 width=\u0022323\u0022 height=\u0022215\u0022\/\u003E\n                  \u003Csource srcset=\u0022\/sites\/default\/files\/styles\/teaser_standard__l\/public\/aurora\/2024\/12\/410952.jpeg?itok=XVRxwdoz 1x\u0022 media=\u0022(min-width: 64.0625em)\u0022 type=\u0022image\/jpeg\u0022 width=\u0022203\u0022 height=\u0022135\u0022\/\u003E\n                          \u003Cimg alt=\u0022Rehau: Rauvipex.\u0022 loading=\u0022eager\u0022 data-caption-hide width=\u0022597\u0022 height=\u0022398\u0022 data-zoomed=\u0022https:\/\/www.tga-fachplaner.de\/sites\/default\/files\/styles\/content__zoomed\/public\/aurora\/2024\/12\/410952.jpeg?itok=akfaWiCz\u0022 src=\u0022\/sites\/default\/files\/styles\/teaser_standard__s\/public\/aurora\/2024\/12\/410952.jpeg?itok=fBiEvgvh\u0022 title=\u0022\u00a9 Rehau\u0022 \/\u003E\n\n    \u003C\/picture\u003E\n      \u003Cfigcaption class=\u0022image--figcaption\u0022\u003E\n          \u003Cdiv class=\u0022copyright\u0022\u003ERehau\u003C\/div\u003E\n          \u003C\/figcaption\u003E\n\u003C\/figure\u003E\n\n\n    \u003C\/div\u003E\n    \u003Cdiv class=\u0022teaser-content\u0022\u003E\n                    \u003Cdiv class=\u0022teaser-content--kicker\u0022\u003E\n                    Rehau\n        \u003C\/div\u003E\n                                              \n                        \n        \u003Ch4 class=\u0022teaser-content--headline\u0022\u003E\n                                Nahw\u00e4rmerohr auch f\u00fcr leitungsgebundene K\u00e4lte \n                              \u003Cspan class=\u0022headline-last-word-arrow\u0022\u003Egeeignet                      \u003C\/span\u003E\n        \u003C\/h4\u003E\n            \u003Cdiv class=\u0022teaser-content--publishing-date\u0022\u003E\u003Ctime datetime=\u00222024-12-22T12:10:49Z\u0022\u003E22.12.2024\u003C\/time\u003E\n\u003C\/div\u003E\u003Cspan class=\u0022teaser-content--publishing-date-divider\u0022\u003E - \u003C\/span\u003E\u003Cdiv class=\u0022teaser-content--body\u0022\u003E\u003Cp\u003EDas Nahw\u00e4rmerohr Rauvipex von Rehau ist auch K\u00e4lte-geeignet. Es l\u00e4sst sich flexi\u00adbel ver\u00adle\u00adgen und steht mit Medien\u00adrohr(en) bis d140 zur Ver\u00adf\u00fcgung.\u003C\/p\u003E\n\u003C\/div\u003E\n                        \u003Cspan class=\u0022read-more-arrow-container\u0022\u003E\n            \u003Cspan class=\u0022read-more-angled-arrow\u0022\u003E \u003C\/span\u003E\n          \u003C\/span\u003E\n                  \u003C\/div\u003E\n    \u003C\/a\u003E\n\u003Ca href=\u0022\/produkte\/armacell-optimierte-armaflex-kleber\u0022  class=\u0022teaser teaser--standard\u0022 aria-label=\u0022Optimierte ArmaFlex-Kleber\u0022\u003E\n      \u003Cdiv class=\u0022teaser-content--image\u0022\u003E\n        \u003Cfigure class=\u0022image--figure\u0022\u003E\n        \u003Cpicture\u003E\n                        \u003Csource srcset=\u0022\/sites\/default\/files\/styles\/teaser_standard__m\/public\/aurora\/2024\/12\/410955.jpeg.webp?itok=7TksoYzZ 1x\u0022 media=\u0022(min-width: 48.0625em) and (max-width: 64em)\u0022 type=\u0022image\/webp\u0022 width=\u0022323\u0022 height=\u0022215\u0022\/\u003E\n                  \u003Csource srcset=\u0022\/sites\/default\/files\/styles\/teaser_standard__l\/public\/aurora\/2024\/12\/410955.jpeg.webp?itok=c6V_B7ry 1x\u0022 media=\u0022(min-width: 64.0625em)\u0022 type=\u0022image\/webp\u0022 width=\u0022203\u0022 height=\u0022135\u0022\/\u003E\n                  \u003Csource srcset=\u0022\/sites\/default\/files\/styles\/teaser_standard__m\/public\/aurora\/2024\/12\/410955.jpeg?itok=ZAwdE4rz 1x\u0022 media=\u0022(min-width: 48.0625em) and (max-width: 64em)\u0022 type=\u0022image\/jpeg\u0022 width=\u0022323\u0022 height=\u0022215\u0022\/\u003E\n                  \u003Csource srcset=\u0022\/sites\/default\/files\/styles\/teaser_standard__l\/public\/aurora\/2024\/12\/410955.jpeg?itok=6X5VFfFT 1x\u0022 media=\u0022(min-width: 64.0625em)\u0022 type=\u0022image\/jpeg\u0022 width=\u0022203\u0022 height=\u0022135\u0022\/\u003E\n                          \u003Cimg alt=\u0022Armacell: ArmaFlex ECO550 Kleber und Aktivator.\u0022 loading=\u0022eager\u0022 data-caption-hide width=\u0022597\u0022 height=\u0022398\u0022 data-zoomed=\u0022https:\/\/www.tga-fachplaner.de\/sites\/default\/files\/styles\/content__zoomed\/public\/aurora\/2024\/12\/410955.jpeg?itok=Eukh4Ux3\u0022 src=\u0022\/sites\/default\/files\/styles\/teaser_standard__s\/public\/aurora\/2024\/12\/410955.jpeg?itok=NrJjKkc7\u0022 title=\u0022\u00a9 Armacell\u0022 \/\u003E\n\n    \u003C\/picture\u003E\n      \u003Cfigcaption class=\u0022image--figcaption\u0022\u003E\n          \u003Cdiv class=\u0022copyright\u0022\u003EArmacell\u003C\/div\u003E\n          \u003C\/figcaption\u003E\n\u003C\/figure\u003E\n\n\n    \u003C\/div\u003E\n    \u003Cdiv class=\u0022teaser-content\u0022\u003E\n                    \u003Cdiv class=\u0022teaser-content--kicker\u0022\u003E\n                    Armacell\n        \u003C\/div\u003E\n                                              \n                        \n        \u003Ch4 class=\u0022teaser-content--headline\u0022\u003E\n                                Optimierte \n                              \u003Cspan class=\u0022headline-last-word-arrow\u0022\u003EArmaFlex-Kleber                      \u003C\/span\u003E\n        \u003C\/h4\u003E\n            \u003Cdiv class=\u0022teaser-content--publishing-date\u0022\u003E\u003Ctime datetime=\u00222024-12-22T12:10:47Z\u0022\u003E22.12.2024\u003C\/time\u003E\n\u003C\/div\u003E\u003Cspan class=\u0022teaser-content--publishing-date-divider\u0022\u003E - \u003C\/span\u003E\u003Cdiv class=\u0022teaser-content--body\u0022\u003E\u003Cp\u003EArmacell hat ein neues Sorti\u00adment an wasser\u00adba\u00adsier\u00adten ArmaFlex ECO550 Klebern mit ver\u00adbesser\u00adten Eigen\u00adschaf\u00adten f\u00fcr fast alle ArmaFlex-An\u00adwen\u00addun\u00adgen vor\u00adge\u00adstellt.\u003C\/p\u003E\n\u003C\/div\u003E\n                        \u003Cspan class=\u0022read-more-arrow-container\u0022\u003E\n            \u003Cspan class=\u0022read-more-angled-arrow\u0022\u003E \u003C\/span\u003E\n          \u003C\/span\u003E\n                  \u003C\/div\u003E\n    \u003C\/a\u003E\n\u003Ca href=\u0022\/produkte\/viega-anschlussbox-schuetzt-vor-feuchteschaeden\u0022  class=\u0022teaser teaser--standard\u0022 aria-label=\u0022Anschlussbox sch\u00fctzt vor Feuchtesch\u00e4den\u0022\u003E\n      \u003Cdiv class=\u0022teaser-content--image\u0022\u003E\n        \u003Cfigure class=\u0022image--figure\u0022\u003E\n        \u003Cpicture\u003E\n                        \u003Csource srcset=\u0022\/sites\/default\/files\/styles\/teaser_standard__m\/public\/aurora\/2024\/12\/410958.jpeg.webp?itok=4kTltc6O 1x\u0022 media=\u0022(min-width: 48.0625em) and (max-width: 64em)\u0022 type=\u0022image\/webp\u0022 width=\u0022323\u0022 height=\u0022215\u0022\/\u003E\n                  \u003Csource srcset=\u0022\/sites\/default\/files\/styles\/teaser_standard__l\/public\/aurora\/2024\/12\/410958.jpeg.webp?itok=jSOkF1OW 1x\u0022 media=\u0022(min-width: 64.0625em)\u0022 type=\u0022image\/webp\u0022 width=\u0022203\u0022 height=\u0022135\u0022\/\u003E\n                  \u003Csource srcset=\u0022\/sites\/default\/files\/styles\/teaser_standard__m\/public\/aurora\/2024\/12\/410958.jpeg?itok=i5Y7nrZS 1x\u0022 media=\u0022(min-width: 48.0625em) and (max-width: 64em)\u0022 type=\u0022image\/jpeg\u0022 width=\u0022323\u0022 height=\u0022215\u0022\/\u003E\n                  \u003Csource srcset=\u0022\/sites\/default\/files\/styles\/teaser_standard__l\/public\/aurora\/2024\/12\/410958.jpeg?itok=POL-Ab9o 1x\u0022 media=\u0022(min-width: 64.0625em)\u0022 type=\u0022image\/jpeg\u0022 width=\u0022203\u0022 height=\u0022135\u0022\/\u003E\n                          \u003Cimg alt=\u0022Viega: WC-Anschlussbox.\u0022 loading=\u0022eager\u0022 data-caption-hide width=\u0022597\u0022 height=\u0022398\u0022 data-zoomed=\u0022https:\/\/www.tga-fachplaner.de\/sites\/default\/files\/styles\/content__zoomed\/public\/aurora\/2024\/12\/410958.jpeg?itok=1oL2v2pN\u0022 src=\u0022\/sites\/default\/files\/styles\/teaser_standard__s\/public\/aurora\/2024\/12\/410958.jpeg?itok=ldPwDSK_\u0022 title=\u0022\u00a9 Viega\u0022 \/\u003E\n\n    \u003C\/picture\u003E\n      \u003Cfigcaption class=\u0022image--figcaption\u0022\u003E\n          \u003Cdiv class=\u0022copyright\u0022\u003EViega\u003C\/div\u003E\n          \u003C\/figcaption\u003E\n\u003C\/figure\u003E\n\n\n    \u003C\/div\u003E\n    \u003Cdiv class=\u0022teaser-content\u0022\u003E\n                    \u003Cdiv class=\u0022teaser-content--kicker\u0022\u003E\n                    Viega\n        \u003C\/div\u003E\n                                              \n                        \n        \u003Ch4 class=\u0022teaser-content--headline\u0022\u003E\n                                Anschlussbox sch\u00fctzt vor \n                              \u003Cspan class=\u0022headline-last-word-arrow\u0022\u003EFeuchtesch\u00e4den                      \u003C\/span\u003E\n        \u003C\/h4\u003E\n            \u003Cdiv class=\u0022teaser-content--publishing-date\u0022\u003E\u003Ctime datetime=\u00222024-12-22T12:10:46Z\u0022\u003E22.12.2024\u003C\/time\u003E\n\u003C\/div\u003E\u003Cspan class=\u0022teaser-content--publishing-date-divider\u0022\u003E - \u003C\/span\u003E\u003Cdiv class=\u0022teaser-content--body\u0022\u003E\u003Cp\u003EDie WC-Anschlussbox der Viega-Vor\u00adwand\u00adsys\u00adteme Prevista Dry und Dry Plus ist zu\u00adn\u00e4chst Bau\u00adschutz und sch\u00fctzt nach der Fein\u00adinstalla\u00adtion vor Feuch\u00adte\u00adsch\u00e4\u00adden.\u003C\/p\u003E\n\u003C\/div\u003E\n                        \u003Cspan class=\u0022read-more-arrow-container\u0022\u003E\n            \u003Cspan class=\u0022read-more-angled-arrow\u0022\u003E \u003C\/span\u003E\n          \u003C\/span\u003E\n                  \u003C\/div\u003E\n    \u003C\/a\u003E\n\u003Ca href=\u0022\/produkte\/schnabl-teleskopschiene-zur-rohrbefestigung-im-trockenbau\u0022  class=\u0022teaser teaser--standard\u0022 aria-label=\u0022Teleskopschiene zur Rohrbefestigung im Trockenbau\u0022\u003E\n      \u003Cdiv class=\u0022teaser-content--image\u0022\u003E\n        \u003Cfigure class=\u0022image--figure\u0022\u003E\n        \u003Cpicture\u003E\n                        \u003Csource srcset=\u0022\/sites\/default\/files\/styles\/teaser_standard__m\/public\/aurora\/2024\/11\/404543.jpeg.webp?itok=Mmjp3rUJ 1x\u0022 media=\u0022(min-width: 48.0625em) and (max-width: 64em)\u0022 type=\u0022image\/webp\u0022 width=\u0022323\u0022 height=\u0022215\u0022\/\u003E\n                  \u003Csource srcset=\u0022\/sites\/default\/files\/styles\/teaser_standard__l\/public\/aurora\/2024\/11\/404543.jpeg.webp?itok=uW5POoNJ 1x\u0022 media=\u0022(min-width: 64.0625em)\u0022 type=\u0022image\/webp\u0022 width=\u0022203\u0022 height=\u0022135\u0022\/\u003E\n                  \u003Csource srcset=\u0022\/sites\/default\/files\/styles\/teaser_standard__m\/public\/aurora\/2024\/11\/404543.jpeg?itok=MfwelOkU 1x\u0022 media=\u0022(min-width: 48.0625em) and (max-width: 64em)\u0022 type=\u0022image\/jpeg\u0022 width=\u0022323\u0022 height=\u0022215\u0022\/\u003E\n                  \u003Csource srcset=\u0022\/sites\/default\/files\/styles\/teaser_standard__l\/public\/aurora\/2024\/11\/404543.jpeg?itok=3lLRkYRe 1x\u0022 media=\u0022(min-width: 64.0625em)\u0022 type=\u0022image\/jpeg\u0022 width=\u0022203\u0022 height=\u0022135\u0022\/\u003E\n                          \u003Cimg alt=\u0022Schnabl: TS Teleskopschiene.\u0022 loading=\u0022eager\u0022 data-caption-hide width=\u0022597\u0022 height=\u0022398\u0022 data-zoomed=\u0022https:\/\/www.tga-fachplaner.de\/sites\/default\/files\/styles\/content__zoomed\/public\/aurora\/2024\/11\/404543.jpeg?itok=F2zO6EVO\u0022 src=\u0022\/sites\/default\/files\/styles\/teaser_standard__s\/public\/aurora\/2024\/11\/404543.jpeg?itok=lfASue-3\u0022 title=\u0022\u00a9 Schnabl\u0022 \/\u003E\n\n    \u003C\/picture\u003E\n      \u003Cfigcaption class=\u0022image--figcaption\u0022\u003E\n          \u003Cdiv class=\u0022copyright\u0022\u003ESchnabl\u003C\/div\u003E\n          \u003C\/figcaption\u003E\n\u003C\/figure\u003E\n\n\n    \u003C\/div\u003E\n    \u003Cdiv class=\u0022teaser-content\u0022\u003E\n                    \u003Cdiv class=\u0022teaser-content--kicker\u0022\u003E\n                    Schnabl\n        \u003C\/div\u003E\n                                              \n                        \n        \u003Ch4 class=\u0022teaser-content--headline\u0022\u003E\n                                Teleskopschiene zur Rohrbefestigung im \n                              \u003Cspan class=\u0022headline-last-word-arrow\u0022\u003ETrockenbau                      \u003C\/span\u003E\n        \u003C\/h4\u003E\n            \u003Cdiv class=\u0022teaser-content--publishing-date\u0022\u003E\u003Ctime datetime=\u00222024-11-27T12:33:08Z\u0022\u003E27.11.2024\u003C\/time\u003E\n\u003C\/div\u003E\u003Cspan class=\u0022teaser-content--publishing-date-divider\u0022\u003E - \u003C\/span\u003E\u003Cdiv class=\u0022teaser-content--body\u0022\u003E\u003Cp\u003EDie TS Teleskop\u00adschie\u00adne von Schnabl er\u00adm\u00f6g\u00adlicht eine schnelle und sichere Lehr\u00adrohr\u00adbe\u00adfes\u00adti\u00adgung in Trocken\u00adbau\u00adw\u00e4n\u00adden.\u003C\/p\u003E\n\u003C\/div\u003E\n                        \u003Cspan class=\u0022read-more-arrow-container\u0022\u003E\n            \u003Cspan class=\u0022read-more-angled-arrow\u0022\u003E \u003C\/span\u003E\n          \u003C\/span\u003E\n                  \u003C\/div\u003E\n    \u003C\/a\u003E\n\u003Ca href=\u0022\/produkte\/saint-gobain-pam-building-svb-brandschutzverbinder-optimiert\u0022  class=\u0022teaser teaser--standard\u0022 aria-label=\u0022SVB-Brandschutz\u00adver\u00adbinder opti\u00admiert\u0022\u003E\n      \u003Cdiv class=\u0022teaser-content--image\u0022\u003E\n        \u003Cfigure class=\u0022image--figure\u0022\u003E\n        \u003Cpicture\u003E\n                        \u003Csource srcset=\u0022\/sites\/default\/files\/styles\/teaser_standard__m\/public\/aurora\/2024\/11\/404778.jpeg.webp?itok=N5_VPn77 1x\u0022 media=\u0022(min-width: 48.0625em) and (max-width: 64em)\u0022 type=\u0022image\/webp\u0022 width=\u0022323\u0022 height=\u0022215\u0022\/\u003E\n                  \u003Csource srcset=\u0022\/sites\/default\/files\/styles\/teaser_standard__l\/public\/aurora\/2024\/11\/404778.jpeg.webp?itok=HLu7nDKn 1x\u0022 media=\u0022(min-width: 64.0625em)\u0022 type=\u0022image\/webp\u0022 width=\u0022203\u0022 height=\u0022135\u0022\/\u003E\n                  \u003Csource srcset=\u0022\/sites\/default\/files\/styles\/teaser_standard__m\/public\/aurora\/2024\/11\/404778.jpeg?itok=CYAxJq0V 1x\u0022 media=\u0022(min-width: 48.0625em) and (max-width: 64em)\u0022 type=\u0022image\/jpeg\u0022 width=\u0022323\u0022 height=\u0022215\u0022\/\u003E\n                  \u003Csource srcset=\u0022\/sites\/default\/files\/styles\/teaser_standard__l\/public\/aurora\/2024\/11\/404778.jpeg?itok=51B01EWq 1x\u0022 media=\u0022(min-width: 64.0625em)\u0022 type=\u0022image\/jpeg\u0022 width=\u0022203\u0022 height=\u0022135\u0022\/\u003E\n                          \u003Cimg alt=\u0022Saint-Gobain PAM Building: PAM-Global SVB-Brandschutzverbinder.\u0022 loading=\u0022eager\u0022 data-caption-hide width=\u0022597\u0022 height=\u0022398\u0022 data-zoomed=\u0022https:\/\/www.tga-fachplaner.de\/sites\/default\/files\/styles\/content__zoomed\/public\/aurora\/2024\/11\/404778.jpeg?itok=K-qqSGvc\u0022 src=\u0022\/sites\/default\/files\/styles\/teaser_standard__s\/public\/aurora\/2024\/11\/404778.jpeg?itok=BgCZZl9m\u0022 title=\u0022\u00a9 Saint-Gobain PAM Building\u0022 \/\u003E\n\n    \u003C\/picture\u003E\n      \u003Cfigcaption class=\u0022image--figcaption\u0022\u003E\n          \u003Cdiv class=\u0022copyright\u0022\u003ESaint-Gobain PAM Building\u003C\/div\u003E\n          \u003C\/figcaption\u003E\n\u003C\/figure\u003E\n\n\n    \u003C\/div\u003E\n    \u003Cdiv class=\u0022teaser-content\u0022\u003E\n                    \u003Cdiv class=\u0022teaser-content--kicker\u0022\u003E\n                    Saint-Gobain PAM Building\n        \u003C\/div\u003E\n                                              \n                        \n        \u003Ch4 class=\u0022teaser-content--headline\u0022\u003E\n                                SVB-Brandschutz\u00adver\u00adbinder \n                              \u003Cspan class=\u0022headline-last-word-arrow\u0022\u003Eopti\u00admiert                      \u003C\/span\u003E\n        \u003C\/h4\u003E\n            \u003Cdiv class=\u0022teaser-content--publishing-date\u0022\u003E\u003Ctime datetime=\u00222024-11-27T10:50:43Z\u0022\u003E27.11.2024\u003C\/time\u003E\n\u003C\/div\u003E\u003Cspan class=\u0022teaser-content--publishing-date-divider\u0022\u003E - \u003C\/span\u003E\u003Cdiv class=\u0022teaser-content--body\u0022\u003E\u003Cp\u003ESaint-Gobain PAM Building hat den SVB-Brand\u00adschutz\u00adver\u00adbinder in den Nenn\u00adweiten DN\u202f50 bis DN\u202f100 f\u00fcr eine effi\u00adzien\u00adte\u00adre Mon\u00adtage tech\u00adnisch \u00fcber\u00adar\u00adbei\u00adtet.\u003C\/p\u003E\n\u003C\/div\u003E\n                        \u003Cspan class=\u0022read-more-arrow-container\u0022\u003E\n            \u003Cspan class=\u0022read-more-angled-arrow\u0022\u003E \u003C\/span\u003E\n          \u003C\/span\u003E\n                  \u003C\/div\u003E\n    \u003C\/a\u003E\n\u003Ca href=\u0022\/produkte\/pentair-jung-pumpen-schmutzwasser-bis-2-mm-restwasserniveau-abpumpen\u0022  class=\u0022teaser teaser--standard\u0022 aria-label=\u0022Schmutzwasser bis 2\u202fmm Restwasserniveau abpumpen\u0022\u003E\n      \u003Cdiv class=\u0022teaser-content--image\u0022\u003E\n        \u003Cfigure class=\u0022image--figure\u0022\u003E\n        \u003Cpicture\u003E\n                        \u003Csource srcset=\u0022\/sites\/default\/files\/styles\/teaser_standard__m\/public\/aurora\/2024\/09\/386768.jpeg.webp?itok=NBTuDChI 1x\u0022 media=\u0022(min-width: 48.0625em) and (max-width: 64em)\u0022 type=\u0022image\/webp\u0022 width=\u0022323\u0022 height=\u0022215\u0022\/\u003E\n                  \u003Csource srcset=\u0022\/sites\/default\/files\/styles\/teaser_standard__l\/public\/aurora\/2024\/09\/386768.jpeg.webp?itok=EvWExZ7x 1x\u0022 media=\u0022(min-width: 64.0625em)\u0022 type=\u0022image\/webp\u0022 width=\u0022203\u0022 height=\u0022135\u0022\/\u003E\n                  \u003Csource srcset=\u0022\/sites\/default\/files\/styles\/teaser_standard__m\/public\/aurora\/2024\/09\/386768.jpeg?itok=6sAtC6S9 1x\u0022 media=\u0022(min-width: 48.0625em) and (max-width: 64em)\u0022 type=\u0022image\/jpeg\u0022 width=\u0022323\u0022 height=\u0022215\u0022\/\u003E\n                  \u003Csource srcset=\u0022\/sites\/default\/files\/styles\/teaser_standard__l\/public\/aurora\/2024\/09\/386768.jpeg?itok=Fe8NIZzQ 1x\u0022 media=\u0022(min-width: 64.0625em)\u0022 type=\u0022image\/jpeg\u0022 width=\u0022203\u0022 height=\u0022135\u0022\/\u003E\n                          \u003Cimg alt=\u0022Pentair Jung Pumpen: Flachabsaugende Schmutzwasserpumpe Simer\u202f6S.\u0022 loading=\u0022eager\u0022 data-caption-hide width=\u0022597\u0022 height=\u0022398\u0022 data-zoomed=\u0022https:\/\/www.tga-fachplaner.de\/sites\/default\/files\/styles\/content__zoomed\/public\/aurora\/2024\/09\/386768.jpeg?itok=DAqqHb6_\u0022 src=\u0022\/sites\/default\/files\/styles\/teaser_standard__s\/public\/aurora\/2024\/09\/386768.jpeg?itok=MyjaE4up\u0022 title=\u0022\u00a9 Pentair Jung Pumpen\u0022 \/\u003E\n\n    \u003C\/picture\u003E\n      \u003Cfigcaption class=\u0022image--figcaption\u0022\u003E\n          \u003Cdiv class=\u0022copyright\u0022\u003EPentair Jung Pumpen\u003C\/div\u003E\n          \u003C\/figcaption\u003E\n\u003C\/figure\u003E\n\n\n    \u003C\/div\u003E\n    \u003Cdiv class=\u0022teaser-content\u0022\u003E\n                    \u003Cdiv class=\u0022teaser-content--kicker\u0022\u003E\n                    Pentair Jung Pumpen\n        \u003C\/div\u003E\n                                              \n                        \n        \u003Ch4 class=\u0022teaser-content--headline\u0022\u003E\n                                Schmutzwasser bis 2\u202fmm Restwasserniveau \n                              \u003Cspan class=\u0022headline-last-word-arrow\u0022\u003Eabpumpen                      \u003C\/span\u003E\n        \u003C\/h4\u003E\n            \u003Cdiv class=\u0022teaser-content--publishing-date\u0022\u003E\u003Ctime datetime=\u00222024-09-02T20:50:03Z\u0022\u003E02.09.2024\u003C\/time\u003E\n\u003C\/div\u003E\u003Cspan class=\u0022teaser-content--publishing-date-divider\u0022\u003E - \u003C\/span\u003E\u003Cdiv class=\u0022teaser-content--body\u0022\u003E\u003Cp\u003EF\u00fcr Wasser\u00adan\u00adsamm\u00adlungen von nur weni\u00adgen Zenti\u00admetern k\u00f6nnen die flach\u00adab\u00adsau\u00adgen\u00adden Simer-6-Pumpen von Jung Pumpen im auf\u00adge\u00adtauch\u00adten Be\u00adtrieb ver\u00adwen\u00addet wer\u00adden.\u003C\/p\u003E\n\u003C\/div\u003E\n                        \u003Cspan class=\u0022read-more-arrow-container\u0022\u003E\n            \u003Cspan class=\u0022read-more-angled-arrow\u0022\u003E \u003C\/span\u003E\n          \u003C\/span\u003E\n                  \u003C\/div\u003E\n    \u003C\/a\u003E\n\u003Ca href=\u0022\/produkte\/mefa-schienensystem-fuer-den-lueftungsbau\u0022  class=\u0022teaser teaser--standard\u0022 aria-label=\u0022Schienensystem f\u00fcr den L\u00fcftungsbau\u0022\u003E\n      \u003Cdiv class=\u0022teaser-content--image\u0022\u003E\n        \u003Cfigure class=\u0022image--figure\u0022\u003E\n        \u003Cpicture\u003E\n                        \u003Csource srcset=\u0022\/sites\/default\/files\/styles\/teaser_standard__m\/public\/aurora\/2024\/09\/386775.jpeg.webp?itok=_--Zjvpa 1x\u0022 media=\u0022(min-width: 48.0625em) and (max-width: 64em)\u0022 type=\u0022image\/webp\u0022 width=\u0022323\u0022 height=\u0022215\u0022\/\u003E\n                  \u003Csource srcset=\u0022\/sites\/default\/files\/styles\/teaser_standard__l\/public\/aurora\/2024\/09\/386775.jpeg.webp?itok=-3J9qxKy 1x\u0022 media=\u0022(min-width: 64.0625em)\u0022 type=\u0022image\/webp\u0022 width=\u0022203\u0022 height=\u0022135\u0022\/\u003E\n                  \u003Csource srcset=\u0022\/sites\/default\/files\/styles\/teaser_standard__m\/public\/aurora\/2024\/09\/386775.jpeg?itok=31vwJ8DA 1x\u0022 media=\u0022(min-width: 48.0625em) and (max-width: 64em)\u0022 type=\u0022image\/jpeg\u0022 width=\u0022323\u0022 height=\u0022215\u0022\/\u003E\n                  \u003Csource srcset=\u0022\/sites\/default\/files\/styles\/teaser_standard__l\/public\/aurora\/2024\/09\/386775.jpeg?itok=jMyPdOsA 1x\u0022 media=\u0022(min-width: 64.0625em)\u0022 type=\u0022image\/jpeg\u0022 width=\u0022203\u0022 height=\u0022135\u0022\/\u003E\n                          \u003Cimg alt=\u0022Mefa: Schiene Signum LP\u202f50.\u0022 loading=\u0022eager\u0022 data-caption-hide width=\u0022597\u0022 height=\u0022398\u0022 data-zoomed=\u0022https:\/\/www.tga-fachplaner.de\/sites\/default\/files\/styles\/content__zoomed\/public\/aurora\/2024\/09\/386775.jpeg?itok=6qTZJ0ET\u0022 src=\u0022\/sites\/default\/files\/styles\/teaser_standard__s\/public\/aurora\/2024\/09\/386775.jpeg?itok=pbPmVGi8\u0022 title=\u0022\u00a9 Mefa \/ Gila Wettengel\u0022 \/\u003E\n\n    \u003C\/picture\u003E\n      \u003Cfigcaption class=\u0022image--figcaption\u0022\u003E\n          \u003Cdiv class=\u0022copyright\u0022\u003EMefa \/ Gila Wettengel\u003C\/div\u003E\n          \u003C\/figcaption\u003E\n\u003C\/figure\u003E\n\n\n    \u003C\/div\u003E\n    \u003Cdiv class=\u0022teaser-content\u0022\u003E\n                    \u003Cdiv class=\u0022teaser-content--kicker\u0022\u003E\n                    Mefa\n        \u003C\/div\u003E\n                                              \n                        \n        \u003Ch4 class=\u0022teaser-content--headline\u0022\u003E\n                                Schienensystem f\u00fcr den \n                              \u003Cspan class=\u0022headline-last-word-arrow\u0022\u003EL\u00fcftungsbau                      \u003C\/span\u003E\n        \u003C\/h4\u003E\n            \u003Cdiv class=\u0022teaser-content--publishing-date\u0022\u003E\u003Ctime datetime=\u00222024-09-02T20:50:01Z\u0022\u003E02.09.2024\u003C\/time\u003E\n\u003C\/div\u003E\u003Cspan class=\u0022teaser-content--publishing-date-divider\u0022\u003E - \u003C\/span\u003E\u003Cdiv class=\u0022teaser-content--body\u0022\u003E\u003Cp\u003EMefa hat ein Schienen\u00adsys\u00adtem f\u00fcr den L\u00fcf\u00adtungs\u00adbau ent\u00adwickelt, das bei norm\u00adge\u00adrecht be\u00adrech\u00adne\u00adter Trag\u00adf\u00e4hig\u00adkeit 30\u202f% Stahl und so auch CO\u003Csub\u003E2\u003C\/sub\u003E-Emissionen einspart.\u003C\/p\u003E\n\u003C\/div\u003E\n                        \u003Cspan class=\u0022read-more-arrow-container\u0022\u003E\n            \u003Cspan class=\u0022read-more-angled-arrow\u0022\u003E \u003C\/span\u003E\n          \u003C\/span\u003E\n                  \u003C\/div\u003E\n    \u003C\/a\u003E\n\u003Ca href=\u0022\/produkte\/doyma-grosse-abdeckkappe-wp-einfuehrungen-doymafix-hp-o\u0022  class=\u0022teaser teaser--standard\u0022 aria-label=\u0022Gro\u00dfe Abdeckkappe WP-Einf\u00fchrungen Doymafix HP\/O\u0022\u003E\n      \u003Cdiv class=\u0022teaser-content--image\u0022\u003E\n        \u003Cfigure class=\u0022image--figure\u0022\u003E\n        \u003Cpicture\u003E\n                        \u003Csource srcset=\u0022\/sites\/default\/files\/styles\/teaser_standard__m\/public\/aurora\/2024\/09\/386778.jpeg.webp?itok=uVXxkI8h 1x\u0022 media=\u0022(min-width: 48.0625em) and (max-width: 64em)\u0022 type=\u0022image\/webp\u0022 width=\u0022323\u0022 height=\u0022215\u0022\/\u003E\n                  \u003Csource srcset=\u0022\/sites\/default\/files\/styles\/teaser_standard__l\/public\/aurora\/2024\/09\/386778.jpeg.webp?itok=n_k3YxUj 1x\u0022 media=\u0022(min-width: 64.0625em)\u0022 type=\u0022image\/webp\u0022 width=\u0022203\u0022 height=\u0022135\u0022\/\u003E\n                  \u003Csource srcset=\u0022\/sites\/default\/files\/styles\/teaser_standard__m\/public\/aurora\/2024\/09\/386778.jpeg?itok=XEklk7Ic 1x\u0022 media=\u0022(min-width: 48.0625em) and (max-width: 64em)\u0022 type=\u0022image\/jpeg\u0022 width=\u0022323\u0022 height=\u0022215\u0022\/\u003E\n                  \u003Csource srcset=\u0022\/sites\/default\/files\/styles\/teaser_standard__l\/public\/aurora\/2024\/09\/386778.jpeg?itok=-_d3oCX7 1x\u0022 media=\u0022(min-width: 64.0625em)\u0022 type=\u0022image\/jpeg\u0022 width=\u0022203\u0022 height=\u0022135\u0022\/\u003E\n                          \u003Cimg alt=\u0022Doyma: Dreiteilige Abdeckkappe f\u00fcr Doymafix HP\/O und Connect HP\/O.\u0022 loading=\u0022eager\u0022 data-caption-hide width=\u0022597\u0022 height=\u0022398\u0022 data-zoomed=\u0022https:\/\/www.tga-fachplaner.de\/sites\/default\/files\/styles\/content__zoomed\/public\/aurora\/2024\/09\/386778.jpeg?itok=ZRsUK9PE\u0022 src=\u0022\/sites\/default\/files\/styles\/teaser_standard__s\/public\/aurora\/2024\/09\/386778.jpeg?itok=EO1Jj7cB\u0022 title=\u0022\u00a9 Doyma\u0022 \/\u003E\n\n    \u003C\/picture\u003E\n      \u003Cfigcaption class=\u0022image--figcaption\u0022\u003E\n          \u003Cdiv class=\u0022copyright\u0022\u003EDoyma\u003C\/div\u003E\n          \u003C\/figcaption\u003E\n\u003C\/figure\u003E\n\n\n    \u003C\/div\u003E\n    \u003Cdiv class=\u0022teaser-content\u0022\u003E\n                    \u003Cdiv class=\u0022teaser-content--kicker\u0022\u003E\n                    Doyma\n        \u003C\/div\u003E\n                                              \n                        \n        \u003Ch4 class=\u0022teaser-content--headline\u0022\u003E\n                                Gro\u00dfe Abdeckkappe WP-Einf\u00fchrungen Doymafix \n                              \u003Cspan class=\u0022headline-last-word-arrow\u0022\u003EHP\/O                      \u003C\/span\u003E\n        \u003C\/h4\u003E\n            \u003Cdiv class=\u0022teaser-content--publishing-date\u0022\u003E\u003Ctime datetime=\u00222024-09-02T20:49:58Z\u0022\u003E02.09.2024\u003C\/time\u003E\n\u003C\/div\u003E\u003Cspan class=\u0022teaser-content--publishing-date-divider\u0022\u003E - \u003C\/span\u003E\u003Cdiv class=\u0022teaser-content--body\u0022\u003E\u003Cp\u003EDoyma hat sein Zu\u00adbe\u00adh\u00f6r\u00adpro\u00adgramm der ober\u00adir\u00addi\u00adschen W\u00e4rme\u00adpumpen\u00adein\u00adf\u00fch\u00adrungen Doymafix HP\/O und Connect HP\/O um eine gro\u00dfe lackier\u00adbare Ab\u00addeck\u00adkappe er\u00adwei\u00adtert.\u003C\/p\u003E\n\u003C\/div\u003E\n                        \u003Cspan class=\u0022read-more-arrow-container\u0022\u003E\n            \u003Cspan class=\u0022read-more-angled-arrow\u0022\u003E \u003C\/span\u003E\n          \u003C\/span\u003E\n                  \u003C\/div\u003E\n    \u003C\/a\u003E\n","entity_type":"node","used_ids":[""],"show_more":"\u003Cdiv class=\u0022del-show-more\u0022\u003E\u003Ca href=\u0022\/ajax\/del\/9df57007-b646-4d7b-a602-095e52ee0b21\/paragraph\/26\/19\/asc\/eyJub2RlIjp7ImlkIjoiMTQ3MDQ1IiwidHlwZSI6InBhZ2UifX0%3D\u0022 title=\u0022Mehr Elemente anzeigen\u0022 class=\u0022del-show-more-link use-ajax\u0022 rel=\u0022nofollow\u0022 data-target-type=\u0022node\u0022 aria-controls=\u0022del--paragraph-559150--content\u0022 aria-label=\u0022Mehr Elemente anzeigen\u0022\u003EMehr anzeigen\u003C\/a\u003E\u003C\/div\u003E\n"}]