[{"command":"settings","settings":{"pluralDelimiter":"\u0003","suppressDeprecationErrors":true,"ajaxPageState":{"libraries":"eJxLzi9K1S_ITC4pLUpNy8zJ0UmpzEvMzUyOT80rySypjM_JLC7RL87IL4_PBaoEALH_EqY","theme":"ivory","theme_token":null},"ajaxTrustedUrl":[],"user":{"uid":0,"permissionsHash":"9c975576f1b96e43d31b3ff34c1ca6b53b6096ff14d83974ef00f2d68011e8fb"}},"merge":true},{"command":"add_css","data":[{"rel":"stylesheet","media":"all","href":"\/core\/themes\/stable9\/css\/core\/components\/progress.module.css?te7139"},{"rel":"stylesheet","media":"all","href":"\/core\/themes\/stable9\/css\/core\/components\/ajax-progress.module.css?te7139"},{"rel":"stylesheet","media":"all","href":"\/themes\/contrib\/gin\/dist\/css\/components\/ajax.css?te7139"}]},{"command":"add_js","selector":"body","data":[{"src":"\/core\/assets\/vendor\/jquery\/jquery.min.js?v=4.0.0"},{"src":"\/sites\/default\/files\/js\/js_bbNtUyzZwSqHFgQa7bDd4psVjQWTQR0CoG2VmPnBvV8.js?scope=footer\u0026delta=1\u0026language=de-tga\u0026theme=ivory\u0026include=eJxLqcxLzM1Mjk_NK8ksqYzPySwu0S_OyC-Pz80vSgUAtBcL_w"}]},{"command":"showMoreTeasers","id":"del--paragraph-567156","content":"\u003Ca href=\u0022\/raumlufttechnik\/wohnungslueftung-ersatz-von-etagenheizungen-auch-auf-die-lueftung-achten\u0022  class=\u0022teaser teaser--standard\u0022 aria-label=\u0022Ersatz von Etagenheizungen: auch auf die L\u00fcftung achten\u0022\u003E\n      \u003Cdiv class=\u0022teaser-content--image\u0022\u003E\n        \u003Cfigure class=\u0022image--figure\u0022\u003E\n        \u003Cpicture\u003E\n                        \u003Csource srcset=\u0022\/sites\/default\/files\/styles\/teaser_standard__m\/public\/aurora\/2025\/08\/460829.jpeg.webp?itok=uSyxn1bh 1x\u0022 media=\u0022(min-width: 48.0625em) and (max-width: 64em)\u0022 type=\u0022image\/webp\u0022 width=\u0022323\u0022 height=\u0022215\u0022\/\u003E\n                  \u003Csource srcset=\u0022\/sites\/default\/files\/styles\/teaser_standard__l\/public\/aurora\/2025\/08\/460829.jpeg.webp?itok=85JNnywr 1x\u0022 media=\u0022(min-width: 64.0625em)\u0022 type=\u0022image\/webp\u0022 width=\u0022203\u0022 height=\u0022135\u0022\/\u003E\n                  \u003Csource srcset=\u0022\/sites\/default\/files\/styles\/teaser_standard__m\/public\/aurora\/2025\/08\/460829.jpeg?itok=-7PvDQrO 1x\u0022 media=\u0022(min-width: 48.0625em) and (max-width: 64em)\u0022 type=\u0022image\/jpeg\u0022 width=\u0022323\u0022 height=\u0022215\u0022\/\u003E\n                  \u003Csource srcset=\u0022\/sites\/default\/files\/styles\/teaser_standard__l\/public\/aurora\/2025\/08\/460829.jpeg?itok=6dTNw_Z0 1x\u0022 media=\u0022(min-width: 64.0625em)\u0022 type=\u0022image\/jpeg\u0022 width=\u0022203\u0022 height=\u0022135\u0022\/\u003E\n                          \u003Cimg alt=\u0022Bild 1\u2002Wenn in einer Wohnung die Gas-Etagenheizung entfernt wird, dann str\u00f6mt keine Verbrennungsluft mehr nach. In der Folge muss der Mindestluftwechsel h\u00e4ufig durch eine l\u00fcftungstechnische Ma\u00dfnahme sichergestellt werden.\u0022 loading=\u0022eager\u0022 data-caption-hide width=\u0022597\u0022 height=\u0022398\u0022 data-zoomed=\u0022https:\/\/www.tga-fachplaner.de\/sites\/default\/files\/styles\/content__zoomed\/public\/aurora\/2025\/08\/460829.jpeg?itok=21FwUrac\u0022 src=\u0022\/sites\/default\/files\/styles\/teaser_standard__s\/public\/aurora\/2025\/08\/460829.jpeg?itok=znCzJ6-N\u0022 title=\u0022\u00a9 Getty Images \/ urfinguss\u0022 \/\u003E\n\n    \u003C\/picture\u003E\n      \u003Cfigcaption class=\u0022image--figcaption\u0022\u003E\n          \u003Cdiv class=\u0022copyright\u0022\u003EGetty Images \/ urfinguss\u003C\/div\u003E\n          \u003C\/figcaption\u003E\n\u003C\/figure\u003E\n\n\n    \u003C\/div\u003E\n    \u003Cdiv class=\u0022teaser-content\u0022\u003E\n                    \u003Cdiv class=\u0022teaser-content--kicker\u0022\u003E\n                    Wohnungsl\u00fcftung\n        \u003C\/div\u003E\n                                              \n                        \n        \u003Ch4 class=\u0022teaser-content--headline\u0022\u003E\n                                Ersatz von Etagenheizungen: auch auf die L\u00fcftung \n                              \u003Cspan class=\u0022headline-last-word-arrow\u0022\u003Eachten              \u003Cspan\n                  class=\u0022permission-lock permission-lock-icon--lock\u0022\u003E\u003C\/span\u003E\n                                  \u003C\/span\u003E\n        \u003C\/h4\u003E\n            \u003Cdiv class=\u0022teaser-content--publishing-date\u0022\u003E\u003Ctime datetime=\u00222025-08-12T10:12:14Z\u0022\u003E12.08.2025\u003C\/time\u003E\n\u003C\/div\u003E\u003Cspan class=\u0022teaser-content--publishing-date-divider\u0022\u003E - \u003C\/span\u003E\u003Cdiv class=\u0022teaser-content--body\u0022\u003E\u003Cp\u003EWird eine Etagen\u00adheizung durch eine zen\u00adtrale An\u00adlage er\u00adsetzt (etwa eine W\u00e4rme\u00adpumpe), sollte ge\u00adpr\u00fcft wer\u00adden, ob eine L\u00fcf\u00adtung zum Feuchte\u00adschutz n\u00f6tig ist.\u003C\/p\u003E\n\u003C\/div\u003E\n                        \u003Cspan class=\u0022read-more-arrow-container\u0022\u003E\n            \u003Cspan class=\u0022read-more-angled-arrow\u0022\u003E \u003C\/span\u003E\n          \u003C\/span\u003E\n                  \u003C\/div\u003E\n    \u003C\/a\u003E\n\u003Ca href=\u0022\/raumlufttechnik\/smart-home-zentrale-wohnungslueftung-nach-dem-raumweisen-bedarf\u0022  class=\u0022teaser teaser--standard\u0022 aria-label=\u0022Zentrale Wohnungsl\u00fcftung nach dem raumweisen Bedarf\u0022\u003E\n      \u003Cdiv class=\u0022teaser-content--image\u0022\u003E\n        \u003Cfigure class=\u0022image--figure\u0022\u003E\n        \u003Cpicture\u003E\n                        \u003Csource srcset=\u0022\/sites\/default\/files\/styles\/teaser_standard__m\/public\/aurora\/2024\/12\/410083.jpeg.webp?itok=OfCPV-pD 1x\u0022 media=\u0022(min-width: 48.0625em) and (max-width: 64em)\u0022 type=\u0022image\/webp\u0022 width=\u0022323\u0022 height=\u0022215\u0022\/\u003E\n                  \u003Csource srcset=\u0022\/sites\/default\/files\/styles\/teaser_standard__l\/public\/aurora\/2024\/12\/410083.jpeg.webp?itok=FacLZTCq 1x\u0022 media=\u0022(min-width: 64.0625em)\u0022 type=\u0022image\/webp\u0022 width=\u0022203\u0022 height=\u0022135\u0022\/\u003E\n                  \u003Csource srcset=\u0022\/sites\/default\/files\/styles\/teaser_standard__m\/public\/aurora\/2024\/12\/410083.jpeg?itok=h1MzTykA 1x\u0022 media=\u0022(min-width: 48.0625em) and (max-width: 64em)\u0022 type=\u0022image\/jpeg\u0022 width=\u0022323\u0022 height=\u0022215\u0022\/\u003E\n                  \u003Csource srcset=\u0022\/sites\/default\/files\/styles\/teaser_standard__l\/public\/aurora\/2024\/12\/410083.jpeg?itok=30NSJf6u 1x\u0022 media=\u0022(min-width: 64.0625em)\u0022 type=\u0022image\/jpeg\u0022 width=\u0022203\u0022 height=\u0022135\u0022\/\u003E\n                          \u003Cimg alt=\u0022Bild 1\u2002In gro\u00dfen R\u00e4umen mit gemischter Nutzung kontinuierlich die optimale Luftqualit\u00e4t sicherzustellen, ist eine Herausforderung. Mit der Einzelraumregelung RAV-Control l\u00e4sst sie sich einfach und mit geringeren Betriebskosten l\u00f6sen.\u0022 loading=\u0022eager\u0022 data-caption-hide width=\u0022597\u0022 height=\u0022398\u0022 data-zoomed=\u0022https:\/\/www.tga-fachplaner.de\/sites\/default\/files\/styles\/content__zoomed\/public\/aurora\/2024\/12\/410083.jpeg?itok=iCZFhXtZ\u0022 src=\u0022\/sites\/default\/files\/styles\/teaser_standard__s\/public\/aurora\/2024\/12\/410083.jpeg?itok=ATKi74Qu\u0022 title=\u0022\u00a9 Systemair\u0022 \/\u003E\n\n    \u003C\/picture\u003E\n      \u003Cfigcaption class=\u0022image--figcaption\u0022\u003E\n          \u003Cdiv class=\u0022copyright\u0022\u003ESystemair\u003C\/div\u003E\n          \u003C\/figcaption\u003E\n\u003C\/figure\u003E\n\n\n    \u003C\/div\u003E\n    \u003Cdiv class=\u0022teaser-content\u0022\u003E\n                    \u003Cdiv class=\u0022teaser-content--kicker\u0022\u003E\n                    Smart Home\n        \u003C\/div\u003E\n                                              \n                        \n        \u003Ch4 class=\u0022teaser-content--headline\u0022\u003E\n                                Zentrale Wohnungsl\u00fcftung nach dem raumweisen \n                              \u003Cspan class=\u0022headline-last-word-arrow\u0022\u003EBedarf              \u003Cspan\n                  class=\u0022permission-lock permission-lock-icon--lock\u0022\u003E\u003C\/span\u003E\n                                  \u003C\/span\u003E\n        \u003C\/h4\u003E\n            \u003Cdiv class=\u0022teaser-content--publishing-date\u0022\u003E\u003Ctime datetime=\u00222024-12-23T10:25:21Z\u0022\u003E23.12.2024\u003C\/time\u003E\n\u003C\/div\u003E\u003Cspan class=\u0022teaser-content--publishing-date-divider\u0022\u003E - \u003C\/span\u003E\u003Cdiv class=\u0022teaser-content--body\u0022\u003E\u003Cp\u003EMit RAV-Control ha\u00adben Systemair und eQ-3 eine einfach zu installierende L\u00f6\u00adsung zur zen\u00adtra\u00adlen Woh\u00adnungs\u00adl\u00fcf\u00adtung mit raum\u00adwei\u00adser Luft\u00admen\u00adgen\u00adre\u00adge\u00adlung ent\u00adwick\u00adelt.\u003C\/p\u003E\n\u003C\/div\u003E\n                        \u003Cspan class=\u0022read-more-arrow-container\u0022\u003E\n            \u003Cspan class=\u0022read-more-angled-arrow\u0022\u003E \u003C\/span\u003E\n          \u003C\/span\u003E\n                  \u003C\/div\u003E\n    \u003C\/a\u003E\n\u003Ca href=\u0022\/klimatechnik\/relative-feuchte-von-mindestens-40-luftbefeuchtung-fuer-bueros-praxen-und-wohngebaeude\u0022  class=\u0022teaser teaser--standard\u0022 aria-label=\u0022Luftbefeuchtung f\u00fcr B\u00fcros, Praxen und Wohngeb\u00e4ude\u0022\u003E\n      \u003Cdiv class=\u0022teaser-content--image\u0022\u003E\n        \u003Cfigure class=\u0022image--figure\u0022\u003E\n        \u003Cpicture\u003E\n                        \u003Csource srcset=\u0022\/sites\/default\/files\/styles\/teaser_standard__m\/public\/aurora\/2024\/09\/384011.jpeg.webp?itok=1HA2tPBf 1x\u0022 media=\u0022(min-width: 48.0625em) and (max-width: 64em)\u0022 type=\u0022image\/webp\u0022 width=\u0022323\u0022 height=\u0022215\u0022\/\u003E\n                  \u003Csource srcset=\u0022\/sites\/default\/files\/styles\/teaser_standard__l\/public\/aurora\/2024\/09\/384011.jpeg.webp?itok=QYTtQ4hY 1x\u0022 media=\u0022(min-width: 64.0625em)\u0022 type=\u0022image\/webp\u0022 width=\u0022203\u0022 height=\u0022135\u0022\/\u003E\n                  \u003Csource srcset=\u0022\/sites\/default\/files\/styles\/teaser_standard__m\/public\/aurora\/2024\/09\/384011.jpeg?itok=UvKRvLek 1x\u0022 media=\u0022(min-width: 48.0625em) and (max-width: 64em)\u0022 type=\u0022image\/jpeg\u0022 width=\u0022323\u0022 height=\u0022215\u0022\/\u003E\n                  \u003Csource srcset=\u0022\/sites\/default\/files\/styles\/teaser_standard__l\/public\/aurora\/2024\/09\/384011.jpeg?itok=xFExG24x 1x\u0022 media=\u0022(min-width: 64.0625em)\u0022 type=\u0022image\/jpeg\u0022 width=\u0022203\u0022 height=\u0022135\u0022\/\u003E\n                          \u003Cimg alt=\u0022Bild 1\u2002Der Business Campus M\u00fcnchen : Unterschlei\u00dfheim bietet attraktive Gewerbefl\u00e4chen, bei deren Ausstattung der Betreiber DV Immobilien Gruppe die Mieter unterst\u00fctzt.\u0022 loading=\u0022eager\u0022 data-caption-hide width=\u0022597\u0022 height=\u0022398\u0022 data-zoomed=\u0022https:\/\/www.tga-fachplaner.de\/sites\/default\/files\/styles\/content__zoomed\/public\/aurora\/2024\/09\/384011.jpeg?itok=d_slSCoC\u0022 src=\u0022\/sites\/default\/files\/styles\/teaser_standard__s\/public\/aurora\/2024\/09\/384011.jpeg?itok=It_zOG6X\u0022 title=\u0022\u00a9 Business Campus Management GmbH\u0022 \/\u003E\n\n    \u003C\/picture\u003E\n      \u003Cfigcaption class=\u0022image--figcaption\u0022\u003E\n          \u003Cdiv class=\u0022copyright\u0022\u003EBusiness Campus Management GmbH\u003C\/div\u003E\n          \u003C\/figcaption\u003E\n\u003C\/figure\u003E\n\n\n    \u003C\/div\u003E\n    \u003Cdiv class=\u0022teaser-content\u0022\u003E\n                    \u003Cdiv class=\u0022teaser-content--kicker\u0022\u003E\n                    Relative Feuchte von mindestens 40\u202f%\n        \u003C\/div\u003E\n                                              \n                        \n        \u003Ch4 class=\u0022teaser-content--headline\u0022\u003E\n                                Luftbefeuchtung f\u00fcr B\u00fcros, Praxen und \n                              \u003Cspan class=\u0022headline-last-word-arrow\u0022\u003EWohngeb\u00e4ude              \u003Cspan\n                  class=\u0022permission-lock permission-lock-icon--lock\u0022\u003E\u003C\/span\u003E\n                                  \u003C\/span\u003E\n        \u003C\/h4\u003E\n            \u003Cdiv class=\u0022teaser-content--publishing-date\u0022\u003E\u003Ctime datetime=\u00222024-09-03T12:18:14Z\u0022\u003E03.09.2024\u003C\/time\u003E\n\u003C\/div\u003E\u003Cspan class=\u0022teaser-content--publishing-date-divider\u0022\u003E - \u003C\/span\u003E\u003Cdiv class=\u0022teaser-content--body\u0022\u003E\u003Cp\u003EZur Raum\u00adluft\u00adquali\u00adt\u00e4t ge\u00adh\u00f6rt auch die Luft\u00adfeuchte. Denn zu trockene Luft ist der Ge\u00adsund\u00adheit ab\u00adtr\u00e4g\u00adlich. Pro\u00adfessio\u00adnelle Luft\u00adbe\u00adfeuch\u00adtung schafft Ab\u00adhilfe.\u003C\/p\u003E\n\u003C\/div\u003E\n                        \u003Cspan class=\u0022read-more-arrow-container\u0022\u003E\n            \u003Cspan class=\u0022read-more-angled-arrow\u0022\u003E \u003C\/span\u003E\n          \u003C\/span\u003E\n                  \u003C\/div\u003E\n    \u003C\/a\u003E\n\u003Ca href=\u0022\/raumlufttechnik\/maschinelle-wohnraumlueftung-bequem-lueften-und-dabei-gleichzeitig-energie-sparen\u0022  class=\u0022teaser teaser--standard\u0022 aria-label=\u0022Bequem l\u00fcften und dabei gleichzeitig Energie sparen\u0022\u003E\n      \u003Cdiv class=\u0022teaser-content--image\u0022\u003E\n        \u003Cfigure class=\u0022image--figure\u0022\u003E\n        \u003Cpicture\u003E\n                        \u003Csource srcset=\u0022\/sites\/default\/files\/styles\/teaser_standard__m\/public\/aurora\/2023\/12\/324470.jpeg.webp?itok=Ag0jOMal 1x\u0022 media=\u0022(min-width: 48.0625em) and (max-width: 64em)\u0022 type=\u0022image\/webp\u0022 width=\u0022323\u0022 height=\u0022215\u0022\/\u003E\n                  \u003Csource srcset=\u0022\/sites\/default\/files\/styles\/teaser_standard__l\/public\/aurora\/2023\/12\/324470.jpeg.webp?itok=UVyzCs6x 1x\u0022 media=\u0022(min-width: 64.0625em)\u0022 type=\u0022image\/webp\u0022 width=\u0022203\u0022 height=\u0022135\u0022\/\u003E\n                  \u003Csource srcset=\u0022\/sites\/default\/files\/styles\/teaser_standard__m\/public\/aurora\/2023\/12\/324470.jpeg?itok=phfMkyCO 1x\u0022 media=\u0022(min-width: 48.0625em) and (max-width: 64em)\u0022 type=\u0022image\/jpeg\u0022 width=\u0022323\u0022 height=\u0022215\u0022\/\u003E\n                  \u003Csource srcset=\u0022\/sites\/default\/files\/styles\/teaser_standard__l\/public\/aurora\/2023\/12\/324470.jpeg?itok=WxjAPC58 1x\u0022 media=\u0022(min-width: 64.0625em)\u0022 type=\u0022image\/jpeg\u0022 width=\u0022203\u0022 height=\u0022135\u0022\/\u003E\n                          \u003Cimg alt=\u0022Bild 1\u2002Wohnr\u00e4ume m\u00fcssen regelm\u00e4\u00dfig gel\u00fcftet werden. Die manuelle Fensterl\u00fcftung erfordert eine hohe Disziplin der Nutzer.\u0022 loading=\u0022eager\u0022 data-caption-hide width=\u0022597\u0022 height=\u0022398\u0022 data-zoomed=\u0022https:\/\/www.tga-fachplaner.de\/sites\/default\/files\/styles\/content__zoomed\/public\/aurora\/2023\/12\/324470.jpeg?itok=mJmRdXEq\u0022 src=\u0022\/sites\/default\/files\/styles\/teaser_standard__s\/public\/aurora\/2023\/12\/324470.jpeg?itok=NwuiE69A\u0022 title=\u0022\u00a9 Vitaliy Hrabar \u2013 stock.adobe.com\n\u0022 \/\u003E\n\n    \u003C\/picture\u003E\n      \u003Cfigcaption class=\u0022image--figcaption\u0022\u003E\n          \u003Cdiv class=\u0022copyright\u0022\u003EVitaliy Hrabar \u2013 stock.adobe.com\n\u003C\/div\u003E\n          \u003C\/figcaption\u003E\n\u003C\/figure\u003E\n\n\n    \u003C\/div\u003E\n    \u003Cdiv class=\u0022teaser-content\u0022\u003E\n                    \u003Cdiv class=\u0022teaser-content--kicker\u0022\u003E\n                    Maschinelle Wohnrauml\u00fcftung\n        \u003C\/div\u003E\n                                              \n                        \n        \u003Ch4 class=\u0022teaser-content--headline\u0022\u003E\n                                Bequem l\u00fcften und dabei gleichzeitig Energie \n                              \u003Cspan class=\u0022headline-last-word-arrow\u0022\u003Esparen              \u003Cspan\n                  class=\u0022permission-lock permission-lock-icon--lock\u0022\u003E\u003C\/span\u003E\n                                  \u003C\/span\u003E\n        \u003C\/h4\u003E\n            \u003Cdiv class=\u0022teaser-content--publishing-date\u0022\u003E\u003Ctime datetime=\u00222023-12-03T20:36:10Z\u0022\u003E03.12.2023\u003C\/time\u003E\n\u003C\/div\u003E\u003Cspan class=\u0022teaser-content--publishing-date-divider\u0022\u003E - \u003C\/span\u003E\u003Cdiv class=\u0022teaser-content--body\u0022\u003E\u003Cp\u003EMaschinelle Wohnrauml\u00fcftung erh\u00f6ht den Wohnkomfort, sch\u00fctzt die Gesundheit, spart Heizenergie und kann die energetische Modernisierung g\u00fcnstiger machen.\u003C\/p\u003E\n\u003C\/div\u003E\n                        \u003Cspan class=\u0022read-more-arrow-container\u0022\u003E\n            \u003Cspan class=\u0022read-more-angled-arrow\u0022\u003E \u003C\/span\u003E\n          \u003C\/span\u003E\n                  \u003C\/div\u003E\n    \u003C\/a\u003E\n\u003Ca href=\u0022\/objekt-des-monats\/objekt-des-monats-2023-10-zentrale-wohnungslueftungsgeraete-dezentral\u0022  class=\u0022teaser teaser--standard\u0022 aria-label=\u0022Zentrale Wohnungs\u00adl\u00fcftungs\u00adger\u00e4te dezentral zentralisiert\u0022\u003E\n      \u003Cdiv class=\u0022teaser-content--image\u0022\u003E\n        \u003Cfigure class=\u0022image--figure\u0022\u003E\n        \u003Cpicture\u003E\n                        \u003Csource srcset=\u0022\/sites\/default\/files\/styles\/teaser_standard__m\/public\/aurora\/2023\/09\/310292.jpeg.webp?itok=6FDbzkFb 1x\u0022 media=\u0022(min-width: 48.0625em) and (max-width: 64em)\u0022 type=\u0022image\/webp\u0022 width=\u0022323\u0022 height=\u0022215\u0022\/\u003E\n                  \u003Csource srcset=\u0022\/sites\/default\/files\/styles\/teaser_standard__l\/public\/aurora\/2023\/09\/310292.jpeg.webp?itok=OGyQ61uP 1x\u0022 media=\u0022(min-width: 64.0625em)\u0022 type=\u0022image\/webp\u0022 width=\u0022203\u0022 height=\u0022135\u0022\/\u003E\n                  \u003Csource srcset=\u0022\/sites\/default\/files\/styles\/teaser_standard__m\/public\/aurora\/2023\/09\/310292.jpeg?itok=uB1p6DJD 1x\u0022 media=\u0022(min-width: 48.0625em) and (max-width: 64em)\u0022 type=\u0022image\/jpeg\u0022 width=\u0022323\u0022 height=\u0022215\u0022\/\u003E\n                  \u003Csource srcset=\u0022\/sites\/default\/files\/styles\/teaser_standard__l\/public\/aurora\/2023\/09\/310292.jpeg?itok=aXVyNQLF 1x\u0022 media=\u0022(min-width: 64.0625em)\u0022 type=\u0022image\/jpeg\u0022 width=\u0022203\u0022 height=\u0022135\u0022\/\u003E\n                          \u003Cimg alt=\u0022Bild 1 Mehr Platz in den Wohneinheiten und einfacher Zugang beim Filterwechsel: Alle L\u00fcftungsger\u00e4te stehen gesammelt unter dem Dach.\u0022 loading=\u0022eager\u0022 data-caption-hide width=\u0022597\u0022 height=\u0022398\u0022 data-zoomed=\u0022https:\/\/www.tga-fachplaner.de\/sites\/default\/files\/styles\/content__zoomed\/public\/aurora\/2023\/09\/310292.jpeg?itok=jwOnCBy_\u0022 src=\u0022\/sites\/default\/files\/styles\/teaser_standard__s\/public\/aurora\/2023\/09\/310292.jpeg?itok=mE2CYjVu\u0022 title=\u0022\u00a9 Hoval \/ EL_Fotografie\n\u0022 \/\u003E\n\n    \u003C\/picture\u003E\n      \u003Cfigcaption class=\u0022image--figcaption\u0022\u003E\n          \u003Cdiv class=\u0022copyright\u0022\u003EHoval \/ EL_Fotografie\n\u003C\/div\u003E\n          \u003C\/figcaption\u003E\n\u003C\/figure\u003E\n\n\n    \u003C\/div\u003E\n    \u003Cdiv class=\u0022teaser-content\u0022\u003E\n                    \u003Cdiv class=\u0022teaser-content--kicker\u0022\u003E\n                    Objekt des Monats 2023-10\n        \u003C\/div\u003E\n                                              \n                        \n        \u003Ch4 class=\u0022teaser-content--headline\u0022\u003E\n                                Zentrale Wohnungs\u00adl\u00fcftungs\u00adger\u00e4te dezentral \n                              \u003Cspan class=\u0022headline-last-word-arrow\u0022\u003Ezentralisiert                      \u003C\/span\u003E\n        \u003C\/h4\u003E\n            \u003Cdiv class=\u0022teaser-content--publishing-date\u0022\u003E\u003Ctime datetime=\u00222023-09-24T09:04:16Z\u0022\u003E24.09.2023\u003C\/time\u003E\n\u003C\/div\u003E\u003Cspan class=\u0022teaser-content--publishing-date-divider\u0022\u003E - \u003C\/span\u003E\u003Cdiv class=\u0022teaser-content--body\u0022\u003E\u003Cp\u003EZentral platziert und individuell steuerbar: In Hattersheim am Main wurden alle Wohnungsl\u00fcftungsger\u00e4te unter dem Dach geb\u00fcndelt angeordnet.\u003C\/p\u003E\n\u003C\/div\u003E\n                        \u003Cspan class=\u0022read-more-arrow-container\u0022\u003E\n            \u003Cspan class=\u0022read-more-angled-arrow\u0022\u003E \u003C\/span\u003E\n          \u003C\/span\u003E\n                  \u003C\/div\u003E\n    \u003C\/a\u003E\n\u003Ca href=\u0022\/raumlufttechnik\/dekarbonisierung-grosses-waermewendepotenzial-fuer-wohnraumlueftung-mit-wrg\u0022  class=\u0022teaser teaser--standard\u0022 aria-label=\u0022Gro\u00dfes W\u00e4rmewendepotenzial f\u00fcr Wohnrauml\u00fcftung mit WRG\u0022\u003E\n      \u003Cdiv class=\u0022teaser-content--image\u0022\u003E\n        \u003Cfigure class=\u0022image--figure\u0022\u003E\n        \u003Cpicture\u003E\n                        \u003Csource srcset=\u0022\/sites\/default\/files\/styles\/teaser_standard__m\/public\/aurora\/2023\/09\/305219.jpeg.webp?itok=cYnxFTw1 1x\u0022 media=\u0022(min-width: 48.0625em) and (max-width: 64em)\u0022 type=\u0022image\/webp\u0022 width=\u0022323\u0022 height=\u0022216\u0022\/\u003E\n                  \u003Csource srcset=\u0022\/sites\/default\/files\/styles\/teaser_standard__l\/public\/aurora\/2023\/09\/305219.jpeg.webp?itok=dnO5cZNd 1x\u0022 media=\u0022(min-width: 64.0625em)\u0022 type=\u0022image\/webp\u0022 width=\u0022203\u0022 height=\u0022135\u0022\/\u003E\n                  \u003Csource srcset=\u0022\/sites\/default\/files\/styles\/teaser_standard__m\/public\/aurora\/2023\/09\/305219.jpeg?itok=qMeuYFgK 1x\u0022 media=\u0022(min-width: 48.0625em) and (max-width: 64em)\u0022 type=\u0022image\/jpeg\u0022 width=\u0022323\u0022 height=\u0022216\u0022\/\u003E\n                  \u003Csource srcset=\u0022\/sites\/default\/files\/styles\/teaser_standard__l\/public\/aurora\/2023\/09\/305219.jpeg?itok=LalIr3L6 1x\u0022 media=\u0022(min-width: 64.0625em)\u0022 type=\u0022image\/jpeg\u0022 width=\u0022203\u0022 height=\u0022135\u0022\/\u003E\n                          \u003Cimg alt=\u0022g\u2002Wohnungsl\u00fcftung mit W\u00e4rmer\u00fcckgewinnung kann einen erheblichen Beitrag zum Erreichen der nationalen Klimaziele leisten.\u0022 loading=\u0022eager\u0022 data-caption-hide width=\u0022597\u0022 height=\u0022398\u0022 data-zoomed=\u0022https:\/\/www.tga-fachplaner.de\/sites\/default\/files\/styles\/content__zoomed\/public\/aurora\/2023\/09\/305219.jpeg?itok=jaPBOZfC\u0022 src=\u0022\/sites\/default\/files\/styles\/teaser_standard__s\/public\/aurora\/2023\/09\/305219.jpeg?itok=3TOGuMOl\u0022 title=\u0022\u00a9 Bundesverband f\u00fcr Wohnungsl\u00fcftung VfW\n\u0022 \/\u003E\n\n    \u003C\/picture\u003E\n      \u003Cfigcaption class=\u0022image--figcaption\u0022\u003E\n          \u003Cdiv class=\u0022copyright\u0022\u003EBundesverband f\u00fcr Wohnungsl\u00fcftung VfW\n\u003C\/div\u003E\n          \u003C\/figcaption\u003E\n\u003C\/figure\u003E\n\n\n    \u003C\/div\u003E\n    \u003Cdiv class=\u0022teaser-content\u0022\u003E\n                    \u003Cdiv class=\u0022teaser-content--kicker\u0022\u003E\n                    Dekarbonisierung\n        \u003C\/div\u003E\n                                              \n                        \n        \u003Ch4 class=\u0022teaser-content--headline\u0022\u003E\n                                Gro\u00dfes W\u00e4rmewendepotenzial f\u00fcr Wohnrauml\u00fcftung mit \n                              \u003Cspan class=\u0022headline-last-word-arrow\u0022\u003EWRG              \u003Cspan\n                  class=\u0022permission-lock permission-lock-icon--lock\u0022\u003E\u003C\/span\u003E\n                                  \u003C\/span\u003E\n        \u003C\/h4\u003E\n            \u003Cdiv class=\u0022teaser-content--publishing-date\u0022\u003E\u003Ctime datetime=\u00222023-09-04T13:49:29Z\u0022\u003E04.09.2023\u003C\/time\u003E\n\u003C\/div\u003E\u003Cspan class=\u0022teaser-content--publishing-date-divider\u0022\u003E - \u003C\/span\u003E\u003Cdiv class=\u0022teaser-content--body\u0022\u003E\u003Cp\u003EEine Studie analysiert anhand der Faktoren Klimaschutz und Nachhaltigkeit, was Wohnrauml\u00fcftung mit W\u00e4rmer\u00fcckgewinnung zum Klimaziel 2045 beitragen kann.\u003C\/p\u003E\n\u003C\/div\u003E\n                        \u003Cspan class=\u0022read-more-arrow-container\u0022\u003E\n            \u003Cspan class=\u0022read-more-angled-arrow\u0022\u003E \u003C\/span\u003E\n          \u003C\/span\u003E\n                  \u003C\/div\u003E\n    \u003C\/a\u003E\n\u003Ca href=\u0022\/raumlufttechnik\/kontrollierte-wohnungslueftung-waermerueckgewinnung-entlastet-das-stromnetz\u0022  class=\u0022teaser teaser--standard\u0022 aria-label=\u0022W\u00e4rmer\u00fcckgewinnung entlastet das Stromnetz\u0022\u003E\n      \u003Cdiv class=\u0022teaser-content--image\u0022\u003E\n        \u003Cfigure class=\u0022image--figure\u0022\u003E\n        \u003Cpicture\u003E\n                        \u003Csource srcset=\u0022\/sites\/default\/files\/styles\/teaser_standard__m\/public\/aurora\/2022\/07\/210717.jpeg.webp?itok=72Nz5NH9 1x\u0022 media=\u0022(min-width: 48.0625em) and (max-width: 64em)\u0022 type=\u0022image\/webp\u0022 width=\u0022323\u0022 height=\u0022215\u0022\/\u003E\n                  \u003Csource srcset=\u0022\/sites\/default\/files\/styles\/teaser_standard__l\/public\/aurora\/2022\/07\/210717.jpeg.webp?itok=RmIt6Df6 1x\u0022 media=\u0022(min-width: 64.0625em)\u0022 type=\u0022image\/webp\u0022 width=\u0022203\u0022 height=\u0022135\u0022\/\u003E\n                  \u003Csource srcset=\u0022\/sites\/default\/files\/styles\/teaser_standard__m\/public\/aurora\/2022\/07\/210717.jpeg?itok=3Uc4uWBh 1x\u0022 media=\u0022(min-width: 48.0625em) and (max-width: 64em)\u0022 type=\u0022image\/jpeg\u0022 width=\u0022323\u0022 height=\u0022215\u0022\/\u003E\n                  \u003Csource srcset=\u0022\/sites\/default\/files\/styles\/teaser_standard__l\/public\/aurora\/2022\/07\/210717.jpeg?itok=2Ix_KPgH 1x\u0022 media=\u0022(min-width: 64.0625em)\u0022 type=\u0022image\/jpeg\u0022 width=\u0022203\u0022 height=\u0022135\u0022\/\u003E\n                          \u003Cimg loading=\u0022eager\u0022 data-caption-hide width=\u0022597\u0022 height=\u0022398\u0022 alt=\u0022Beitrag der Wohnungsl\u00fcftung mit W\u00e4rmer\u00fcckgewinnung (WRG) zur Energieversorgung von Geb\u00e4uden (links: ohne WRG; Mitte: mit WRG: rechts: mit WRG und Photovoltaik).\u0022 data-zoomed=\u0022https:\/\/www.tga-fachplaner.de\/sites\/default\/files\/styles\/content__zoomed\/public\/aurora\/2022\/07\/210717.jpeg?itok=MqcLX7iG\u0022 src=\u0022\/sites\/default\/files\/styles\/teaser_standard__s\/public\/aurora\/2022\/07\/210717.jpeg?itok=BWinOUFD\u0022 title=\u0022\u00a9 Bundesverband f\u00fcr Wohnungsl\u00fcftung VfW\n\u0022 \/\u003E\n\n    \u003C\/picture\u003E\n      \u003Cfigcaption class=\u0022image--figcaption\u0022\u003E\n          \u003Cdiv class=\u0022copyright\u0022\u003EBundesverband f\u00fcr Wohnungsl\u00fcftung VfW\n\u003C\/div\u003E\n          \u003C\/figcaption\u003E\n\u003C\/figure\u003E\n\n\n    \u003C\/div\u003E\n    \u003Cdiv class=\u0022teaser-content\u0022\u003E\n                    \u003Cdiv class=\u0022teaser-content--kicker\u0022\u003E\n                    Kontrollierte Wohnungsl\u00fcftung\n        \u003C\/div\u003E\n                                              \n                        \n        \u003Ch4 class=\u0022teaser-content--headline\u0022\u003E\n                                W\u00e4rmer\u00fcckgewinnung entlastet das \n                              \u003Cspan class=\u0022headline-last-word-arrow\u0022\u003EStromnetz                      \u003C\/span\u003E\n        \u003C\/h4\u003E\n            \u003Cdiv class=\u0022teaser-content--publishing-date\u0022\u003E\u003Ctime datetime=\u00222022-07-24T09:24:47Z\u0022\u003E24.07.2022\u003C\/time\u003E\n\u003C\/div\u003E\u003Cspan class=\u0022teaser-content--publishing-date-divider\u0022\u003E - \u003C\/span\u003E\u003Cdiv class=\u0022teaser-content--body\u0022\u003E\u003Cp\u003EEine \u00c4quivalenzstudie des ITG zur kontrollierten Wohnungsl\u00fcftung hat ein beachtliches Potenzial zur Entlastung der Stromnetze identifiziert.\u003C\/p\u003E\n\u003C\/div\u003E\n                        \u003Cspan class=\u0022read-more-arrow-container\u0022\u003E\n            \u003Cspan class=\u0022read-more-angled-arrow\u0022\u003E \u003C\/span\u003E\n          \u003C\/span\u003E\n                  \u003C\/div\u003E\n    \u003C\/a\u003E\n\u003Ca href=\u0022\/raumlufttechnik\/volumenstromauslegung-nach-din-1946-6-beruecksichtigung-des-waeschetrocknens-beim\u0022  class=\u0022teaser teaser--standard\u0022 aria-label=\u0022Ber\u00fccksichtigung des W\u00e4schetrocknens beim Planen eines L\u00fcftungskonzepts\u0022\u003E\n      \u003Cdiv class=\u0022teaser-content--image\u0022\u003E\n        \u003Cfigure class=\u0022image--figure\u0022\u003E\n        \u003Cpicture\u003E\n                        \u003Csource srcset=\u0022\/sites\/default\/files\/styles\/teaser_standard__m\/public\/aurora\/2020\/06\/47208.jpeg.webp?itok=6E_oKdFJ 1x\u0022 media=\u0022(min-width: 48.0625em) and (max-width: 64em)\u0022 type=\u0022image\/webp\u0022 width=\u0022323\u0022 height=\u0022182\u0022\/\u003E\n                  \u003Csource srcset=\u0022\/sites\/default\/files\/styles\/teaser_standard__l\/public\/aurora\/2020\/06\/47208.jpeg.webp?itok=W0GhBmts 1x\u0022 media=\u0022(min-width: 64.0625em)\u0022 type=\u0022image\/webp\u0022 width=\u0022203\u0022 height=\u0022114\u0022\/\u003E\n                  \u003Csource srcset=\u0022\/sites\/default\/files\/styles\/teaser_standard__m\/public\/aurora\/2020\/06\/47208.jpeg?itok=l3oSY9d5 1x\u0022 media=\u0022(min-width: 48.0625em) and (max-width: 64em)\u0022 type=\u0022image\/jpeg\u0022 width=\u0022323\u0022 height=\u0022182\u0022\/\u003E\n                  \u003Csource srcset=\u0022\/sites\/default\/files\/styles\/teaser_standard__l\/public\/aurora\/2020\/06\/47208.jpeg?itok=xfwzDkbH 1x\u0022 media=\u0022(min-width: 64.0625em)\u0022 type=\u0022image\/jpeg\u0022 width=\u0022203\u0022 height=\u0022114\u0022\/\u003E\n                          \u003Cimg alt=\u0022Bild 1: \u2002Oft ist der Wohnraum die einzige M\u00f6glichkeit, W\u00e4sche zu trocknen.\u0022 loading=\u0022eager\u0022 data-caption-hide width=\u0022707\u0022 height=\u0022398\u0022 data-zoomed=\u0022https:\/\/www.tga-fachplaner.de\/sites\/default\/files\/styles\/content__zoomed\/public\/aurora\/2020\/06\/47208.jpeg?itok=6jFZl15F\u0022 src=\u0022\/sites\/default\/files\/styles\/teaser_standard__s\/public\/aurora\/2020\/06\/47208.jpeg?itok=_xpO5d45\u0022 title=\u0022\u00a9 Bild: meyrass \/ iStock \/ Getty Images Plus\n\u0022 \/\u003E\n\n    \u003C\/picture\u003E\n      \u003Cfigcaption class=\u0022image--figcaption\u0022\u003E\n          \u003Cdiv class=\u0022copyright\u0022\u003EBild: meyrass \/ iStock \/ Getty Images Plus\n\u003C\/div\u003E\n          \u003C\/figcaption\u003E\n\u003C\/figure\u003E\n\n\n    \u003C\/div\u003E\n    \u003Cdiv class=\u0022teaser-content\u0022\u003E\n                    \u003Cdiv class=\u0022teaser-content--kicker\u0022\u003E\n                    Volumenstromauslegung nach DIN\u202f1946-6\u0026#13;\n        \u003C\/div\u003E\n                                              \n                        \n        \u003Ch4 class=\u0022teaser-content--headline\u0022\u003E\n                                Ber\u00fccksichtigung des W\u00e4schetrocknens beim Planen eines \n                              \u003Cspan class=\u0022headline-last-word-arrow\u0022\u003EL\u00fcftungskonzepts                      \u003C\/span\u003E\n        \u003C\/h4\u003E\n            \u003Cdiv class=\u0022teaser-content--publishing-date\u0022\u003E\u003Ctime datetime=\u00222021-08-19T04:15:03Z\u0022\u003E19.08.2021\u003C\/time\u003E\n\u003C\/div\u003E\u003Cspan class=\u0022teaser-content--publishing-date-divider\u0022\u003E - \u003C\/span\u003E\u003Cdiv class=\u0022teaser-content--body\u0022\u003E\u003Cp\u003EBei der Planung eines L\u00fcftungskonzepts muss der notwendige Au\u00dfenluftvolumenstrom f\u00fcr freies W\u00e4schetrocknen h\u00e4ufig zus\u00e4tzlich ber\u00fccksichtigt werden. Bei der Auslegung nach Nennl\u00fcftung ist eine Maximalwertbetrachtung vorzunehmen.\u003C\/p\u003E\n\u003C\/div\u003E\n                        \u003Cspan class=\u0022read-more-arrow-container\u0022\u003E\n            \u003Cspan class=\u0022read-more-angled-arrow\u0022\u003E \u003C\/span\u003E\n          \u003C\/span\u003E\n                  \u003C\/div\u003E\n    \u003C\/a\u003E\n\u003Ca href=\u0022\/raumlufttechnik\/artikelserie-ueberarbeitung-der-din-1946-6-teil-2-din-1946-6-lueftungskonzept-und\u0022  class=\u0022teaser teaser--standard\u0022 aria-label=\u0022DIN 1946-6: L\u00fcftungskonzept und Luftvolumenstr\u00f6me\u0022\u003E\n      \u003Cdiv class=\u0022teaser-content--image\u0022\u003E\n        \u003Cfigure class=\u0022image--figure\u0022\u003E\n        \u003Cpicture\u003E\n                        \u003Csource srcset=\u0022\/sites\/default\/files\/styles\/teaser_standard__m\/public\/aurora\/2020\/07\/52083.jpeg.webp?itok=fRAhZaov 1x\u0022 media=\u0022(min-width: 48.0625em) and (max-width: 64em)\u0022 type=\u0022image\/webp\u0022 width=\u0022323\u0022 height=\u0022215\u0022\/\u003E\n                  \u003Csource srcset=\u0022\/sites\/default\/files\/styles\/teaser_standard__l\/public\/aurora\/2020\/07\/52083.jpeg.webp?itok=Mr9ui2iU 1x\u0022 media=\u0022(min-width: 64.0625em)\u0022 type=\u0022image\/webp\u0022 width=\u0022203\u0022 height=\u0022135\u0022\/\u003E\n                  \u003Csource srcset=\u0022\/sites\/default\/files\/styles\/teaser_standard__m\/public\/aurora\/2020\/07\/52083.jpeg?itok=cs41egE1 1x\u0022 media=\u0022(min-width: 48.0625em) and (max-width: 64em)\u0022 type=\u0022image\/jpeg\u0022 width=\u0022323\u0022 height=\u0022215\u0022\/\u003E\n                  \u003Csource srcset=\u0022\/sites\/default\/files\/styles\/teaser_standard__l\/public\/aurora\/2020\/07\/52083.jpeg?itok=YvKCXkGl 1x\u0022 media=\u0022(min-width: 64.0625em)\u0022 type=\u0022image\/jpeg\u0022 width=\u0022203\u0022 height=\u0022135\u0022\/\u003E\n                          \u003Cimg alt=\u0022Bild 1: \u2002DIN 1946-6 gilt f\u00fcr die freie und ventilator\u00adgest\u00fctzte L\u00fcftung von Wohnungen und \u00e4hnlichen Nutzungseinrichtungen, die \u00fcberwiegend dem Wohnzweck dienen.\u0022 loading=\u0022eager\u0022 data-caption-hide width=\u0022597\u0022 height=\u0022398\u0022 data-zoomed=\u0022https:\/\/www.tga-fachplaner.de\/sites\/default\/files\/styles\/content__zoomed\/public\/aurora\/2020\/07\/52083.jpeg?itok=9_AwkeJS\u0022 src=\u0022\/sites\/default\/files\/styles\/teaser_standard__s\/public\/aurora\/2020\/07\/52083.jpeg?itok=hj3VMGO1\u0022 title=\u0022\u00a9 Bild: Zehnder\n\u0022 \/\u003E\n\n    \u003C\/picture\u003E\n      \u003Cfigcaption class=\u0022image--figcaption\u0022\u003E\n          \u003Cdiv class=\u0022copyright\u0022\u003EBild: Zehnder\n\u003C\/div\u003E\n          \u003C\/figcaption\u003E\n\u003C\/figure\u003E\n\n\n    \u003C\/div\u003E\n    \u003Cdiv class=\u0022teaser-content\u0022\u003E\n                    \u003Cdiv class=\u0022teaser-content--kicker\u0022\u003E\n                    Artikelserie: \u00dcberarbeitung der DIN\u202f1946-6 (Teil\u202f2) \u0026#13;\n        \u003C\/div\u003E\n                                              \n                        \n        \u003Ch4 class=\u0022teaser-content--headline\u0022\u003E\n                                DIN 1946-6: L\u00fcftungskonzept und \n                              \u003Cspan class=\u0022headline-last-word-arrow\u0022\u003ELuftvolumenstr\u00f6me                      \u003C\/span\u003E\n        \u003C\/h4\u003E\n            \u003Cdiv class=\u0022teaser-content--publishing-date\u0022\u003E\u003Ctime datetime=\u00222021-08-05T09:00:03Z\u0022\u003E05.08.2021\u003C\/time\u003E\n\u003C\/div\u003E\u003Cspan class=\u0022teaser-content--publishing-date-divider\u0022\u003E - \u003C\/span\u003E\u003Cdiv class=\u0022teaser-content--body\u0022\u003E\u003Cp\u003EWie Sie nach\u0026nbsp;DIN 1946-6 ein L\u00fcftungskonzept erstellen, Au\u00dfenluftvolumenstr\u00f6me berechnen und L\u00fcftungskomponenten auslegen, erl\u00e4utert der Beitrag.\u003C\/p\u003E\n\u003C\/div\u003E\n                        \u003Cspan class=\u0022read-more-arrow-container\u0022\u003E\n            \u003Cspan class=\u0022read-more-angled-arrow\u0022\u003E \u003C\/span\u003E\n          \u003C\/span\u003E\n                  \u003C\/div\u003E\n    \u003C\/a\u003E\n\u003Ca href=\u0022\/raumlufttechnik\/raumlufttechnik-verbaendebuendnis-merkblatt-lueften-im-wohnungsbau-0\u0022  class=\u0022teaser teaser--standard\u0022 aria-label=\u0022Verb\u00e4ndeb\u00fcndnis-Merkblatt: L\u00fcften im Wohnungsbau\u0022\u003E\n      \u003Cdiv class=\u0022teaser-content--image\u0022\u003E\n        \u003Cfigure class=\u0022image--figure\u0022\u003E\n        \u003Cpicture\u003E\n                        \u003Csource srcset=\u0022\/sites\/default\/files\/styles\/teaser_standard__m\/public\/aurora\/2021\/05\/112525.jpeg.webp?itok=2GjItyjW 1x\u0022 media=\u0022(min-width: 48.0625em) and (max-width: 64em)\u0022 type=\u0022image\/webp\u0022 width=\u0022323\u0022 height=\u0022215\u0022\/\u003E\n                  \u003Csource srcset=\u0022\/sites\/default\/files\/styles\/teaser_standard__l\/public\/aurora\/2021\/05\/112525.jpeg.webp?itok=tQWMLgzc 1x\u0022 media=\u0022(min-width: 64.0625em)\u0022 type=\u0022image\/webp\u0022 width=\u0022203\u0022 height=\u0022135\u0022\/\u003E\n                  \u003Csource srcset=\u0022\/sites\/default\/files\/styles\/teaser_standard__m\/public\/aurora\/2021\/05\/112525.jpeg?itok=5Q0QUFY- 1x\u0022 media=\u0022(min-width: 48.0625em) and (max-width: 64em)\u0022 type=\u0022image\/jpeg\u0022 width=\u0022323\u0022 height=\u0022215\u0022\/\u003E\n                  \u003Csource srcset=\u0022\/sites\/default\/files\/styles\/teaser_standard__l\/public\/aurora\/2021\/05\/112525.jpeg?itok=yaVHnjdz 1x\u0022 media=\u0022(min-width: 64.0625em)\u0022 type=\u0022image\/jpeg\u0022 width=\u0022203\u0022 height=\u0022135\u0022\/\u003E\n                          \u003Cimg alt=\u0022Fensterl\u00fcftung oder ventilatorgest\u00fctzte L\u00fcftung? Die Entscheidung treffen weder Normen noch Gesetzgeber \u2013 sie obliegt dem Bestellenden.\u0022 loading=\u0022eager\u0022 data-caption-hide width=\u0022597\u0022 height=\u0022398\u0022 data-zoomed=\u0022https:\/\/www.tga-fachplaner.de\/sites\/default\/files\/styles\/content__zoomed\/public\/aurora\/2021\/05\/112525.jpeg?itok=h-p3YUkw\u0022 src=\u0022\/sites\/default\/files\/styles\/teaser_standard__s\/public\/aurora\/2021\/05\/112525.jpeg?itok=Lm9r72kw\u0022 title=\u0022\u00a9 sharply_done \/ E+ \/ Getty Images\n\u0022 \/\u003E\n\n    \u003C\/picture\u003E\n      \u003Cfigcaption class=\u0022image--figcaption\u0022\u003E\n          \u003Cdiv class=\u0022copyright\u0022\u003Esharply_done \/ E+ \/ Getty Images\n\u003C\/div\u003E\n          \u003C\/figcaption\u003E\n\u003C\/figure\u003E\n\n\n    \u003C\/div\u003E\n    \u003Cdiv class=\u0022teaser-content\u0022\u003E\n                    \u003Cdiv class=\u0022teaser-content--kicker\u0022\u003E\n                    Raumlufttechnik\n        \u003C\/div\u003E\n                                              \n                        \n        \u003Ch4 class=\u0022teaser-content--headline\u0022\u003E\n                                Verb\u00e4ndeb\u00fcndnis-Merkblatt: L\u00fcften im \n                              \u003Cspan class=\u0022headline-last-word-arrow\u0022\u003EWohnungsbau                      \u003C\/span\u003E\n        \u003C\/h4\u003E\n            \u003Cdiv class=\u0022teaser-content--publishing-date\u0022\u003E\u003Ctime datetime=\u00222021-08-04T09:50:47Z\u0022\u003E04.08.2021\u003C\/time\u003E\n\u003C\/div\u003E\u003Cspan class=\u0022teaser-content--publishing-date-divider\u0022\u003E - \u003C\/span\u003E\u003Cdiv class=\u0022teaser-content--body\u0022\u003E\u003Cp\u003EEin Verb\u00e4ndeb\u00fcndnis hat f\u00fcr Planer, Bauherren und Bauausf\u00fchrende ein Merkblatt als Entscheidungshilfe zum L\u00fcften im Wohnungsbau erarbeitet.\u003C\/p\u003E\n\u003C\/div\u003E\n                        \u003Cspan class=\u0022read-more-arrow-container\u0022\u003E\n            \u003Cspan class=\u0022read-more-angled-arrow\u0022\u003E \u003C\/span\u003E\n          \u003C\/span\u003E\n                  \u003C\/div\u003E\n    \u003C\/a\u003E\n\u003Ca href=\u0022\/raumlufttechnik\/raumlufttechnik-verbaendebuendnis-merkblatt-lueften-im-wohnungsbau\u0022  class=\u0022teaser teaser--standard\u0022 aria-label=\u0022Verb\u00e4ndeb\u00fcndnis-Merkblatt: L\u00fcften im Wohnungsbau\u0022\u003E\n      \u003Cdiv class=\u0022teaser-content--image\u0022\u003E\n        \u003Cfigure class=\u0022image--figure\u0022\u003E\n        \u003Cpicture\u003E\n                        \u003Csource srcset=\u0022\/sites\/default\/files\/styles\/teaser_standard__m\/public\/aurora\/2021\/05\/112525.jpeg.webp?itok=2GjItyjW 1x\u0022 media=\u0022(min-width: 48.0625em) and (max-width: 64em)\u0022 type=\u0022image\/webp\u0022 width=\u0022323\u0022 height=\u0022215\u0022\/\u003E\n                  \u003Csource srcset=\u0022\/sites\/default\/files\/styles\/teaser_standard__l\/public\/aurora\/2021\/05\/112525.jpeg.webp?itok=tQWMLgzc 1x\u0022 media=\u0022(min-width: 64.0625em)\u0022 type=\u0022image\/webp\u0022 width=\u0022203\u0022 height=\u0022135\u0022\/\u003E\n                  \u003Csource srcset=\u0022\/sites\/default\/files\/styles\/teaser_standard__m\/public\/aurora\/2021\/05\/112525.jpeg?itok=5Q0QUFY- 1x\u0022 media=\u0022(min-width: 48.0625em) and (max-width: 64em)\u0022 type=\u0022image\/jpeg\u0022 width=\u0022323\u0022 height=\u0022215\u0022\/\u003E\n                  \u003Csource srcset=\u0022\/sites\/default\/files\/styles\/teaser_standard__l\/public\/aurora\/2021\/05\/112525.jpeg?itok=yaVHnjdz 1x\u0022 media=\u0022(min-width: 64.0625em)\u0022 type=\u0022image\/jpeg\u0022 width=\u0022203\u0022 height=\u0022135\u0022\/\u003E\n                          \u003Cimg alt=\u0022Fensterl\u00fcftung oder ventilatorgest\u00fctzte L\u00fcftung? Die Entscheidung treffen weder Normen noch Gesetzgeber \u2013 sie obliegt dem Bestellenden.\u0022 loading=\u0022eager\u0022 data-caption-hide width=\u0022597\u0022 height=\u0022398\u0022 data-zoomed=\u0022https:\/\/www.tga-fachplaner.de\/sites\/default\/files\/styles\/content__zoomed\/public\/aurora\/2021\/05\/112525.jpeg?itok=h-p3YUkw\u0022 src=\u0022\/sites\/default\/files\/styles\/teaser_standard__s\/public\/aurora\/2021\/05\/112525.jpeg?itok=Lm9r72kw\u0022 title=\u0022\u00a9 sharply_done \/ E+ \/ Getty Images\n\u0022 \/\u003E\n\n    \u003C\/picture\u003E\n      \u003Cfigcaption class=\u0022image--figcaption\u0022\u003E\n          \u003Cdiv class=\u0022copyright\u0022\u003Esharply_done \/ E+ \/ Getty Images\n\u003C\/div\u003E\n          \u003C\/figcaption\u003E\n\u003C\/figure\u003E\n\n\n    \u003C\/div\u003E\n    \u003Cdiv class=\u0022teaser-content\u0022\u003E\n                    \u003Cdiv class=\u0022teaser-content--kicker\u0022\u003E\n                    Raumlufttechnik\n        \u003C\/div\u003E\n                                              \n                        \n        \u003Ch4 class=\u0022teaser-content--headline\u0022\u003E\n                                Verb\u00e4ndeb\u00fcndnis-Merkblatt: L\u00fcften im \n                              \u003Cspan class=\u0022headline-last-word-arrow\u0022\u003EWohnungsbau                      \u003C\/span\u003E\n        \u003C\/h4\u003E\n            \u003Cdiv class=\u0022teaser-content--publishing-date\u0022\u003E\u003Ctime datetime=\u00222021-05-19T21:51:58Z\u0022\u003E19.05.2021\u003C\/time\u003E\n\u003C\/div\u003E\u003Cspan class=\u0022teaser-content--publishing-date-divider\u0022\u003E - \u003C\/span\u003E\u003Cdiv class=\u0022teaser-content--body\u0022\u003E\u003Cp\u003EEin Verb\u00e4ndeb\u00fcndnis hat f\u00fcr Planer, Bauherren und Bauausf\u00fchrende ein Merkblatt als Entscheidungshilfe zum L\u00fcften im Wohnungsbau erarbeitet.\u003C\/p\u003E\n\u003C\/div\u003E\n                        \u003Cspan class=\u0022read-more-arrow-container\u0022\u003E\n            \u003Cspan class=\u0022read-more-angled-arrow\u0022\u003E \u003C\/span\u003E\n          \u003C\/span\u003E\n                  \u003C\/div\u003E\n    \u003C\/a\u003E\n\u003Ca href=\u0022\/raumlufttechnik\/feuchteschutzlueftung-din-spec-4108-8-lueftungskonzept-mit-fensterlueftung\u0022  class=\u0022teaser teaser--standard\u0022 aria-label=\u0022DIN SPEC 4108-8: L\u00fcftungskonzept mit Fensterl\u00fcftung erstellen\u0022\u003E\n      \u003Cdiv class=\u0022teaser-content--image\u0022\u003E\n        \u003Cfigure class=\u0022image--figure\u0022\u003E\n        \u003Cpicture\u003E\n                        \u003Csource srcset=\u0022\/sites\/default\/files\/styles\/teaser_standard__m\/public\/aurora\/2020\/02\/26425.jpeg.webp?itok=teAcyKmW 1x\u0022 media=\u0022(min-width: 48.0625em) and (max-width: 64em)\u0022 type=\u0022image\/webp\u0022 width=\u0022323\u0022 height=\u0022215\u0022\/\u003E\n                  \u003Csource srcset=\u0022\/sites\/default\/files\/styles\/teaser_standard__l\/public\/aurora\/2020\/02\/26425.jpeg.webp?itok=h75jpQTN 1x\u0022 media=\u0022(min-width: 64.0625em)\u0022 type=\u0022image\/webp\u0022 width=\u0022203\u0022 height=\u0022135\u0022\/\u003E\n                  \u003Csource srcset=\u0022\/sites\/default\/files\/styles\/teaser_standard__m\/public\/aurora\/2020\/02\/26425.jpeg?itok=bqjSDFgk 1x\u0022 media=\u0022(min-width: 48.0625em) and (max-width: 64em)\u0022 type=\u0022image\/jpeg\u0022 width=\u0022323\u0022 height=\u0022215\u0022\/\u003E\n                  \u003Csource srcset=\u0022\/sites\/default\/files\/styles\/teaser_standard__l\/public\/aurora\/2020\/02\/26425.jpeg?itok=9W6o8_qA 1x\u0022 media=\u0022(min-width: 64.0625em)\u0022 type=\u0022image\/jpeg\u0022 width=\u0022203\u0022 height=\u0022135\u0022\/\u003E\n                          \u003Cimg alt=\u0022Bild 1:\u2002Auch bei ung\u00fcnstig gew\u00e4hlten Randbedingungen kann gezeigt werden, dass eine manuelle 2- bis 3-malige Fensterl\u00fcftung pro Tag f\u00fcr die Feuchteabfuhr aus Wohnr\u00e4umen ausreichend sein kann.\u0022 loading=\u0022eager\u0022 data-caption-hide width=\u0022597\u0022 height=\u0022398\u0022 data-zoomed=\u0022https:\/\/www.tga-fachplaner.de\/sites\/default\/files\/styles\/content__zoomed\/public\/aurora\/2020\/02\/26425.jpeg?itok=m8tRhKxY\u0022 src=\u0022\/sites\/default\/files\/styles\/teaser_standard__s\/public\/aurora\/2020\/02\/26425.jpeg?itok=S_e0GiDu\u0022 title=\u0022\u00a9 Bild: MihaPater \/ iStock \/ Getty Images Plus\n\u0022 \/\u003E\n\n    \u003C\/picture\u003E\n      \u003Cfigcaption class=\u0022image--figcaption\u0022\u003E\n          \u003Cdiv class=\u0022copyright\u0022\u003EBild: MihaPater \/ iStock \/ Getty Images Plus\n\u003C\/div\u003E\n          \u003C\/figcaption\u003E\n\u003C\/figure\u003E\n\n\n    \u003C\/div\u003E\n    \u003Cdiv class=\u0022teaser-content\u0022\u003E\n                    \u003Cdiv class=\u0022teaser-content--kicker\u0022\u003E\n                    Feuchteschutzl\u00fcftung\n        \u003C\/div\u003E\n                                              \n                        \n        \u003Ch4 class=\u0022teaser-content--headline\u0022\u003E\n                                DIN SPEC 4108-8: L\u00fcftungskonzept mit Fensterl\u00fcftung \n                              \u003Cspan class=\u0022headline-last-word-arrow\u0022\u003Eerstellen                      \u003C\/span\u003E\n        \u003C\/h4\u003E\n            \u003Cdiv class=\u0022teaser-content--publishing-date\u0022\u003E\u003Ctime datetime=\u00222021-02-19T11:30:06Z\u0022\u003E19.02.2021\u003C\/time\u003E\n\u003C\/div\u003E\u003Cspan class=\u0022teaser-content--publishing-date-divider\u0022\u003E - \u003C\/span\u003E\u003Cdiv class=\u0022teaser-content--body\u0022\u003E\u003Cp\u003ESo erstellen Sie mit DIN SPEC 4108-8 ein L\u00fcftungskonzept zur Abfuhr der Feuchtelast, das sich nicht auf\u0026nbsp;freie oder ventilatorgest\u00fctzte Systeme beschr\u00e4nkt.\u003C\/p\u003E\n\u003C\/div\u003E\n                        \u003Cspan class=\u0022read-more-arrow-container\u0022\u003E\n            \u003Cspan class=\u0022read-more-angled-arrow\u0022\u003E \u003C\/span\u003E\n          \u003C\/span\u003E\n                  \u003C\/div\u003E\n    \u003C\/a\u003E\n\u003Ca href=\u0022\/raumlufttechnik\/artikelserie-ueberarbeitung-der-din-1946-6-teil-1-din-1946-6-neuerungen-der-norm\u0022  class=\u0022teaser teaser--standard\u0022 aria-label=\u0022DIN 1946-6: Neuerungen der Norm f\u00fcr Wohnungsl\u00fcftung\u0022\u003E\n      \u003Cdiv class=\u0022teaser-content--image\u0022\u003E\n        \u003Cfigure class=\u0022image--figure\u0022\u003E\n        \u003Cpicture\u003E\n                        \u003Csource srcset=\u0022\/sites\/default\/files\/styles\/teaser_standard__m\/public\/aurora\/2020\/02\/22777.jpeg.webp?itok=4ISbb-Sx 1x\u0022 media=\u0022(min-width: 48.0625em) and (max-width: 64em)\u0022 type=\u0022image\/webp\u0022 width=\u0022323\u0022 height=\u0022171\u0022\/\u003E\n                  \u003Csource srcset=\u0022\/sites\/default\/files\/styles\/teaser_standard__l\/public\/aurora\/2020\/02\/22777.jpeg.webp?itok=V1y1rjmd 1x\u0022 media=\u0022(min-width: 64.0625em)\u0022 type=\u0022image\/webp\u0022 width=\u0022203\u0022 height=\u0022107\u0022\/\u003E\n                  \u003Csource srcset=\u0022\/sites\/default\/files\/styles\/teaser_standard__m\/public\/aurora\/2020\/02\/22777.jpeg?itok=oaIUzJFN 1x\u0022 media=\u0022(min-width: 48.0625em) and (max-width: 64em)\u0022 type=\u0022image\/jpeg\u0022 width=\u0022323\u0022 height=\u0022171\u0022\/\u003E\n                  \u003Csource srcset=\u0022\/sites\/default\/files\/styles\/teaser_standard__l\/public\/aurora\/2020\/02\/22777.jpeg?itok=js7Amr8s 1x\u0022 media=\u0022(min-width: 64.0625em)\u0022 type=\u0022image\/jpeg\u0022 width=\u0022203\u0022 height=\u0022107\u0022\/\u003E\n                          \u003Cimg alt=\u0022Bild 1: Systeme der Wohnungsl\u00fcftung nach DIN 1946-6.\u0022 loading=\u0022eager\u0022 data-caption-hide width=\u0022708\u0022 height=\u0022374\u0022 data-zoomed=\u0022https:\/\/www.tga-fachplaner.de\/sites\/default\/files\/styles\/content__zoomed\/public\/aurora\/2020\/02\/22777.jpeg?itok=P803k5yJ\u0022 src=\u0022\/sites\/default\/files\/styles\/teaser_standard__s\/public\/aurora\/2020\/02\/22777.jpeg?itok=Hq4f6r3N\u0022 title=\u0022\u00a9 Bild: FGK\n\u0022 \/\u003E\n\n    \u003C\/picture\u003E\n      \u003Cfigcaption class=\u0022image--figcaption\u0022\u003E\n          \u003Cdiv class=\u0022copyright\u0022\u003EBild: FGK\n\u003C\/div\u003E\n          \u003C\/figcaption\u003E\n\u003C\/figure\u003E\n\n\n    \u003C\/div\u003E\n    \u003Cdiv class=\u0022teaser-content\u0022\u003E\n                    \u003Cdiv class=\u0022teaser-content--kicker\u0022\u003E\n                    Artikelserie: \u00dcberarbeitung der DIN\u202f1946-6 (Teil\u202f1)\u0026#13;\n        \u003C\/div\u003E\n                                              \n                        \n        \u003Ch4 class=\u0022teaser-content--headline\u0022\u003E\n                                DIN 1946-6: Neuerungen der Norm f\u00fcr \n                              \u003Cspan class=\u0022headline-last-word-arrow\u0022\u003EWohnungsl\u00fcftung                      \u003C\/span\u003E\n        \u003C\/h4\u003E\n            \u003Cdiv class=\u0022teaser-content--publishing-date\u0022\u003E\u003Ctime datetime=\u00222021-01-21T10:55:14Z\u0022\u003E21.01.2021\u003C\/time\u003E\n\u003C\/div\u003E\u003Cspan class=\u0022teaser-content--publishing-date-divider\u0022\u003E - \u003C\/span\u003E\u003Cdiv class=\u0022teaser-content--body\u0022\u003E\u003Cp\u003EDer 1. Teil der Artikelserie zur DIN 1946-6 befasst sich mit dem Anwendungsbereich und jenen Neuerungen der Norm, die ventilatorgest\u00fctzte Systeme betreffen.\u003C\/p\u003E\n\u003C\/div\u003E\n                        \u003Cspan class=\u0022read-more-arrow-container\u0022\u003E\n            \u003Cspan class=\u0022read-more-angled-arrow\u0022\u003E \u003C\/span\u003E\n          \u003C\/span\u003E\n                  \u003C\/div\u003E\n    \u003C\/a\u003E\n\u003Ca href=\u0022\/raumlufttechnik\/knl-planungshilfe-automatisierte-fensterlueftung-als-lueftungstechnische-massnahme\u0022  class=\u0022teaser teaser--standard\u0022 aria-label=\u0022Automatisierte Fensterl\u00fcftung als l\u00fcftungstechnische Ma\u00dfnahme\u0022\u003E\n      \u003Cdiv class=\u0022teaser-content--image\u0022\u003E\n        \u003Cfigure class=\u0022image--figure\u0022\u003E\n        \u003Cpicture\u003E\n                        \u003Csource srcset=\u0022\/sites\/default\/files\/styles\/teaser_standard__m\/public\/aurora\/2020\/11\/77788.jpeg.webp?itok=ju6Zjppp 1x\u0022 media=\u0022(min-width: 48.0625em) and (max-width: 64em)\u0022 type=\u0022image\/webp\u0022 width=\u0022323\u0022 height=\u0022223\u0022\/\u003E\n                  \u003Csource srcset=\u0022\/sites\/default\/files\/styles\/teaser_standard__l\/public\/aurora\/2020\/11\/77788.jpeg.webp?itok=Kk1t9u0H 1x\u0022 media=\u0022(min-width: 64.0625em)\u0022 type=\u0022image\/webp\u0022 width=\u0022203\u0022 height=\u0022140\u0022\/\u003E\n                  \u003Csource srcset=\u0022\/sites\/default\/files\/styles\/teaser_standard__m\/public\/aurora\/2020\/11\/77788.jpeg?itok=F2MQsNJO 1x\u0022 media=\u0022(min-width: 48.0625em) and (max-width: 64em)\u0022 type=\u0022image\/jpeg\u0022 width=\u0022323\u0022 height=\u0022223\u0022\/\u003E\n                  \u003Csource srcset=\u0022\/sites\/default\/files\/styles\/teaser_standard__l\/public\/aurora\/2020\/11\/77788.jpeg?itok=ShpPDz88 1x\u0022 media=\u0022(min-width: 64.0625em)\u0022 type=\u0022image\/jpeg\u0022 width=\u0022203\u0022 height=\u0022140\u0022\/\u003E\n                          \u003Cimg alt=\u0022Bild 1\u2002Eine automatisierte Fensterl\u00fcftung als l\u00fcftungstechnische Ma\u00dfnahme, die im Sinne der DIN 1946-6 ausreichend ist \u2026 wenn die Innent\u00fcren offen sind. Um die KNL-Planungshilfe lebenswirklich zu verwenden, muss man etwas tricksen.\u0022 loading=\u0022eager\u0022 data-caption-hide width=\u0022576\u0022 height=\u0022398\u0022 data-zoomed=\u0022https:\/\/www.tga-fachplaner.de\/sites\/default\/files\/styles\/content__zoomed\/public\/aurora\/2020\/11\/77788.jpeg?itok=hDov5xNr\u0022 src=\u0022\/sites\/default\/files\/styles\/teaser_standard__s\/public\/aurora\/2020\/11\/77788.jpeg?itok=GsXVKQtp\u0022 title=\u0022\u00a9 art-skvortsova \/ iStock \/ Getty Images Plus\n\u0022 \/\u003E\n\n    \u003C\/picture\u003E\n      \u003Cfigcaption class=\u0022image--figcaption\u0022\u003E\n          \u003Cdiv class=\u0022copyright\u0022\u003Eart-skvortsova \/ iStock \/ Getty Images Plus\n\u003C\/div\u003E\n          \u003C\/figcaption\u003E\n\u003C\/figure\u003E\n\n\n    \u003C\/div\u003E\n    \u003Cdiv class=\u0022teaser-content\u0022\u003E\n                    \u003Cdiv class=\u0022teaser-content--kicker\u0022\u003E\n                    KNL-Planungshilfe\n        \u003C\/div\u003E\n                                              \n                        \n        \u003Ch4 class=\u0022teaser-content--headline\u0022\u003E\n                                Automatisierte Fensterl\u00fcftung als l\u00fcftungstechnische \n                              \u003Cspan class=\u0022headline-last-word-arrow\u0022\u003EMa\u00dfnahme              \u003Cspan\n                  class=\u0022permission-lock permission-lock-icon--lock\u0022\u003E\u003C\/span\u003E\n                                  \u003C\/span\u003E\n        \u003C\/h4\u003E\n            \u003Cdiv class=\u0022teaser-content--publishing-date\u0022\u003E\u003Ctime datetime=\u00222020-12-02T14:45:29Z\u0022\u003E02.12.2020\u003C\/time\u003E\n\u003C\/div\u003E\u003Cspan class=\u0022teaser-content--publishing-date-divider\u0022\u003E - \u003C\/span\u003E\u003Cdiv class=\u0022teaser-content--body\u0022\u003E\u003Cp\u003EMit der KNL-Planungshilfe des Verbands Fensterautomation und Entrauchung (VFE) kann man \u00fcberpr\u00fcfen, ob eine automatisierte Fensterl\u00fcftung als l\u00fcftungstechnische Ma\u00dfnahme im Sinne der DIN\u0026nbsp;1946-6 (wahlweise Ausgabe 2009 [1] oder 2019 [2]) ausreichend ist. Weiterhin gibt es in der Software die M\u00f6glichkeit, eine vergleichbare \u00dcberpr\u00fcfung f\u00fcr Nichtwohngeb\u00e4ude durchzuf\u00fchren. Die notwendigen Volumenstr\u00f6me werden daf\u00fcr DIN EN 15\u202f251 [3] bzw. DIN EN 16\u202f798-1 [4] entnommen. Innenliegende R\u00e4ume sind von der Betrachtung ausgeschlossen. Fensterlose B\u00e4der und Toilettenr\u00e4ume m\u00fcssen ohnehin ventilatorgest\u00fctzt gel\u00fcftet werden (DIN 18\u202f017-3 [5]). Sorglos sollte man die KNL-Planungshilfe aber nicht benutzen.\u003C\/p\u003E\n\u003C\/div\u003E\n                        \u003Cspan class=\u0022read-more-arrow-container\u0022\u003E\n            \u003Cspan class=\u0022read-more-angled-arrow\u0022\u003E \u003C\/span\u003E\n          \u003C\/span\u003E\n                  \u003C\/div\u003E\n    \u003C\/a\u003E\n\u003Ca href=\u0022\/raumlufttechnik\/phasen-wechsel-material-pcm-speicher-fuer-die-wohnungslueftung\u0022  class=\u0022teaser teaser--standard\u0022 aria-label=\u0022PCM-Speicher f\u00fcr die Wohnungsl\u00fcftung\u0022\u003E\n      \u003Cdiv class=\u0022teaser-content--image\u0022\u003E\n        \u003Cfigure class=\u0022image--figure\u0022\u003E\n        \u003Cpicture\u003E\n                        \u003Csource srcset=\u0022\/sites\/default\/files\/styles\/teaser_standard__m\/public\/aurora\/2020\/11\/74125.jpeg.webp?itok=FJOxQ6g6 1x\u0022 media=\u0022(min-width: 48.0625em) and (max-width: 64em)\u0022 type=\u0022image\/webp\u0022 width=\u0022323\u0022 height=\u0022160\u0022\/\u003E\n                  \u003Csource srcset=\u0022\/sites\/default\/files\/styles\/teaser_standard__l\/public\/aurora\/2020\/11\/74125.jpeg.webp?itok=Su-Qy3Zy 1x\u0022 media=\u0022(min-width: 64.0625em)\u0022 type=\u0022image\/webp\u0022 width=\u0022203\u0022 height=\u0022101\u0022\/\u003E\n                  \u003Csource srcset=\u0022\/sites\/default\/files\/styles\/teaser_standard__m\/public\/aurora\/2020\/11\/74125.jpeg?itok=q2UwjRhy 1x\u0022 media=\u0022(min-width: 48.0625em) and (max-width: 64em)\u0022 type=\u0022image\/jpeg\u0022 width=\u0022323\u0022 height=\u0022160\u0022\/\u003E\n                  \u003Csource srcset=\u0022\/sites\/default\/files\/styles\/teaser_standard__l\/public\/aurora\/2020\/11\/74125.jpeg?itok=eZd6BQyf 1x\u0022 media=\u0022(min-width: 64.0625em)\u0022 type=\u0022image\/jpeg\u0022 width=\u0022203\u0022 height=\u0022101\u0022\/\u003E\n                          \u003Cimg alt=\u0022Bild 1\u2002Zuluftseitige Integration eines PhaseCube in eine Anlage zur kontrollierten Wohnrauml\u00fcftung.\u0022 loading=\u0022eager\u0022 data-caption-hide width=\u0022708\u0022 height=\u0022351\u0022 data-zoomed=\u0022https:\/\/www.tga-fachplaner.de\/sites\/default\/files\/styles\/content__zoomed\/public\/aurora\/2020\/11\/74125.jpeg?itok=WelBMlVM\u0022 src=\u0022\/sites\/default\/files\/styles\/teaser_standard__s\/public\/aurora\/2020\/11\/74125.jpeg?itok=GA8VSdMf\u0022 title=\u0022\u00a9 Rubitherm\n\u0022 \/\u003E\n\n    \u003C\/picture\u003E\n      \u003Cfigcaption class=\u0022image--figcaption\u0022\u003E\n          \u003Cdiv class=\u0022copyright\u0022\u003ERubitherm\n\u003C\/div\u003E\n          \u003C\/figcaption\u003E\n\u003C\/figure\u003E\n\n\n    \u003C\/div\u003E\n    \u003Cdiv class=\u0022teaser-content\u0022\u003E\n                    \u003Cdiv class=\u0022teaser-content--kicker\u0022\u003E\n                    Phasen-Wechsel-Material\n        \u003C\/div\u003E\n                                              \n                        \n        \u003Ch4 class=\u0022teaser-content--headline\u0022\u003E\n                                PCM-Speicher f\u00fcr die \n                              \u003Cspan class=\u0022headline-last-word-arrow\u0022\u003EWohnungsl\u00fcftung                      \u003C\/span\u003E\n        \u003C\/h4\u003E\n            \u003Cdiv class=\u0022teaser-content--publishing-date\u0022\u003E\u003Ctime datetime=\u00222020-12-02T14:45:28Z\u0022\u003E02.12.2020\u003C\/time\u003E\n\u003C\/div\u003E\u003Cspan class=\u0022teaser-content--publishing-date-divider\u0022\u003E - \u003C\/span\u003E\u003Cdiv class=\u0022teaser-content--body\u0022\u003E\u003Cp\u003ERubitherm Technologies, seit 30 Jahren der f\u00fchrende Entwickler und weltweiter Anbieter von Phasen-Wechsel-Materialien (PCM) und fertigen Speichersystemen, bietet jetzt mit dem PhaseCube auch eine L\u00f6sung f\u00fcr die kontrollierte Wohnungsl\u00fcftung mit zentralen Anlagen an.\u003C\/p\u003E\n\u003C\/div\u003E\n                        \u003Cspan class=\u0022read-more-arrow-container\u0022\u003E\n            \u003Cspan class=\u0022read-more-angled-arrow\u0022\u003E \u003C\/span\u003E\n          \u003C\/span\u003E\n                  \u003C\/div\u003E\n    \u003C\/a\u003E\n\u003Ca href=\u0022\/raumlufttechnik\/gute-innenraumluftqualitaet-fuer-den-nachwuchs-marshallplan-fuer-die-schullueftung\u0022  class=\u0022teaser teaser--standard\u0022 aria-label=\u0022Marshallplan f\u00fcr die Schull\u00fcftung\u0022\u003E\n      \u003Cdiv class=\u0022teaser-content--image\u0022\u003E\n        \u003Cfigure class=\u0022image--figure\u0022\u003E\n        \u003Cpicture\u003E\n                        \u003Csource srcset=\u0022\/sites\/default\/files\/styles\/teaser_standard__m\/public\/aurora\/2020\/11\/76836.jpeg.webp?itok=ov8Pt0-q 1x\u0022 media=\u0022(min-width: 48.0625em) and (max-width: 64em)\u0022 type=\u0022image\/webp\u0022 width=\u0022323\u0022 height=\u0022215\u0022\/\u003E\n                  \u003Csource srcset=\u0022\/sites\/default\/files\/styles\/teaser_standard__l\/public\/aurora\/2020\/11\/76836.jpeg.webp?itok=EU1gOEsp 1x\u0022 media=\u0022(min-width: 64.0625em)\u0022 type=\u0022image\/webp\u0022 width=\u0022203\u0022 height=\u0022135\u0022\/\u003E\n                  \u003Csource srcset=\u0022\/sites\/default\/files\/styles\/teaser_standard__m\/public\/aurora\/2020\/11\/76836.jpeg?itok=6MISarif 1x\u0022 media=\u0022(min-width: 48.0625em) and (max-width: 64em)\u0022 type=\u0022image\/jpeg\u0022 width=\u0022323\u0022 height=\u0022215\u0022\/\u003E\n                  \u003Csource srcset=\u0022\/sites\/default\/files\/styles\/teaser_standard__l\/public\/aurora\/2020\/11\/76836.jpeg?itok=1K5Zp07I 1x\u0022 media=\u0022(min-width: 64.0625em)\u0022 type=\u0022image\/jpeg\u0022 width=\u0022203\u0022 height=\u0022135\u0022\/\u003E\n                          \u003Cimg loading=\u0022eager\u0022 data-caption-hide width=\u0022597\u0022 height=\u0022398\u0022 alt=\u0022Bild 1\u2002Dezentrale L\u00fcftungssysteme sind Stand der Technik, einfach zu installieren und k\u00f6nnen die Luftqualit\u00e4t in Unterrichtsr\u00e4umen automatisiert sicherstellen.\u0022 data-zoomed=\u0022https:\/\/www.tga-fachplaner.de\/sites\/default\/files\/styles\/content__zoomed\/public\/aurora\/2020\/11\/76836.jpeg?itok=cVjvW1K6\u0022 src=\u0022\/sites\/default\/files\/styles\/teaser_standard__s\/public\/aurora\/2020\/11\/76836.jpeg?itok=OWmF8Al6\u0022 title=\u0022\u00a9 Helios\n\u0022 \/\u003E\n\n    \u003C\/picture\u003E\n      \u003Cfigcaption class=\u0022image--figcaption\u0022\u003E\n          \u003Cdiv class=\u0022copyright\u0022\u003EHelios\n\u003C\/div\u003E\n          \u003C\/figcaption\u003E\n\u003C\/figure\u003E\n\n\n    \u003C\/div\u003E\n    \u003Cdiv class=\u0022teaser-content\u0022\u003E\n                    \u003Cdiv class=\u0022teaser-content--kicker\u0022\u003E\n                    Gute Innenraumluftqualit\u00e4t f\u00fcr den Nachwuchs\n        \u003C\/div\u003E\n                                              \n                        \n        \u003Ch4 class=\u0022teaser-content--headline\u0022\u003E\n                                Marshallplan f\u00fcr die \n                              \u003Cspan class=\u0022headline-last-word-arrow\u0022\u003ESchull\u00fcftung                      \u003C\/span\u003E\n        \u003C\/h4\u003E\n            \u003Cdiv class=\u0022teaser-content--publishing-date\u0022\u003E\u003Ctime datetime=\u00222020-11-29T23:01:02Z\u0022\u003E30.11.2020\u003C\/time\u003E\n\u003C\/div\u003E\u003Cspan class=\u0022teaser-content--publishing-date-divider\u0022\u003E - \u003C\/span\u003E\u003Cdiv class=\u0022teaser-content--body\u0022\u003E\u003Cp\u003EIn der Covid-19-Pandemie hat sich eine \u00fcber viele Jahre missachtete Empfehlung von Wissenschaftlern und Bundes\u00e4mtern ger\u00e4cht: Nur in einem Bruchteil der Unterrichtsr\u00e4ume werden der Au\u00dfenluftwechsel und damit gesundheitlich-hygienische Vorgaben der Innenraumluftg\u00fcte \u00fcber maschinelle L\u00fcftungsanlagen sichergestellt. Um das Vers\u00e4umnis zu korrigieren, ist ein Marshallplan f\u00fcr die Schull\u00fcftung erforderlich.\u003C\/p\u003E\n\u003C\/div\u003E\n                        \u003Cspan class=\u0022read-more-arrow-container\u0022\u003E\n            \u003Cspan class=\u0022read-more-angled-arrow\u0022\u003E \u003C\/span\u003E\n          \u003C\/span\u003E\n                  \u003C\/div\u003E\n    \u003C\/a\u003E\n\u003Ca href=\u0022\/service\/lueftungskonzept-software-teil-2-neue-din-1946-6-neue-software\u0022  class=\u0022teaser teaser--standard\u0022 aria-label=\u0022Neue \ufeffDIN 1946-6, neue Software\u0022\u003E\n      \u003Cdiv class=\u0022teaser-content--image\u0022\u003E\n        \u003Cfigure class=\u0022image--figure\u0022\u003E\n        \u003Cpicture\u003E\n                        \u003Csource srcset=\u0022\/sites\/default\/files\/styles\/teaser_standard__m\/public\/aurora\/2020\/04\/33808.jpeg.webp?itok=_fcocb26 1x\u0022 media=\u0022(min-width: 48.0625em) and (max-width: 64em)\u0022 type=\u0022image\/webp\u0022 width=\u0022323\u0022 height=\u0022197\u0022\/\u003E\n                  \u003Csource srcset=\u0022\/sites\/default\/files\/styles\/teaser_standard__l\/public\/aurora\/2020\/04\/33808.jpeg.webp?itok=g0lX5xKi 1x\u0022 media=\u0022(min-width: 64.0625em)\u0022 type=\u0022image\/webp\u0022 width=\u0022203\u0022 height=\u0022124\u0022\/\u003E\n                  \u003Csource srcset=\u0022\/sites\/default\/files\/styles\/teaser_standard__m\/public\/aurora\/2020\/04\/33808.jpeg?itok=7mqDtC7E 1x\u0022 media=\u0022(min-width: 48.0625em) and (max-width: 64em)\u0022 type=\u0022image\/jpeg\u0022 width=\u0022323\u0022 height=\u0022197\u0022\/\u003E\n                  \u003Csource srcset=\u0022\/sites\/default\/files\/styles\/teaser_standard__l\/public\/aurora\/2020\/04\/33808.jpeg?itok=8-iB-i2K 1x\u0022 media=\u0022(min-width: 64.0625em)\u0022 type=\u0022image\/jpeg\u0022 width=\u0022203\u0022 height=\u0022124\u0022\/\u003E\n                          \u003Cimg alt=\u0022Bild 1:\u2002L\u00fcftungskonzept-Software pr\u00fcft nach der Eingabe der Projekt- und Standortdaten die Notwendigkeit l\u00fcftungstechnischer Ma\u00dfnahmen und unterst\u00fctzt die Auslegung.\u0022 loading=\u0022eager\u0022 data-caption-hide width=\u0022654\u0022 height=\u0022398\u0022 data-zoomed=\u0022https:\/\/www.tga-fachplaner.de\/sites\/default\/files\/styles\/content__zoomed\/public\/aurora\/2020\/04\/33808.jpeg?itok=TQRtgoaA\u0022 src=\u0022\/sites\/default\/files\/styles\/teaser_standard__s\/public\/aurora\/2020\/04\/33808.jpeg?itok=4PaK1mTw\u0022 title=\u0022\u00a9 Bild: Solar-Computer\n\u0022 \/\u003E\n\n    \u003C\/picture\u003E\n      \u003Cfigcaption class=\u0022image--figcaption\u0022\u003E\n          \u003Cdiv class=\u0022copyright\u0022\u003EBild: Solar-Computer\n\u003C\/div\u003E\n          \u003C\/figcaption\u003E\n\u003C\/figure\u003E\n\n\n    \u003C\/div\u003E\n    \u003Cdiv class=\u0022teaser-content\u0022\u003E\n                    \u003Cdiv class=\u0022teaser-content--kicker\u0022\u003E\n                    L\u00fcftungskonzept-Software (Teil\u202f2)\u0026#13;\n        \u003C\/div\u003E\n                                              \n                        \n        \u003Ch4 class=\u0022teaser-content--headline\u0022\u003E\n                                Neue \ufeffDIN 1946-6, neue \n                              \u003Cspan class=\u0022headline-last-word-arrow\u0022\u003ESoftware                      \u003C\/span\u003E\n        \u003C\/h4\u003E\n            \u003Cdiv class=\u0022teaser-content--publishing-date\u0022\u003E\u003Ctime datetime=\u00222020-04-08T14:00:50Z\u0022\u003E08.04.2020\u003C\/time\u003E\n\u003C\/div\u003E\u003Cspan class=\u0022teaser-content--publishing-date-divider\u0022\u003E - \u003C\/span\u003E\u003Cdiv class=\u0022teaser-content--body\u0022\u003E\u003Cp\u003EProgramme zur Wohnungsl\u00fcftung pr\u00fcfen die Notwendigkeit eines L\u00fcftungs\u00adkonzepts und berechnen l\u00fcftungstechnische Ma\u00dfnahmen nach DIN\u202f1946-6. \u00adDieser tabellarische Vergleich zeigt, als Erg\u00e4nzung zum Beitrag in TGA 09-2019, was sie aktuell k\u00f6nnen.\u003C\/p\u003E\n\u003C\/div\u003E\n                        \u003Cspan class=\u0022read-more-arrow-container\u0022\u003E\n            \u003Cspan class=\u0022read-more-angled-arrow\u0022\u003E \u003C\/span\u003E\n          \u003C\/span\u003E\n                  \u003C\/div\u003E\n    \u003C\/a\u003E\n\u003Ca href=\u0022\/meldungen\/inventer-inventer-lueftungssysteme-aus-dem-graskarton\u0022  class=\u0022teaser teaser--standard\u0022 aria-label=\u0022inVENTer-L\u00fcftungssysteme aus dem Graskarton\u0022\u003E\n      \u003Cdiv class=\u0022teaser-content--image\u0022\u003E\n        \u003Cfigure class=\u0022image--figure\u0022\u003E\n        \u003Cpicture\u003E\n                        \u003Csource srcset=\u0022\/sites\/default\/files\/styles\/teaser_standard__m\/public\/aurora\/2020\/04\/36922.jpg.webp?itok=AKjIrJG- 1x\u0022 media=\u0022(min-width: 48.0625em) and (max-width: 64em)\u0022 type=\u0022image\/webp\u0022 width=\u0022323\u0022 height=\u0022226\u0022\/\u003E\n                  \u003Csource srcset=\u0022\/sites\/default\/files\/styles\/teaser_standard__l\/public\/aurora\/2020\/04\/36922.jpg.webp?itok=jsx5stq0 1x\u0022 media=\u0022(min-width: 64.0625em)\u0022 type=\u0022image\/webp\u0022 width=\u0022203\u0022 height=\u0022142\u0022\/\u003E\n                  \u003Csource srcset=\u0022\/sites\/default\/files\/styles\/teaser_standard__m\/public\/aurora\/2020\/04\/36922.jpg?itok=G9Jso4n6 1x\u0022 media=\u0022(min-width: 48.0625em) and (max-width: 64em)\u0022 type=\u0022image\/jpeg\u0022 width=\u0022323\u0022 height=\u0022226\u0022\/\u003E\n                  \u003Csource srcset=\u0022\/sites\/default\/files\/styles\/teaser_standard__l\/public\/aurora\/2020\/04\/36922.jpg?itok=xKjNez5A 1x\u0022 media=\u0022(min-width: 64.0625em)\u0022 type=\u0022image\/jpeg\u0022 width=\u0022203\u0022 height=\u0022142\u0022\/\u003E\n                          \u003Cimg alt=\u0022Gras statt Styropor: Um Verpackungsm\u00fcll zu reduzieren und die Umwelt zu schonen, setzt inVENTer zuk\u00fcnftig auf Recyclingkartons, die jeweils zur H\u00e4lfte aus Gras und aus Altpapier bestehen.\u0022 loading=\u0022eager\u0022 data-caption-hide width=\u0022569\u0022 height=\u0022398\u0022 data-zoomed=\u0022https:\/\/www.tga-fachplaner.de\/sites\/default\/files\/styles\/content__zoomed\/public\/aurora\/2020\/04\/36922.jpg?itok=Vlk-yfjF\u0022 src=\u0022\/sites\/default\/files\/styles\/teaser_standard__s\/public\/aurora\/2020\/04\/36922.jpg?itok=5Jpu9i_2\u0022 title=\u0022\u00a9 inVENTer\n\u0022 \/\u003E\n\n    \u003C\/picture\u003E\n      \u003Cfigcaption class=\u0022image--figcaption\u0022\u003E\n          \u003Cdiv class=\u0022copyright\u0022\u003EinVENTer\n\u003C\/div\u003E\n          \u003C\/figcaption\u003E\n\u003C\/figure\u003E\n\n\n    \u003C\/div\u003E\n    \u003Cdiv class=\u0022teaser-content\u0022\u003E\n                    \u003Cdiv class=\u0022teaser-content--kicker\u0022\u003E\n                    inVENTer\n        \u003C\/div\u003E\n                                              \n                        \n        \u003Ch4 class=\u0022teaser-content--headline\u0022\u003E\n                                inVENTer-L\u00fcftungssysteme aus dem \n                              \u003Cspan class=\u0022headline-last-word-arrow\u0022\u003EGraskarton                      \u003C\/span\u003E\n        \u003C\/h4\u003E\n            \u003Cdiv class=\u0022teaser-content--publishing-date\u0022\u003E\u003Ctime datetime=\u00222020-04-04T19:51:12Z\u0022\u003E04.04.2020\u003C\/time\u003E\n\u003C\/div\u003E\u003Cspan class=\u0022teaser-content--publishing-date-divider\u0022\u003E - \u003C\/span\u003E\u003Cdiv class=\u0022teaser-content--body\u0022\u003E\u003Cp\u003EUm Verpackungsm\u00fcll zu reduzieren und die Umwelt zu schonen, hat inVENTer Anfang M\u00e4rz 2020 die bisherige Styroporverpackung der W\u00e4rmespeicher und Ventilatoren durch Recyclingkartons aus Gras ersetzt. Die Graskartons sind sogar f\u00fcr die Kompostierung geeignet.\u003C\/p\u003E\n\u003C\/div\u003E\n                        \u003Cspan class=\u0022read-more-arrow-container\u0022\u003E\n            \u003Cspan class=\u0022read-more-angled-arrow\u0022\u003E \u003C\/span\u003E\n          \u003C\/span\u003E\n                  \u003C\/div\u003E\n    \u003C\/a\u003E\n\u003Ca href=\u0022\/raumlufttechnik\/feuchteschutzlueftung-lueftungskonzept-mit-fensterlueftung\u0022  class=\u0022teaser teaser--standard\u0022 aria-label=\u0022L\u00fcftungskonzept mit Fensterl\u00fcftung\ufeff\u0022\u003E\n      \u003Cdiv class=\u0022teaser-content--image\u0022\u003E\n        \u003Cfigure class=\u0022image--figure\u0022\u003E\n        \u003Cpicture\u003E\n                        \u003Csource srcset=\u0022\/sites\/default\/files\/styles\/teaser_standard__m\/public\/aurora\/2020\/02\/26425.jpeg.webp?itok=teAcyKmW 1x\u0022 media=\u0022(min-width: 48.0625em) and (max-width: 64em)\u0022 type=\u0022image\/webp\u0022 width=\u0022323\u0022 height=\u0022215\u0022\/\u003E\n                  \u003Csource srcset=\u0022\/sites\/default\/files\/styles\/teaser_standard__l\/public\/aurora\/2020\/02\/26425.jpeg.webp?itok=h75jpQTN 1x\u0022 media=\u0022(min-width: 64.0625em)\u0022 type=\u0022image\/webp\u0022 width=\u0022203\u0022 height=\u0022135\u0022\/\u003E\n                  \u003Csource srcset=\u0022\/sites\/default\/files\/styles\/teaser_standard__m\/public\/aurora\/2020\/02\/26425.jpeg?itok=bqjSDFgk 1x\u0022 media=\u0022(min-width: 48.0625em) and (max-width: 64em)\u0022 type=\u0022image\/jpeg\u0022 width=\u0022323\u0022 height=\u0022215\u0022\/\u003E\n                  \u003Csource srcset=\u0022\/sites\/default\/files\/styles\/teaser_standard__l\/public\/aurora\/2020\/02\/26425.jpeg?itok=9W6o8_qA 1x\u0022 media=\u0022(min-width: 64.0625em)\u0022 type=\u0022image\/jpeg\u0022 width=\u0022203\u0022 height=\u0022135\u0022\/\u003E\n                          \u003Cimg alt=\u0022Bild 1:\u2002Auch bei ung\u00fcnstig gew\u00e4hlten Randbedingungen kann gezeigt werden, dass eine manuelle 2- bis 3-malige Fensterl\u00fcftung pro Tag f\u00fcr die Feuchteabfuhr aus Wohnr\u00e4umen ausreichend sein kann.\u0022 loading=\u0022eager\u0022 data-caption-hide width=\u0022597\u0022 height=\u0022398\u0022 data-zoomed=\u0022https:\/\/www.tga-fachplaner.de\/sites\/default\/files\/styles\/content__zoomed\/public\/aurora\/2020\/02\/26425.jpeg?itok=m8tRhKxY\u0022 src=\u0022\/sites\/default\/files\/styles\/teaser_standard__s\/public\/aurora\/2020\/02\/26425.jpeg?itok=S_e0GiDu\u0022 title=\u0022\u00a9 Bild: MihaPater \/ iStock \/ Getty Images Plus\n\u0022 \/\u003E\n\n    \u003C\/picture\u003E\n      \u003Cfigcaption class=\u0022image--figcaption\u0022\u003E\n          \u003Cdiv class=\u0022copyright\u0022\u003EBild: MihaPater \/ iStock \/ Getty Images Plus\n\u003C\/div\u003E\n          \u003C\/figcaption\u003E\n\u003C\/figure\u003E\n\n\n    \u003C\/div\u003E\n    \u003Cdiv class=\u0022teaser-content\u0022\u003E\n                    \u003Cdiv class=\u0022teaser-content--kicker\u0022\u003E\n                    Feuchteschutzl\u00fcftung \u0026#13;\n        \u003C\/div\u003E\n                                              \n                        \n        \u003Ch4 class=\u0022teaser-content--headline\u0022\u003E\n                                L\u00fcftungskonzept mit \n                              \u003Cspan class=\u0022headline-last-word-arrow\u0022\u003EFensterl\u00fcftung\ufeff              \u003Cspan\n                  class=\u0022permission-lock permission-lock-icon--lock\u0022\u003E\u003C\/span\u003E\n                                  \u003C\/span\u003E\n        \u003C\/h4\u003E\n            \u003Cdiv class=\u0022teaser-content--publishing-date\u0022\u003E\u003Ctime datetime=\u00222020-02-28T15:17:52Z\u0022\u003E28.02.2020\u003C\/time\u003E\n\u003C\/div\u003E\u003Cspan class=\u0022teaser-content--publishing-date-divider\u0022\u003E - \u003C\/span\u003E\u003Cdiv class=\u0022teaser-content--body\u0022\u003E\u003Cp\u003EMit dem Erscheinen von DIN SPEC 4108-8\u003Csup\u003E1)\u003C\/sup\u003E [1] (fr\u00fcher DIN-Fachbericht 4108-8) ist es m\u00f6glich, den notwendigen Volumenstrom zur Feuchteschutzl\u00fcftung anhand physikalischer Parameter zu berechnen. Au\u00dferdem enth\u00e4lt die Norm \u00adAlgorithmen f\u00fcr die Ermittlung des Au\u00dfenluftvolumenstroms durch Fenster\u00adl\u00fcftung. Damit kann ein L\u00fcftungskonzept f\u00fcr die Abfuhr der Feuchtelast aufgestellt werden, das sich nicht nur auf freie oder ventilatorgest\u00fctzte L\u00fcftungssysteme gem\u00e4\u00df DIN\u202f1946-6 [2] beschr\u00e4nkt. Dieser Beitrag gibt Hinweise zur Anwendung eines solchen L\u00fcftungskonzepts.\u003C\/p\u003E\n\u003C\/div\u003E\n                        \u003Cspan class=\u0022read-more-arrow-container\u0022\u003E\n            \u003Cspan class=\u0022read-more-angled-arrow\u0022\u003E \u003C\/span\u003E\n          \u003C\/span\u003E\n                  \u003C\/div\u003E\n    \u003C\/a\u003E\n","entity_type":"node","used_ids":["",245434,232681,224514,213460,210744,209852,193397,177981,176771,177608,165556,161318,160159,158395,158392,158402,145858,145781,144134],"show_more":"\u003Cdiv class=\u0022del-show-more\u0022\u003E\u003Ca href=\u0022\/ajax\/del\/a9d8012f-8005-4772-8eaf-7e34189f088a\/paragraph\/20\/19\/asc\/eyJub2RlIjp7ImlkIjoiMzAyOTgiLCJ0eXBlIjoicGFnZSJ9fQ%3D%3D\u0022 title=\u0022Mehr Elemente anzeigen\u0022 class=\u0022del-show-more-link use-ajax\u0022 rel=\u0022nofollow\u0022 data-target-type=\u0022node\u0022 aria-controls=\u0022del--paragraph-567156--content\u0022 aria-label=\u0022Mehr Elemente anzeigen\u0022\u003EMehr anzeigen\u003C\/a\u003E\u003C\/div\u003E\n"}]