[{"command":"showMoreTeasers","id":"del--paragraph-567062","content":"\u003Ca href=\u0022\/heizungstechnik\/ig-infrarot-forciert-markthochlauf-infrarotheizung-auf-dem-weg-zum-alternativen\u0022  class=\u0022teaser teaser--standard\u0022 aria-label=\u0022Infrarotheizung auf dem Weg zum alternativen Heizsystem\u0022\u003E\n      \u003Cdiv class=\u0022teaser-content--image\u0022\u003E\n        \u003Cfigure class=\u0022image--figure\u0022\u003E\n        \u003Cpicture\u003E\n                        \u003Csource srcset=\u0022\/sites\/default\/files\/styles\/teaser_standard__m\/public\/aurora\/2024\/06\/362914.jpeg.webp?itok=rJMG-ipB 1x\u0022 media=\u0022(min-width: 48.0625em) and (max-width: 64em)\u0022 type=\u0022image\/webp\u0022 width=\u0022323\u0022 height=\u0022215\u0022\/\u003E\n                  \u003Csource srcset=\u0022\/sites\/default\/files\/styles\/teaser_standard__l\/public\/aurora\/2024\/06\/362914.jpeg.webp?itok=2D6IqgLC 1x\u0022 media=\u0022(min-width: 64.0625em)\u0022 type=\u0022image\/webp\u0022 width=\u0022203\u0022 height=\u0022135\u0022\/\u003E\n                  \u003Csource srcset=\u0022\/sites\/default\/files\/styles\/teaser_standard__m\/public\/aurora\/2024\/06\/362914.jpeg?itok=uXLQCLsZ 1x\u0022 media=\u0022(min-width: 48.0625em) and (max-width: 64em)\u0022 type=\u0022image\/jpeg\u0022 width=\u0022323\u0022 height=\u0022215\u0022\/\u003E\n                  \u003Csource srcset=\u0022\/sites\/default\/files\/styles\/teaser_standard__l\/public\/aurora\/2024\/06\/362914.jpeg?itok=PbjnN725 1x\u0022 media=\u0022(min-width: 64.0625em)\u0022 type=\u0022image\/jpeg\u0022 width=\u0022203\u0022 height=\u0022135\u0022\/\u003E\n                          \u003Cimg alt=\u0022 Bild 1\u2002Studienergebnisse deuten darauf hin, dass die Infrarotheizung bei hochw\u00e4rmeged\u00e4mmten Ein- und Mehrfamilienh\u00e4usern bis etwa 1000\u202fm2  beheizte Fl\u00e4che gute Chancen als Alternative zur klassischen Warmwasserheizung hat.\u0022 loading=\u0022eager\u0022 data-caption-hide width=\u0022597\u0022 height=\u0022398\u0022 data-zoomed=\u0022https:\/\/www.tga-fachplaner.de\/sites\/default\/files\/styles\/content__zoomed\/public\/aurora\/2024\/06\/362914.jpeg?itok=mHrfe18u\u0022 src=\u0022\/sites\/default\/files\/styles\/teaser_standard__s\/public\/aurora\/2024\/06\/362914.jpeg?itok=reqFRdIk\u0022 title=\u0022\u00a9 IG Infrarot\n\u0022 \/\u003E\n\n    \u003C\/picture\u003E\n      \u003Cfigcaption class=\u0022image--figcaption\u0022\u003E\n          \u003Cdiv class=\u0022copyright\u0022\u003EIG Infrarot\n\u003C\/div\u003E\n          \u003C\/figcaption\u003E\n\u003C\/figure\u003E\n\n\n    \u003C\/div\u003E\n    \u003Cdiv class=\u0022teaser-content\u0022\u003E\n                    \u003Cdiv class=\u0022teaser-content--kicker\u0022\u003E\n                    IG Infrarot forciert Markthochlauf\n        \u003C\/div\u003E\n                                              \n                        \n        \u003Ch4 class=\u0022teaser-content--headline\u0022\u003E\n                                Infrarotheizung auf dem Weg zum alternativen \n                              \u003Cspan class=\u0022headline-last-word-arrow\u0022\u003EHeizsystem              \u003Cspan\n                  class=\u0022permission-lock permission-lock-icon--lock\u0022\u003E\u003C\/span\u003E\n                                  \u003C\/span\u003E\n        \u003C\/h4\u003E\n            \u003Cdiv class=\u0022teaser-content--publishing-date\u0022\u003E\u003Ctime datetime=\u00222024-06-02T15:38:11Z\u0022\u003E02.06.2024\u003C\/time\u003E\n\u003C\/div\u003E\u003Cspan class=\u0022teaser-content--publishing-date-divider\u0022\u003E - \u003C\/span\u003E\u003Cdiv class=\u0022teaser-content--body\u0022\u003E\u003Cp\u003EDie Infrarotheizung hat gut bekannte Vor- und Nachteile \u2013 trotzdem erst jetzt ein \u201eoffi\u00adziel\u00adles\u201c Bild, wann sie eine sinnvolle Heizungsalternative ist.\u003C\/p\u003E\n\u003C\/div\u003E\n                        \u003Cspan class=\u0022read-more-arrow-container\u0022\u003E\n            \u003Cspan class=\u0022read-more-angled-arrow\u0022\u003E \u003C\/span\u003E\n          \u003C\/span\u003E\n                  \u003C\/div\u003E\n    \u003C\/a\u003E\n\u003Ca href=\u0022\/objekt-des-monats\/objekt-des-monats-2023-05-14-500-deckenmodule-temperieren-firmenzentrale\u0022  class=\u0022teaser teaser--standard\u0022 aria-label=\u002214\u202f500 Deckenmodule temperieren Firmenzentrale\u0022\u003E\n      \u003Cdiv class=\u0022teaser-content--image\u0022\u003E\n        \u003Cfigure class=\u0022image--figure\u0022\u003E\n        \u003Cpicture\u003E\n                        \u003Csource srcset=\u0022\/sites\/default\/files\/styles\/teaser_standard__m\/public\/aurora\/2023\/05\/274078.jpeg.webp?itok=biJzlBP2 1x\u0022 media=\u0022(min-width: 48.0625em) and (max-width: 64em)\u0022 type=\u0022image\/webp\u0022 width=\u0022323\u0022 height=\u0022215\u0022\/\u003E\n                  \u003Csource srcset=\u0022\/sites\/default\/files\/styles\/teaser_standard__l\/public\/aurora\/2023\/05\/274078.jpeg.webp?itok=CcWCTsmZ 1x\u0022 media=\u0022(min-width: 64.0625em)\u0022 type=\u0022image\/webp\u0022 width=\u0022203\u0022 height=\u0022135\u0022\/\u003E\n                  \u003Csource srcset=\u0022\/sites\/default\/files\/styles\/teaser_standard__m\/public\/aurora\/2023\/05\/274078.jpeg?itok=uaR9J1-I 1x\u0022 media=\u0022(min-width: 48.0625em) and (max-width: 64em)\u0022 type=\u0022image\/jpeg\u0022 width=\u0022323\u0022 height=\u0022215\u0022\/\u003E\n                  \u003Csource srcset=\u0022\/sites\/default\/files\/styles\/teaser_standard__l\/public\/aurora\/2023\/05\/274078.jpeg?itok=lWsein_p 1x\u0022 media=\u0022(min-width: 64.0625em)\u0022 type=\u0022image\/jpeg\u0022 width=\u0022203\u0022 height=\u0022135\u0022\/\u003E\n                          \u003Cimg alt=\u0022Die neue Firmenzentrale von SachsenEnergie in Dresden.\u0022 loading=\u0022eager\u0022 data-caption-hide width=\u0022597\u0022 height=\u0022398\u0022 data-zoomed=\u0022https:\/\/www.tga-fachplaner.de\/sites\/default\/files\/styles\/content__zoomed\/public\/aurora\/2023\/05\/274078.jpeg?itok=QWPB8k9E\u0022 src=\u0022\/sites\/default\/files\/styles\/teaser_standard__s\/public\/aurora\/2023\/05\/274078.jpeg?itok=InXf1ppp\u0022 title=\u0022\u00a9 Uponor\n\u0022 \/\u003E\n\n    \u003C\/picture\u003E\n      \u003Cfigcaption class=\u0022image--figcaption\u0022\u003E\n          \u003Cdiv class=\u0022copyright\u0022\u003EUponor\n\u003C\/div\u003E\n          \u003C\/figcaption\u003E\n\u003C\/figure\u003E\n\n\n    \u003C\/div\u003E\n    \u003Cdiv class=\u0022teaser-content\u0022\u003E\n                    \u003Cdiv class=\u0022teaser-content--kicker\u0022\u003E\n                    Objekt des Monats 2023-05\n        \u003C\/div\u003E\n                                              \n                        \n        \u003Ch4 class=\u0022teaser-content--headline\u0022\u003E\n                                14\u202f500 Deckenmodule temperieren \n                              \u003Cspan class=\u0022headline-last-word-arrow\u0022\u003EFirmenzentrale                      \u003C\/span\u003E\n        \u003C\/h4\u003E\n            \u003Cdiv class=\u0022teaser-content--publishing-date\u0022\u003E\u003Ctime datetime=\u00222023-05-01T12:30:00Z\u0022\u003E01.05.2023\u003C\/time\u003E\n\u003C\/div\u003E\u003Cspan class=\u0022teaser-content--publishing-date-divider\u0022\u003E - \u003C\/span\u003E\u003Cdiv class=\u0022teaser-content--body\u0022\u003E\u003Cp\u003EDas neue Firmengeb\u00e4ude SachsenEnergie AG wurde als Stahlbeton-Bauwerk mit Metall-Glas-Fassade errichtet. Temperiert wird es mit 14\u202f500 Deckenmodulen.\u003C\/p\u003E\n\u003C\/div\u003E\n                        \u003Cspan class=\u0022read-more-arrow-container\u0022\u003E\n            \u003Cspan class=\u0022read-more-angled-arrow\u0022\u003E \u003C\/span\u003E\n          \u003C\/span\u003E\n                  \u003C\/div\u003E\n    \u003C\/a\u003E\n\u003Ca href=\u0022\/heizungstechnik\/referenzprojekt-zehnder-bedarfsgerechte-waerme-und-beleuchtung-fuer-neue-turnhalle\u0022  class=\u0022teaser teaser--standard\u0022 aria-label=\u0022Bedarfsgerechte W\u00e4rme und Beleuchtung f\u00fcr neue Turnhalle\u0022\u003E\n      \u003Cdiv class=\u0022teaser-content--image\u0022\u003E\n        \u003Cfigure class=\u0022image--figure\u0022\u003E\n        \u003Cpicture\u003E\n                        \u003Csource srcset=\u0022\/sites\/default\/files\/styles\/teaser_standard__m\/public\/aurora\/2022\/10\/232427.jpeg.webp?itok=8NkwEAbh 1x\u0022 media=\u0022(min-width: 48.0625em) and (max-width: 64em)\u0022 type=\u0022image\/webp\u0022 width=\u0022323\u0022 height=\u0022215\u0022\/\u003E\n                  \u003Csource srcset=\u0022\/sites\/default\/files\/styles\/teaser_standard__l\/public\/aurora\/2022\/10\/232427.jpeg.webp?itok=QmkKtB1e 1x\u0022 media=\u0022(min-width: 64.0625em)\u0022 type=\u0022image\/webp\u0022 width=\u0022203\u0022 height=\u0022135\u0022\/\u003E\n                  \u003Csource srcset=\u0022\/sites\/default\/files\/styles\/teaser_standard__m\/public\/aurora\/2022\/10\/232427.jpeg?itok=FJzbZTdw 1x\u0022 media=\u0022(min-width: 48.0625em) and (max-width: 64em)\u0022 type=\u0022image\/jpeg\u0022 width=\u0022323\u0022 height=\u0022215\u0022\/\u003E\n                  \u003Csource srcset=\u0022\/sites\/default\/files\/styles\/teaser_standard__l\/public\/aurora\/2022\/10\/232427.jpeg?itok=Ddv5qPBC 1x\u0022 media=\u0022(min-width: 64.0625em)\u0022 type=\u0022image\/jpeg\u0022 width=\u0022203\u0022 height=\u0022135\u0022\/\u003E\n                          \u003Cimg alt=\u0022g\u2002Die neue Turnhalle in Belgershain.\u0022 loading=\u0022eager\u0022 data-caption-hide width=\u0022597\u0022 height=\u0022398\u0022 data-zoomed=\u0022https:\/\/www.tga-fachplaner.de\/sites\/default\/files\/styles\/content__zoomed\/public\/aurora\/2022\/10\/232427.jpeg?itok=tbDSI_5i\u0022 src=\u0022\/sites\/default\/files\/styles\/teaser_standard__s\/public\/aurora\/2022\/10\/232427.jpeg?itok=lrd0QquB\u0022 title=\u0022\u00a9 Zehnder Group Deutschland\n\u0022 \/\u003E\n\n    \u003C\/picture\u003E\n      \u003Cfigcaption class=\u0022image--figcaption\u0022\u003E\n          \u003Cdiv class=\u0022copyright\u0022\u003EZehnder Group Deutschland\n\u003C\/div\u003E\n          \u003C\/figcaption\u003E\n\u003C\/figure\u003E\n\n\n    \u003C\/div\u003E\n    \u003Cdiv class=\u0022teaser-content\u0022\u003E\n                    \u003Cdiv class=\u0022teaser-content--kicker\u0022\u003E\n                    Referenzprojekt Zehnder\n        \u003C\/div\u003E\n                                              \n                        \n        \u003Ch4 class=\u0022teaser-content--headline\u0022\u003E\n                                Bedarfsgerechte W\u00e4rme und Beleuchtung f\u00fcr neue \n                              \u003Cspan class=\u0022headline-last-word-arrow\u0022\u003ETurnhalle              \u003Cspan\n                  class=\u0022permission-lock permission-lock-icon--lock\u0022\u003E\u003C\/span\u003E\n                                  \u003C\/span\u003E\n        \u003C\/h4\u003E\n            \u003Cdiv class=\u0022teaser-content--publishing-date\u0022\u003E\u003Ctime datetime=\u00222022-10-27T19:15:19Z\u0022\u003E27.10.2022\u003C\/time\u003E\n\u003C\/div\u003E\u003Cspan class=\u0022teaser-content--publishing-date-divider\u0022\u003E - \u003C\/span\u003E\u003Cdiv class=\u0022teaser-content--body\u0022\u003E\u003Cp\u003EBeim Neubau einer Turnhalle in Belgershain haben sich Planer und Bauherr f\u00fcr eine Deckstrahlungsheizung mit integrierten LED-Leuchten entschieden.\u003C\/p\u003E\n\u003C\/div\u003E\n                        \u003Cspan class=\u0022read-more-arrow-container\u0022\u003E\n            \u003Cspan class=\u0022read-more-angled-arrow\u0022\u003E \u003C\/span\u003E\n          \u003C\/span\u003E\n                  \u003C\/div\u003E\n    \u003C\/a\u003E\n\u003Ca href=\u0022\/heizungstechnik\/referenzprojekt-frenger-systemen-deckenstrahlungsheizungen-fuer-elefanten-und\u0022  class=\u0022teaser teaser--standard\u0022 aria-label=\u0022Deckenstrahlungsheizungen f\u00fcr Elefanten und Giraffen\u0022\u003E\n      \u003Cdiv class=\u0022teaser-content--image\u0022\u003E\n        \u003Cfigure class=\u0022image--figure\u0022\u003E\n        \u003Cpicture\u003E\n                        \u003Csource srcset=\u0022\/sites\/default\/files\/styles\/teaser_standard__m\/public\/aurora\/2022\/10\/230890.jpeg.webp?itok=UvLN0SV5 1x\u0022 media=\u0022(min-width: 48.0625em) and (max-width: 64em)\u0022 type=\u0022image\/webp\u0022 width=\u0022323\u0022 height=\u0022215\u0022\/\u003E\n                  \u003Csource srcset=\u0022\/sites\/default\/files\/styles\/teaser_standard__l\/public\/aurora\/2022\/10\/230890.jpeg.webp?itok=tsZFQe79 1x\u0022 media=\u0022(min-width: 64.0625em)\u0022 type=\u0022image\/webp\u0022 width=\u0022203\u0022 height=\u0022135\u0022\/\u003E\n                  \u003Csource srcset=\u0022\/sites\/default\/files\/styles\/teaser_standard__m\/public\/aurora\/2022\/10\/230890.jpeg?itok=d24QlonS 1x\u0022 media=\u0022(min-width: 48.0625em) and (max-width: 64em)\u0022 type=\u0022image\/jpeg\u0022 width=\u0022323\u0022 height=\u0022215\u0022\/\u003E\n                  \u003Csource srcset=\u0022\/sites\/default\/files\/styles\/teaser_standard__l\/public\/aurora\/2022\/10\/230890.jpeg?itok=D8MSoKDI 1x\u0022 media=\u0022(min-width: 64.0625em)\u0022 type=\u0022image\/jpeg\u0022 width=\u0022203\u0022 height=\u0022135\u0022\/\u003E\n                          \u003Cimg alt=\u0022Bild 1\u2002Das neue Elefantenhaus im Augsburger Zoo.\u0022 loading=\u0022eager\u0022 data-caption-hide width=\u0022597\u0022 height=\u0022398\u0022 data-zoomed=\u0022https:\/\/www.tga-fachplaner.de\/sites\/default\/files\/styles\/content__zoomed\/public\/aurora\/2022\/10\/230890.jpeg?itok=W4Dj4gFs\u0022 src=\u0022\/sites\/default\/files\/styles\/teaser_standard__s\/public\/aurora\/2022\/10\/230890.jpeg?itok=yQRllv6P\u0022 title=\u0022\u00a9 Frenger Systemen\n\u0022 \/\u003E\n\n    \u003C\/picture\u003E\n      \u003Cfigcaption class=\u0022image--figcaption\u0022\u003E\n          \u003Cdiv class=\u0022copyright\u0022\u003EFrenger Systemen\n\u003C\/div\u003E\n          \u003C\/figcaption\u003E\n\u003C\/figure\u003E\n\n\n    \u003C\/div\u003E\n    \u003Cdiv class=\u0022teaser-content\u0022\u003E\n                    \u003Cdiv class=\u0022teaser-content--kicker\u0022\u003E\n                    Referenzprojekt Frenger Systemen\n        \u003C\/div\u003E\n                                              \n                        \n        \u003Ch4 class=\u0022teaser-content--headline\u0022\u003E\n                                Deckenstrahlungsheizungen f\u00fcr Elefanten und \n                              \u003Cspan class=\u0022headline-last-word-arrow\u0022\u003EGiraffen                      \u003C\/span\u003E\n        \u003C\/h4\u003E\n            \u003Cdiv class=\u0022teaser-content--publishing-date\u0022\u003E\u003Ctime datetime=\u00222022-10-27T07:09:12Z\u0022\u003E27.10.2022\u003C\/time\u003E\n\u003C\/div\u003E\u003Cspan class=\u0022teaser-content--publishing-date-divider\u0022\u003E - \u003C\/span\u003E\u003Cdiv class=\u0022teaser-content--body\u0022\u003E\u003Cp\u003EIm Augsburger Zoo werden das modernisierte Giraffenhaus und das neue Elefantenhaus mit Deckenstrahlungsheizungen energieeffizient beheizt und beleuchtet.\u003C\/p\u003E\n\u003C\/div\u003E\n                        \u003Cspan class=\u0022read-more-arrow-container\u0022\u003E\n            \u003Cspan class=\u0022read-more-angled-arrow\u0022\u003E \u003C\/span\u003E\n          \u003C\/span\u003E\n                  \u003C\/div\u003E\n    \u003C\/a\u003E\n\u003Ca href=\u0022\/gebaeudekonzepte\/energiemanagement-von-der-lagerhalle-zum-plusenergiehaus-20\u0022  class=\u0022teaser teaser--standard\u0022 aria-label=\u0022Von der Lagerhalle zum Plusenergiehaus 2.0\u0022\u003E\n      \u003Cdiv class=\u0022teaser-content--image\u0022\u003E\n        \u003Cfigure class=\u0022image--figure\u0022\u003E\n        \u003Cpicture\u003E\n                        \u003Csource srcset=\u0022\/sites\/default\/files\/styles\/teaser_standard__m\/public\/aurora\/2022\/04\/182214.jpeg.webp?itok=okTs7Ug- 1x\u0022 media=\u0022(min-width: 48.0625em) and (max-width: 64em)\u0022 type=\u0022image\/webp\u0022 width=\u0022323\u0022 height=\u0022215\u0022\/\u003E\n                  \u003Csource srcset=\u0022\/sites\/default\/files\/styles\/teaser_standard__l\/public\/aurora\/2022\/04\/182214.jpeg.webp?itok=RF9CSPr- 1x\u0022 media=\u0022(min-width: 64.0625em)\u0022 type=\u0022image\/webp\u0022 width=\u0022203\u0022 height=\u0022135\u0022\/\u003E\n                  \u003Csource srcset=\u0022\/sites\/default\/files\/styles\/teaser_standard__m\/public\/aurora\/2022\/04\/182214.jpeg?itok=MMuj-q31 1x\u0022 media=\u0022(min-width: 48.0625em) and (max-width: 64em)\u0022 type=\u0022image\/jpeg\u0022 width=\u0022323\u0022 height=\u0022215\u0022\/\u003E\n                  \u003Csource srcset=\u0022\/sites\/default\/files\/styles\/teaser_standard__l\/public\/aurora\/2022\/04\/182214.jpeg?itok=i2_pTt49 1x\u0022 media=\u0022(min-width: 64.0625em)\u0022 type=\u0022image\/jpeg\u0022 width=\u0022203\u0022 height=\u0022135\u0022\/\u003E\n                          \u003Cimg loading=\u0022eager\u0022 data-caption-hide width=\u0022597\u0022 height=\u0022398\u0022 alt=\u0022Bild 1\u2002Photovoltaik-Anlagen sind ein Schl\u00fcssel zur Realisierung von Plusenergiegeb\u00e4uden. Der Standard l\u00e4sst sich auch bei Gewerbehallen erreichen.\u0022 data-zoomed=\u0022https:\/\/www.tga-fachplaner.de\/sites\/default\/files\/styles\/content__zoomed\/public\/aurora\/2022\/04\/182214.jpeg?itok=XkzuE_ZT\u0022 src=\u0022\/sites\/default\/files\/styles\/teaser_standard__s\/public\/aurora\/2022\/04\/182214.jpeg?itok=6bB0m-HG\u0022 title=\u0022\u00a9 dusanpetkovic1 \u2013 stock.adobe.com\n\u0022 \/\u003E\n\n    \u003C\/picture\u003E\n      \u003Cfigcaption class=\u0022image--figcaption\u0022\u003E\n          \u003Cdiv class=\u0022copyright\u0022\u003Edusanpetkovic1 \u2013 stock.adobe.com\n\u003C\/div\u003E\n          \u003C\/figcaption\u003E\n\u003C\/figure\u003E\n\n\n    \u003C\/div\u003E\n    \u003Cdiv class=\u0022teaser-content\u0022\u003E\n                    \u003Cdiv class=\u0022teaser-content--kicker\u0022\u003E\n                    Energiemanagement\n        \u003C\/div\u003E\n                                              \n                        \n        \u003Ch4 class=\u0022teaser-content--headline\u0022\u003E\n                                Von der Lagerhalle zum Plusenergiehaus \n                              \u003Cspan class=\u0022headline-last-word-arrow\u0022\u003E2.0                      \u003C\/span\u003E\n        \u003C\/h4\u003E\n            \u003Cdiv class=\u0022teaser-content--publishing-date\u0022\u003E\u003Ctime datetime=\u00222022-09-22T16:01:58Z\u0022\u003E22.09.2022\u003C\/time\u003E\n\u003C\/div\u003E\u003Cspan class=\u0022teaser-content--publishing-date-divider\u0022\u003E - \u003C\/span\u003E\u003Cdiv class=\u0022teaser-content--body\u0022\u003E\u003Cp\u003EIm Rahmen eines Forschungsprojekts wurden Konzepte und Detaill\u00f6sungen entwickelt und untersucht, wie bei Gewerbegeb\u00e4uden Energie eingespart werden kann.\u003C\/p\u003E\n\u003C\/div\u003E\n                        \u003Cspan class=\u0022read-more-arrow-container\u0022\u003E\n            \u003Cspan class=\u0022read-more-angled-arrow\u0022\u003E \u003C\/span\u003E\n          \u003C\/span\u003E\n                  \u003C\/div\u003E\n    \u003C\/a\u003E\n\u003Ca href=\u0022\/klimatechnik\/referenzprojekt-kiefer-klimatechnik-deckensegel-fuer-akustik-licht-kuehlung-lueftung\u0022  class=\u0022teaser teaser--standard\u0022 aria-label=\u0022Deckensegel f\u00fcr Akustik, Licht, K\u00fchlung, L\u00fcftung\u0022\u003E\n      \u003Cdiv class=\u0022teaser-content--image\u0022\u003E\n        \u003Cfigure class=\u0022image--figure\u0022\u003E\n        \u003Cpicture\u003E\n                        \u003Csource srcset=\u0022\/sites\/default\/files\/styles\/teaser_standard__m\/public\/aurora\/2022\/01\/169843.jpeg.webp?itok=E35RlesH 1x\u0022 media=\u0022(min-width: 48.0625em) and (max-width: 64em)\u0022 type=\u0022image\/webp\u0022 width=\u0022323\u0022 height=\u0022215\u0022\/\u003E\n                  \u003Csource srcset=\u0022\/sites\/default\/files\/styles\/teaser_standard__l\/public\/aurora\/2022\/01\/169843.jpeg.webp?itok=yPIV7XsU 1x\u0022 media=\u0022(min-width: 64.0625em)\u0022 type=\u0022image\/webp\u0022 width=\u0022203\u0022 height=\u0022135\u0022\/\u003E\n                  \u003Csource srcset=\u0022\/sites\/default\/files\/styles\/teaser_standard__m\/public\/aurora\/2022\/01\/169843.jpeg?itok=AWUrV62Y 1x\u0022 media=\u0022(min-width: 48.0625em) and (max-width: 64em)\u0022 type=\u0022image\/jpeg\u0022 width=\u0022323\u0022 height=\u0022215\u0022\/\u003E\n                  \u003Csource srcset=\u0022\/sites\/default\/files\/styles\/teaser_standard__l\/public\/aurora\/2022\/01\/169843.jpeg?itok=9ksHaUPp 1x\u0022 media=\u0022(min-width: 64.0625em)\u0022 type=\u0022image\/jpeg\u0022 width=\u0022203\u0022 height=\u0022135\u0022\/\u003E\n                          \u003Cimg alt=\u0022Bild 1\u2002Der Hauptsitz von Obermeyer in M\u00fcnchen wurde im laufenden Betrieb saniert.\u0022 loading=\u0022eager\u0022 data-caption-hide width=\u0022597\u0022 height=\u0022398\u0022 data-zoomed=\u0022https:\/\/www.tga-fachplaner.de\/sites\/default\/files\/styles\/content__zoomed\/public\/aurora\/2022\/01\/169843.jpeg?itok=GJnbbVy0\u0022 src=\u0022\/sites\/default\/files\/styles\/teaser_standard__s\/public\/aurora\/2022\/01\/169843.jpeg?itok=V7p-rAnJ\u0022 title=\u0022\u00a9 Obermeyer\n\u0022 \/\u003E\n\n    \u003C\/picture\u003E\n      \u003Cfigcaption class=\u0022image--figcaption\u0022\u003E\n          \u003Cdiv class=\u0022copyright\u0022\u003EObermeyer\n\u003C\/div\u003E\n          \u003C\/figcaption\u003E\n\u003C\/figure\u003E\n\n\n    \u003C\/div\u003E\n    \u003Cdiv class=\u0022teaser-content\u0022\u003E\n                    \u003Cdiv class=\u0022teaser-content--kicker\u0022\u003E\n                    Referenzprojekt Kiefer Klimatechnik\n        \u003C\/div\u003E\n                                              \n                        \n        \u003Ch4 class=\u0022teaser-content--headline\u0022\u003E\n                                Deckensegel f\u00fcr Akustik, Licht, K\u00fchlung, \n                              \u003Cspan class=\u0022headline-last-word-arrow\u0022\u003EL\u00fcftung              \u003Cspan\n                  class=\u0022permission-lock permission-lock-icon--lock\u0022\u003E\u003C\/span\u003E\n                                  \u003C\/span\u003E\n        \u003C\/h4\u003E\n            \u003Cdiv class=\u0022teaser-content--publishing-date\u0022\u003E\u003Ctime datetime=\u00222022-01-28T14:31:28Z\u0022\u003E28.01.2022\u003C\/time\u003E\n\u003C\/div\u003E\u003Cspan class=\u0022teaser-content--publishing-date-divider\u0022\u003E - \u003C\/span\u003E\u003Cdiv class=\u0022teaser-content--body\u0022\u003E\u003Cp\u003EBei der Modernisierung der B\u00fcros im Hauptsitz in M\u00fcnchen setzte das Planungsunternehmen Obermeyer multifunktionale Deckensegel von Kiefer Klimatechnik ein.\u003C\/p\u003E\n\u003C\/div\u003E\n                        \u003Cspan class=\u0022read-more-arrow-container\u0022\u003E\n            \u003Cspan class=\u0022read-more-angled-arrow\u0022\u003E \u003C\/span\u003E\n          \u003C\/span\u003E\n                  \u003C\/div\u003E\n    \u003C\/a\u003E\n\u003Ca href=\u0022\/heizungstechnik\/referenzprojekt-frenger-systemen-deckenstrahlplatten-fuer-waerme-und-licht\u0022  class=\u0022teaser teaser--standard\u0022 aria-label=\u0022Deckenstrahlplatten f\u00fcr W\u00e4rme und Licht\u0022\u003E\n      \u003Cdiv class=\u0022teaser-content--image\u0022\u003E\n        \u003Cfigure class=\u0022image--figure\u0022\u003E\n        \u003Cpicture\u003E\n                        \u003Csource srcset=\u0022\/sites\/default\/files\/styles\/teaser_standard__m\/public\/aurora\/2021\/07\/117984.jpeg.webp?itok=jB_VXiQ1 1x\u0022 media=\u0022(min-width: 48.0625em) and (max-width: 64em)\u0022 type=\u0022image\/webp\u0022 width=\u0022323\u0022 height=\u0022215\u0022\/\u003E\n                  \u003Csource srcset=\u0022\/sites\/default\/files\/styles\/teaser_standard__l\/public\/aurora\/2021\/07\/117984.jpeg.webp?itok=CL9DVM0v 1x\u0022 media=\u0022(min-width: 64.0625em)\u0022 type=\u0022image\/webp\u0022 width=\u0022203\u0022 height=\u0022135\u0022\/\u003E\n                  \u003Csource srcset=\u0022\/sites\/default\/files\/styles\/teaser_standard__m\/public\/aurora\/2021\/07\/117984.jpeg?itok=cFkd77rG 1x\u0022 media=\u0022(min-width: 48.0625em) and (max-width: 64em)\u0022 type=\u0022image\/jpeg\u0022 width=\u0022323\u0022 height=\u0022215\u0022\/\u003E\n                  \u003Csource srcset=\u0022\/sites\/default\/files\/styles\/teaser_standard__l\/public\/aurora\/2021\/07\/117984.jpeg?itok=RPF3In_I 1x\u0022 media=\u0022(min-width: 64.0625em)\u0022 type=\u0022image\/jpeg\u0022 width=\u0022203\u0022 height=\u0022135\u0022\/\u003E\n                          \u003Cimg loading=\u0022eager\u0022 data-caption-hide width=\u0022597\u0022 height=\u0022398\u0022 alt=\u0022Bild 1\u2002Das 13\u202f500 m\u00b2 gro\u00dfe Logistikzentrum von Teamlog f\u00fcr Ersatzteilprodukte des Achsenherstellers SAF Holland bietet Platz f\u00fcr 5000 Paletten-Stellpl\u00e4tze.\u0022 data-zoomed=\u0022https:\/\/www.tga-fachplaner.de\/sites\/default\/files\/styles\/content__zoomed\/public\/aurora\/2021\/07\/117984.jpeg?itok=3k6eM_95\u0022 src=\u0022\/sites\/default\/files\/styles\/teaser_standard__s\/public\/aurora\/2021\/07\/117984.jpeg?itok=910tAGL6\u0022 title=\u0022\u00a9 Frenger Systemen BV\n\u0022 \/\u003E\n\n    \u003C\/picture\u003E\n      \u003Cfigcaption class=\u0022image--figcaption\u0022\u003E\n          \u003Cdiv class=\u0022copyright\u0022\u003EFrenger Systemen BV\n\u003C\/div\u003E\n          \u003C\/figcaption\u003E\n\u003C\/figure\u003E\n\n\n    \u003C\/div\u003E\n    \u003Cdiv class=\u0022teaser-content\u0022\u003E\n                    \u003Cdiv class=\u0022teaser-content--kicker\u0022\u003E\n                    Referenzprojekt Frenger Systemen\n        \u003C\/div\u003E\n                                              \n                        \n        \u003Ch4 class=\u0022teaser-content--headline\u0022\u003E\n                                Deckenstrahlplatten f\u00fcr W\u00e4rme und \n                              \u003Cspan class=\u0022headline-last-word-arrow\u0022\u003ELicht              \u003Cspan\n                  class=\u0022permission-lock permission-lock-icon--lock\u0022\u003E\u003C\/span\u003E\n                                  \u003C\/span\u003E\n        \u003C\/h4\u003E\n            \u003Cdiv class=\u0022teaser-content--publishing-date\u0022\u003E\u003Ctime datetime=\u00222021-07-03T18:44:08Z\u0022\u003E03.07.2021\u003C\/time\u003E\n\u003C\/div\u003E\u003Cspan class=\u0022teaser-content--publishing-date-divider\u0022\u003E - \u003C\/span\u003E\u003Cdiv class=\u0022teaser-content--body\u0022\u003E\u003Cp\u003EBeim Neubau eines gro\u00dfen Logistikzentrums wurden die Betriebskosten durch eine Deckenstrahlungsheizung mit integrierten LED-Leuchten erheblich gesenkt.\u003C\/p\u003E\n\u003C\/div\u003E\n                        \u003Cspan class=\u0022read-more-arrow-container\u0022\u003E\n            \u003Cspan class=\u0022read-more-angled-arrow\u0022\u003E \u003C\/span\u003E\n          \u003C\/span\u003E\n                  \u003C\/div\u003E\n    \u003C\/a\u003E\n\u003Ca href=\u0022\/heizungstechnik\/referenzprojekt-frenger-systemen-sportverein-setzt-auf-deckenstrahlplatten\u0022  class=\u0022teaser teaser--standard\u0022 aria-label=\u0022Sportverein setzt auf Deckenstrahlplatten\u0022\u003E\n      \u003Cdiv class=\u0022teaser-content--image\u0022\u003E\n        \u003Cfigure class=\u0022image--figure\u0022\u003E\n        \u003Cpicture\u003E\n                        \u003Csource srcset=\u0022\/sites\/default\/files\/styles\/teaser_standard__m\/public\/aurora\/2020\/09\/58924.jpeg.webp?itok=Ob0Chmbq 1x\u0022 media=\u0022(min-width: 48.0625em) and (max-width: 64em)\u0022 type=\u0022image\/webp\u0022 width=\u0022323\u0022 height=\u0022215\u0022\/\u003E\n                  \u003Csource srcset=\u0022\/sites\/default\/files\/styles\/teaser_standard__l\/public\/aurora\/2020\/09\/58924.jpeg.webp?itok=M1hhWWQw 1x\u0022 media=\u0022(min-width: 64.0625em)\u0022 type=\u0022image\/webp\u0022 width=\u0022203\u0022 height=\u0022135\u0022\/\u003E\n                  \u003Csource srcset=\u0022\/sites\/default\/files\/styles\/teaser_standard__m\/public\/aurora\/2020\/09\/58924.jpeg?itok=IEbxI02p 1x\u0022 media=\u0022(min-width: 48.0625em) and (max-width: 64em)\u0022 type=\u0022image\/jpeg\u0022 width=\u0022323\u0022 height=\u0022215\u0022\/\u003E\n                  \u003Csource srcset=\u0022\/sites\/default\/files\/styles\/teaser_standard__l\/public\/aurora\/2020\/09\/58924.jpeg?itok=Kq3i4iAk 1x\u0022 media=\u0022(min-width: 64.0625em)\u0022 type=\u0022image\/jpeg\u0022 width=\u0022203\u0022 height=\u0022135\u0022\/\u003E\n                          \u003Cimg alt=\u0022Bild 1: \u2002Die 3-Feld-Sporthalle der Sportgemeinschaft Arheilgen aus dem Jahr 1979 wurde 2015 grundlegend saniert und mit einer Deckenstrahlungsheizung ausger\u00fcstet\u2026\u0022 loading=\u0022eager\u0022 data-caption-hide width=\u0022597\u0022 height=\u0022398\u0022 data-zoomed=\u0022https:\/\/www.tga-fachplaner.de\/sites\/default\/files\/styles\/content__zoomed\/public\/aurora\/2020\/09\/58924.jpeg?itok=tJZQHsPt\u0022 src=\u0022\/sites\/default\/files\/styles\/teaser_standard__s\/public\/aurora\/2020\/09\/58924.jpeg?itok=7zR0NzGr\u0022 title=\u0022\u00a9 Bild: Frenger Systemen BV\n\u0022 \/\u003E\n\n    \u003C\/picture\u003E\n      \u003Cfigcaption class=\u0022image--figcaption\u0022\u003E\n          \u003Cdiv class=\u0022copyright\u0022\u003EBild: Frenger Systemen BV\n\u003C\/div\u003E\n          \u003C\/figcaption\u003E\n\u003C\/figure\u003E\n\n\n    \u003C\/div\u003E\n    \u003Cdiv class=\u0022teaser-content\u0022\u003E\n                    \u003Cdiv class=\u0022teaser-content--kicker\u0022\u003E\n                    Referenzprojekt Frenger Systemen\u0026#13;\n        \u003C\/div\u003E\n                                              \n                        \n        \u003Ch4 class=\u0022teaser-content--headline\u0022\u003E\n                                Sportverein setzt auf \n                              \u003Cspan class=\u0022headline-last-word-arrow\u0022\u003EDeckenstrahlplatten              \u003Cspan\n                  class=\u0022permission-lock permission-lock-icon--lock\u0022\u003E\u003C\/span\u003E\n                                  \u003C\/span\u003E\n        \u003C\/h4\u003E\n            \u003Cdiv class=\u0022teaser-content--publishing-date\u0022\u003E\u003Ctime datetime=\u00222020-09-09T14:01:59Z\u0022\u003E09.09.2020\u003C\/time\u003E\n\u003C\/div\u003E\u003Cspan class=\u0022teaser-content--publishing-date-divider\u0022\u003E - \u003C\/span\u003E\u003Cdiv class=\u0022teaser-content--body\u0022\u003E\u003Cp\u003EModern, hell und bestens zu beheizen \u2013 das sind die neugebauten und sanierten Sportst\u00e4tten der Sportgemeinschaft Arheilgen. Deckenstrahlplatten mit integrierten Leuchten verteilen die W\u00e4rme gleichm\u00e4\u00dfig und sorgen f\u00fcr das richtige Licht.\u003C\/p\u003E\n\u003C\/div\u003E\n                        \u003Cspan class=\u0022read-more-arrow-container\u0022\u003E\n            \u003Cspan class=\u0022read-more-angled-arrow\u0022\u003E \u003C\/span\u003E\n          \u003C\/span\u003E\n                  \u003C\/div\u003E\n    \u003C\/a\u003E\n\u003Ca href=\u0022\/klimatechnik\/referenzprojekt-interpanel-klimaleuchte-ohne-taupunkt-problematik\u0022  class=\u0022teaser teaser--standard\u0022 aria-label=\u0022Klimaleuchte ohne Taupunkt-Problematik\u0022\u003E\n      \u003Cdiv class=\u0022teaser-content--image\u0022\u003E\n        \u003Cfigure class=\u0022image--figure\u0022\u003E\n        \u003Cpicture\u003E\n                        \u003Csource srcset=\u0022\/sites\/default\/files\/styles\/teaser_standard__m\/public\/ulmer\/de-tga\/image\/binarydata_original_881023.jpg.webp?itok=Mak07NjX 1x\u0022 media=\u0022(min-width: 48.0625em) and (max-width: 64em)\u0022 type=\u0022image\/webp\u0022 width=\u0022323\u0022 height=\u0022200\u0022\/\u003E\n                  \u003Csource srcset=\u0022\/sites\/default\/files\/styles\/teaser_standard__l\/public\/ulmer\/de-tga\/image\/binarydata_original_881023.jpg.webp?itok=6Q-SyZKn 1x\u0022 media=\u0022(min-width: 64.0625em)\u0022 type=\u0022image\/webp\u0022 width=\u0022203\u0022 height=\u0022126\u0022\/\u003E\n                  \u003Csource srcset=\u0022\/sites\/default\/files\/styles\/teaser_standard__m\/public\/ulmer\/de-tga\/image\/binarydata_original_881023.jpg?itok=w6hXISGp 1x\u0022 media=\u0022(min-width: 48.0625em) and (max-width: 64em)\u0022 type=\u0022image\/jpeg\u0022 width=\u0022323\u0022 height=\u0022200\u0022\/\u003E\n                  \u003Csource srcset=\u0022\/sites\/default\/files\/styles\/teaser_standard__l\/public\/ulmer\/de-tga\/image\/binarydata_original_881023.jpg?itok=bE8S3f8u 1x\u0022 media=\u0022(min-width: 64.0625em)\u0022 type=\u0022image\/jpeg\u0022 width=\u0022203\u0022 height=\u0022126\u0022\/\u003E\n                          \u003Cimg alt=\u0022\n\n\n\n1\n\u2002Gemeinsamer Arbeitsbereich bei Sebastian Blum mit Klimaleuchten. \n\u0022 loading=\u0022eager\u0022 data-caption-hide width=\u0022642\u0022 height=\u0022398\u0022 data-zoomed=\u0022https:\/\/www.tga-fachplaner.de\/sites\/default\/files\/styles\/content__zoomed\/public\/ulmer\/de-tga\/image\/binarydata_original_881023.jpg?itok=BnU8y4z2\u0022 src=\u0022\/sites\/default\/files\/styles\/teaser_standard__s\/public\/ulmer\/de-tga\/image\/binarydata_original_881023.jpg?itok=BGNsu-uD\u0022 title=\u0022\u00a9 Sebastian Buff \/ interpanel\n\n\u0022 \/\u003E\n\n    \u003C\/picture\u003E\n      \u003Cfigcaption class=\u0022image--figcaption\u0022\u003E\n          \u003Cdiv class=\u0022copyright\u0022\u003ESebastian Buff \/ interpanel\n\n\u003C\/div\u003E\n          \u003C\/figcaption\u003E\n\u003C\/figure\u003E\n\n\n    \u003C\/div\u003E\n    \u003Cdiv class=\u0022teaser-content\u0022\u003E\n                    \u003Cdiv class=\u0022teaser-content--kicker\u0022\u003E\n                    Referenzprojekt interpanel\n        \u003C\/div\u003E\n                                              \n                        \n        \u003Ch4 class=\u0022teaser-content--headline\u0022\u003E\n                                Klimaleuchte ohne \n                              \u003Cspan class=\u0022headline-last-word-arrow\u0022\u003ETaupunkt-Problematik              \u003Cspan\n                  class=\u0022permission-lock permission-lock-icon--lock\u0022\u003E\u003C\/span\u003E\n                                  \u003C\/span\u003E\n        \u003C\/h4\u003E\n            \u003Cdiv class=\u0022teaser-content--publishing-date\u0022\u003E\u003Ctime datetime=\u00222019-07-04T08:45:06Z\u0022\u003E04.07.2019\u003C\/time\u003E\n\u003C\/div\u003E\u003Cspan class=\u0022teaser-content--publishing-date-divider\u0022\u003E - \u003C\/span\u003E\u003Cdiv class=\u0022teaser-content--body\u0022\u003E\u003Cp\u003EF\u00fcr besonders attraktive Arbeitspl\u00e4tze mit optimaler raumklimatischer Qualit\u00e4t hat ein Anbieter von Webdevelopment-L\u00f6sungen die vorhandene Loch-Metall-Heiz-\/K\u00fchldecke durch akustisch wirksame Klimasegel mit integrierter \u201eHuman centric lighting\u201c-Arbeitsplatzbeleuchtung und einzigartiger tauwasserfreier Fl\u00e4chenk\u00fchlung ersetzt. \u003C\/p\u003E\n\u003C\/div\u003E\n                        \u003Cspan class=\u0022read-more-arrow-container\u0022\u003E\n            \u003Cspan class=\u0022read-more-angled-arrow\u0022\u003E \u003C\/span\u003E\n          \u003C\/span\u003E\n                  \u003C\/div\u003E\n    \u003C\/a\u003E\n\u003Ca href=\u0022\/objekt-des-monats\/effizienz-plus-siedlung-erfuellt-erwartungen\u0022  class=\u0022teaser teaser--standard\u0022 aria-label=\u0022Effizienz-Plus-Siedlung erf\u00fcllt Erwartungen\u0022\u003E\n      \u003Cdiv class=\u0022teaser-content--image\u0022\u003E\n        \u003Cfigure class=\u0022image--figure\u0022\u003E\n        \u003Cpicture\u003E\n                        \u003Csource srcset=\u0022\/sites\/default\/files\/styles\/teaser_standard__m\/public\/ulmer\/de-tga\/image\/binarydata_original_876359.jpg.webp?itok=UZvfHpJ4 1x\u0022 media=\u0022(min-width: 48.0625em) and (max-width: 64em)\u0022 type=\u0022image\/webp\u0022 width=\u0022323\u0022 height=\u0022187\u0022\/\u003E\n                  \u003Csource srcset=\u0022\/sites\/default\/files\/styles\/teaser_standard__l\/public\/ulmer\/de-tga\/image\/binarydata_original_876359.jpg.webp?itok=qX8kSJ12 1x\u0022 media=\u0022(min-width: 64.0625em)\u0022 type=\u0022image\/webp\u0022 width=\u0022203\u0022 height=\u0022118\u0022\/\u003E\n                  \u003Csource srcset=\u0022\/sites\/default\/files\/styles\/teaser_standard__m\/public\/ulmer\/de-tga\/image\/binarydata_original_876359.jpg?itok=amuyB-j9 1x\u0022 media=\u0022(min-width: 48.0625em) and (max-width: 64em)\u0022 type=\u0022image\/jpeg\u0022 width=\u0022323\u0022 height=\u0022187\u0022\/\u003E\n                  \u003Csource srcset=\u0022\/sites\/default\/files\/styles\/teaser_standard__l\/public\/ulmer\/de-tga\/image\/binarydata_original_876359.jpg?itok=hqeEgIyD 1x\u0022 media=\u0022(min-width: 64.0625em)\u0022 type=\u0022image\/jpeg\u0022 width=\u0022203\u0022 height=\u0022118\u0022\/\u003E\n                          \u003Cimg alt=\u0022\n\u0022 loading=\u0022eager\u0022 data-caption-hide width=\u0022686\u0022 height=\u0022398\u0022 data-zoomed=\u0022https:\/\/www.tga-fachplaner.de\/sites\/default\/files\/styles\/content__zoomed\/public\/ulmer\/de-tga\/image\/binarydata_original_876359.jpg?itok=Yph4D-GJ\u0022 src=\u0022\/sites\/default\/files\/styles\/teaser_standard__s\/public\/ulmer\/de-tga\/image\/binarydata_original_876359.jpg?itok=nx01-8tk\u0022 title=\u0022\u00a9 Eckhart Matthaeus \/ www.em-foto.de und www.heli-works.de\n\n\u0022 \/\u003E\n\n    \u003C\/picture\u003E\n      \u003Cfigcaption class=\u0022image--figcaption\u0022\u003E\n          \u003Cdiv class=\u0022copyright\u0022\u003EEckhart Matthaeus \/ www.em-foto.de und www.heli-works.de\n\n\u003C\/div\u003E\n          \u003C\/figcaption\u003E\n\u003C\/figure\u003E\n\n\n    \u003C\/div\u003E\n    \u003Cdiv class=\u0022teaser-content\u0022\u003E\n                    \u003Cdiv class=\u0022teaser-content--kicker\u0022\u003E\n                    \n        \u003C\/div\u003E\n                                              \n                        \n        \u003Ch4 class=\u0022teaser-content--headline\u0022\u003E\n                                Effizienz-Plus-Siedlung erf\u00fcllt \n                              \u003Cspan class=\u0022headline-last-word-arrow\u0022\u003EErwartungen                      \u003C\/span\u003E\n        \u003C\/h4\u003E\n            \u003Cdiv class=\u0022teaser-content--publishing-date\u0022\u003E\u003Ctime datetime=\u00222019-05-31T14:46:13Z\u0022\u003E31.05.2019\u003C\/time\u003E\n\u003C\/div\u003E\u003Cspan class=\u0022teaser-content--publishing-date-divider\u0022\u003E - \u003C\/span\u003E\u003Cdiv class=\u0022teaser-content--body\u0022\u003E  \u003Cp\u003E\u003Cbr\u003E\u003Cbr \/\u003E\n    Alle Erwartungen voll erf\u00fcllt, lautet ein erstes Fazit f\u00fcr die Effizienzhaus-Plus-Siedlung in H\u00fcgelshart bei Augsburg nach einem Jahr Wohnbetrieb: Die asset bauen wohnen gmbh und BayWa \u2013 konkret der Baustoffbereich des Unternehmens sowie die Konzerntochter BayWa r.e. renewable energies (BayWa r...\u003C\/p\u003E\n\n\n\u003C\/div\u003E\n                        \u003Cspan class=\u0022read-more-arrow-container\u0022\u003E\n            \u003Cspan class=\u0022read-more-angled-arrow\u0022\u003E \u003C\/span\u003E\n          \u003C\/span\u003E\n                  \u003C\/div\u003E\n    \u003C\/a\u003E\n\u003Ca href=\u0022\/heizungstechnik\/referenzprojekt-best-heiz-kuehl-elemente-fuer-innovation-factory\u0022  class=\u0022teaser teaser--standard\u0022 aria-label=\u0022Heiz-K\u00fchl-Elemente f\u00fcr Innovation Factory\u0022\u003E\n      \u003Cdiv class=\u0022teaser-content--image\u0022\u003E\n        \u003Cfigure class=\u0022image--figure\u0022\u003E\n        \u003Cpicture\u003E\n                        \u003Csource srcset=\u0022\/sites\/default\/files\/styles\/teaser_standard__m\/public\/ulmer\/de-tga\/image\/binarydata_original_871855.jpg.webp?itok=z-OsdyYg 1x\u0022 media=\u0022(min-width: 48.0625em) and (max-width: 64em)\u0022 type=\u0022image\/webp\u0022 width=\u0022323\u0022 height=\u0022223\u0022\/\u003E\n                  \u003Csource srcset=\u0022\/sites\/default\/files\/styles\/teaser_standard__l\/public\/ulmer\/de-tga\/image\/binarydata_original_871855.jpg.webp?itok=KtUOsbxN 1x\u0022 media=\u0022(min-width: 64.0625em)\u0022 type=\u0022image\/webp\u0022 width=\u0022203\u0022 height=\u0022140\u0022\/\u003E\n                  \u003Csource srcset=\u0022\/sites\/default\/files\/styles\/teaser_standard__m\/public\/ulmer\/de-tga\/image\/binarydata_original_871855.jpg?itok=9GMxViOi 1x\u0022 media=\u0022(min-width: 48.0625em) and (max-width: 64em)\u0022 type=\u0022image\/jpeg\u0022 width=\u0022323\u0022 height=\u0022223\u0022\/\u003E\n                  \u003Csource srcset=\u0022\/sites\/default\/files\/styles\/teaser_standard__l\/public\/ulmer\/de-tga\/image\/binarydata_original_871855.jpg?itok=8WzGb8qX 1x\u0022 media=\u0022(min-width: 64.0625em)\u0022 type=\u0022image\/jpeg\u0022 width=\u0022203\u0022 height=\u0022140\u0022\/\u003E\n                          \u003Cimg alt=\u0022\n\n\n\n1\n\u2002Brunner Innovation Factory \u2013 das neue Produktionsgeb\u00e4ude des international f\u00fchrenden Anbieters von Objektm\u00f6beln (Visualisierung). \n\u0022 loading=\u0022eager\u0022 data-caption-hide width=\u0022578\u0022 height=\u0022398\u0022 data-zoomed=\u0022https:\/\/www.tga-fachplaner.de\/sites\/default\/files\/styles\/content__zoomed\/public\/ulmer\/de-tga\/image\/binarydata_original_871855.jpg?itok=eFL2mHtH\u0022 src=\u0022\/sites\/default\/files\/styles\/teaser_standard__s\/public\/ulmer\/de-tga\/image\/binarydata_original_871855.jpg?itok=pKMyVXGO\u0022 title=\u0022\u00a9 Henn Architekten, M\u00fcnchen\n\n\u0022 \/\u003E\n\n    \u003C\/picture\u003E\n      \u003Cfigcaption class=\u0022image--figcaption\u0022\u003E\n          \u003Cdiv class=\u0022copyright\u0022\u003EHenn Architekten, M\u00fcnchen\n\n\u003C\/div\u003E\n          \u003C\/figcaption\u003E\n\u003C\/figure\u003E\n\n\n    \u003C\/div\u003E\n    \u003Cdiv class=\u0022teaser-content\u0022\u003E\n                    \u003Cdiv class=\u0022teaser-content--kicker\u0022\u003E\n                    Referenzprojekt Best\n        \u003C\/div\u003E\n                                              \n                        \n        \u003Ch4 class=\u0022teaser-content--headline\u0022\u003E\n                                Heiz-K\u00fchl-Elemente f\u00fcr Innovation \n                              \u003Cspan class=\u0022headline-last-word-arrow\u0022\u003EFactory              \u003Cspan\n                  class=\u0022permission-lock permission-lock-icon--lock\u0022\u003E\u003C\/span\u003E\n                                  \u003C\/span\u003E\n        \u003C\/h4\u003E\n            \u003Cdiv class=\u0022teaser-content--publishing-date\u0022\u003E\u003Ctime datetime=\u00222019-04-30T07:16:23Z\u0022\u003E30.04.2019\u003C\/time\u003E\n\u003C\/div\u003E\u003Cspan class=\u0022teaser-content--publishing-date-divider\u0022\u003E - \u003C\/span\u003E\u003Cdiv class=\u0022teaser-content--body\u0022\u003E\u003Cp\u003EMit der Innovation Factory hat der M\u00f6belhersteller Brunner seine Produktionsst\u00e4tte am Firmensitz in Rheinau erweitert. In Sachen Heizen und K\u00fchlen entschied sich der Bauherr f\u00fcr Heiz-K\u00fchl-Elemente an der Decke. \u003C\/p\u003E\n\u003C\/div\u003E\n                        \u003Cspan class=\u0022read-more-arrow-container\u0022\u003E\n            \u003Cspan class=\u0022read-more-angled-arrow\u0022\u003E \u003C\/span\u003E\n          \u003C\/span\u003E\n                  \u003C\/div\u003E\n    \u003C\/a\u003E\n\u003Ca href=\u0022\/klimatechnik\/referenzprojekt-frenger-systemen-bv-temperierung-nur-von-oben\u0022  class=\u0022teaser teaser--standard\u0022 aria-label=\u0022Temperierung nur von oben\u0022\u003E\n      \u003Cdiv class=\u0022teaser-content--image\u0022\u003E\n        \u003Cfigure class=\u0022image--figure\u0022\u003E\n        \u003Cpicture\u003E\n                        \u003Csource srcset=\u0022\/sites\/default\/files\/styles\/teaser_standard__m\/public\/ulmer\/de-tga\/image\/binarydata_original_857586.jpg.webp?itok=KHmuOOUY 1x\u0022 media=\u0022(min-width: 48.0625em) and (max-width: 64em)\u0022 type=\u0022image\/webp\u0022 width=\u0022323\u0022 height=\u0022215\u0022\/\u003E\n                  \u003Csource srcset=\u0022\/sites\/default\/files\/styles\/teaser_standard__l\/public\/ulmer\/de-tga\/image\/binarydata_original_857586.jpg.webp?itok=GkWosSDx 1x\u0022 media=\u0022(min-width: 64.0625em)\u0022 type=\u0022image\/webp\u0022 width=\u0022203\u0022 height=\u0022135\u0022\/\u003E\n                  \u003Csource srcset=\u0022\/sites\/default\/files\/styles\/teaser_standard__m\/public\/ulmer\/de-tga\/image\/binarydata_original_857586.jpg?itok=QqSb-TAv 1x\u0022 media=\u0022(min-width: 48.0625em) and (max-width: 64em)\u0022 type=\u0022image\/jpeg\u0022 width=\u0022323\u0022 height=\u0022215\u0022\/\u003E\n                  \u003Csource srcset=\u0022\/sites\/default\/files\/styles\/teaser_standard__l\/public\/ulmer\/de-tga\/image\/binarydata_original_857586.jpg?itok=7VYefPHW 1x\u0022 media=\u0022(min-width: 64.0625em)\u0022 type=\u0022image\/jpeg\u0022 width=\u0022203\u0022 height=\u0022135\u0022\/\u003E\n                          \u003Cimg loading=\u0022eager\u0022 data-caption-hide width=\u0022599\u0022 height=\u0022398\u0022 alt=\u0022\n\n\n\n1\n\u2002Volkswagen Mobilit\u00e4tszentrum von Auto-Sch\u00fctz in Gro\u00df-Umstadt. Eine Photovoltaik-Anlage auf dem Dach erzeugt elektrische Energie f\u00fcr den Betrieb der W\u00e4rmepumpe und die Ladung von Elektrofahrzeugen. \n\u0022 data-zoomed=\u0022https:\/\/www.tga-fachplaner.de\/sites\/default\/files\/styles\/content__zoomed\/public\/ulmer\/de-tga\/image\/binarydata_original_857586.jpg?itok=zfTipfc8\u0022 src=\u0022\/sites\/default\/files\/styles\/teaser_standard__s\/public\/ulmer\/de-tga\/image\/binarydata_original_857586.jpg?itok=1IaDWEkn\u0022 title=\u0022\u00a9 Auto-Sch\u00fctz\n\n\u0022 \/\u003E\n\n    \u003C\/picture\u003E\n      \u003Cfigcaption class=\u0022image--figcaption\u0022\u003E\n          \u003Cdiv class=\u0022copyright\u0022\u003EAuto-Sch\u00fctz\n\n\u003C\/div\u003E\n          \u003C\/figcaption\u003E\n\u003C\/figure\u003E\n\n\n    \u003C\/div\u003E\n    \u003Cdiv class=\u0022teaser-content\u0022\u003E\n                    \u003Cdiv class=\u0022teaser-content--kicker\u0022\u003E\n                    Referenzprojekt Frenger Systemen BV\n        \u003C\/div\u003E\n                                              \n                        \n        \u003Ch4 class=\u0022teaser-content--headline\u0022\u003E\n                                Temperierung nur von \n                              \u003Cspan class=\u0022headline-last-word-arrow\u0022\u003Eoben                      \u003C\/span\u003E\n        \u003C\/h4\u003E\n            \u003Cdiv class=\u0022teaser-content--publishing-date\u0022\u003E\u003Ctime datetime=\u00222019-01-28T14:00:12Z\u0022\u003E28.01.2019\u003C\/time\u003E\n\u003C\/div\u003E\u003Cspan class=\u0022teaser-content--publishing-date-divider\u0022\u003E - \u003C\/span\u003E\u003Cdiv class=\u0022teaser-content--body\u0022\u003E\u003Cp\u003EWohlf\u00fchltemperaturen f\u00fcr Kunden und Mitarbeiter, eine ger\u00e4uschlose und zugfreie Temperierung und Entfeuchtung, eine praktisch wartungsfreie W\u00e4rme\u00fcbergabe, die die Nutzung von W\u00e4nden und B\u00f6den nicht beschr\u00e4nkt und keinen Staub aufwirbelt \u2013 beim Neubau eines Volkswagen Mobilit\u00e4tszentrums wurden diese Ziele mit Deckensystemen von Frenger Systemen BV realisiert.\u003C\/p\u003E\n\u003C\/div\u003E\n                        \u003Cspan class=\u0022read-more-arrow-container\u0022\u003E\n            \u003Cspan class=\u0022read-more-angled-arrow\u0022\u003E \u003C\/span\u003E\n          \u003C\/span\u003E\n                  \u003C\/div\u003E\n    \u003C\/a\u003E\n\u003Ca href=\u0022\/gebaeudetechnik\/pcm-und-das-henne-ei-problem-schneller-den-markt-durch-systemtechnik\u0022  class=\u0022teaser teaser--standard\u0022 aria-label=\u0022Schneller in den Markt durch Systemtechnik\u0022\u003E\n      \u003Cdiv class=\u0022teaser-content--image\u0022\u003E\n              \u003Cpicture\u003E\n                        \u003Csource srcset=\u0022\/sites\/default\/files\/styles\/teaser_standard__m\/public\/ulmer\/de-tga\/image\/binarydata_original_853932.jpg.webp?itok=kuClXpRr 1x\u0022 media=\u0022(min-width: 48.0625em) and (max-width: 64em)\u0022 type=\u0022image\/webp\u0022 width=\u0022219\u0022 height=\u0022242\u0022\/\u003E\n                  \u003Csource srcset=\u0022\/sites\/default\/files\/styles\/teaser_standard__l\/public\/ulmer\/de-tga\/image\/binarydata_original_853932.jpg.webp?itok=CkLqQVdP 1x\u0022 media=\u0022(min-width: 64.0625em)\u0022 type=\u0022image\/webp\u0022 width=\u0022138\u0022 height=\u0022152\u0022\/\u003E\n                  \u003Csource srcset=\u0022\/sites\/default\/files\/styles\/teaser_standard__m\/public\/ulmer\/de-tga\/image\/binarydata_original_853932.jpg?itok=tjyd46XH 1x\u0022 media=\u0022(min-width: 48.0625em) and (max-width: 64em)\u0022 type=\u0022image\/jpeg\u0022 width=\u0022219\u0022 height=\u0022242\u0022\/\u003E\n                  \u003Csource srcset=\u0022\/sites\/default\/files\/styles\/teaser_standard__l\/public\/ulmer\/de-tga\/image\/binarydata_original_853932.jpg?itok=PxPR-J3J 1x\u0022 media=\u0022(min-width: 64.0625em)\u0022 type=\u0022image\/jpeg\u0022 width=\u0022138\u0022 height=\u0022152\u0022\/\u003E\n                          \u003Cimg loading=\u0022eager\u0022 data-caption-hide width=\u0022360\u0022 height=\u0022398\u0022 alt=\u0022\n1\n\u2002Besteht bei der innovativen Speichertechnologie PCM ein Henne-Ei-Problem? Diese und andere Fragen zur Marktsituation von PCM waren Thema eines Interviews am ZAE Bayern in W\u00fcrzburg. V.\u00a0l.: Wolfgang Schmid, Fabian Hoppe, Helmut Weinl\u00e4der, Felix Klinker und \u2013 per Telefon zugeschaltet \u2013 Prof. Dr.-Ing. Bernd Boiting (unten).\n\u0022 data-zoomed=\u0022https:\/\/www.tga-fachplaner.de\/sites\/default\/files\/styles\/content__zoomed\/public\/ulmer\/de-tga\/image\/binarydata_original_853932.jpg?itok=8j85Btmj\u0022 src=\u0022\/sites\/default\/files\/styles\/teaser_standard__s\/public\/ulmer\/de-tga\/image\/binarydata_original_853932.jpg?itok=OP0REM2h\u0022 \/\u003E\n\n    \u003C\/picture\u003E\n    \n\n    \u003C\/div\u003E\n    \u003Cdiv class=\u0022teaser-content\u0022\u003E\n                    \u003Cdiv class=\u0022teaser-content--kicker\u0022\u003E\n                    PCM und das Henne-Ei-Problem\n        \u003C\/div\u003E\n                                              \n                        \n        \u003Ch4 class=\u0022teaser-content--headline\u0022\u003E\n                                Schneller in den Markt durch \n                              \u003Cspan class=\u0022headline-last-word-arrow\u0022\u003ESystemtechnik                      \u003C\/span\u003E\n        \u003C\/h4\u003E\n            \u003Cdiv class=\u0022teaser-content--publishing-date\u0022\u003E\u003Ctime datetime=\u00222018-12-31T13:45:03Z\u0022\u003E31.12.2018\u003C\/time\u003E\n\u003C\/div\u003E\u003Cspan class=\u0022teaser-content--publishing-date-divider\u0022\u003E - \u003C\/span\u003E\u003Cdiv class=\u0022teaser-content--body\u0022\u003E\u003Cp\u003E\u00dcber die Marktreife von PCM-Produkten (Phase Change Materials, Phasenwechsel- bzw. Latentspeichermaterialien genannt) und deren Wirtschaftlichkeit gibt es unterschiedliche Auffassungen. Die Ergebnisse des aktuellen Forschungsprojekts PCM-Demo II lassen darauf schlie\u00dfen, dass weiterer Forschungsbedarf besteht, insbesondere was ihre Langzeitfestigkeit, Handhabbarkeit, Energieeffizienz und letztendlich die Wirtschaftlichkeit anbelangt. Obwohl die in der RAL-G\u00fctegemeinschaft PCM zusammengeschlossenen Unternehmen (aktuell zw\u00f6lf) eine ganze Reihe an RAL-zertifizierten Produkten anbieten, treten diese im Bereich der Technischen Geb\u00e4udeausr\u00fcstung \u2013 abgesehen von gef\u00f6rderten Projekten \u2013 in der deutschen Fach\u00f6ffentlichkeit kaum in Erscheinung. Anders dagegen in den Niederlanden, Gro\u00dfbritannien und Frankreich: Dort bieten Hersteller bereits RAL-zertifizierte Produkte f\u00fcr den kommerziellen Markt an. Im Nachgang zum PCM-Symposium \u201eEinsatz von PCM in Geb\u00e4uden\u201c (14. und 15.\u2004M\u00e4rz 2018 am Bayerischen Zentrum f\u00fcr Angewandte Energieforschung, ZAE Bayern, in W\u00fcrzburg) sprach Wolfgang Schmid, Freier Fachjournalist f\u00fcr Technische Geb\u00e4udeausr\u00fcstung, M\u00fcnchen, f\u00fcr die TGA-Redaktion mit Dr. Helmut Weinl\u00e4der und Felix Klinker, ZAE W\u00fcrzburg, Fabian Hoppe, Prokurist H.M. Heizk\u00f6rper, Dingelst\u00e4dt, und \u2013 telefonisch zugeschaltet \u2013 Prof. Dr.-Ing. Bernd Boiting, FH M\u00fcnster\/Steinfurt, Fachbereich Energie, Geb\u00e4ude, Umwelt und Sprecher der G\u00fctegemeinschaft PCM-RAL.\u003C\/p\u003E\n\u003C\/div\u003E\n                        \u003Cspan class=\u0022read-more-arrow-container\u0022\u003E\n            \u003Cspan class=\u0022read-more-angled-arrow\u0022\u003E \u003C\/span\u003E\n          \u003C\/span\u003E\n                  \u003C\/div\u003E\n    \u003C\/a\u003E\n\u003Ca href=\u0022\/aktuelle-meldung\/uponor-gruppe-uponor-verkauft-zent-frenger-swegon-group\u0022  class=\u0022teaser teaser--standard\u0022 aria-label=\u0022Uponor verkauft Zent Frenger an Swegon Group\u0022\u003E\n      \u003Cdiv class=\u0022teaser-content--image\u0022\u003E\n      \n    \u003C\/div\u003E\n    \u003Cdiv class=\u0022teaser-content\u0022\u003E\n                    \u003Cdiv class=\u0022teaser-content--kicker\u0022\u003E\n                    Uponor Gruppe\n        \u003C\/div\u003E\n                                              \n                        \n        \u003Ch4 class=\u0022teaser-content--headline\u0022\u003E\n                                Uponor verkauft Zent Frenger an Swegon \n                              \u003Cspan class=\u0022headline-last-word-arrow\u0022\u003EGroup                      \u003C\/span\u003E\n        \u003C\/h4\u003E\n            \u003Cdiv class=\u0022teaser-content--publishing-date\u0022\u003E\u003Ctime datetime=\u00222018-09-05T20:21:26Z\u0022\u003E05.09.2018\u003C\/time\u003E\n\u003C\/div\u003E\u003Cspan class=\u0022teaser-content--publishing-date-divider\u0022\u003E - \u003C\/span\u003E\u003Cdiv class=\u0022teaser-content--body\u0022\u003E\u003Cp\u003EDie Uponor Gruppe plant die gesamten Gesch\u00e4ftsanteile der Zent-Frenger GmbH an die schwedische Swegon Group AB zu verkaufen. Die entsprechenden Vertr\u00e4ge wurden am 5. September 2018 unterzeichnet. Vorbehaltlich der Zustimmung des Kartellamtes, soll der Verkauf im Oktober 2018 wirksam werden.\u003C\/p\u003E\n\u003C\/div\u003E\n                        \u003Cspan class=\u0022read-more-arrow-container\u0022\u003E\n            \u003Cspan class=\u0022read-more-angled-arrow\u0022\u003E \u003C\/span\u003E\n          \u003C\/span\u003E\n                  \u003C\/div\u003E\n    \u003C\/a\u003E\n\u003Ca href=\u0022\/klimatechnik\/korrosionsschutz-von-kuehlleitungen-presstechnik-verbindet-vorlackierte-stahlrohre\u0022  class=\u0022teaser teaser--standard\u0022 aria-label=\u0022Presstechnik verbindet vorlackierte Stahlrohre\u0022\u003E\n      \u003Cdiv class=\u0022teaser-content--image\u0022\u003E\n        \u003Cfigure class=\u0022image--figure\u0022\u003E\n        \u003Cpicture\u003E\n                        \u003Csource srcset=\u0022\/sites\/default\/files\/styles\/teaser_standard__m\/public\/ulmer\/de-tga\/image\/binarydata_original_795712.jpg.webp?itok=oKgN4SoD 1x\u0022 media=\u0022(min-width: 48.0625em) and (max-width: 64em)\u0022 type=\u0022image\/webp\u0022 width=\u0022323\u0022 height=\u0022200\u0022\/\u003E\n                  \u003Csource srcset=\u0022\/sites\/default\/files\/styles\/teaser_standard__l\/public\/ulmer\/de-tga\/image\/binarydata_original_795712.jpg.webp?itok=k4Pf75vK 1x\u0022 media=\u0022(min-width: 64.0625em)\u0022 type=\u0022image\/webp\u0022 width=\u0022203\u0022 height=\u0022126\u0022\/\u003E\n                  \u003Csource srcset=\u0022\/sites\/default\/files\/styles\/teaser_standard__m\/public\/ulmer\/de-tga\/image\/binarydata_original_795712.jpg?itok=fk3t4eSm 1x\u0022 media=\u0022(min-width: 48.0625em) and (max-width: 64em)\u0022 type=\u0022image\/jpeg\u0022 width=\u0022323\u0022 height=\u0022200\u0022\/\u003E\n                  \u003Csource srcset=\u0022\/sites\/default\/files\/styles\/teaser_standard__l\/public\/ulmer\/de-tga\/image\/binarydata_original_795712.jpg?itok=T8TV47l7 1x\u0022 media=\u0022(min-width: 64.0625em)\u0022 type=\u0022image\/jpeg\u0022 width=\u0022203\u0022 height=\u0022126\u0022\/\u003E\n                          \u003Cimg alt=\u0022\n\n\n\n1\n\u2002Blauer Himmel \u00fcber dem neuen Verwaltungsbau der Santo Service GmbH in Holzkirchen: Sonnenschutz, Klimatisierung und L\u00fcftung des Objekts sind exakt auf die \u00e4u\u00dferen und inneren Bedingungen abgestimmt. \n\u0022 loading=\u0022eager\u0022 data-caption-hide width=\u0022643\u0022 height=\u0022398\u0022 data-zoomed=\u0022https:\/\/www.tga-fachplaner.de\/sites\/default\/files\/styles\/content__zoomed\/public\/ulmer\/de-tga\/image\/binarydata_original_795712.jpg?itok=bW4FW8_Y\u0022 src=\u0022\/sites\/default\/files\/styles\/teaser_standard__s\/public\/ulmer\/de-tga\/image\/binarydata_original_795712.jpg?itok=e_e9J9xR\u0022 title=\u0022\u00a9 Viega\n\n\u0022 \/\u003E\n\n    \u003C\/picture\u003E\n      \u003Cfigcaption class=\u0022image--figcaption\u0022\u003E\n          \u003Cdiv class=\u0022copyright\u0022\u003EViega\n\n\u003C\/div\u003E\n          \u003C\/figcaption\u003E\n\u003C\/figure\u003E\n\n\n    \u003C\/div\u003E\n    \u003Cdiv class=\u0022teaser-content\u0022\u003E\n                    \u003Cdiv class=\u0022teaser-content--kicker\u0022\u003E\n                    Korrosionsschutz von K\u00fchlleitungen\n        \u003C\/div\u003E\n                                              \n                        \n        \u003Ch4 class=\u0022teaser-content--headline\u0022\u003E\n                                Presstechnik verbindet vorlackierte \n                              \u003Cspan class=\u0022headline-last-word-arrow\u0022\u003EStahlrohre              \u003Cspan\n                  class=\u0022permission-lock permission-lock-icon--lock\u0022\u003E\u003C\/span\u003E\n                                  \u003C\/span\u003E\n        \u003C\/h4\u003E\n            \u003Cdiv class=\u0022teaser-content--publishing-date\u0022\u003E\u003Ctime datetime=\u00222017-11-29T07:30:07Z\u0022\u003E29.11.2017\u003C\/time\u003E\n\u003C\/div\u003E\u003Cspan class=\u0022teaser-content--publishing-date-divider\u0022\u003E - \u003C\/span\u003E\u003Cdiv class=\u0022teaser-content--body\u0022\u003E\u003Cp\u003EWer in Holzkirchen lebt, der befindet sich auf der Sonnenseite des Lebens, titelte j\u00fcngst die tz. Damit spielte die M\u00fcnchner Tageszeitung auf die vielen Sonnenscheinstunden an, \u00fcber die sich die Menschen dort freuen k\u00f6nnen. Objektbauten sind in dieser Region aber genau deswegen zugleich ohne eine aktive Raumk\u00fchlung kaum denkbar. So ist auch bei dem Verwaltungsneubau der Santo Service GmbH in Holzkirchen viel Planungsarbeit f\u00fcr eine ebenso effektive wie effiziente Klimatisierung der rund 4000\u2004m\u003Csup\u003E2\u003C\/sup\u003E B\u00fcrofl\u00e4che investiert worden \u2013 bis ins Detail der Verbindungstechnik f\u00fcr die K\u00fchlleitungen. Vor allem Wirtschaftlichkeit und Qualit\u00e4t sprachen dabei f\u00fcr das Pressverbindungssystem Megapress von Viega. \u003C\/p\u003E\n\u003C\/div\u003E\n                        \u003Cspan class=\u0022read-more-arrow-container\u0022\u003E\n            \u003Cspan class=\u0022read-more-angled-arrow\u0022\u003E \u003C\/span\u003E\n          \u003C\/span\u003E\n                  \u003C\/div\u003E\n    \u003C\/a\u003E\n\u003Ca href=\u0022\/gebaeudetechnik\/festkolloquium-fuer-fritz-nuessle-intelligent-temperieren-anstatt-klimatisieren\u0022  class=\u0022teaser teaser--standard\u0022 aria-label=\u0022Intelligent temperieren anstatt klimatisieren\u0022\u003E\n      \u003Cdiv class=\u0022teaser-content--image\u0022\u003E\n        \u003Cfigure class=\u0022image--figure\u0022\u003E\n        \u003Cpicture\u003E\n                        \u003Csource srcset=\u0022\/sites\/default\/files\/styles\/teaser_standard__m\/public\/ulmer\/de-tga\/image\/binarydata_original_769458.jpg.webp?itok=qJFowp7k 1x\u0022 media=\u0022(min-width: 48.0625em) and (max-width: 64em)\u0022 type=\u0022image\/webp\u0022 width=\u0022323\u0022 height=\u0022225\u0022\/\u003E\n                  \u003Csource srcset=\u0022\/sites\/default\/files\/styles\/teaser_standard__l\/public\/ulmer\/de-tga\/image\/binarydata_original_769458.jpg.webp?itok=SZYSS5XG 1x\u0022 media=\u0022(min-width: 64.0625em)\u0022 type=\u0022image\/webp\u0022 width=\u0022203\u0022 height=\u0022141\u0022\/\u003E\n                  \u003Csource srcset=\u0022\/sites\/default\/files\/styles\/teaser_standard__m\/public\/ulmer\/de-tga\/image\/binarydata_original_769458.jpg?itok=MPA1W9U9 1x\u0022 media=\u0022(min-width: 48.0625em) and (max-width: 64em)\u0022 type=\u0022image\/jpeg\u0022 width=\u0022323\u0022 height=\u0022225\u0022\/\u003E\n                  \u003Csource srcset=\u0022\/sites\/default\/files\/styles\/teaser_standard__l\/public\/ulmer\/de-tga\/image\/binarydata_original_769458.jpg?itok=ZQuxnAhW 1x\u0022 media=\u0022(min-width: 64.0625em)\u0022 type=\u0022image\/jpeg\u0022 width=\u0022203\u0022 height=\u0022141\u0022\/\u003E\n                          \u003Cimg alt=\u0022\n\n\n\n1\n\u2002Ehemalige Kollegen, Weggef\u00e4hrten und Mitstreiter in Sachen K\u00fchldecke, BKT und W\u00e4rme-pumpe referierten beim TWK-Festkolloquium f\u00fcr Fritz N\u00fc\u00dfle (von vorne rechts nach links): Prof. Dr.-Ing. Norbert Fisch, Frank Kaiser, Prof. Dipl.-Ing. Werner Schenk, Prof. Dr.-Ing. Jens Pfafferott, Prof. Dr.-Ing. Doreen Kalz, Fritz N\u00fc\u00dfle, Yannick Friess, Prof. Dr.-Ing. Roland Koenigsdorff, Dipl.-Ing. Johannes Hopf, Dr.-Ing. Thomas Sefker, Prof. Dr.-Ing. R\u00fcdiger K\u00fclpmann. \n\u0022 loading=\u0022eager\u0022 data-caption-hide width=\u0022572\u0022 height=\u0022398\u0022 data-zoomed=\u0022https:\/\/www.tga-fachplaner.de\/sites\/default\/files\/styles\/content__zoomed\/public\/ulmer\/de-tga\/image\/binarydata_original_769458.jpg?itok=VNKzF45p\u0022 src=\u0022\/sites\/default\/files\/styles\/teaser_standard__s\/public\/ulmer\/de-tga\/image\/binarydata_original_769458.jpg?itok=7zFydL9K\u0022 title=\u0022\u00a9 Margot Dertinger-Schmid\n\n\u0022 \/\u003E\n\n    \u003C\/picture\u003E\n      \u003Cfigcaption class=\u0022image--figcaption\u0022\u003E\n          \u003Cdiv class=\u0022copyright\u0022\u003EMargot Dertinger-Schmid\n\n\u003C\/div\u003E\n          \u003C\/figcaption\u003E\n\u003C\/figure\u003E\n\n\n    \u003C\/div\u003E\n    \u003Cdiv class=\u0022teaser-content\u0022\u003E\n                    \u003Cdiv class=\u0022teaser-content--kicker\u0022\u003E\n                    Festkolloquium f\u00fcr Fritz N\u00fc\u00dfle\n        \u003C\/div\u003E\n                                              \n                        \n        \u003Ch4 class=\u0022teaser-content--headline\u0022\u003E\n                                Intelligent temperieren anstatt \n                              \u003Cspan class=\u0022headline-last-word-arrow\u0022\u003Eklimatisieren                      \u003C\/span\u003E\n        \u003C\/h4\u003E\n            \u003Cdiv class=\u0022teaser-content--publishing-date\u0022\u003E\u003Ctime datetime=\u00222017-06-07T09:00:02Z\u0022\u003E07.06.2017\u003C\/time\u003E\n\u003C\/div\u003E\u003Cspan class=\u0022teaser-content--publishing-date-divider\u0022\u003E - \u003C\/span\u003E\u003Cdiv class=\u0022teaser-content--body\u0022\u003E\u003Cp\u003EDie Entwicklungen bei der K\u00fchldecke, der Thermischen Bauteilaktivierung und der reversiblen Gro\u00df-W\u00e4rmepumpe sind eng verbunden mit Fritz N\u00fc\u00dfle, dem fr\u00fcheren Gesch\u00e4ftsf\u00fchrer von Zent-Frenger. Als Anerkennung f\u00fcr seine weitgehend ehrenamtliche Planung der TGA-Anlagen beim Neubau des Test- und Weiterbildungszentrums W\u00e4rmepumpen und K\u00e4ltetechnik (TWK), Karlsruhe\u0026nbsp;\/\u0026nbsp;Stutensee, veranstalteten die TWK-Gesch\u00e4ftsf\u00fchrer ein Symposium zum Thema \u201eModerne Geb\u00e4ude-Energiekonzepte\u201c, das die Geschichte, die aktuelle Marktsituation und die Zukunftsf\u00e4higkeit der von N\u00fc\u00dfle ma\u00dfgeb-lich beeinflussten Systeme widerspiegelt. Als Referenten konnten ehemalige Kollegen, Wegbegleiter und engagierte Newcomer gewonnen werden.\u003C\/p\u003E\n\u003C\/div\u003E\n                        \u003Cspan class=\u0022read-more-arrow-container\u0022\u003E\n            \u003Cspan class=\u0022read-more-angled-arrow\u0022\u003E \u003C\/span\u003E\n          \u003C\/span\u003E\n                  \u003C\/div\u003E\n    \u003C\/a\u003E\n\u003Ca href=\u0022\/objekt-des-monats\/hocheffizient-temperiert\u0022  class=\u0022teaser teaser--standard\u0022 aria-label=\u0022Hocheffizient temperiert\u0022\u003E\n      \u003Cdiv class=\u0022teaser-content--image\u0022\u003E\n        \u003Cfigure class=\u0022image--figure\u0022\u003E\n        \u003Cpicture\u003E\n                        \u003Csource srcset=\u0022\/sites\/default\/files\/styles\/teaser_standard__m\/public\/ulmer\/de-tga\/image\/binarydata_original_765293.jpg.webp?itok=p8b9T0ry 1x\u0022 media=\u0022(min-width: 48.0625em) and (max-width: 64em)\u0022 type=\u0022image\/webp\u0022 width=\u0022318\u0022 height=\u0022242\u0022\/\u003E\n                  \u003Csource srcset=\u0022\/sites\/default\/files\/styles\/teaser_standard__l\/public\/ulmer\/de-tga\/image\/binarydata_original_765293.jpg.webp?itok=ltYD8I0N 1x\u0022 media=\u0022(min-width: 64.0625em)\u0022 type=\u0022image\/webp\u0022 width=\u0022200\u0022 height=\u0022152\u0022\/\u003E\n                  \u003Csource srcset=\u0022\/sites\/default\/files\/styles\/teaser_standard__m\/public\/ulmer\/de-tga\/image\/binarydata_original_765293.jpg?itok=psntSiZY 1x\u0022 media=\u0022(min-width: 48.0625em) and (max-width: 64em)\u0022 type=\u0022image\/jpeg\u0022 width=\u0022318\u0022 height=\u0022242\u0022\/\u003E\n                  \u003Csource srcset=\u0022\/sites\/default\/files\/styles\/teaser_standard__l\/public\/ulmer\/de-tga\/image\/binarydata_original_765293.jpg?itok=iaE-4tCH 1x\u0022 media=\u0022(min-width: 64.0625em)\u0022 type=\u0022image\/jpeg\u0022 width=\u0022200\u0022 height=\u0022152\u0022\/\u003E\n                          \u003Cimg alt=\u0022\n1\n\n\n\n\u0022 loading=\u0022eager\u0022 data-caption-hide width=\u0022524\u0022 height=\u0022398\u0022 data-zoomed=\u0022https:\/\/www.tga-fachplaner.de\/sites\/default\/files\/styles\/content__zoomed\/public\/ulmer\/de-tga\/image\/binarydata_original_765293.jpg?itok=sVusOBBH\u0022 src=\u0022\/sites\/default\/files\/styles\/teaser_standard__s\/public\/ulmer\/de-tga\/image\/binarydata_original_765293.jpg?itok=_gqU8UOY\u0022 title=\u0022\u00a9 Bilder: Copyright 50Hertz \/ Fotograf HG Esch\n\n\u0022 \/\u003E\n\n    \u003C\/picture\u003E\n      \u003Cfigcaption class=\u0022image--figcaption\u0022\u003E\n          \u003Cdiv class=\u0022copyright\u0022\u003EBilder: Copyright 50Hertz \/ Fotograf HG Esch\n\n\u003C\/div\u003E\n          \u003C\/figcaption\u003E\n\u003C\/figure\u003E\n\n\n    \u003C\/div\u003E\n    \u003Cdiv class=\u0022teaser-content\u0022\u003E\n                    \u003Cdiv class=\u0022teaser-content--kicker\u0022\u003E\n                    \n        \u003C\/div\u003E\n                                              \n                        \n        \u003Ch4 class=\u0022teaser-content--headline\u0022\u003E\n                                Hocheffizient \n                              \u003Cspan class=\u0022headline-last-word-arrow\u0022\u003Etemperiert                      \u003C\/span\u003E\n        \u003C\/h4\u003E\n            \u003Cdiv class=\u0022teaser-content--publishing-date\u0022\u003E\u003Ctime datetime=\u00222017-05-10T05:30:23Z\u0022\u003E10.05.2017\u003C\/time\u003E\n\u003C\/div\u003E\u003Cspan class=\u0022teaser-content--publishing-date-divider\u0022\u003E - \u003C\/span\u003E\u003Cdiv class=\u0022teaser-content--body\u0022\u003E  \u003Cp\u003E\u003Cbr\u003E\u003Cbr \/\u003E\n    In der neuen Berliner Unternehmenszentrale des \u00dcbertragungsnetzbetreibers 50Hertz sorgt das Uponor-Tochterunternehmen Zent-Frenger Energy Solutions mit einer vollst\u00e4ndig aus einer Hand realisierten Gesamtl\u00f6sung f\u00fcr die hocheffiziente Geb\u00e4udetemperierung. Die in der Europacity im Herzen Berlins...\u003C\/p\u003E\n\n\n\u003C\/div\u003E\n                        \u003Cspan class=\u0022read-more-arrow-container\u0022\u003E\n            \u003Cspan class=\u0022read-more-angled-arrow\u0022\u003E \u003C\/span\u003E\n          \u003C\/span\u003E\n                  \u003C\/div\u003E\n    \u003C\/a\u003E\n\u003Ca href=\u0022\/klimatechnik\/clear-sky-cooling-deckenpaneel-ohne-taupunkt-problematik\u0022  class=\u0022teaser teaser--standard\u0022 aria-label=\u0022Deckenpaneel ohne Taupunkt-Problematik\u0022\u003E\n      \u003Cdiv class=\u0022teaser-content--image\u0022\u003E\n        \u003Cfigure class=\u0022image--figure\u0022\u003E\n        \u003Cpicture\u003E\n                        \u003Csource srcset=\u0022\/sites\/default\/files\/styles\/teaser_standard__m\/public\/ulmer\/de-tga\/image\/binarydata_original_746499.jpg.webp?itok=8q_2iIvN 1x\u0022 media=\u0022(min-width: 48.0625em) and (max-width: 64em)\u0022 type=\u0022image\/webp\u0022 width=\u0022323\u0022 height=\u0022123\u0022\/\u003E\n                  \u003Csource srcset=\u0022\/sites\/default\/files\/styles\/teaser_standard__l\/public\/ulmer\/de-tga\/image\/binarydata_original_746499.jpg.webp?itok=kb9kGJF2 1x\u0022 media=\u0022(min-width: 64.0625em)\u0022 type=\u0022image\/webp\u0022 width=\u0022203\u0022 height=\u002277\u0022\/\u003E\n                  \u003Csource srcset=\u0022\/sites\/default\/files\/styles\/teaser_standard__m\/public\/ulmer\/de-tga\/image\/binarydata_original_746499.jpg?itok=lqVYV6J5 1x\u0022 media=\u0022(min-width: 48.0625em) and (max-width: 64em)\u0022 type=\u0022image\/jpeg\u0022 width=\u0022323\u0022 height=\u0022123\u0022\/\u003E\n                  \u003Csource srcset=\u0022\/sites\/default\/files\/styles\/teaser_standard__l\/public\/ulmer\/de-tga\/image\/binarydata_original_746499.jpg?itok=xbWY3KY5 1x\u0022 media=\u0022(min-width: 64.0625em)\u0022 type=\u0022image\/jpeg\u0022 width=\u0022203\u0022 height=\u002277\u0022\/\u003E\n                          \u003Cimg loading=\u0022eager\u0022 data-caption-hide width=\u0022708\u0022 height=\u0022269\u0022 alt=\u0022\n1\n\u2002Das neuartige K\u00fchlelement Clear Sky Cooling senkt innerhalb von nur drei Minuten die gef\u00fchlte Temperatur.\n\n\n\n\u0022 data-zoomed=\u0022https:\/\/www.tga-fachplaner.de\/sites\/default\/files\/styles\/content__zoomed\/public\/ulmer\/de-tga\/image\/binarydata_original_746499.jpg?itok=quX9TcOI\u0022 src=\u0022\/sites\/default\/files\/styles\/teaser_standard__s\/public\/ulmer\/de-tga\/image\/binarydata_original_746499.jpg?itok=A7dulahS\u0022 title=\u0022\u00a9 Fraunhofer IBP\n\n\u0022 \/\u003E\n\n    \u003C\/picture\u003E\n      \u003Cfigcaption class=\u0022image--figcaption\u0022\u003E\n          \u003Cdiv class=\u0022copyright\u0022\u003EFraunhofer IBP\n\n\u003C\/div\u003E\n          \u003C\/figcaption\u003E\n\u003C\/figure\u003E\n\n\n    \u003C\/div\u003E\n    \u003Cdiv class=\u0022teaser-content\u0022\u003E\n                    \u003Cdiv class=\u0022teaser-content--kicker\u0022\u003E\n                    Clear Sky Cooling\n        \u003C\/div\u003E\n                                              \n                        \n        \u003Ch4 class=\u0022teaser-content--headline\u0022\u003E\n                                Deckenpaneel ohne \n                              \u003Cspan class=\u0022headline-last-word-arrow\u0022\u003ETaupunkt-Problematik                      \u003C\/span\u003E\n        \u003C\/h4\u003E\n            \u003Cdiv class=\u0022teaser-content--publishing-date\u0022\u003E\u003Ctime datetime=\u00222017-01-09T09:46:17Z\u0022\u003E09.01.2017\u003C\/time\u003E\n\u003C\/div\u003E\u003Cspan class=\u0022teaser-content--publishing-date-divider\u0022\u003E - \u003C\/span\u003E\u003Cdiv class=\u0022teaser-content--body\u0022\u003E\u003Cp\u003EMit einem neuartigen Heiz- und K\u00fchlpaneel kann die gef\u00fchlte Temperatur in wenigen Minuten sp\u00fcrbar abgesenkt werden. Das weltweit einzigartige Element kann dauerhaft unterhalb des Taupunktes der Umgebungsluft ohne Kondensatausfall betrieben werden.\u003C\/p\u003E\n\u003C\/div\u003E\n                        \u003Cspan class=\u0022read-more-arrow-container\u0022\u003E\n            \u003Cspan class=\u0022read-more-angled-arrow\u0022\u003E \u003C\/span\u003E\n          \u003C\/span\u003E\n                  \u003C\/div\u003E\n    \u003C\/a\u003E\n\u003Ca href=\u0022\/klimatechnik\/zentrale-der-planungsgruppe-schnepf-zukunftsweisendes-heiz-und-kuehlkonzept\u0022  class=\u0022teaser teaser--standard\u0022 aria-label=\u0022Zukunftsweisendes Heiz- und K\u00fchlkonzept\u0022\u003E\n      \u003Cdiv class=\u0022teaser-content--image\u0022\u003E\n        \u003Cfigure class=\u0022image--figure\u0022\u003E\n        \u003Cpicture\u003E\n                        \u003Csource srcset=\u0022\/sites\/default\/files\/styles\/teaser_standard__m\/public\/ulmer\/de-tga\/image\/binarydata_original_610270.jpg.webp?itok=ao8Y0XEr 1x\u0022 media=\u0022(min-width: 48.0625em) and (max-width: 64em)\u0022 type=\u0022image\/webp\u0022 width=\u0022323\u0022 height=\u0022189\u0022\/\u003E\n                  \u003Csource srcset=\u0022\/sites\/default\/files\/styles\/teaser_standard__l\/public\/ulmer\/de-tga\/image\/binarydata_original_610270.jpg.webp?itok=G-yrlNyn 1x\u0022 media=\u0022(min-width: 64.0625em)\u0022 type=\u0022image\/webp\u0022 width=\u0022203\u0022 height=\u0022119\u0022\/\u003E\n                  \u003Csource srcset=\u0022\/sites\/default\/files\/styles\/teaser_standard__m\/public\/ulmer\/de-tga\/image\/binarydata_original_610270.jpg?itok=ELweU6yV 1x\u0022 media=\u0022(min-width: 48.0625em) and (max-width: 64em)\u0022 type=\u0022image\/jpeg\u0022 width=\u0022323\u0022 height=\u0022189\u0022\/\u003E\n                  \u003Csource srcset=\u0022\/sites\/default\/files\/styles\/teaser_standard__l\/public\/ulmer\/de-tga\/image\/binarydata_original_610270.jpg?itok=Hra4wiXH 1x\u0022 media=\u0022(min-width: 64.0625em)\u0022 type=\u0022image\/jpeg\u0022 width=\u0022203\u0022 height=\u0022119\u0022\/\u003E\n                          \u003Cimg alt=\u0022\n1\n\u2002F\u00fcr die Schnepf Planungsgruppe Energietechnik ist die eigene Firmenzentrale mit Solar-Eis-Speichersystem zum Heizen und K\u00fchlen und zwei unterschiedlichen Klimatisierungsl\u00f6sungen eine ausgezeichnete Referenz. \n\n\n\n\u0022 loading=\u0022eager\u0022 data-caption-hide width=\u0022680\u0022 height=\u0022398\u0022 data-zoomed=\u0022https:\/\/www.tga-fachplaner.de\/sites\/default\/files\/styles\/content__zoomed\/public\/ulmer\/de-tga\/image\/binarydata_original_610270.jpg?itok=dTB0TPN3\u0022 src=\u0022\/sites\/default\/files\/styles\/teaser_standard__s\/public\/ulmer\/de-tga\/image\/binarydata_original_610270.jpg?itok=xSVe-BSF\u0022 title=\u0022\u00a9 Bild: Danfoss \/ Schnepf\n\n\u0022 \/\u003E\n\n    \u003C\/picture\u003E\n      \u003Cfigcaption class=\u0022image--figcaption\u0022\u003E\n          \u003Cdiv class=\u0022copyright\u0022\u003EBild: Danfoss \/ Schnepf\n\n\u003C\/div\u003E\n          \u003C\/figcaption\u003E\n\u003C\/figure\u003E\n\n\n    \u003C\/div\u003E\n    \u003Cdiv class=\u0022teaser-content\u0022\u003E\n                    \u003Cdiv class=\u0022teaser-content--kicker\u0022\u003E\n                    Zentrale der Planungsgruppe Schnepf\n        \u003C\/div\u003E\n                                              \n                        \n        \u003Ch4 class=\u0022teaser-content--headline\u0022\u003E\n                                Zukunftsweisendes Heiz- und \n                              \u003Cspan class=\u0022headline-last-word-arrow\u0022\u003EK\u00fchlkonzept              \u003Cspan\n                  class=\u0022permission-lock permission-lock-icon--lock\u0022\u003E\u003C\/span\u003E\n                                  \u003C\/span\u003E\n        \u003C\/h4\u003E\n            \u003Cdiv class=\u0022teaser-content--publishing-date\u0022\u003E\u003Ctime datetime=\u00222014-10-02T06:26:56Z\u0022\u003E02.10.2014\u003C\/time\u003E\n\u003C\/div\u003E\u003Cspan class=\u0022teaser-content--publishing-date-divider\u0022\u003E - \u003C\/span\u003E\u003Cdiv class=\u0022teaser-content--body\u0022\u003E\u003Cp\u003EF\u00fcr ihre neue Unternehmenszentrale in Nagold hat die Schnepf Planungs-gruppe Energietechnik ein komplexes Heiz- und K\u00fchlkonzept mit unterirdischem Solar-Eis-Speichersystem entwickelt. Die ausgezeichnete Anlage \u00fcberzeugt nicht nur bei den gro\u00dfen Komponenten, sondern auch bei den Details \u2013 beispiels-weise druckunabh\u00e4ngigen Abgleich- und Regelventilen. \u003C\/p\u003E\n\u003C\/div\u003E\n                        \u003Cspan class=\u0022read-more-arrow-container\u0022\u003E\n            \u003Cspan class=\u0022read-more-angled-arrow\u0022\u003E \u003C\/span\u003E\n          \u003C\/span\u003E\n                  \u003C\/div\u003E\n    \u003C\/a\u003E\n","entity_type":"node","used_ids":["",220928,204946,197319,197179,195873,185440,176124,155194,31924,37500,32358,31503,31725,48863,31553,30938,45667,40996,31195],"show_more":""}]