[{"command":"showMoreTeasers","id":"del--paragraph-567092","content":"\u003Ca href=\u0022\/gebaeudekonzepte\/energiemanagement-von-der-lagerhalle-zum-plusenergiehaus-20\u0022  class=\u0022teaser teaser--standard\u0022 aria-label=\u0022Von der Lagerhalle zum Plusenergiehaus 2.0\u0022\u003E\n      \u003Cdiv class=\u0022teaser-content--image\u0022\u003E\n        \u003Cfigure class=\u0022image--figure\u0022\u003E\n        \u003Cpicture\u003E\n                        \u003Csource srcset=\u0022\/sites\/default\/files\/styles\/teaser_standard__m\/public\/aurora\/2022\/04\/182214.jpeg.webp?itok=okTs7Ug- 1x\u0022 media=\u0022(min-width: 48.0625em) and (max-width: 64em)\u0022 type=\u0022image\/webp\u0022 width=\u0022323\u0022 height=\u0022215\u0022\/\u003E\n                  \u003Csource srcset=\u0022\/sites\/default\/files\/styles\/teaser_standard__l\/public\/aurora\/2022\/04\/182214.jpeg.webp?itok=RF9CSPr- 1x\u0022 media=\u0022(min-width: 64.0625em)\u0022 type=\u0022image\/webp\u0022 width=\u0022203\u0022 height=\u0022135\u0022\/\u003E\n                  \u003Csource srcset=\u0022\/sites\/default\/files\/styles\/teaser_standard__m\/public\/aurora\/2022\/04\/182214.jpeg?itok=MMuj-q31 1x\u0022 media=\u0022(min-width: 48.0625em) and (max-width: 64em)\u0022 type=\u0022image\/jpeg\u0022 width=\u0022323\u0022 height=\u0022215\u0022\/\u003E\n                  \u003Csource srcset=\u0022\/sites\/default\/files\/styles\/teaser_standard__l\/public\/aurora\/2022\/04\/182214.jpeg?itok=i2_pTt49 1x\u0022 media=\u0022(min-width: 64.0625em)\u0022 type=\u0022image\/jpeg\u0022 width=\u0022203\u0022 height=\u0022135\u0022\/\u003E\n                          \u003Cimg loading=\u0022eager\u0022 data-caption-hide width=\u0022597\u0022 height=\u0022398\u0022 alt=\u0022Bild 1\u2002Photovoltaik-Anlagen sind ein Schl\u00fcssel zur Realisierung von Plusenergiegeb\u00e4uden. Der Standard l\u00e4sst sich auch bei Gewerbehallen erreichen.\u0022 data-zoomed=\u0022https:\/\/www.tga-fachplaner.de\/sites\/default\/files\/styles\/content__zoomed\/public\/aurora\/2022\/04\/182214.jpeg?itok=XkzuE_ZT\u0022 src=\u0022\/sites\/default\/files\/styles\/teaser_standard__s\/public\/aurora\/2022\/04\/182214.jpeg?itok=6bB0m-HG\u0022 title=\u0022\u00a9 dusanpetkovic1 \u2013 stock.adobe.com\n\u0022 \/\u003E\n\n    \u003C\/picture\u003E\n      \u003Cfigcaption class=\u0022image--figcaption\u0022\u003E\n          \u003Cdiv class=\u0022copyright\u0022\u003Edusanpetkovic1 \u2013 stock.adobe.com\n\u003C\/div\u003E\n          \u003C\/figcaption\u003E\n\u003C\/figure\u003E\n\n\n    \u003C\/div\u003E\n    \u003Cdiv class=\u0022teaser-content\u0022\u003E\n                    \u003Cdiv class=\u0022teaser-content--kicker\u0022\u003E\n                    Energiemanagement\n        \u003C\/div\u003E\n                                              \n                        \n        \u003Ch4 class=\u0022teaser-content--headline\u0022\u003E\n                                Von der Lagerhalle zum Plusenergiehaus \n                              \u003Cspan class=\u0022headline-last-word-arrow\u0022\u003E2.0                      \u003C\/span\u003E\n        \u003C\/h4\u003E\n            \u003Cdiv class=\u0022teaser-content--publishing-date\u0022\u003E\u003Ctime datetime=\u00222022-09-22T16:01:58Z\u0022\u003E22.09.2022\u003C\/time\u003E\n\u003C\/div\u003E\u003Cspan class=\u0022teaser-content--publishing-date-divider\u0022\u003E - \u003C\/span\u003E\u003Cdiv class=\u0022teaser-content--body\u0022\u003E\u003Cp\u003EIm Rahmen eines Forschungsprojekts wurden Konzepte und Detaill\u00f6sungen entwickelt und untersucht, wie bei Gewerbegeb\u00e4uden Energie eingespart werden kann.\u003C\/p\u003E\n\u003C\/div\u003E\n                        \u003Cspan class=\u0022read-more-arrow-container\u0022\u003E\n            \u003Cspan class=\u0022read-more-angled-arrow\u0022\u003E \u003C\/span\u003E\n          \u003C\/span\u003E\n                  \u003C\/div\u003E\n    \u003C\/a\u003E\n\u003Ca href=\u0022\/objekt-des-monats\/objekt-des-monats-2022-02-null-emissions-gebaeude-quartier\u0022  class=\u0022teaser teaser--standard\u0022 aria-label=\u0022Null-Emissions-Geb\u00e4ude-Quartier\u0022\u003E\n      \u003Cdiv class=\u0022teaser-content--image\u0022\u003E\n        \u003Cfigure class=\u0022image--figure\u0022\u003E\n        \u003Cpicture\u003E\n                        \u003Csource srcset=\u0022\/sites\/default\/files\/styles\/teaser_standard__m\/public\/aurora\/2022\/01\/169910.jpeg.webp?itok=O8vX0j9e 1x\u0022 media=\u0022(min-width: 48.0625em) and (max-width: 64em)\u0022 type=\u0022image\/webp\u0022 width=\u0022323\u0022 height=\u0022215\u0022\/\u003E\n                  \u003Csource srcset=\u0022\/sites\/default\/files\/styles\/teaser_standard__l\/public\/aurora\/2022\/01\/169910.jpeg.webp?itok=gxukT-Gc 1x\u0022 media=\u0022(min-width: 64.0625em)\u0022 type=\u0022image\/webp\u0022 width=\u0022203\u0022 height=\u0022135\u0022\/\u003E\n                  \u003Csource srcset=\u0022\/sites\/default\/files\/styles\/teaser_standard__m\/public\/aurora\/2022\/01\/169910.jpeg?itok=3NHSR_Q7 1x\u0022 media=\u0022(min-width: 48.0625em) and (max-width: 64em)\u0022 type=\u0022image\/jpeg\u0022 width=\u0022323\u0022 height=\u0022215\u0022\/\u003E\n                  \u003Csource srcset=\u0022\/sites\/default\/files\/styles\/teaser_standard__l\/public\/aurora\/2022\/01\/169910.jpeg?itok=SB-gEXMc 1x\u0022 media=\u0022(min-width: 64.0625em)\u0022 type=\u0022image\/jpeg\u0022 width=\u0022203\u0022 height=\u0022135\u0022\/\u003E\n                          \u003Cimg alt=\u0022Visualisierung des Wohnquartiers Kokoni One.\u0022 loading=\u0022eager\u0022 data-caption-hide width=\u0022597\u0022 height=\u0022398\u0022 data-zoomed=\u0022https:\/\/www.tga-fachplaner.de\/sites\/default\/files\/styles\/content__zoomed\/public\/aurora\/2022\/01\/169910.jpeg?itok=YteqkIFo\u0022 src=\u0022\/sites\/default\/files\/styles\/teaser_standard__s\/public\/aurora\/2022\/01\/169910.jpeg?itok=cbYv672e\u0022 title=\u0022\u00a9 Incept GmbH\n\u0022 \/\u003E\n\n    \u003C\/picture\u003E\n      \u003Cfigcaption class=\u0022image--figcaption\u0022\u003E\n          \u003Cdiv class=\u0022copyright\u0022\u003EIncept GmbH\n\u003C\/div\u003E\n          \u003C\/figcaption\u003E\n\u003C\/figure\u003E\n\n\n    \u003C\/div\u003E\n    \u003Cdiv class=\u0022teaser-content\u0022\u003E\n                    \u003Cdiv class=\u0022teaser-content--kicker\u0022\u003E\n                    Objekt des Monats 2022-02\n        \u003C\/div\u003E\n                                              \n                        \n        \u003Ch4 class=\u0022teaser-content--headline\u0022\u003E\n                                        \u003Cspan class=\u0022headline-last-word-arrow\u0022\u003ENull-Emissions-Geb\u00e4ude-Quartier                      \u003C\/span\u003E\n        \u003C\/h4\u003E\n            \u003Cdiv class=\u0022teaser-content--publishing-date\u0022\u003E\u003Ctime datetime=\u00222022-01-29T11:27:46Z\u0022\u003E29.01.2022\u003C\/time\u003E\n\u003C\/div\u003E\u003Cspan class=\u0022teaser-content--publishing-date-divider\u0022\u003E - \u003C\/span\u003E\u003Cdiv class=\u0022teaser-content--body\u0022\u003E\u003Cp\u003EDer Energieversorger Naturstrom realisiert f\u00fcr ein Wohnquartier eine emissionsfreie Energieversorgung mit W\u00e4rmepumpen, lauwarmer Nahw\u00e4rme und Photovoltaik.\u003C\/p\u003E\n\u003C\/div\u003E\n                        \u003Cspan class=\u0022read-more-arrow-container\u0022\u003E\n            \u003Cspan class=\u0022read-more-angled-arrow\u0022\u003E \u003C\/span\u003E\n          \u003C\/span\u003E\n                  \u003C\/div\u003E\n    \u003C\/a\u003E\n\u003Ca href=\u0022\/meldungen\/eu-gebaeuderichtlinie-null-emissions-gebaeude-sollen-der-standard-werden\u0022  class=\u0022teaser teaser--standard\u0022 aria-label=\u0022Null-Emissions-Geb\u00e4ude sollen der Standard werden\u0022\u003E\n      \u003Cdiv class=\u0022teaser-content--image\u0022\u003E\n        \u003Cfigure class=\u0022image--figure\u0022\u003E\n        \u003Cpicture\u003E\n                        \u003Csource srcset=\u0022\/sites\/default\/files\/styles\/teaser_standard__m\/public\/aurora\/2021\/12\/163337.jpeg.webp?itok=MykRZxle 1x\u0022 media=\u0022(min-width: 48.0625em) and (max-width: 64em)\u0022 type=\u0022image\/webp\u0022 width=\u0022323\u0022 height=\u0022168\u0022\/\u003E\n                  \u003Csource srcset=\u0022\/sites\/default\/files\/styles\/teaser_standard__l\/public\/aurora\/2021\/12\/163337.jpeg.webp?itok=vc3wEaWX 1x\u0022 media=\u0022(min-width: 64.0625em)\u0022 type=\u0022image\/webp\u0022 width=\u0022203\u0022 height=\u0022106\u0022\/\u003E\n                  \u003Csource srcset=\u0022\/sites\/default\/files\/styles\/teaser_standard__m\/public\/aurora\/2021\/12\/163337.jpeg?itok=QuvCvhFJ 1x\u0022 media=\u0022(min-width: 48.0625em) and (max-width: 64em)\u0022 type=\u0022image\/jpeg\u0022 width=\u0022323\u0022 height=\u0022168\u0022\/\u003E\n                  \u003Csource srcset=\u0022\/sites\/default\/files\/styles\/teaser_standard__l\/public\/aurora\/2021\/12\/163337.jpeg?itok=phrlB_oo 1x\u0022 media=\u0022(min-width: 64.0625em)\u0022 type=\u0022image\/jpeg\u0022 width=\u0022203\u0022 height=\u0022106\u0022\/\u003E\n                          \u003Cimg loading=\u0022eager\u0022 data-caption-hide width=\u0022708\u0022 height=\u0022369\u0022 data-zoomed=\u0022https:\/\/www.tga-fachplaner.de\/sites\/default\/files\/styles\/content__zoomed\/public\/aurora\/2021\/12\/163337.jpeg?itok=Sx3t97JZ\u0022 src=\u0022\/sites\/default\/files\/styles\/teaser_standard__s\/public\/aurora\/2021\/12\/163337.jpeg?itok=yWMWexD6\u0022 title=\u0022\u00a9 JV\n\u0022 \/\u003E\n\n    \u003C\/picture\u003E\n      \u003Cfigcaption class=\u0022image--figcaption\u0022\u003E\n          \u003Cdiv class=\u0022copyright\u0022\u003EJV\n\u003C\/div\u003E\n          \u003C\/figcaption\u003E\n\u003C\/figure\u003E\n\n\n    \u003C\/div\u003E\n    \u003Cdiv class=\u0022teaser-content\u0022\u003E\n                    \u003Cdiv class=\u0022teaser-content--kicker\u0022\u003E\n                    EU-Geb\u00e4uderichtlinie\n        \u003C\/div\u003E\n                                              \n                        \n        \u003Ch4 class=\u0022teaser-content--headline\u0022\u003E\n                                Null-Emissions-Geb\u00e4ude sollen der Standard \n                              \u003Cspan class=\u0022headline-last-word-arrow\u0022\u003Ewerden                      \u003C\/span\u003E\n        \u003C\/h4\u003E\n            \u003Cdiv class=\u0022teaser-content--publishing-date\u0022\u003E\u003Ctime datetime=\u00222021-12-17T06:19:39Z\u0022\u003E17.12.2021\u003C\/time\u003E\n\u003C\/div\u003E\u003Cspan class=\u0022teaser-content--publishing-date-divider\u0022\u003E - \u003C\/span\u003E\u003Cdiv class=\u0022teaser-content--body\u0022\u003E\u003Cp\u003EEin Entwurf zur Neufassung der EU-Geb\u00e4uderichtlinie sieht vor, dass bis 2030 alle Neubauten Null-Emissions-Geb\u00e4ude (zero emission building) sein m\u00fcssen.\u003C\/p\u003E\n\u003C\/div\u003E\n                        \u003Cspan class=\u0022read-more-arrow-container\u0022\u003E\n            \u003Cspan class=\u0022read-more-angled-arrow\u0022\u003E \u003C\/span\u003E\n          \u003C\/span\u003E\n                  \u003C\/div\u003E\n    \u003C\/a\u003E\n\u003Ca href=\u0022\/gebaeudekonzepte\/zukunft-bau-auf-der-bau-online-2021-recycling-von-bau-und-ausbaumaterialien\u0022  class=\u0022teaser teaser--standard\u0022 aria-label=\u0022Recycling von Bau- und Ausbaumaterialien\u0022\u003E\n      \u003Cdiv class=\u0022teaser-content--image\u0022\u003E\n        \u003Cfigure class=\u0022image--figure\u0022\u003E\n        \u003Cpicture\u003E\n                        \u003Csource srcset=\u0022\/sites\/default\/files\/styles\/teaser_standard__m\/public\/aurora\/2021\/02\/86868.jpeg.webp?itok=pcikIOBI 1x\u0022 media=\u0022(min-width: 48.0625em) and (max-width: 64em)\u0022 type=\u0022image\/webp\u0022 width=\u0022323\u0022 height=\u0022181\u0022\/\u003E\n                  \u003Csource srcset=\u0022\/sites\/default\/files\/styles\/teaser_standard__l\/public\/aurora\/2021\/02\/86868.jpeg.webp?itok=mlY63YQI 1x\u0022 media=\u0022(min-width: 64.0625em)\u0022 type=\u0022image\/webp\u0022 width=\u0022203\u0022 height=\u0022114\u0022\/\u003E\n                  \u003Csource srcset=\u0022\/sites\/default\/files\/styles\/teaser_standard__m\/public\/aurora\/2021\/02\/86868.jpeg?itok=3ngKMwDf 1x\u0022 media=\u0022(min-width: 48.0625em) and (max-width: 64em)\u0022 type=\u0022image\/jpeg\u0022 width=\u0022323\u0022 height=\u0022181\u0022\/\u003E\n                  \u003Csource srcset=\u0022\/sites\/default\/files\/styles\/teaser_standard__l\/public\/aurora\/2021\/02\/86868.jpeg?itok=3s8f4p7z 1x\u0022 media=\u0022(min-width: 64.0625em)\u0022 type=\u0022image\/jpeg\u0022 width=\u0022203\u0022 height=\u0022114\u0022\/\u003E\n                          \u003Cimg alt=\u0022Bild 1\u2002Nach drei Jahren Vorbereitungszeit wurde im Sommer 2019 das bundesweit erste Recyclinghaus fertiggestellt. Die hohen normativen Bauanforderungen lie\u00dfen jedoch \u201enur\u201c eine 50%ige Recyclingquote zu. Neue Materialien wurden so eingebaut, dass sie beim R\u00fcckbau wiederverwendet werden k\u00f6nnen. Der Initiator, Lorenz Hansen, gesch\u00e4ftsf\u00fchrender Gesellschafter der Gundlach Bau- und Immobilien GmbH \u0026amp; Co KG, Hannover: \u201eWir wollten Neuland betreten, in der Praxis erleben, was hier und heute f\u00fcr uns m\u00f6glich ist. Wie nahe kommen wir an 100 % Recycling ran?\u201c\u0022 loading=\u0022eager\u0022 data-caption-hide width=\u0022708\u0022 height=\u0022398\u0022 data-zoomed=\u0022https:\/\/www.tga-fachplaner.de\/sites\/default\/files\/styles\/content__zoomed\/public\/aurora\/2021\/02\/86868.jpeg?itok=e3ABlwxr\u0022 src=\u0022\/sites\/default\/files\/styles\/teaser_standard__s\/public\/aurora\/2021\/02\/86868.jpeg?itok=zoAGHuRk\u0022 title=\u0022\u00a9 Gundlach-Bau\u0022 \/\u003E\n\n    \u003C\/picture\u003E\n      \u003Cfigcaption class=\u0022image--figcaption\u0022\u003E\n          \u003Cdiv class=\u0022copyright\u0022\u003EGundlach-Bau\u003C\/div\u003E\n          \u003C\/figcaption\u003E\n\u003C\/figure\u003E\n\n\n    \u003C\/div\u003E\n    \u003Cdiv class=\u0022teaser-content\u0022\u003E\n                    \u003Cdiv class=\u0022teaser-content--kicker\u0022\u003E\n                    Zukunft BAU auf der BAU\u00a0Online 2021\n        \u003C\/div\u003E\n                                              \n                        \n        \u003Ch4 class=\u0022teaser-content--headline\u0022\u003E\n                                Recycling von Bau- und \n                              \u003Cspan class=\u0022headline-last-word-arrow\u0022\u003EAusbaumaterialien                      \u003C\/span\u003E\n        \u003C\/h4\u003E\n            \u003Cdiv class=\u0022teaser-content--publishing-date\u0022\u003E\u003Ctime datetime=\u00222021-07-21T05:30:02Z\u0022\u003E21.07.2021\u003C\/time\u003E\n\u003C\/div\u003E\u003Cspan class=\u0022teaser-content--publishing-date-divider\u0022\u003E - \u003C\/span\u003E\u003Cdiv class=\u0022teaser-content--body\u0022\u003E\u003Cp\u003EDie alleinige Orientierung an Energieeinsparstrategien und Energieeffizienz reicht nicht aus, die im sogenannten Green Deal definierten Klimaschutzziele zu erreichen. Baufachleute fordern deshalb eine Ressourcenwende anstatt einer Energiewende.\u003C\/p\u003E\n\u003C\/div\u003E\n                        \u003Cspan class=\u0022read-more-arrow-container\u0022\u003E\n            \u003Cspan class=\u0022read-more-angled-arrow\u0022\u003E \u003C\/span\u003E\n          \u003C\/span\u003E\n                  \u003C\/div\u003E\n    \u003C\/a\u003E\n\u003Ca href=\u0022\/gebaeudekonzepte\/zukunft-bau-auf-der-bau-online-2021-co2-neutrale-gebaeude-nur-mit-materialwende\u0022  class=\u0022teaser teaser--standard\u0022 aria-label=\u0022CO\u003Csub\u003E2\u003C\/sub\u003E-neutrale Geb\u00e4ude nur mit Materialwende\u0022\u003E\n      \u003Cdiv class=\u0022teaser-content--image\u0022\u003E\n        \u003Cfigure class=\u0022image--figure\u0022\u003E\n        \u003Cpicture\u003E\n                        \u003Csource srcset=\u0022\/sites\/default\/files\/styles\/teaser_standard__m\/public\/aurora\/2021\/02\/86868.jpeg.webp?itok=pcikIOBI 1x\u0022 media=\u0022(min-width: 48.0625em) and (max-width: 64em)\u0022 type=\u0022image\/webp\u0022 width=\u0022323\u0022 height=\u0022181\u0022\/\u003E\n                  \u003Csource srcset=\u0022\/sites\/default\/files\/styles\/teaser_standard__l\/public\/aurora\/2021\/02\/86868.jpeg.webp?itok=mlY63YQI 1x\u0022 media=\u0022(min-width: 64.0625em)\u0022 type=\u0022image\/webp\u0022 width=\u0022203\u0022 height=\u0022114\u0022\/\u003E\n                  \u003Csource srcset=\u0022\/sites\/default\/files\/styles\/teaser_standard__m\/public\/aurora\/2021\/02\/86868.jpeg?itok=3ngKMwDf 1x\u0022 media=\u0022(min-width: 48.0625em) and (max-width: 64em)\u0022 type=\u0022image\/jpeg\u0022 width=\u0022323\u0022 height=\u0022181\u0022\/\u003E\n                  \u003Csource srcset=\u0022\/sites\/default\/files\/styles\/teaser_standard__l\/public\/aurora\/2021\/02\/86868.jpeg?itok=3s8f4p7z 1x\u0022 media=\u0022(min-width: 64.0625em)\u0022 type=\u0022image\/jpeg\u0022 width=\u0022203\u0022 height=\u0022114\u0022\/\u003E\n                          \u003Cimg alt=\u0022Bild 1\u2002Nach drei Jahren Vorbereitungszeit wurde im Sommer 2019 das bundesweit erste Recyclinghaus fertiggestellt. Die hohen normativen Bauanforderungen lie\u00dfen jedoch \u201enur\u201c eine 50%ige Recyclingquote zu. Neue Materialien wurden so eingebaut, dass sie beim R\u00fcckbau wiederverwendet werden k\u00f6nnen. Der Initiator, Lorenz Hansen, gesch\u00e4ftsf\u00fchrender Gesellschafter der Gundlach Bau- und Immobilien GmbH \u0026amp; Co KG, Hannover: \u201eWir wollten Neuland betreten, in der Praxis erleben, was hier und heute f\u00fcr uns m\u00f6glich ist. Wie nahe kommen wir an 100 % Recycling ran?\u201c\u0022 loading=\u0022eager\u0022 data-caption-hide width=\u0022708\u0022 height=\u0022398\u0022 data-zoomed=\u0022https:\/\/www.tga-fachplaner.de\/sites\/default\/files\/styles\/content__zoomed\/public\/aurora\/2021\/02\/86868.jpeg?itok=e3ABlwxr\u0022 src=\u0022\/sites\/default\/files\/styles\/teaser_standard__s\/public\/aurora\/2021\/02\/86868.jpeg?itok=zoAGHuRk\u0022 title=\u0022\u00a9 Gundlach-Bau\u0022 \/\u003E\n\n    \u003C\/picture\u003E\n      \u003Cfigcaption class=\u0022image--figcaption\u0022\u003E\n          \u003Cdiv class=\u0022copyright\u0022\u003EGundlach-Bau\u003C\/div\u003E\n          \u003C\/figcaption\u003E\n\u003C\/figure\u003E\n\n\n    \u003C\/div\u003E\n    \u003Cdiv class=\u0022teaser-content\u0022\u003E\n                    \u003Cdiv class=\u0022teaser-content--kicker\u0022\u003E\n                    Zukunft BAU auf der BAU\u0026nbsp;Online 2021\n        \u003C\/div\u003E\n                                              \n                        \n        \u003Ch4 class=\u0022teaser-content--headline\u0022\u003E\n                                CO2-neutrale Geb\u00e4ude nur mit \n                              \u003Cspan class=\u0022headline-last-word-arrow\u0022\u003EMaterialwende                      \u003C\/span\u003E\n        \u003C\/h4\u003E\n            \u003Cdiv class=\u0022teaser-content--publishing-date\u0022\u003E\u003Ctime datetime=\u00222021-02-08T00:50:06Z\u0022\u003E08.02.2021\u003C\/time\u003E\n\u003C\/div\u003E\u003Cspan class=\u0022teaser-content--publishing-date-divider\u0022\u003E - \u003C\/span\u003E\u003Cdiv class=\u0022teaser-content--body\u0022\u003E\u003Cp\u003EDie alleinige Orientierung an Energieeinsparstrategien und Energieeffizienz reicht nicht aus, die im sogenannten Green Deal definierten Klimaschutzziele zu erreichen. Baufachleute fordern deshalb eine Ressourcenwende anstatt einer Energiewende. Folglich m\u00fcssten Ressourceneffizienz, Lebenszyklusbetrachtungen und Wiederverwertbarkeit von Bau- und Ausbaumaterialien k\u00fcnftig st\u00e4rker in den Vordergrund treten. Eindr\u00fccke von der digitalen Vortragsreihe der Zukunftsinitiative \u201eZukunft Bau\u201c auf der \u201eBAU\u0026nbsp;Online 2021\u201c mit dem Themenschwerpunkt \u201e10\u0026nbsp;Jahre Effizienzhaus Plus-Initiative\u201c.\u003C\/p\u003E\n\u003C\/div\u003E\n                        \u003Cspan class=\u0022read-more-arrow-container\u0022\u003E\n            \u003Cspan class=\u0022read-more-angled-arrow\u0022\u003E \u003C\/span\u003E\n          \u003C\/span\u003E\n                  \u003C\/div\u003E\n    \u003C\/a\u003E\n\u003Ca href=\u0022\/gebaeudeenergiegesetz\/gebaeudeenergiegesetz-graue-energie-soll-ins-geg\u0022  class=\u0022teaser teaser--standard\u0022 aria-label=\u0022Graue Energie soll ins GEG\u0022\u003E\n      \u003Cdiv class=\u0022teaser-content--image\u0022\u003E\n        \u003Cfigure class=\u0022image--figure\u0022\u003E\n        \u003Cpicture\u003E\n                        \u003Csource srcset=\u0022\/sites\/default\/files\/styles\/teaser_standard__m\/public\/ulmer\/de-tga\/image\/binarydata_original_868658.jpg.webp?itok=VMIRe8U6 1x\u0022 media=\u0022(min-width: 48.0625em) and (max-width: 64em)\u0022 type=\u0022image\/webp\u0022 width=\u0022323\u0022 height=\u0022215\u0022\/\u003E\n                  \u003Csource srcset=\u0022\/sites\/default\/files\/styles\/teaser_standard__l\/public\/ulmer\/de-tga\/image\/binarydata_original_868658.jpg.webp?itok=BtxRFtHq 1x\u0022 media=\u0022(min-width: 64.0625em)\u0022 type=\u0022image\/webp\u0022 width=\u0022203\u0022 height=\u0022135\u0022\/\u003E\n                  \u003Csource srcset=\u0022\/sites\/default\/files\/styles\/teaser_standard__m\/public\/ulmer\/de-tga\/image\/binarydata_original_868658.jpg?itok=dy5K2tiO 1x\u0022 media=\u0022(min-width: 48.0625em) and (max-width: 64em)\u0022 type=\u0022image\/jpeg\u0022 width=\u0022323\u0022 height=\u0022215\u0022\/\u003E\n                  \u003Csource srcset=\u0022\/sites\/default\/files\/styles\/teaser_standard__l\/public\/ulmer\/de-tga\/image\/binarydata_original_868658.jpg?itok=et7ICdvi 1x\u0022 media=\u0022(min-width: 64.0625em)\u0022 type=\u0022image\/jpeg\u0022 width=\u0022203\u0022 height=\u0022135\u0022\/\u003E\n                          \u003Cimg loading=\u0022eager\u0022 data-caption-hide width=\u0022597\u0022 height=\u0022398\u0022 data-zoomed=\u0022https:\/\/www.tga-fachplaner.de\/sites\/default\/files\/styles\/content__zoomed\/public\/ulmer\/de-tga\/image\/binarydata_original_868658.jpg?itok=-Ko-rpMe\u0022 src=\u0022\/sites\/default\/files\/styles\/teaser_standard__s\/public\/ulmer\/de-tga\/image\/binarydata_original_868658.jpg?itok=or6OslGv\u0022 alt=\u0022\u0022 title=\u0022\u00a9 SafakOguz \/ iStock \/ Getty Images Plus\n\u0022 \/\u003E\n\n    \u003C\/picture\u003E\n      \u003Cfigcaption class=\u0022image--figcaption\u0022\u003E\n          \u003Cdiv class=\u0022copyright\u0022\u003ESafakOguz \/ iStock \/ Getty Images Plus\n\u003C\/div\u003E\n          \u003C\/figcaption\u003E\n\u003C\/figure\u003E\n\n\n    \u003C\/div\u003E\n    \u003Cdiv class=\u0022teaser-content\u0022\u003E\n                    \u003Cdiv class=\u0022teaser-content--kicker\u0022\u003E\n                    Geb\u00e4udeenergiegesetz\n        \u003C\/div\u003E\n                                              \n                        \n        \u003Ch4 class=\u0022teaser-content--headline\u0022\u003E\n                                Graue Energie soll ins \n                              \u003Cspan class=\u0022headline-last-word-arrow\u0022\u003EGEG                      \u003C\/span\u003E\n        \u003C\/h4\u003E\n            \u003Cdiv class=\u0022teaser-content--publishing-date\u0022\u003E\u003Ctime datetime=\u00222019-04-02T19:10:34Z\u0022\u003E02.04.2019\u003C\/time\u003E\n\u003C\/div\u003E\u003Cspan class=\u0022teaser-content--publishing-date-divider\u0022\u003E - \u003C\/span\u003E\u003Cdiv class=\u0022teaser-content--body\u0022\u003E\u003Cp\u003EDie Umweltbelastungen, die bei Herstellung, Transport, Verarbeitung und Entsorgung von Baumaterialien entstehen, sollen im k\u00fcnftigen Geb\u00e4udeenergiegesetz (GEG) ber\u00fccksichtigt werden, fordert das Bauwende-B\u00fcndnis.\u003C\/p\u003E\n\u003C\/div\u003E\n                        \u003Cspan class=\u0022read-more-arrow-container\u0022\u003E\n            \u003Cspan class=\u0022read-more-angled-arrow\u0022\u003E \u003C\/span\u003E\n          \u003C\/span\u003E\n                  \u003C\/div\u003E\n    \u003C\/a\u003E\n\u003Ca href=\u0022\/aktuelle-meldung\/gebaeudeenergiegesetz-gruene-eckpunkte-fuer-ein-klimagerechtes-geg\u0022  class=\u0022teaser teaser--standard\u0022 aria-label=\u0022Gr\u00fcne: Eckpunkte f\u00fcr ein klimagerechtes GEG\u0022\u003E\n      \u003Cdiv class=\u0022teaser-content--image\u0022\u003E\n        \u003Cfigure class=\u0022image--figure\u0022\u003E\n        \u003Cpicture\u003E\n                        \u003Csource srcset=\u0022\/sites\/default\/files\/styles\/teaser_standard__m\/public\/ulmer\/de-tga\/image\/binarydata_original_862561.jpg.webp?itok=UyNn8JKB 1x\u0022 media=\u0022(min-width: 48.0625em) and (max-width: 64em)\u0022 type=\u0022image\/webp\u0022 width=\u0022323\u0022 height=\u0022223\u0022\/\u003E\n                  \u003Csource srcset=\u0022\/sites\/default\/files\/styles\/teaser_standard__l\/public\/ulmer\/de-tga\/image\/binarydata_original_862561.jpg.webp?itok=7twtfseJ 1x\u0022 media=\u0022(min-width: 64.0625em)\u0022 type=\u0022image\/webp\u0022 width=\u0022203\u0022 height=\u0022140\u0022\/\u003E\n                  \u003Csource srcset=\u0022\/sites\/default\/files\/styles\/teaser_standard__m\/public\/ulmer\/de-tga\/image\/binarydata_original_862561.jpg?itok=BfIU0rcF 1x\u0022 media=\u0022(min-width: 48.0625em) and (max-width: 64em)\u0022 type=\u0022image\/jpeg\u0022 width=\u0022323\u0022 height=\u0022223\u0022\/\u003E\n                  \u003Csource srcset=\u0022\/sites\/default\/files\/styles\/teaser_standard__l\/public\/ulmer\/de-tga\/image\/binarydata_original_862561.jpg?itok=W7AvlAst 1x\u0022 media=\u0022(min-width: 64.0625em)\u0022 type=\u0022image\/jpeg\u0022 width=\u0022203\u0022 height=\u0022140\u0022\/\u003E\n                          \u003Cimg loading=\u0022eager\u0022 data-caption-hide width=\u0022575\u0022 height=\u0022398\u0022 data-zoomed=\u0022https:\/\/www.tga-fachplaner.de\/sites\/default\/files\/styles\/content__zoomed\/public\/ulmer\/de-tga\/image\/binarydata_original_862561.jpg?itok=gRSOTOd4\u0022 src=\u0022\/sites\/default\/files\/styles\/teaser_standard__s\/public\/ulmer\/de-tga\/image\/binarydata_original_862561.jpg?itok=3lxttFWJ\u0022 title=\u0022\u00a9 ulimi \/ DigitalVision Vectors \/ gettyimages\n\u0022 \/\u003E\n\n    \u003C\/picture\u003E\n      \u003Cfigcaption class=\u0022image--figcaption\u0022\u003E\n          \u003Cdiv class=\u0022copyright\u0022\u003Eulimi \/ DigitalVision Vectors \/ gettyimages\n\u003C\/div\u003E\n          \u003C\/figcaption\u003E\n\u003C\/figure\u003E\n\n\n    \u003C\/div\u003E\n    \u003Cdiv class=\u0022teaser-content\u0022\u003E\n                    \u003Cdiv class=\u0022teaser-content--kicker\u0022\u003E\n                    Geb\u00e4udeenergiegesetz\n        \u003C\/div\u003E\n                                              \n                        \n        \u003Ch4 class=\u0022teaser-content--headline\u0022\u003E\n                                Gr\u00fcne: Eckpunkte f\u00fcr ein klimagerechtes \n                              \u003Cspan class=\u0022headline-last-word-arrow\u0022\u003EGEG                      \u003C\/span\u003E\n        \u003C\/h4\u003E\n            \u003Cdiv class=\u0022teaser-content--publishing-date\u0022\u003E\u003Ctime datetime=\u00222019-03-07T15:04:00Z\u0022\u003E07.03.2019\u003C\/time\u003E\n\u003C\/div\u003E\u003Cspan class=\u0022teaser-content--publishing-date-divider\u0022\u003E - \u003C\/span\u003E\u003Cdiv class=\u0022teaser-content--body\u0022\u003E\u003Cp\u003EJulia Verlinden, Sprecherin f\u00fcr Energiepolitik der Bundestagsfraktion B\u00fcndnis 90\/Die Gr\u00fcnen, hat gemeinsam mit Chris K\u00fchn, Sprecher f\u00fcr Bau- und Wohnungspolitik der gr\u00fcnen Bundestagsfraktion, und Jens Kerstan, Senator f\u00fcr Umwelt und Energie in Hamburg, f\u00fcnf Eckpunkte formuliert, die ein wirksames Geb\u00e4udeenergiegesetz umsetzen muss.\u003C\/p\u003E\n\u003C\/div\u003E\n                        \u003Cspan class=\u0022read-more-arrow-container\u0022\u003E\n            \u003Cspan class=\u0022read-more-angled-arrow\u0022\u003E \u003C\/span\u003E\n          \u003C\/span\u003E\n                  \u003C\/div\u003E\n    \u003C\/a\u003E\n\u003Ca href=\u0022\/klimatechnik\/referenzprojekt-zehnder-heiz-und-kuehldecke-fuer-passivhaus-buero\u0022  class=\u0022teaser teaser--standard\u0022 aria-label=\u0022Heiz- und K\u00fchldecke f\u00fcr Passivhaus-B\u00fcro\u0022\u003E\n      \u003Cdiv class=\u0022teaser-content--image\u0022\u003E\n        \u003Cfigure class=\u0022image--figure\u0022\u003E\n        \u003Cpicture\u003E\n                        \u003Csource srcset=\u0022\/sites\/default\/files\/styles\/teaser_standard__m\/public\/ulmer\/de-tga\/image\/binarydata_original_862753.jpg.webp?itok=KD1UECZt 1x\u0022 media=\u0022(min-width: 48.0625em) and (max-width: 64em)\u0022 type=\u0022image\/webp\u0022 width=\u0022323\u0022 height=\u0022211\u0022\/\u003E\n                  \u003Csource srcset=\u0022\/sites\/default\/files\/styles\/teaser_standard__l\/public\/ulmer\/de-tga\/image\/binarydata_original_862753.jpg.webp?itok=HZE2oe_Z 1x\u0022 media=\u0022(min-width: 64.0625em)\u0022 type=\u0022image\/webp\u0022 width=\u0022203\u0022 height=\u0022133\u0022\/\u003E\n                  \u003Csource srcset=\u0022\/sites\/default\/files\/styles\/teaser_standard__m\/public\/ulmer\/de-tga\/image\/binarydata_original_862753.jpg?itok=7MwH1Z_U 1x\u0022 media=\u0022(min-width: 48.0625em) and (max-width: 64em)\u0022 type=\u0022image\/jpeg\u0022 width=\u0022323\u0022 height=\u0022211\u0022\/\u003E\n                  \u003Csource srcset=\u0022\/sites\/default\/files\/styles\/teaser_standard__l\/public\/ulmer\/de-tga\/image\/binarydata_original_862753.jpg?itok=I-4TDHQb 1x\u0022 media=\u0022(min-width: 64.0625em)\u0022 type=\u0022image\/jpeg\u0022 width=\u0022203\u0022 height=\u0022133\u0022\/\u003E\n                          \u003Cimg loading=\u0022eager\u0022 data-caption-hide width=\u0022608\u0022 height=\u0022398\u0022 alt=\u0022\n\n\n\n1\n\u2002Passivhaus-B\u00fcrogeb\u00e4ude von J\u00e4ger Haustechnik. Dem CO\n2\n-neutralen SHK-Unternehmen waren bei dem Neubau Energieeffizienz und Nachhaltigkeit besonders wichtig. \n\u0022 data-zoomed=\u0022https:\/\/www.tga-fachplaner.de\/sites\/default\/files\/styles\/content__zoomed\/public\/ulmer\/de-tga\/image\/binarydata_original_862753.jpg?itok=yBYphetj\u0022 src=\u0022\/sites\/default\/files\/styles\/teaser_standard__s\/public\/ulmer\/de-tga\/image\/binarydata_original_862753.jpg?itok=2k5MiY26\u0022 title=\u0022\u00a9 Zehnder Group Deutschland GmbH, Lahr\n\n\u0022 \/\u003E\n\n    \u003C\/picture\u003E\n      \u003Cfigcaption class=\u0022image--figcaption\u0022\u003E\n          \u003Cdiv class=\u0022copyright\u0022\u003EZehnder Group Deutschland GmbH, Lahr\n\n\u003C\/div\u003E\n          \u003C\/figcaption\u003E\n\u003C\/figure\u003E\n\n\n    \u003C\/div\u003E\n    \u003Cdiv class=\u0022teaser-content\u0022\u003E\n                    \u003Cdiv class=\u0022teaser-content--kicker\u0022\u003E\n                    Referenzprojekt Zehnder\n        \u003C\/div\u003E\n                                              \n                        \n        \u003Ch4 class=\u0022teaser-content--headline\u0022\u003E\n                                Heiz- und K\u00fchldecke f\u00fcr \n                              \u003Cspan class=\u0022headline-last-word-arrow\u0022\u003EPassivhaus-B\u00fcro              \u003Cspan\n                  class=\u0022permission-lock permission-lock-icon--lock\u0022\u003E\u003C\/span\u003E\n                                  \u003C\/span\u003E\n        \u003C\/h4\u003E\n            \u003Cdiv class=\u0022teaser-content--publishing-date\u0022\u003E\u003Ctime datetime=\u00222019-02-27T12:15:11Z\u0022\u003E27.02.2019\u003C\/time\u003E\n\u003C\/div\u003E\u003Cspan class=\u0022teaser-content--publishing-date-divider\u0022\u003E - \u003C\/span\u003E\u003Cdiv class=\u0022teaser-content--body\u0022\u003E\u003Cp\u003EDas Familienunternehmen J\u00e4ger Heizung-Sanit\u00e4r hat seinen Standort in Karlsruhe um ein dreist\u00f6ckiges B\u00fcrogeb\u00e4ude erweitert. Als CO\u003Csub\u003E2\u003C\/sub\u003E-neutrales Unternehmen waren dabei Umweltfreundlichkeit und Nachhaltigkeit ein besonderes Anliegen, sodass man sich f\u00fcr einen Neubau mit Passivhaus-Standard entschied. Daf\u00fcr war ein energieeffizientes und optisch ansprechendes Heiz- und K\u00fchlsystem gefragt, eine Betonkernaktivierung war mit den Nachhaltigkeitsvorgaben nicht vereinbar.\u003C\/p\u003E\n\u003C\/div\u003E\n                        \u003Cspan class=\u0022read-more-arrow-container\u0022\u003E\n            \u003Cspan class=\u0022read-more-angled-arrow\u0022\u003E \u003C\/span\u003E\n          \u003C\/span\u003E\n                  \u003C\/div\u003E\n    \u003C\/a\u003E\n\u003Ca href=\u0022\/gebaeudetechnik\/tagung-effizienzhaus-plus-im-rahmen-der-bau-ergebnisse-sprechen-fuer-standard-kfw\u0022  class=\u0022teaser teaser--standard\u0022 aria-label=\u0022Ergebnisse sprechen f\u00fcr Standard KfW 55+\u0022\u003E\n      \u003Cdiv class=\u0022teaser-content--image\u0022\u003E\n        \u003Cfigure class=\u0022image--figure\u0022\u003E\n        \u003Cpicture\u003E\n                        \u003Csource srcset=\u0022\/sites\/default\/files\/styles\/teaser_standard__m\/public\/ulmer\/de-tga\/image\/binarydata_original_862607.jpg.webp?itok=SAAYCgGu 1x\u0022 media=\u0022(min-width: 48.0625em) and (max-width: 64em)\u0022 type=\u0022image\/webp\u0022 width=\u0022323\u0022 height=\u0022194\u0022\/\u003E\n                  \u003Csource srcset=\u0022\/sites\/default\/files\/styles\/teaser_standard__l\/public\/ulmer\/de-tga\/image\/binarydata_original_862607.jpg.webp?itok=KvuqoWuD 1x\u0022 media=\u0022(min-width: 64.0625em)\u0022 type=\u0022image\/webp\u0022 width=\u0022203\u0022 height=\u0022122\u0022\/\u003E\n                  \u003Csource srcset=\u0022\/sites\/default\/files\/styles\/teaser_standard__m\/public\/ulmer\/de-tga\/image\/binarydata_original_862607.jpg?itok=BSbc3SE7 1x\u0022 media=\u0022(min-width: 48.0625em) and (max-width: 64em)\u0022 type=\u0022image\/jpeg\u0022 width=\u0022323\u0022 height=\u0022194\u0022\/\u003E\n                  \u003Csource srcset=\u0022\/sites\/default\/files\/styles\/teaser_standard__l\/public\/ulmer\/de-tga\/image\/binarydata_original_862607.jpg?itok=tFH2O9tE 1x\u0022 media=\u0022(min-width: 64.0625em)\u0022 type=\u0022image\/jpeg\u0022 width=\u0022203\u0022 height=\u0022122\u0022\/\u003E\n                          \u003Cimg alt=\u0022\n\n\n\n1\n\u2002Ohne F\u00f6rderung, aber mithilfe einer sehr auf Effizienz und Wirtschaftlichkeit ausgerichteten Planung ist diese Siedlung im \u201eEffizienzhaus Plus-Standard\u201c im bayerischen Friedberg entstanden. Die Anwohner best\u00e4tigten, dass der Schnee durch die steilen Giebeld\u00e4cher gezielt abgerutscht ist. \n\u0022 loading=\u0022eager\u0022 data-caption-hide width=\u0022662\u0022 height=\u0022398\u0022 data-zoomed=\u0022https:\/\/www.tga-fachplaner.de\/sites\/default\/files\/styles\/content__zoomed\/public\/ulmer\/de-tga\/image\/binarydata_original_862607.jpg?itok=oJnZKsxo\u0022 src=\u0022\/sites\/default\/files\/styles\/teaser_standard__s\/public\/ulmer\/de-tga\/image\/binarydata_original_862607.jpg?itok=BWrqFexS\u0022 title=\u0022\u00a9 Wolfgang Schmid\n\n\u0022 \/\u003E\n\n    \u003C\/picture\u003E\n      \u003Cfigcaption class=\u0022image--figcaption\u0022\u003E\n          \u003Cdiv class=\u0022copyright\u0022\u003EWolfgang Schmid\n\n\u003C\/div\u003E\n          \u003C\/figcaption\u003E\n\u003C\/figure\u003E\n\n\n    \u003C\/div\u003E\n    \u003Cdiv class=\u0022teaser-content\u0022\u003E\n                    \u003Cdiv class=\u0022teaser-content--kicker\u0022\u003E\n                    Tagung Effizienzhaus Plus im Rahmen der BAU\n        \u003C\/div\u003E\n                                              \n                        \n        \u003Ch4 class=\u0022teaser-content--headline\u0022\u003E\n                                Ergebnisse sprechen f\u00fcr Standard KfW \n                              \u003Cspan class=\u0022headline-last-word-arrow\u0022\u003E55+              \u003Cspan\n                  class=\u0022permission-lock permission-lock-icon--lock\u0022\u003E\u003C\/span\u003E\n                                  \u003C\/span\u003E\n        \u003C\/h4\u003E\n            \u003Cdiv class=\u0022teaser-content--publishing-date\u0022\u003E\u003Ctime datetime=\u00222019-02-27T12:15:02Z\u0022\u003E27.02.2019\u003C\/time\u003E\n\u003C\/div\u003E\u003Cspan class=\u0022teaser-content--publishing-date-divider\u0022\u003E - \u003C\/span\u003E\u003Cdiv class=\u0022teaser-content--body\u0022\u003E\u003Cp\u003EWohngeb\u00e4ude, die mehr erneuerbare Energie generieren als sie verbrauchen, sind nahezu marktreif. Mit diesem Ergebnis setzte der 14. Workshop \u201eNetzwerk Effizienzhaus Plus\u201c den entscheidenden Akzent in der Evolution der Energiesparh\u00e4user. Dennoch ben\u00f6tige die seit neun Jahren laufende Initiative weiterhin F\u00f6rderung, so die Einsch\u00e4tzung der Teilnehmer des Workshops. Wichtige peri-phere Ma\u00dfnahmen zu einer h\u00f6heren Geb\u00e4udeenergieeffizienz seien die Einf\u00fchrung einer CO\u003Csub\u003E2\u003C\/sub\u003E-Steuer auf fossile Energietr\u00e4ger, eine intensive Begleitung des Planungs- und Ausf\u00fchrungsprozesses sowie Mieterstromkonzepte f\u00fcr selbst erzeugten PV-Strom, beispielsweise in Form einer Warmmiete.\u003C\/p\u003E\n\u003C\/div\u003E\n                        \u003Cspan class=\u0022read-more-arrow-container\u0022\u003E\n            \u003Cspan class=\u0022read-more-angled-arrow\u0022\u003E \u003C\/span\u003E\n          \u003C\/span\u003E\n                  \u003C\/div\u003E\n    \u003C\/a\u003E\n\u003Ca href=\u0022\/objekt-des-monats\/pauschalmiete-und-energieflatrate\u0022  class=\u0022teaser teaser--standard\u0022 aria-label=\u0022Pauschalmiete und Energieflatrate\u0022\u003E\n      \u003Cdiv class=\u0022teaser-content--image\u0022\u003E\n        \u003Cfigure class=\u0022image--figure\u0022\u003E\n        \u003Cpicture\u003E\n                        \u003Csource srcset=\u0022\/sites\/default\/files\/styles\/teaser_standard__m\/public\/ulmer\/de-tga\/image\/binarydata_original_857594.jpg.webp?itok=5-kPIBz4 1x\u0022 media=\u0022(min-width: 48.0625em) and (max-width: 64em)\u0022 type=\u0022image\/webp\u0022 width=\u0022323\u0022 height=\u0022205\u0022\/\u003E\n                  \u003Csource srcset=\u0022\/sites\/default\/files\/styles\/teaser_standard__l\/public\/ulmer\/de-tga\/image\/binarydata_original_857594.jpg.webp?itok=L2ZKnkMm 1x\u0022 media=\u0022(min-width: 64.0625em)\u0022 type=\u0022image\/webp\u0022 width=\u0022203\u0022 height=\u0022129\u0022\/\u003E\n                  \u003Csource srcset=\u0022\/sites\/default\/files\/styles\/teaser_standard__m\/public\/ulmer\/de-tga\/image\/binarydata_original_857594.jpg?itok=6HR7pFWs 1x\u0022 media=\u0022(min-width: 48.0625em) and (max-width: 64em)\u0022 type=\u0022image\/jpeg\u0022 width=\u0022323\u0022 height=\u0022205\u0022\/\u003E\n                  \u003Csource srcset=\u0022\/sites\/default\/files\/styles\/teaser_standard__l\/public\/ulmer\/de-tga\/image\/binarydata_original_857594.jpg?itok=IcSrGfi8 1x\u0022 media=\u0022(min-width: 64.0625em)\u0022 type=\u0022image\/jpeg\u0022 width=\u0022203\u0022 height=\u0022129\u0022\/\u003E\n                          \u003Cimg alt=\u0022\n\u0022 loading=\u0022eager\u0022 data-caption-hide width=\u0022627\u0022 height=\u0022398\u0022 data-zoomed=\u0022https:\/\/www.tga-fachplaner.de\/sites\/default\/files\/styles\/content__zoomed\/public\/ulmer\/de-tga\/image\/binarydata_original_857594.jpg?itok=0-xNdicW\u0022 src=\u0022\/sites\/default\/files\/styles\/teaser_standard__s\/public\/ulmer\/de-tga\/image\/binarydata_original_857594.jpg?itok=QJJdyuZs\u0022 title=\u0022\u00a9 Wilhelmshavener Spar- und Baugesellschaft\n\n\u0022 \/\u003E\n\n    \u003C\/picture\u003E\n      \u003Cfigcaption class=\u0022image--figcaption\u0022\u003E\n          \u003Cdiv class=\u0022copyright\u0022\u003EWilhelmshavener Spar- und Baugesellschaft\n\n\u003C\/div\u003E\n          \u003C\/figcaption\u003E\n\u003C\/figure\u003E\n\n\n    \u003C\/div\u003E\n    \u003Cdiv class=\u0022teaser-content\u0022\u003E\n                    \u003Cdiv class=\u0022teaser-content--kicker\u0022\u003E\n                    \n        \u003C\/div\u003E\n                                              \n                        \n        \u003Ch4 class=\u0022teaser-content--headline\u0022\u003E\n                                Pauschalmiete und \n                              \u003Cspan class=\u0022headline-last-word-arrow\u0022\u003EEnergieflatrate                      \u003C\/span\u003E\n        \u003C\/h4\u003E\n            \u003Cdiv class=\u0022teaser-content--publishing-date\u0022\u003E\u003Ctime datetime=\u00222019-01-28T14:00:12Z\u0022\u003E28.01.2019\u003C\/time\u003E\n\u003C\/div\u003E\u003Cspan class=\u0022teaser-content--publishing-date-divider\u0022\u003E - \u003C\/span\u003E\u003Cdiv class=\u0022teaser-content--body\u0022\u003E  \u003Cp\u003E\u003Cbr\u003E\u003Cbr \/\u003E\n    In Wilhelmshaven hat die Spar- und Baugesellschaft iim Dezember 2018 ein Leuchtturmprojekt f\u00fcr die Immobilienwirtschaft eingeweiht: Das erste \u201eenergieautarke\u201c Mehrfamilienhaus Niedersachsens. Mit gro\u00dfen Solarthermie- (96\u2004m\u003Cbr\u003E\u003Cbr \/\u003E\n    \u003Csup\u003E\u003Cbr\u003E\u003Cbr \/\u003E\n     2\u003Cbr\u003E\u003Cbr \/\u003E\n    \u003C\/sup\u003E\u003Cbr\u003E\u003Cbr \/\u003E\n    , 16\u0026nbsp;900\u2004kWh\/a) und Photovoltaik-Anlagen (196\u2004m\u003Cbr\u003E...\u003C\/p\u003E\n\n\n\u003C\/div\u003E\n                        \u003Cspan class=\u0022read-more-arrow-container\u0022\u003E\n            \u003Cspan class=\u0022read-more-angled-arrow\u0022\u003E \u003C\/span\u003E\n          \u003C\/span\u003E\n                  \u003C\/div\u003E\n    \u003C\/a\u003E\n\u003Ca href=\u0022\/bauen\/bauen-geg-standard-ist-laengst-baupraxis\u0022  class=\u0022teaser teaser--standard\u0022 aria-label=\u0022GEG-Standard ist l\u00e4ngst Baupraxis\u0022\u003E\n      \u003Cdiv class=\u0022teaser-content--image\u0022\u003E\n        \u003Cfigure class=\u0022image--figure\u0022\u003E\n        \u003Cpicture\u003E\n                        \u003Csource srcset=\u0022\/sites\/default\/files\/styles\/teaser_standard__m\/public\/ulmer\/de-tga\/image\/binarydata_original_782264.jpg.webp?itok=D6hcDICX 1x\u0022 media=\u0022(min-width: 48.0625em) and (max-width: 64em)\u0022 type=\u0022image\/webp\u0022 width=\u0022323\u0022 height=\u0022231\u0022\/\u003E\n                  \u003Csource srcset=\u0022\/sites\/default\/files\/styles\/teaser_standard__l\/public\/ulmer\/de-tga\/image\/binarydata_original_782264.jpg.webp?itok=VhEA0V7P 1x\u0022 media=\u0022(min-width: 64.0625em)\u0022 type=\u0022image\/webp\u0022 width=\u0022203\u0022 height=\u0022145\u0022\/\u003E\n                  \u003Csource srcset=\u0022\/sites\/default\/files\/styles\/teaser_standard__m\/public\/ulmer\/de-tga\/image\/binarydata_original_782264.jpg?itok=Q6Z3oVlv 1x\u0022 media=\u0022(min-width: 48.0625em) and (max-width: 64em)\u0022 type=\u0022image\/jpeg\u0022 width=\u0022323\u0022 height=\u0022231\u0022\/\u003E\n                  \u003Csource srcset=\u0022\/sites\/default\/files\/styles\/teaser_standard__l\/public\/ulmer\/de-tga\/image\/binarydata_original_782264.jpg?itok=_ZL1LqbC 1x\u0022 media=\u0022(min-width: 64.0625em)\u0022 type=\u0022image\/jpeg\u0022 width=\u0022203\u0022 height=\u0022145\u0022\/\u003E\n                          \u003Cimg loading=\u0022eager\u0022 data-caption-hide width=\u0022557\u0022 height=\u0022398\u0022 data-zoomed=\u0022https:\/\/www.tga-fachplaner.de\/sites\/default\/files\/styles\/content__zoomed\/public\/ulmer\/de-tga\/image\/binarydata_original_782264.jpg?itok=HWISdeWb\u0022 src=\u0022\/sites\/default\/files\/styles\/teaser_standard__s\/public\/ulmer\/de-tga\/image\/binarydata_original_782264.jpg?itok=Tw7zb-mv\u0022 title=\u0022\u00a9 3379 \/ iStock \/ Thinkstock\n\u0022 \/\u003E\n\n    \u003C\/picture\u003E\n      \u003Cfigcaption class=\u0022image--figcaption\u0022\u003E\n          \u003Cdiv class=\u0022copyright\u0022\u003E3379 \/ iStock \/ Thinkstock\n\u003C\/div\u003E\n          \u003C\/figcaption\u003E\n\u003C\/figure\u003E\n\n\n    \u003C\/div\u003E\n    \u003Cdiv class=\u0022teaser-content\u0022\u003E\n                    \u003Cdiv class=\u0022teaser-content--kicker\u0022\u003E\n                    Bauen\n        \u003C\/div\u003E\n                                              \n                        \n        \u003Ch4 class=\u0022teaser-content--headline\u0022\u003E\n                                GEG-Standard ist l\u00e4ngst \n                              \u003Cspan class=\u0022headline-last-word-arrow\u0022\u003EBaupraxis                      \u003C\/span\u003E\n        \u003C\/h4\u003E\n            \u003Cdiv class=\u0022teaser-content--publishing-date\u0022\u003E\u003Ctime datetime=\u00222017-09-07T06:33:39Z\u0022\u003E07.09.2017\u003C\/time\u003E\n\u003C\/div\u003E\u003Cspan class=\u0022teaser-content--publishing-date-divider\u0022\u003E - \u003C\/span\u003E\u003Cdiv class=\u0022teaser-content--body\u0022\u003E\u003Cp\u003EEnergieeffizientes Bauen ist so gefragt wie nie zuvor. Von Juli 2016 bis Juni 2017 \u00fcbertrafen mehr als die H\u00e4lfte aller neuen Wohnungen die EnEV-Anforderungen deutlich. Das im gescheiterten Geb\u00e4udeenergiegesetz (GEG) vorgesehene Effizienzhaus 55 als Mindestanforderung ist damit l\u00e4ngst Baupraxis.\u003C\/p\u003E\n\u003C\/div\u003E\n                        \u003Cspan class=\u0022read-more-arrow-container\u0022\u003E\n            \u003Cspan class=\u0022read-more-angled-arrow\u0022\u003E \u003C\/span\u003E\n          \u003C\/span\u003E\n                  \u003C\/div\u003E\n    \u003C\/a\u003E\n\u003Ca href=\u0022\/objekt-des-monats\/das-erste-energieautarke-mehrfamilienhaus\u0022  class=\u0022teaser teaser--standard\u0022 aria-label=\u0022Das erste energieautarke Mehrfamilienhaus\u0022\u003E\n      \u003Cdiv class=\u0022teaser-content--image\u0022\u003E\n        \u003Cfigure class=\u0022image--figure\u0022\u003E\n        \u003Cpicture\u003E\n                        \u003Csource srcset=\u0022\/sites\/default\/files\/styles\/teaser_standard__m\/public\/ulmer\/de-tga\/image\/binarydata_original_732465.jpg.webp?itok=0tJy69m_ 1x\u0022 media=\u0022(min-width: 48.0625em) and (max-width: 64em)\u0022 type=\u0022image\/webp\u0022 width=\u0022323\u0022 height=\u0022231\u0022\/\u003E\n                  \u003Csource srcset=\u0022\/sites\/default\/files\/styles\/teaser_standard__l\/public\/ulmer\/de-tga\/image\/binarydata_original_732465.jpg.webp?itok=V_hBWUaT 1x\u0022 media=\u0022(min-width: 64.0625em)\u0022 type=\u0022image\/webp\u0022 width=\u0022203\u0022 height=\u0022145\u0022\/\u003E\n                  \u003Csource srcset=\u0022\/sites\/default\/files\/styles\/teaser_standard__m\/public\/ulmer\/de-tga\/image\/binarydata_original_732465.jpg?itok=yS10uICx 1x\u0022 media=\u0022(min-width: 48.0625em) and (max-width: 64em)\u0022 type=\u0022image\/jpeg\u0022 width=\u0022323\u0022 height=\u0022231\u0022\/\u003E\n                  \u003Csource srcset=\u0022\/sites\/default\/files\/styles\/teaser_standard__l\/public\/ulmer\/de-tga\/image\/binarydata_original_732465.jpg?itok=mh2oubAb 1x\u0022 media=\u0022(min-width: 64.0625em)\u0022 type=\u0022image\/jpeg\u0022 width=\u0022203\u0022 height=\u0022145\u0022\/\u003E\n                          \u003Cimg alt=\u0022\n\n\n\n\u0022 loading=\u0022eager\u0022 data-caption-hide width=\u0022556\u0022 height=\u0022398\u0022 data-zoomed=\u0022https:\/\/www.tga-fachplaner.de\/sites\/default\/files\/styles\/content__zoomed\/public\/ulmer\/de-tga\/image\/binarydata_original_732465.jpg?itok=65WxJ04V\u0022 src=\u0022\/sites\/default\/files\/styles\/teaser_standard__s\/public\/ulmer\/de-tga\/image\/binarydata_original_732465.jpg?itok=7u5pmOWP\u0022 title=\u0022\u00a9 Hoval\n\n\u0022 \/\u003E\n\n    \u003C\/picture\u003E\n      \u003Cfigcaption class=\u0022image--figcaption\u0022\u003E\n          \u003Cdiv class=\u0022copyright\u0022\u003EHoval\n\n\u003C\/div\u003E\n          \u003C\/figcaption\u003E\n\u003C\/figure\u003E\n\n\n    \u003C\/div\u003E\n    \u003Cdiv class=\u0022teaser-content\u0022\u003E\n                    \u003Cdiv class=\u0022teaser-content--kicker\u0022\u003E\n                    \n        \u003C\/div\u003E\n                                              \n                        \n        \u003Ch4 class=\u0022teaser-content--headline\u0022\u003E\n                                Das erste energieautarke \n                              \u003Cspan class=\u0022headline-last-word-arrow\u0022\u003EMehrfamilienhaus                      \u003C\/span\u003E\n        \u003C\/h4\u003E\n            \u003Cdiv class=\u0022teaser-content--publishing-date\u0022\u003E\u003Ctime datetime=\u00222016-09-29T12:15:19Z\u0022\u003E29.09.2016\u003C\/time\u003E\n\u003C\/div\u003E\u003Cspan class=\u0022teaser-content--publishing-date-divider\u0022\u003E - \u003C\/span\u003E\u003Cdiv class=\u0022teaser-content--body\u0022\u003E  \u003Cp\u003E\u003Cbr\u003E\u003Cbr \/\u003E\n    Im schweizerischen Br\u00fctten bei Z\u00fcrich ist k\u00fcrzlich ein besonderes Mehrfamilienhaus\u003Cbr\u003E\u003Cbr \/\u003E\n    \u003Cbr\u003E\u003Cbr \/\u003E\n     1\u003Cbr\u003E\u003Cbr \/\u003E\n    \u003Cbr\u003E\u003Cbr \/\u003E\n    mit neun Mietwohnungen\u003Cbr\u003E\u003Cbr \/\u003E\n    \u003Cbr\u003E\u003Cbr \/\u003E\n     2\u003Cbr\u003E\u003Cbr \/\u003E\n    \u003Cbr\u003E\u003Cbr \/\u003E\n    eingeweiht worden. Es ist das erste vollst\u00e4ndig energieautarke Mehrfamilienhaus und kommt ohne Anschluss an das Stromnetz und andere Energietr\u00e4ger...\u003C\/p\u003E\n\n\n\u003C\/div\u003E\n                        \u003Cspan class=\u0022read-more-arrow-container\u0022\u003E\n            \u003Cspan class=\u0022read-more-angled-arrow\u0022\u003E \u003C\/span\u003E\n          \u003C\/span\u003E\n                  \u003C\/div\u003E\n    \u003C\/a\u003E\n\u003Ca href=\u0022\/raumlufttechnik\/referenzprojekt-airflow-lufttechnik-null-energie-haus-fuer-neue-wege\u0022  class=\u0022teaser teaser--standard\u0022 aria-label=\u0022Null-Energie-Haus f\u00fcr \u201cNeue Wege\u201c\u0022\u003E\n      \u003Cdiv class=\u0022teaser-content--image\u0022\u003E\n        \u003Cfigure class=\u0022image--figure\u0022\u003E\n        \u003Cpicture\u003E\n                        \u003Csource srcset=\u0022\/sites\/default\/files\/styles\/teaser_standard__m\/public\/ulmer\/de-tga\/image\/binarydata_original_637884.jpg.webp?itok=skhd9OtV 1x\u0022 media=\u0022(min-width: 48.0625em) and (max-width: 64em)\u0022 type=\u0022image\/webp\u0022 width=\u0022323\u0022 height=\u0022167\u0022\/\u003E\n                  \u003Csource srcset=\u0022\/sites\/default\/files\/styles\/teaser_standard__l\/public\/ulmer\/de-tga\/image\/binarydata_original_637884.jpg.webp?itok=mrd6kmyT 1x\u0022 media=\u0022(min-width: 64.0625em)\u0022 type=\u0022image\/webp\u0022 width=\u0022203\u0022 height=\u0022105\u0022\/\u003E\n                  \u003Csource srcset=\u0022\/sites\/default\/files\/styles\/teaser_standard__m\/public\/ulmer\/de-tga\/image\/binarydata_original_637884.jpg?itok=G3bw0ouc 1x\u0022 media=\u0022(min-width: 48.0625em) and (max-width: 64em)\u0022 type=\u0022image\/jpeg\u0022 width=\u0022323\u0022 height=\u0022167\u0022\/\u003E\n                  \u003Csource srcset=\u0022\/sites\/default\/files\/styles\/teaser_standard__l\/public\/ulmer\/de-tga\/image\/binarydata_original_637884.jpg?itok=MGCYEPzy 1x\u0022 media=\u0022(min-width: 64.0625em)\u0022 type=\u0022image\/jpeg\u0022 width=\u0022203\u0022 height=\u0022105\u0022\/\u003E\n                          \u003Cimg alt=\u0022\n\n\n\n1\n\u2002Beispiel f\u00fcr nachhaltige Architektur: das B\u00fcrogeb\u00e4ude des Unternehmens \u201eNeue Wege Seminare \u0026amp; Reisen\u201c in Rheinbach. Seit Ende 2013 bietet das Null-Energie-Haus auf rund 1000\u2004m\n2\n Fl\u00e4che Platz f\u00fcr rund 35 Mitarbeiter. \n\u0022 loading=\u0022eager\u0022 data-caption-hide width=\u0022708\u0022 height=\u0022366\u0022 data-zoomed=\u0022https:\/\/www.tga-fachplaner.de\/sites\/default\/files\/styles\/content__zoomed\/public\/ulmer\/de-tga\/image\/binarydata_original_637884.jpg?itok=vMTUUjwD\u0022 src=\u0022\/sites\/default\/files\/styles\/teaser_standard__s\/public\/ulmer\/de-tga\/image\/binarydata_original_637884.jpg?itok=QC_p5ESV\u0022 title=\u0022\u00a9 Bild: Airflow Lufttechnik GmbH\n\n\u0022 \/\u003E\n\n    \u003C\/picture\u003E\n      \u003Cfigcaption class=\u0022image--figcaption\u0022\u003E\n          \u003Cdiv class=\u0022copyright\u0022\u003EBild: Airflow Lufttechnik GmbH\n\n\u003C\/div\u003E\n          \u003C\/figcaption\u003E\n\u003C\/figure\u003E\n\n\n    \u003C\/div\u003E\n    \u003Cdiv class=\u0022teaser-content\u0022\u003E\n                    \u003Cdiv class=\u0022teaser-content--kicker\u0022\u003E\n                    Referenzprojekt Airflow Lufttechnik\n        \u003C\/div\u003E\n                                              \n                        \n        \u003Ch4 class=\u0022teaser-content--headline\u0022\u003E\n                                Null-Energie-Haus f\u00fcr \u201cNeue \n                              \u003Cspan class=\u0022headline-last-word-arrow\u0022\u003EWege\u201c              \u003Cspan\n                  class=\u0022permission-lock permission-lock-icon--lock\u0022\u003E\u003C\/span\u003E\n                                  \u003C\/span\u003E\n        \u003C\/h4\u003E\n            \u003Cdiv class=\u0022teaser-content--publishing-date\u0022\u003E\u003Ctime datetime=\u00222015-02-27T08:04:48Z\u0022\u003E27.02.2015\u003C\/time\u003E\n\u003C\/div\u003E\u003Cspan class=\u0022teaser-content--publishing-date-divider\u0022\u003E - \u003C\/span\u003E\u003Cdiv class=\u0022teaser-content--body\u0022\u003E\u003Cp\u003E\u201eBewusst, gesund, nat\u00fcrlich reisen\u201c \u2013 diesen Leitsatz setzt der Rheinbacher Reiseveranstalter \u201eNeue Wege\u201c f\u00fcr seine Kunden um. Auf den vom Unternehmen organisierten Reisen hinterlassen die Urlauber nichts als Fu\u00dfspuren, und nehmen nichts als Eindr\u00fccke mit. Getreu der nachhaltigen Philosophie sollte auch das neu erbaute B\u00fcrogeb\u00e4ude in das Konzept des Unternehmens passen. Des-halb entwickelte Faktor4 Architekten ein Haus mit nat\u00fcrlichen Materialien und neuester Technik. In der Jahresbilanz ist das B\u00fcrogeb\u00e4ude ein Null-Energie-Haus. \u003C\/p\u003E\n\u003C\/div\u003E\n                        \u003Cspan class=\u0022read-more-arrow-container\u0022\u003E\n            \u003Cspan class=\u0022read-more-angled-arrow\u0022\u003E \u003C\/span\u003E\n          \u003C\/span\u003E\n                  \u003C\/div\u003E\n    \u003C\/a\u003E\n\u003Ca href=\u0022\/leitartikel\/gebaeudeeffizienz-nur-zu-wenig-ist-zu-teuer\u0022  class=\u0022teaser teaser--standard\u0022 aria-label=\u0022Nur zu wenig ist zu teuer\u0022\u003E\n      \u003Cdiv class=\u0022teaser-content--image\u0022\u003E\n      \n    \u003C\/div\u003E\n    \u003Cdiv class=\u0022teaser-content\u0022\u003E\n                    \u003Cdiv class=\u0022teaser-content--kicker\u0022\u003E\n                    Geb\u00e4udeeffizienz\n        \u003C\/div\u003E\n                                              \n                        \n        \u003Ch4 class=\u0022teaser-content--headline\u0022\u003E\n                                Nur zu wenig ist zu \n                              \u003Cspan class=\u0022headline-last-word-arrow\u0022\u003Eteuer                      \u003C\/span\u003E\n        \u003C\/h4\u003E\n            \u003Cdiv class=\u0022teaser-content--publishing-date\u0022\u003E\u003Ctime datetime=\u00222014-12-03T16:51:13Z\u0022\u003E03.12.2014\u003C\/time\u003E\n\u003C\/div\u003E\u003Cspan class=\u0022teaser-content--publishing-date-divider\u0022\u003E - \u003C\/span\u003E\u003Cdiv class=\u0022teaser-content--body\u0022\u003E\u003C\/p\u003E\n\u003Cp\u003E\n \u00bb Die Entwicklung der energetischen Anforderungen hat das Bauen nicht verteuert. Dies hat eine Initialstudie mit einer wissenschaftlichen Berechnung der Preisentwicklung von Geb\u00e4udeeffizienz festgestellt. Im Umkehrschluss bedeutet dies: Zu wenige Geb\u00e4udeeffizienz kommt teuer. \u00ab\u003C\/p\u003E\n\u003C\/div\u003E\n                        \u003Cspan class=\u0022read-more-arrow-container\u0022\u003E\n            \u003Cspan class=\u0022read-more-angled-arrow\u0022\u003E \u003C\/span\u003E\n          \u003C\/span\u003E\n                  \u003C\/div\u003E\n    \u003C\/a\u003E\n\u003Ca href=\u0022\/management\/ecodesign-software-echtzeit-analyse-form-follows-energy\u0022  class=\u0022teaser teaser--standard\u0022 aria-label=\u0022Per \u201cEchtzeit-Analyse\u201c: Form follows Energy\u0022\u003E\n      \u003Cdiv class=\u0022teaser-content--image\u0022\u003E\n        \u003Cfigure class=\u0022image--figure\u0022\u003E\n        \u003Cpicture\u003E\n                        \u003Csource srcset=\u0022\/sites\/default\/files\/styles\/teaser_standard__m\/public\/ulmer\/de-tga\/image\/binarydata_original_610491.jpg.webp?itok=4UW55qhi 1x\u0022 media=\u0022(min-width: 48.0625em) and (max-width: 64em)\u0022 type=\u0022image\/webp\u0022 width=\u0022281\u0022 height=\u0022242\u0022\/\u003E\n                  \u003Csource srcset=\u0022\/sites\/default\/files\/styles\/teaser_standard__l\/public\/ulmer\/de-tga\/image\/binarydata_original_610491.jpg.webp?itok=QzFq6JlL 1x\u0022 media=\u0022(min-width: 64.0625em)\u0022 type=\u0022image\/webp\u0022 width=\u0022177\u0022 height=\u0022152\u0022\/\u003E\n                  \u003Csource srcset=\u0022\/sites\/default\/files\/styles\/teaser_standard__m\/public\/ulmer\/de-tga\/image\/binarydata_original_610491.jpg?itok=QlvIf6lH 1x\u0022 media=\u0022(min-width: 48.0625em) and (max-width: 64em)\u0022 type=\u0022image\/jpeg\u0022 width=\u0022281\u0022 height=\u0022242\u0022\/\u003E\n                  \u003Csource srcset=\u0022\/sites\/default\/files\/styles\/teaser_standard__l\/public\/ulmer\/de-tga\/image\/binarydata_original_610491.jpg?itok=uvUTbBcS 1x\u0022 media=\u0022(min-width: 64.0625em)\u0022 type=\u0022image\/jpeg\u0022 width=\u0022177\u0022 height=\u0022152\u0022\/\u003E\n                          \u003Cimg alt=\u0022\n\n\n\n1\n\u2002Die Optimierung der Energiebilanz von Geb\u00e4udeentw\u00fcrfen geh\u00f6rt zu den prim\u00e4ren Zielen von Ecodesign-Programmen. \n\u0022 loading=\u0022eager\u0022 data-caption-hide width=\u0022462\u0022 height=\u0022398\u0022 data-zoomed=\u0022https:\/\/www.tga-fachplaner.de\/sites\/default\/files\/styles\/content__zoomed\/public\/ulmer\/de-tga\/image\/binarydata_original_610491.jpg?itok=qsMYpo9g\u0022 src=\u0022\/sites\/default\/files\/styles\/teaser_standard__s\/public\/ulmer\/de-tga\/image\/binarydata_original_610491.jpg?itok=U9XI67r4\u0022 title=\u0022\u00a9 Bild: Rolf Disch\n\n\u0022 \/\u003E\n\n    \u003C\/picture\u003E\n      \u003Cfigcaption class=\u0022image--figcaption\u0022\u003E\n          \u003Cdiv class=\u0022copyright\u0022\u003EBild: Rolf Disch\n\n\u003C\/div\u003E\n          \u003C\/figcaption\u003E\n\u003C\/figure\u003E\n\n\n    \u003C\/div\u003E\n    \u003Cdiv class=\u0022teaser-content\u0022\u003E\n                    \u003Cdiv class=\u0022teaser-content--kicker\u0022\u003E\n                    Ecodesign-Software\n        \u003C\/div\u003E\n                                              \n                        \n        \u003Ch4 class=\u0022teaser-content--headline\u0022\u003E\n                                Per \u201cEchtzeit-Analyse\u201c: Form follows \n                              \u003Cspan class=\u0022headline-last-word-arrow\u0022\u003EEnergy                      \u003C\/span\u003E\n        \u003C\/h4\u003E\n            \u003Cdiv class=\u0022teaser-content--publishing-date\u0022\u003E\u003Ctime datetime=\u00222014-10-02T06:39:18Z\u0022\u003E02.10.2014\u003C\/time\u003E\n\u003C\/div\u003E\u003Cspan class=\u0022teaser-content--publishing-date-divider\u0022\u003E - \u003C\/span\u003E\u003Cdiv class=\u0022teaser-content--body\u0022\u003E\u003Cp\u003EDie wichtigsten, den Geb\u00e4udeenergieverbrauch bestimmenden Entscheidungen werden im fr\u00fchen Planungsstadium getroffen. Ecodesign-Software erm\u00f6g-licht eine fr\u00fchzeitige Optimierung der Energiebilanz und die Ber\u00fccksichtigung weiterer Kennwerte. \u003C\/p\u003E\n\u003C\/div\u003E\n                        \u003Cspan class=\u0022read-more-arrow-container\u0022\u003E\n            \u003Cspan class=\u0022read-more-angled-arrow\u0022\u003E \u003C\/span\u003E\n          \u003C\/span\u003E\n                  \u003C\/div\u003E\n    \u003C\/a\u003E\n\u003Ca href=\u0022\/gebaeudetechnik\/haustechnikzentrale-genius-alles-mit-einem-system-senkt-die-kosten\u0022  class=\u0022teaser teaser--standard\u0022 aria-label=\u0022Alles mit einem System senkt die Kosten\u0022\u003E\n      \u003Cdiv class=\u0022teaser-content--image\u0022\u003E\n        \u003Cfigure class=\u0022image--figure\u0022\u003E\n        \u003Cpicture\u003E\n                        \u003Csource srcset=\u0022\/sites\/default\/files\/styles\/teaser_standard__m\/public\/ulmer\/de-tga\/image\/binarydata_original_610396.jpg.webp?itok=ef4s1Jof 1x\u0022 media=\u0022(min-width: 48.0625em) and (max-width: 64em)\u0022 type=\u0022image\/webp\u0022 width=\u0022323\u0022 height=\u0022178\u0022\/\u003E\n                  \u003Csource srcset=\u0022\/sites\/default\/files\/styles\/teaser_standard__l\/public\/ulmer\/de-tga\/image\/binarydata_original_610396.jpg.webp?itok=0Kgi9Xdp 1x\u0022 media=\u0022(min-width: 64.0625em)\u0022 type=\u0022image\/webp\u0022 width=\u0022203\u0022 height=\u0022112\u0022\/\u003E\n                  \u003Csource srcset=\u0022\/sites\/default\/files\/styles\/teaser_standard__m\/public\/ulmer\/de-tga\/image\/binarydata_original_610396.jpg?itok=S8cEhHni 1x\u0022 media=\u0022(min-width: 48.0625em) and (max-width: 64em)\u0022 type=\u0022image\/jpeg\u0022 width=\u0022323\u0022 height=\u0022178\u0022\/\u003E\n                  \u003Csource srcset=\u0022\/sites\/default\/files\/styles\/teaser_standard__l\/public\/ulmer\/de-tga\/image\/binarydata_original_610396.jpg?itok=4yWM5EcM 1x\u0022 media=\u0022(min-width: 64.0625em)\u0022 type=\u0022image\/jpeg\u0022 width=\u0022203\u0022 height=\u0022112\u0022\/\u003E\n                          \u003Cimg alt=\u0022\n\n\n\n1\n\u2002In energieeffizienten Eigenheimen ist der Energieverbrauch kaum noch ein Kostenfaktor. Einsparungen sind jedoch bei der Anlagentechnik durch kombinierte Systeml\u00f6sungen m\u00f6glich. \n\u0022 loading=\u0022eager\u0022 data-caption-hide width=\u0022708\u0022 height=\u0022390\u0022 data-zoomed=\u0022https:\/\/www.tga-fachplaner.de\/sites\/default\/files\/styles\/content__zoomed\/public\/ulmer\/de-tga\/image\/binarydata_original_610396.jpg?itok=obgiOXxC\u0022 src=\u0022\/sites\/default\/files\/styles\/teaser_standard__s\/public\/ulmer\/de-tga\/image\/binarydata_original_610396.jpg?itok=9QRM87v5\u0022 title=\u0022\u00a9 Bild: Systemair\n\n\u0022 \/\u003E\n\n    \u003C\/picture\u003E\n      \u003Cfigcaption class=\u0022image--figcaption\u0022\u003E\n          \u003Cdiv class=\u0022copyright\u0022\u003EBild: Systemair\n\n\u003C\/div\u003E\n          \u003C\/figcaption\u003E\n\u003C\/figure\u003E\n\n\n    \u003C\/div\u003E\n    \u003Cdiv class=\u0022teaser-content\u0022\u003E\n                    \u003Cdiv class=\u0022teaser-content--kicker\u0022\u003E\n                    Haustechnikzentrale Genius\n        \u003C\/div\u003E\n                                              \n                        \n        \u003Ch4 class=\u0022teaser-content--headline\u0022\u003E\n                                Alles mit einem System senkt die \n                              \u003Cspan class=\u0022headline-last-word-arrow\u0022\u003EKosten              \u003Cspan\n                  class=\u0022permission-lock permission-lock-icon--lock\u0022\u003E\u003C\/span\u003E\n                                  \u003C\/span\u003E\n        \u003C\/h4\u003E\n            \u003Cdiv class=\u0022teaser-content--publishing-date\u0022\u003E\u003Ctime datetime=\u00222014-10-02T06:33:39Z\u0022\u003E02.10.2014\u003C\/time\u003E\n\u003C\/div\u003E\u003Cspan class=\u0022teaser-content--publishing-date-divider\u0022\u003E - \u003C\/span\u003E\u003Cdiv class=\u0022teaser-content--body\u0022\u003E\u003Cp\u003EHeizger\u00e4te nach dem aktuellen Stand der Technik passen immer weniger zu den k\u00fcnftigen Geb\u00e4udestandards: Die Nennw\u00e4rmeleistung von Heizkesseln und -thermen liegt schon jetzt vielfach weit \u00fcber dem Bedarf, bei Abluftw\u00e4rmepumpen, wie sie in Passivh\u00e4usern zum Einsatz kommen, muss hingegen oft unverh\u00e4ltnism\u00e4\u00dfig viel W\u00e4rme direkt-elektrisch zugeliefert werden. Allerdings verschiebt sich k\u00fcnftig der Fokus von den Betriebskosten zu den Investitionskosten. Die sich daraus ergebenden Einsparpotenziale erschlie\u00dft die Haustechnikzentrale Genius \u2013 h\u00f6herer Wohnkomfort inklusive.\u003C\/p\u003E\n\u003C\/div\u003E\n                        \u003Cspan class=\u0022read-more-arrow-container\u0022\u003E\n            \u003Cspan class=\u0022read-more-angled-arrow\u0022\u003E \u003C\/span\u003E\n          \u003C\/span\u003E\n                  \u003C\/div\u003E\n    \u003C\/a\u003E\n\u003Ca href=\u0022\/sanitaertechnik\/referenzobjekt-aeg-haustechnik-studentenwohnheim-mit-energiefahrplan\u0022  class=\u0022teaser teaser--standard\u0022 aria-label=\u0022Studentenwohnheim mit Energiefahrplan\u0022\u003E\n      \u003Cdiv class=\u0022teaser-content--image\u0022\u003E\n        \u003Cfigure class=\u0022image--figure\u0022\u003E\n        \u003Cpicture\u003E\n                        \u003Csource srcset=\u0022\/sites\/default\/files\/styles\/teaser_standard__m\/public\/ulmer\/de-tga\/image\/binarydata_original_610346.jpg.webp?itok=MPZ8NQ2u 1x\u0022 media=\u0022(min-width: 48.0625em) and (max-width: 64em)\u0022 type=\u0022image\/webp\u0022 width=\u0022323\u0022 height=\u0022189\u0022\/\u003E\n                  \u003Csource srcset=\u0022\/sites\/default\/files\/styles\/teaser_standard__l\/public\/ulmer\/de-tga\/image\/binarydata_original_610346.jpg.webp?itok=LE18Fh7h 1x\u0022 media=\u0022(min-width: 64.0625em)\u0022 type=\u0022image\/webp\u0022 width=\u0022203\u0022 height=\u0022119\u0022\/\u003E\n                  \u003Csource srcset=\u0022\/sites\/default\/files\/styles\/teaser_standard__m\/public\/ulmer\/de-tga\/image\/binarydata_original_610346.jpg?itok=KDZ39Our 1x\u0022 media=\u0022(min-width: 48.0625em) and (max-width: 64em)\u0022 type=\u0022image\/jpeg\u0022 width=\u0022323\u0022 height=\u0022189\u0022\/\u003E\n                  \u003Csource srcset=\u0022\/sites\/default\/files\/styles\/teaser_standard__l\/public\/ulmer\/de-tga\/image\/binarydata_original_610346.jpg?itok=6Wgckolh 1x\u0022 media=\u0022(min-width: 64.0625em)\u0022 type=\u0022image\/jpeg\u0022 width=\u0022203\u0022 height=\u0022119\u0022\/\u003E\n                          \u003Cimg loading=\u0022eager\u0022 data-caption-hide width=\u0022680\u0022 height=\u0022398\u0022 alt=\u0022\n\n\n\n\n1\n\u2002Das neue Studentenwohnheim in Kleve. Es wurde nach Passivhaus-Standard \/ KfW\u200440 erstellt und bietet den Bewohnern in jeder Hinsicht eine herausragende Wohnqualit\u00e4t. \n\u0022 data-zoomed=\u0022https:\/\/www.tga-fachplaner.de\/sites\/default\/files\/styles\/content__zoomed\/public\/ulmer\/de-tga\/image\/binarydata_original_610346.jpg?itok=dQtFpLhT\u0022 src=\u0022\/sites\/default\/files\/styles\/teaser_standard__s\/public\/ulmer\/de-tga\/image\/binarydata_original_610346.jpg?itok=ap2lQqba\u0022 title=\u0022\u00a9 Bild: AEG Haustechnik\n\n\u0022 \/\u003E\n\n    \u003C\/picture\u003E\n      \u003Cfigcaption class=\u0022image--figcaption\u0022\u003E\n          \u003Cdiv class=\u0022copyright\u0022\u003EBild: AEG Haustechnik\n\n\u003C\/div\u003E\n          \u003C\/figcaption\u003E\n\u003C\/figure\u003E\n\n\n    \u003C\/div\u003E\n    \u003Cdiv class=\u0022teaser-content\u0022\u003E\n                    \u003Cdiv class=\u0022teaser-content--kicker\u0022\u003E\n                    Referenzobjekt AEG Haustechnik\n        \u003C\/div\u003E\n                                              \n                        \n        \u003Ch4 class=\u0022teaser-content--headline\u0022\u003E\n                                Studentenwohnheim mit \n                              \u003Cspan class=\u0022headline-last-word-arrow\u0022\u003EEnergiefahrplan              \u003Cspan\n                  class=\u0022permission-lock permission-lock-icon--lock\u0022\u003E\u003C\/span\u003E\n                                  \u003C\/span\u003E\n        \u003C\/h4\u003E\n            \u003Cdiv class=\u0022teaser-content--publishing-date\u0022\u003E\u003Ctime datetime=\u00222014-10-02T06:31:03Z\u0022\u003E02.10.2014\u003C\/time\u003E\n\u003C\/div\u003E\u003Cspan class=\u0022teaser-content--publishing-date-divider\u0022\u003E - \u003C\/span\u003E\u003Cdiv class=\u0022teaser-content--body\u0022\u003E\u003Cp\u003EWenn Studentenwerke bauen, m\u00fcssen die Projektverantwortlichen eine Vielzahl \u00f6konomischer und \u00f6kologischer Grunds\u00e4tze ber\u00fccksichtigen. Das Studentenwerk D\u00fcsseldorf nimmt diese Verantwortung sehr ernst: Durch umweltgerechte Investitionen in moderne Wohnkonzepte sind sowohl Werterhalt der Geb\u00e4ude als auch Wohnkomfort und preisg\u00fcnstige Mieten langfristig gesichert. Die Haustechnik spielt hierbei eine bedeutende Rolle.\u003C\/p\u003E\n\u003C\/div\u003E\n                        \u003Cspan class=\u0022read-more-arrow-container\u0022\u003E\n            \u003Cspan class=\u0022read-more-angled-arrow\u0022\u003E \u003C\/span\u003E\n          \u003C\/span\u003E\n                  \u003C\/div\u003E\n    \u003C\/a\u003E\n\u003Ca href=\u0022\/energietechnik\/mein-haus-mein-kraftwerk-mein-stromspeicher-auf-dem-weg-zum-energieautarken-haus\u0022  class=\u0022teaser teaser--standard\u0022 aria-label=\u0022Auf dem Weg zum energieautarken Haus\u0022\u003E\n      \u003Cdiv class=\u0022teaser-content--image\u0022\u003E\n        \u003Cfigure class=\u0022image--figure\u0022\u003E\n        \u003Cpicture\u003E\n                        \u003Csource srcset=\u0022\/sites\/default\/files\/styles\/teaser_standard__m\/public\/ulmer\/de-tga\/image\/binarydata_original_599793.jpg.webp?itok=UX2JB_Eu 1x\u0022 media=\u0022(min-width: 48.0625em) and (max-width: 64em)\u0022 type=\u0022image\/webp\u0022 width=\u0022319\u0022 height=\u0022242\u0022\/\u003E\n                  \u003Csource srcset=\u0022\/sites\/default\/files\/styles\/teaser_standard__l\/public\/ulmer\/de-tga\/image\/binarydata_original_599793.jpg.webp?itok=C8WvRexU 1x\u0022 media=\u0022(min-width: 64.0625em)\u0022 type=\u0022image\/webp\u0022 width=\u0022200\u0022 height=\u0022152\u0022\/\u003E\n                  \u003Csource srcset=\u0022\/sites\/default\/files\/styles\/teaser_standard__m\/public\/ulmer\/de-tga\/image\/binarydata_original_599793.jpg?itok=k_OKqvrt 1x\u0022 media=\u0022(min-width: 48.0625em) and (max-width: 64em)\u0022 type=\u0022image\/jpeg\u0022 width=\u0022319\u0022 height=\u0022242\u0022\/\u003E\n                  \u003Csource srcset=\u0022\/sites\/default\/files\/styles\/teaser_standard__l\/public\/ulmer\/de-tga\/image\/binarydata_original_599793.jpg?itok=Uivi1W6w 1x\u0022 media=\u0022(min-width: 64.0625em)\u0022 type=\u0022image\/jpeg\u0022 width=\u0022200\u0022 height=\u0022152\u0022\/\u003E\n                          \u003Cimg alt=\u0022\n\n\n\n1\n\u2002Der am einfachsten aus erneuerbaren Energien herzustellende Kraftstoff ist Wasserstoff. H2-Tankstelle des Fraunhofer-Instituts ISE, Freiburg.\n\u0022 loading=\u0022eager\u0022 data-caption-hide width=\u0022525\u0022 height=\u0022398\u0022 data-zoomed=\u0022https:\/\/www.tga-fachplaner.de\/sites\/default\/files\/styles\/content__zoomed\/public\/ulmer\/de-tga\/image\/binarydata_original_599793.jpg?itok=-zBLdzu6\u0022 src=\u0022\/sites\/default\/files\/styles\/teaser_standard__s\/public\/ulmer\/de-tga\/image\/binarydata_original_599793.jpg?itok=2kF6jUj3\u0022 title=\u0022\u00a9 Bild: Margot Dertinger-Schmid\n\n\u0022 \/\u003E\n\n    \u003C\/picture\u003E\n      \u003Cfigcaption class=\u0022image--figcaption\u0022\u003E\n          \u003Cdiv class=\u0022copyright\u0022\u003EBild: Margot Dertinger-Schmid\n\n\u003C\/div\u003E\n          \u003C\/figcaption\u003E\n\u003C\/figure\u003E\n\n\n    \u003C\/div\u003E\n    \u003Cdiv class=\u0022teaser-content\u0022\u003E\n                    \u003Cdiv class=\u0022teaser-content--kicker\u0022\u003E\n                    Mein Haus, mein Kraftwerk, mein Stromspeicher\n        \u003C\/div\u003E\n                                              \n                        \n        \u003Ch4 class=\u0022teaser-content--headline\u0022\u003E\n                                Auf dem Weg zum energieautarken \n                              \u003Cspan class=\u0022headline-last-word-arrow\u0022\u003EHaus                      \u003C\/span\u003E\n        \u003C\/h4\u003E\n            \u003Cdiv class=\u0022teaser-content--publishing-date\u0022\u003E\u003Ctime datetime=\u00222014-07-28T14:15:11Z\u0022\u003E28.07.2014\u003C\/time\u003E\n\u003C\/div\u003E\u003Cspan class=\u0022teaser-content--publishing-date-divider\u0022\u003E - \u003C\/span\u003E\u003Cdiv class=\u0022teaser-content--body\u0022\u003E\u003Cp\u003EBatteriespeicher k\u00f6nnen die Energiewende unterst\u00fctzen, aber auch erschweren. Das Zauberwort hei\u00dft Netzdienlichkeit. Mit Systemen, die das Stromnetz entlasten, lassen sich neue Gesch\u00e4ftsmodelle entwickeln. Fachleute warnen in-dessen wegen der noch hohen Speicherkosten vor \u00fcbereilten Investitionen. Auch m\u00fcssten aufgrund fehlender Erfahrungen, Normen und Zertifikaten \u2013 speziell bei Lithium-Ionen-Batterien \u2013 erh\u00f6hte Risiken einkalkuliert werden. Eindr\u00fccke von der Fachtagung \u201eStromspeicherung in Geb\u00e4uden\u201c, die im Rahmen der Kongressmesse Clean Energy Building (CEB) in Stuttgart stattfand.\u003C\/p\u003E\n\u003C\/div\u003E\n                        \u003Cspan class=\u0022read-more-arrow-container\u0022\u003E\n            \u003Cspan class=\u0022read-more-angled-arrow\u0022\u003E \u003C\/span\u003E\n          \u003C\/span\u003E\n                  \u003C\/div\u003E\n    \u003C\/a\u003E\n\u003Ca href=\u0022\/studien\/studien-mfh-als-passivhaeuser-mit-energiegewinn\u0022  class=\u0022teaser teaser--standard\u0022 aria-label=\u0022MFH als Passivh\u00e4user mit Energiegewinn\u0022\u003E\n      \u003Cdiv class=\u0022teaser-content--image\u0022\u003E\n        \u003Cfigure class=\u0022image--figure\u0022\u003E\n        \u003Cpicture\u003E\n                        \u003Csource srcset=\u0022\/sites\/default\/files\/styles\/teaser_standard__m\/public\/ulmer\/de-tga\/image\/binarydata_small_598575.jpg.webp?itok=75hHTUcn 1x\u0022 media=\u0022(min-width: 48.0625em) and (max-width: 64em)\u0022 type=\u0022image\/webp\u0022 width=\u0022125\u0022 height=\u002297\u0022\/\u003E\n                  \u003Csource srcset=\u0022\/sites\/default\/files\/styles\/teaser_standard__l\/public\/ulmer\/de-tga\/image\/binarydata_small_598575.jpg.webp?itok=0jxSw4WS 1x\u0022 media=\u0022(min-width: 64.0625em)\u0022 type=\u0022image\/webp\u0022 width=\u0022125\u0022 height=\u002297\u0022\/\u003E\n                  \u003Csource srcset=\u0022\/sites\/default\/files\/styles\/teaser_standard__m\/public\/ulmer\/de-tga\/image\/binarydata_small_598575.jpg?itok=RpnYXTTs 1x\u0022 media=\u0022(min-width: 48.0625em) and (max-width: 64em)\u0022 type=\u0022image\/jpeg\u0022 width=\u0022125\u0022 height=\u002297\u0022\/\u003E\n                  \u003Csource srcset=\u0022\/sites\/default\/files\/styles\/teaser_standard__l\/public\/ulmer\/de-tga\/image\/binarydata_small_598575.jpg?itok=E6XkAlgD 1x\u0022 media=\u0022(min-width: 64.0625em)\u0022 type=\u0022image\/jpeg\u0022 width=\u0022125\u0022 height=\u002297\u0022\/\u003E\n                          \u003Cimg alt=\u0022(c) IWU\u0022 loading=\u0022eager\u0022 data-caption-hide width=\u0022125\u0022 height=\u002297\u0022 data-zoomed=\u0022https:\/\/www.tga-fachplaner.de\/sites\/default\/files\/styles\/content__zoomed\/public\/ulmer\/de-tga\/image\/binarydata_small_598575.jpg?itok=TzkEUmFU\u0022 src=\u0022\/sites\/default\/files\/styles\/teaser_standard__s\/public\/ulmer\/de-tga\/image\/binarydata_small_598575.jpg?itok=K1WjrQP1\u0022 title=\u0022\u00a9 IWU\n\u0022 \/\u003E\n\n    \u003C\/picture\u003E\n      \u003Cfigcaption class=\u0022image--figcaption\u0022\u003E\n          \u003Cdiv class=\u0022copyright\u0022\u003EIWU\n\u003C\/div\u003E\n          \u003C\/figcaption\u003E\n\u003C\/figure\u003E\n\n\n    \u003C\/div\u003E\n    \u003Cdiv class=\u0022teaser-content\u0022\u003E\n                    \u003Cdiv class=\u0022teaser-content--kicker\u0022\u003E\n                    STUDIEN\n        \u003C\/div\u003E\n                                              \n                        \n        \u003Ch4 class=\u0022teaser-content--headline\u0022\u003E\n                                MFH als Passivh\u00e4user mit \n                              \u003Cspan class=\u0022headline-last-word-arrow\u0022\u003EEnergiegewinn                      \u003C\/span\u003E\n        \u003C\/h4\u003E\n            \u003Cdiv class=\u0022teaser-content--publishing-date\u0022\u003E\u003Ctime datetime=\u00222014-07-16T21:42:42Z\u0022\u003E16.07.2014\u003C\/time\u003E\n\u003C\/div\u003E\u003Cspan class=\u0022teaser-content--publishing-date-divider\u0022\u003E - \u003C\/span\u003E\u003Cdiv class=\u0022teaser-content--body\u0022\u003E\u003Cp\u003EIn einer aktuellen Studie hat das IWU untersucht, wie Mehrfamilienh\u00e4user als Passivh\u00e4user mit Energiegewinn realisiert werden k\u00f6nnen, um in der Jahresbilanz einen \u00dcberschuss zu erzielen. Dabei wurden unterschiedliche Einflussfaktoren auf das Ergebnis der Jahresbilanz untersucht.\u003C\/p\u003E\n\u003C\/div\u003E\n                        \u003Cspan class=\u0022read-more-arrow-container\u0022\u003E\n            \u003Cspan class=\u0022read-more-angled-arrow\u0022\u003E \u003C\/span\u003E\n          \u003C\/span\u003E\n                  \u003C\/div\u003E\n    \u003C\/a\u003E\n","entity_type":"node","used_ids":["",195873,185486,184023,176786,160833,50230,47147,31162,31573,38504,50455,40528,30903,42789,30802,31825,30934,32050,51694],"show_more":""}]