[{"command":"showMoreTeasers","id":"del--paragraph-567080","content":"\u003Ca href=\u0022\/meldungen\/heizungswende-senertec-dachs-ist-kuenftig-auf-100-wasserstoff-umruestbar\u0022  class=\u0022teaser teaser--standard\u0022 aria-label=\u0022SenerTec: Dachs ist k\u00fcnftig auf 100\u202f% Wasserstoff umr\u00fcstbar\u0022\u003E\n      \u003Cdiv class=\u0022teaser-content--image\u0022\u003E\n        \u003Cfigure class=\u0022image--figure\u0022\u003E\n        \u003Cpicture\u003E\n                        \u003Csource srcset=\u0022\/sites\/default\/files\/styles\/teaser_standard__m\/public\/aurora\/2024\/02\/340403.jpeg.webp?itok=CQoBs0gJ 1x\u0022 media=\u0022(min-width: 48.0625em) and (max-width: 64em)\u0022 type=\u0022image\/webp\u0022 width=\u0022323\u0022 height=\u0022215\u0022\/\u003E\n                  \u003Csource srcset=\u0022\/sites\/default\/files\/styles\/teaser_standard__l\/public\/aurora\/2024\/02\/340403.jpeg.webp?itok=y02UqRfY 1x\u0022 media=\u0022(min-width: 64.0625em)\u0022 type=\u0022image\/webp\u0022 width=\u0022203\u0022 height=\u0022135\u0022\/\u003E\n                  \u003Csource srcset=\u0022\/sites\/default\/files\/styles\/teaser_standard__m\/public\/aurora\/2024\/02\/340403.jpeg?itok=I4XgMSp8 1x\u0022 media=\u0022(min-width: 48.0625em) and (max-width: 64em)\u0022 type=\u0022image\/jpeg\u0022 width=\u0022323\u0022 height=\u0022215\u0022\/\u003E\n                  \u003Csource srcset=\u0022\/sites\/default\/files\/styles\/teaser_standard__l\/public\/aurora\/2024\/02\/340403.jpeg?itok=tMcsLXRy 1x\u0022 media=\u0022(min-width: 64.0625em)\u0022 type=\u0022image\/jpeg\u0022 width=\u0022203\u0022 height=\u0022135\u0022\/\u003E\n                          \u003Cimg alt=\u0022 \u201eH2-Ready\u201c-Produktaufkleber von SenerTec: Die Dachs-BHWK 2.9 und 5.5 Gen2 sind f\u00fcr die niederschwellig Umr\u00fcstung auf 100\u202f% Wasserstoff vorbereitet.\u0022 loading=\u0022eager\u0022 data-caption-hide width=\u0022597\u0022 height=\u0022398\u0022 data-zoomed=\u0022https:\/\/www.tga-fachplaner.de\/sites\/default\/files\/styles\/content__zoomed\/public\/aurora\/2024\/02\/340403.jpeg?itok=LpRRbWgL\u0022 src=\u0022\/sites\/default\/files\/styles\/teaser_standard__s\/public\/aurora\/2024\/02\/340403.jpeg?itok=0_yTpqf7\u0022 title=\u0022\u00a9 SenerTEC\n\u0022 \/\u003E\n\n    \u003C\/picture\u003E\n      \u003Cfigcaption class=\u0022image--figcaption\u0022\u003E\n          \u003Cdiv class=\u0022copyright\u0022\u003ESenerTEC\n\u003C\/div\u003E\n          \u003C\/figcaption\u003E\n\u003C\/figure\u003E\n\n\n    \u003C\/div\u003E\n    \u003Cdiv class=\u0022teaser-content\u0022\u003E\n                    \u003Cdiv class=\u0022teaser-content--kicker\u0022\u003E\n                    Heizungswende\n        \u003C\/div\u003E\n                                              \n                        \n        \u003Ch4 class=\u0022teaser-content--headline\u0022\u003E\n                                SenerTec: Dachs ist k\u00fcnftig auf 100\u202f% Wasserstoff \n                              \u003Cspan class=\u0022headline-last-word-arrow\u0022\u003Eumr\u00fcstbar                      \u003C\/span\u003E\n        \u003C\/h4\u003E\n            \u003Cdiv class=\u0022teaser-content--publishing-date\u0022\u003E\u003Ctime datetime=\u00222024-02-06T14:29:18Z\u0022\u003E06.02.2024\u003C\/time\u003E\n\u003C\/div\u003E\u003Cspan class=\u0022teaser-content--publishing-date-divider\u0022\u003E - \u003C\/span\u003E\u003Cdiv class=\u0022teaser-content--body\u0022\u003E\u003Cp\u003ESenerTec hat eine Hersteller\u00aderkl\u00e4rung ab\u00adgege\u00adben, dass die Dachs-BHKW 2.9 und 5.5 ab Gene\u00adration\u0026nbsp;2 f\u00fcr die Umr\u00fcstung auf 100\u202f% Wasserstoff vorbereitet sind.\u003C\/p\u003E\n\u003C\/div\u003E\n                        \u003Cspan class=\u0022read-more-arrow-container\u0022\u003E\n            \u003Cspan class=\u0022read-more-angled-arrow\u0022\u003E \u003C\/span\u003E\n          \u003C\/span\u003E\n                  \u003C\/div\u003E\n    \u003C\/a\u003E\n\u003Ca href=\u0022\/meldungen\/kwk-thermochemischer-rekuperator-macht-bhkw-wirtschaftlicher\u0022  class=\u0022teaser teaser--standard\u0022 aria-label=\u0022Thermochemischer Rekuperator macht BHKW wirtschaftlicher\u0022\u003E\n      \u003Cdiv class=\u0022teaser-content--image\u0022\u003E\n        \u003Cfigure class=\u0022image--figure\u0022\u003E\n        \u003Cpicture\u003E\n                        \u003Csource srcset=\u0022\/sites\/default\/files\/styles\/teaser_standard__m\/public\/aurora\/2023\/09\/311003.png.webp?itok=YjTzTpPd 1x\u0022 media=\u0022(min-width: 48.0625em) and (max-width: 64em)\u0022 type=\u0022image\/webp\u0022 width=\u0022323\u0022 height=\u0022215\u0022\/\u003E\n                  \u003Csource srcset=\u0022\/sites\/default\/files\/styles\/teaser_standard__l\/public\/aurora\/2023\/09\/311003.png.webp?itok=ReADzCnN 1x\u0022 media=\u0022(min-width: 64.0625em)\u0022 type=\u0022image\/webp\u0022 width=\u0022203\u0022 height=\u0022135\u0022\/\u003E\n                  \u003Csource srcset=\u0022\/sites\/default\/files\/styles\/teaser_standard__m\/public\/aurora\/2023\/09\/311003.png?itok=6wl1TdMv 1x\u0022 media=\u0022(min-width: 48.0625em) and (max-width: 64em)\u0022 type=\u0022image\/png\u0022 width=\u0022323\u0022 height=\u0022215\u0022\/\u003E\n                  \u003Csource srcset=\u0022\/sites\/default\/files\/styles\/teaser_standard__l\/public\/aurora\/2023\/09\/311003.png?itok=gcKx05tX 1x\u0022 media=\u0022(min-width: 64.0625em)\u0022 type=\u0022image\/png\u0022 width=\u0022203\u0022 height=\u0022135\u0022\/\u003E\n                          \u003Cimg alt=\u0022Move-power KWK MP50 mit 50 kW elektrisch und 92 kW thermisch bei 147 kW Erdgas.\u0022 loading=\u0022eager\u0022 data-caption-hide width=\u0022465\u0022 height=\u0022310\u0022 data-zoomed=\u0022https:\/\/www.tga-fachplaner.de\/sites\/default\/files\/styles\/content__zoomed\/public\/aurora\/2023\/09\/311003.png?itok=8ZQyZcl8\u0022 src=\u0022\/sites\/default\/files\/styles\/teaser_standard__s\/public\/aurora\/2023\/09\/311003.png?itok=RvcyJ8qO\u0022 title=\u0022\u00a9 Move-Power GmbH\n\u0022 \/\u003E\n\n    \u003C\/picture\u003E\n      \u003Cfigcaption class=\u0022image--figcaption\u0022\u003E\n          \u003Cdiv class=\u0022copyright\u0022\u003EMove-Power GmbH\n\u003C\/div\u003E\n          \u003C\/figcaption\u003E\n\u003C\/figure\u003E\n\n\n    \u003C\/div\u003E\n    \u003Cdiv class=\u0022teaser-content\u0022\u003E\n                    \u003Cdiv class=\u0022teaser-content--kicker\u0022\u003E\n                    KWK\n        \u003C\/div\u003E\n                                              \n                        \n        \u003Ch4 class=\u0022teaser-content--headline\u0022\u003E\n                                Thermochemischer Rekuperator macht BHKW \n                              \u003Cspan class=\u0022headline-last-word-arrow\u0022\u003Ewirtschaftlicher                      \u003C\/span\u003E\n        \u003C\/h4\u003E\n            \u003Cdiv class=\u0022teaser-content--publishing-date\u0022\u003E\u003Ctime datetime=\u00222023-09-22T11:39:34Z\u0022\u003E22.09.2023\u003C\/time\u003E\n\u003C\/div\u003E\u003Cspan class=\u0022teaser-content--publishing-date-divider\u0022\u003E - \u003C\/span\u003E\u003Cdiv class=\u0022teaser-content--body\u0022\u003E\u003Cp\u003EIn einem Forschungsprojekt wurde in einen Standard-BHKW-Motor ein thermochemischer Rekuperator integriert. Das bewirkt eine erhebliche Erdgaseinsparung.\u003C\/p\u003E\n\u003C\/div\u003E\n                        \u003Cspan class=\u0022read-more-arrow-container\u0022\u003E\n            \u003Cspan class=\u0022read-more-angled-arrow\u0022\u003E \u003C\/span\u003E\n          \u003C\/span\u003E\n                  \u003C\/div\u003E\n    \u003C\/a\u003E\n\u003Ca href=\u0022\/energietechnik\/qualitaetssicherung-pruefstand-fuer-bhkw-und-energiesysteme\u0022  class=\u0022teaser teaser--standard\u0022 aria-label=\u0022Pr\u00fcfstand f\u00fcr BHKW und Energiesysteme\u0022\u003E\n      \u003Cdiv class=\u0022teaser-content--image\u0022\u003E\n        \u003Cfigure class=\u0022image--figure\u0022\u003E\n        \u003Cpicture\u003E\n                        \u003Csource srcset=\u0022\/sites\/default\/files\/styles\/teaser_standard__m\/public\/aurora\/2022\/07\/209836.jpeg.webp?itok=n1pMm5G8 1x\u0022 media=\u0022(min-width: 48.0625em) and (max-width: 64em)\u0022 type=\u0022image\/webp\u0022 width=\u0022323\u0022 height=\u0022215\u0022\/\u003E\n                  \u003Csource srcset=\u0022\/sites\/default\/files\/styles\/teaser_standard__l\/public\/aurora\/2022\/07\/209836.jpeg.webp?itok=l07NR93T 1x\u0022 media=\u0022(min-width: 64.0625em)\u0022 type=\u0022image\/webp\u0022 width=\u0022203\u0022 height=\u0022135\u0022\/\u003E\n                  \u003Csource srcset=\u0022\/sites\/default\/files\/styles\/teaser_standard__m\/public\/aurora\/2022\/07\/209836.jpeg?itok=wMklnFe7 1x\u0022 media=\u0022(min-width: 48.0625em) and (max-width: 64em)\u0022 type=\u0022image\/jpeg\u0022 width=\u0022323\u0022 height=\u0022215\u0022\/\u003E\n                  \u003Csource srcset=\u0022\/sites\/default\/files\/styles\/teaser_standard__l\/public\/aurora\/2022\/07\/209836.jpeg?itok=OLPvDfmu 1x\u0022 media=\u0022(min-width: 64.0625em)\u0022 type=\u0022image\/jpeg\u0022 width=\u0022203\u0022 height=\u0022135\u0022\/\u003E\n                          \u003Cimg alt=\u0022Bild 1\u2002Yados-Pr\u00fcfstand zur Testung anspruchsvoller Energiesysteme mit drei Pr\u00fcffeldern.\u0022 loading=\u0022eager\u0022 data-caption-hide width=\u0022597\u0022 height=\u0022398\u0022 data-zoomed=\u0022https:\/\/www.tga-fachplaner.de\/sites\/default\/files\/styles\/content__zoomed\/public\/aurora\/2022\/07\/209836.jpeg?itok=6hVw2C0-\u0022 src=\u0022\/sites\/default\/files\/styles\/teaser_standard__s\/public\/aurora\/2022\/07\/209836.jpeg?itok=RVBiqfFH\u0022 title=\u0022\u00a9 Yados\n\u0022 \/\u003E\n\n    \u003C\/picture\u003E\n      \u003Cfigcaption class=\u0022image--figcaption\u0022\u003E\n          \u003Cdiv class=\u0022copyright\u0022\u003EYados\n\u003C\/div\u003E\n          \u003C\/figcaption\u003E\n\u003C\/figure\u003E\n\n\n    \u003C\/div\u003E\n    \u003Cdiv class=\u0022teaser-content\u0022\u003E\n                    \u003Cdiv class=\u0022teaser-content--kicker\u0022\u003E\n                    Qualit\u00e4tssicherung\n        \u003C\/div\u003E\n                                              \n                        \n        \u003Ch4 class=\u0022teaser-content--headline\u0022\u003E\n                                Pr\u00fcfstand f\u00fcr BHKW und \n                              \u003Cspan class=\u0022headline-last-word-arrow\u0022\u003EEnergiesysteme              \u003Cspan\n                  class=\u0022permission-lock permission-lock-icon--lock\u0022\u003E\u003C\/span\u003E\n                                  \u003C\/span\u003E\n        \u003C\/h4\u003E\n            \u003Cdiv class=\u0022teaser-content--publishing-date\u0022\u003E\u003Ctime datetime=\u00222022-07-24T21:18:08Z\u0022\u003E24.07.2022\u003C\/time\u003E\n\u003C\/div\u003E\u003Cspan class=\u0022teaser-content--publishing-date-divider\u0022\u003E - \u003C\/span\u003E\u003Cdiv class=\u0022teaser-content--body\u0022\u003E\u003Cp\u003EYados hat am Standort Hoyerswerda einen neuen Pr\u00fcfstand f\u00fcr BHKW und weitere Energiesysteme errichtet und profitiert davon in mehrfacher Hinsicht.\u003C\/p\u003E\n\u003C\/div\u003E\n                        \u003Cspan class=\u0022read-more-arrow-container\u0022\u003E\n            \u003Cspan class=\u0022read-more-angled-arrow\u0022\u003E \u003C\/span\u003E\n          \u003C\/span\u003E\n                  \u003C\/div\u003E\n    \u003C\/a\u003E\n\u003Ca href=\u0022\/heizungstechnik\/bhkw-und-brennwertheizkessel-die-richtige-hydraulik-sichert-die-effizienz\u0022  class=\u0022teaser teaser--standard\u0022 aria-label=\u0022Die richtige Hydraulik sichert die Effizienz\u0022\u003E\n      \u003Cdiv class=\u0022teaser-content--image\u0022\u003E\n        \u003Cfigure class=\u0022image--figure\u0022\u003E\n        \u003Cpicture\u003E\n                        \u003Csource srcset=\u0022\/sites\/default\/files\/styles\/teaser_standard__m\/public\/aurora\/2022\/01\/165998.jpeg.webp?itok=dIB5ai9J 1x\u0022 media=\u0022(min-width: 48.0625em) and (max-width: 64em)\u0022 type=\u0022image\/webp\u0022 width=\u0022323\u0022 height=\u0022215\u0022\/\u003E\n                  \u003Csource srcset=\u0022\/sites\/default\/files\/styles\/teaser_standard__l\/public\/aurora\/2022\/01\/165998.jpeg.webp?itok=G2IDS-Gy 1x\u0022 media=\u0022(min-width: 64.0625em)\u0022 type=\u0022image\/webp\u0022 width=\u0022203\u0022 height=\u0022135\u0022\/\u003E\n                  \u003Csource srcset=\u0022\/sites\/default\/files\/styles\/teaser_standard__m\/public\/aurora\/2022\/01\/165998.jpeg?itok=lZRQ0RO7 1x\u0022 media=\u0022(min-width: 48.0625em) and (max-width: 64em)\u0022 type=\u0022image\/jpeg\u0022 width=\u0022323\u0022 height=\u0022215\u0022\/\u003E\n                  \u003Csource srcset=\u0022\/sites\/default\/files\/styles\/teaser_standard__l\/public\/aurora\/2022\/01\/165998.jpeg?itok=lILWc0l9 1x\u0022 media=\u0022(min-width: 64.0625em)\u0022 type=\u0022image\/jpeg\u0022 width=\u0022203\u0022 height=\u0022135\u0022\/\u003E\n                          \u003Cimg alt=\u0022Bild 1\u2002Theorie und Praxis best\u00e4tigen, dass die Anlagenhydraulik ein entscheidender Faktor f\u00fcr  einen energieeffizienten Betrieb ist.\u0022 loading=\u0022eager\u0022 data-caption-hide width=\u0022597\u0022 height=\u0022398\u0022 data-zoomed=\u0022https:\/\/www.tga-fachplaner.de\/sites\/default\/files\/styles\/content__zoomed\/public\/aurora\/2022\/01\/165998.jpeg?itok=-tSBY942\u0022 src=\u0022\/sites\/default\/files\/styles\/teaser_standard__s\/public\/aurora\/2022\/01\/165998.jpeg?itok=9UMEA-VQ\u0022 title=\u0022\u00a9 Yados\n\u0022 \/\u003E\n\n    \u003C\/picture\u003E\n      \u003Cfigcaption class=\u0022image--figcaption\u0022\u003E\n          \u003Cdiv class=\u0022copyright\u0022\u003EYados\n\u003C\/div\u003E\n          \u003C\/figcaption\u003E\n\u003C\/figure\u003E\n\n\n    \u003C\/div\u003E\n    \u003Cdiv class=\u0022teaser-content\u0022\u003E\n                    \u003Cdiv class=\u0022teaser-content--kicker\u0022\u003E\n                    BHKW und Brennwertheizkessel\n        \u003C\/div\u003E\n                                              \n                        \n        \u003Ch4 class=\u0022teaser-content--headline\u0022\u003E\n                                Die richtige Hydraulik sichert die \n                              \u003Cspan class=\u0022headline-last-word-arrow\u0022\u003EEffizienz              \u003Cspan\n                  class=\u0022permission-lock permission-lock-icon--lock\u0022\u003E\u003C\/span\u003E\n                                  \u003C\/span\u003E\n        \u003C\/h4\u003E\n            \u003Cdiv class=\u0022teaser-content--publishing-date\u0022\u003E\u003Ctime datetime=\u00222022-01-26T12:37:39Z\u0022\u003E26.01.2022\u003C\/time\u003E\n\u003C\/div\u003E\u003Cspan class=\u0022teaser-content--publishing-date-divider\u0022\u003E - \u003C\/span\u003E\u003Cdiv class=\u0022teaser-content--body\u0022\u003E\u003Cp\u003EUm das Effizienzpotenzial von BHKW und Brennwertheizkesseln auszusch\u00f6pfen, sind eine ausbalancierte Hydraulik und anlagenspezifische Regelungsstrategien gefragt.\u003C\/p\u003E\n\u003C\/div\u003E\n                        \u003Cspan class=\u0022read-more-arrow-container\u0022\u003E\n            \u003Cspan class=\u0022read-more-angled-arrow\u0022\u003E \u003C\/span\u003E\n          \u003C\/span\u003E\n                  \u003C\/div\u003E\n    \u003C\/a\u003E\n\u003Ca href=\u0022\/meldungen\/hps-ganzjahres-stromspeicher-mit-bis-zu-15-000-kwh\u0022  class=\u0022teaser teaser--standard\u0022 aria-label=\u0022Ganzjahres-Stromspeicher mit bis zu 15\u202f000\u00a0kWh\u0022\u003E\n      \u003Cdiv class=\u0022teaser-content--image\u0022\u003E\n        \u003Cfigure class=\u0022image--figure\u0022\u003E\n        \u003Cpicture\u003E\n                        \u003Csource srcset=\u0022\/sites\/default\/files\/styles\/teaser_standard__m\/public\/aurora\/2021\/12\/159968.jpeg.webp?itok=uLJuW-5v 1x\u0022 media=\u0022(min-width: 48.0625em) and (max-width: 64em)\u0022 type=\u0022image\/webp\u0022 width=\u0022323\u0022 height=\u0022215\u0022\/\u003E\n                  \u003Csource srcset=\u0022\/sites\/default\/files\/styles\/teaser_standard__l\/public\/aurora\/2021\/12\/159968.jpeg.webp?itok=q8M22Y2K 1x\u0022 media=\u0022(min-width: 64.0625em)\u0022 type=\u0022image\/webp\u0022 width=\u0022203\u0022 height=\u0022135\u0022\/\u003E\n                  \u003Csource srcset=\u0022\/sites\/default\/files\/styles\/teaser_standard__m\/public\/aurora\/2021\/12\/159968.jpeg?itok=Tlc5woPH 1x\u0022 media=\u0022(min-width: 48.0625em) and (max-width: 64em)\u0022 type=\u0022image\/jpeg\u0022 width=\u0022323\u0022 height=\u0022215\u0022\/\u003E\n                  \u003Csource srcset=\u0022\/sites\/default\/files\/styles\/teaser_standard__l\/public\/aurora\/2021\/12\/159968.jpeg?itok=AIAVPJqO 1x\u0022 media=\u0022(min-width: 64.0625em)\u0022 type=\u0022image\/jpeg\u0022 width=\u0022203\u0022 height=\u0022135\u0022\/\u003E\n                          \u003Cimg alt=\u0022Die bundesweit erste multi-picea steht in Meckenheim und versorgt ganzj\u00e4hrig eine Gewerbeimmobilie mit r\u00fcckverstromten Wasserstoff, der aus dem Solarstrom vom eigenen Dach produziert wurde.\u0022 loading=\u0022eager\u0022 data-caption-hide width=\u0022597\u0022 height=\u0022398\u0022 data-zoomed=\u0022https:\/\/www.tga-fachplaner.de\/sites\/default\/files\/styles\/content__zoomed\/public\/aurora\/2021\/12\/159968.jpeg?itok=q4EpKnH1\u0022 src=\u0022\/sites\/default\/files\/styles\/teaser_standard__s\/public\/aurora\/2021\/12\/159968.jpeg?itok=uXHkIQLN\u0022 title=\u0022\u00a9 HPS Home Power Solutions\n\u0022 \/\u003E\n\n    \u003C\/picture\u003E\n      \u003Cfigcaption class=\u0022image--figcaption\u0022\u003E\n          \u003Cdiv class=\u0022copyright\u0022\u003EHPS Home Power Solutions\n\u003C\/div\u003E\n          \u003C\/figcaption\u003E\n\u003C\/figure\u003E\n\n\n    \u003C\/div\u003E\n    \u003Cdiv class=\u0022teaser-content\u0022\u003E\n                    \u003Cdiv class=\u0022teaser-content--kicker\u0022\u003E\n                    HPS\n        \u003C\/div\u003E\n                                              \n                        \n        \u003Ch4 class=\u0022teaser-content--headline\u0022\u003E\n                                Ganzjahres-Stromspeicher mit bis zu \n                              \u003Cspan class=\u0022headline-last-word-arrow\u0022\u003E15\u202f000\u00a0kWh                      \u003C\/span\u003E\n        \u003C\/h4\u003E\n            \u003Cdiv class=\u0022teaser-content--publishing-date\u0022\u003E\u003Ctime datetime=\u00222021-12-08T14:16:31Z\u0022\u003E08.12.2021\u003C\/time\u003E\n\u003C\/div\u003E\u003Cspan class=\u0022teaser-content--publishing-date-divider\u0022\u003E - \u003C\/span\u003E\u003Cdiv class=\u0022teaser-content--body\u0022\u003E\u003Cp\u003EHPS bietet jetzt auch Stromspeicher f\u00fcr Gewerbe und Mehrfamilienh\u00e4user an. Der Ganzjahres-Stromspeicher multi-picea kann bis zu 15\u202f000\u0026nbsp;kWh\u003Csub\u003Eel\u003C\/sub\u003E\u0026nbsp;speichern.\u003C\/p\u003E\n\u003C\/div\u003E\n                        \u003Cspan class=\u0022read-more-arrow-container\u0022\u003E\n            \u003Cspan class=\u0022read-more-angled-arrow\u0022\u003E \u003C\/span\u003E\n          \u003C\/span\u003E\n                  \u003C\/div\u003E\n    \u003C\/a\u003E\n\u003Ca href=\u0022\/energietechnik\/referenzprojekt-energiewerkstatt-neues-bhkw-drei-jahren-refinanziert\u0022  class=\u0022teaser teaser--standard\u0022 aria-label=\u0022Neues BHKW in drei Jahren refinanziert\u0022\u003E\n      \u003Cdiv class=\u0022teaser-content--image\u0022\u003E\n        \u003Cfigure class=\u0022image--figure\u0022\u003E\n        \u003Cpicture\u003E\n                        \u003Csource srcset=\u0022\/sites\/default\/files\/styles\/teaser_standard__m\/public\/aurora\/2021\/05\/110721.jpeg.webp?itok=QMIGGNOA 1x\u0022 media=\u0022(min-width: 48.0625em) and (max-width: 64em)\u0022 type=\u0022image\/webp\u0022 width=\u0022323\u0022 height=\u0022242\u0022\/\u003E\n                  \u003Csource srcset=\u0022\/sites\/default\/files\/styles\/teaser_standard__l\/public\/aurora\/2021\/05\/110721.jpeg.webp?itok=Vyi3GsP4 1x\u0022 media=\u0022(min-width: 64.0625em)\u0022 type=\u0022image\/webp\u0022 width=\u0022203\u0022 height=\u0022152\u0022\/\u003E\n                  \u003Csource srcset=\u0022\/sites\/default\/files\/styles\/teaser_standard__m\/public\/aurora\/2021\/05\/110721.jpeg?itok=Q57QC08E 1x\u0022 media=\u0022(min-width: 48.0625em) and (max-width: 64em)\u0022 type=\u0022image\/jpeg\u0022 width=\u0022323\u0022 height=\u0022242\u0022\/\u003E\n                  \u003Csource srcset=\u0022\/sites\/default\/files\/styles\/teaser_standard__l\/public\/aurora\/2021\/05\/110721.jpeg?itok=fGAS6Ktt 1x\u0022 media=\u0022(min-width: 64.0625em)\u0022 type=\u0022image\/jpeg\u0022 width=\u0022203\u0022 height=\u0022152\u0022\/\u003E\n                          \u003Cimg alt=\u0022Bild 1\u2002Im Haus am Barkhof wird die vollstation\u00e4re Pflege und Kurzzeitpflege, mit Fokus auf der neurologischen Intensivpflege, Demenzbetreuung, Tagespflege und Palliativpflege angeboten.\u0022 loading=\u0022eager\u0022 data-caption-hide width=\u0022531\u0022 height=\u0022398\u0022 data-zoomed=\u0022https:\/\/www.tga-fachplaner.de\/sites\/default\/files\/styles\/content__zoomed\/public\/aurora\/2021\/05\/110721.jpeg?itok=XTRNmpzY\u0022 src=\u0022\/sites\/default\/files\/styles\/teaser_standard__s\/public\/aurora\/2021\/05\/110721.jpeg?itok=SL0qn2PR\u0022 title=\u0022\u00a9 Energiewerkstatt\n\u0022 \/\u003E\n\n    \u003C\/picture\u003E\n      \u003Cfigcaption class=\u0022image--figcaption\u0022\u003E\n          \u003Cdiv class=\u0022copyright\u0022\u003EEnergiewerkstatt\n\u003C\/div\u003E\n          \u003C\/figcaption\u003E\n\u003C\/figure\u003E\n\n\n    \u003C\/div\u003E\n    \u003Cdiv class=\u0022teaser-content\u0022\u003E\n                    \u003Cdiv class=\u0022teaser-content--kicker\u0022\u003E\n                    Referenzprojekt Energiewerkstatt\n        \u003C\/div\u003E\n                                              \n                        \n        \u003Ch4 class=\u0022teaser-content--headline\u0022\u003E\n                                Neues BHKW in drei Jahren \n                              \u003Cspan class=\u0022headline-last-word-arrow\u0022\u003Erefinanziert              \u003Cspan\n                  class=\u0022permission-lock permission-lock-icon--lock\u0022\u003E\u003C\/span\u003E\n                                  \u003C\/span\u003E\n        \u003C\/h4\u003E\n            \u003Cdiv class=\u0022teaser-content--publishing-date\u0022\u003E\u003Ctime datetime=\u00222021-05-28T12:17:00Z\u0022\u003E28.05.2021\u003C\/time\u003E\n\u003C\/div\u003E\u003Cspan class=\u0022teaser-content--publishing-date-divider\u0022\u003E - \u003C\/span\u003E\u003Cdiv class=\u0022teaser-content--body\u0022\u003E\u003Cp\u003EIn einem Pflegeheim wurde ein 10 Jahre altes BHKW ersetzt. Die Investition refinanziert sich in 3 Jahren. Ein Vollwartungsvertrag garantiert 95\u0026nbsp;% Verf\u00fcgbarkeit.\u003C\/p\u003E\n\u003C\/div\u003E\n                        \u003Cspan class=\u0022read-more-arrow-container\u0022\u003E\n            \u003Cspan class=\u0022read-more-angled-arrow\u0022\u003E \u003C\/span\u003E\n          \u003C\/span\u003E\n                  \u003C\/div\u003E\n    \u003C\/a\u003E\n\u003Ca href=\u0022\/heizungstechnik\/referenzprojekt-remeha-brennstoffzelle-im-zweifamilienhaus\u0022  class=\u0022teaser teaser--standard\u0022 aria-label=\u0022Brennstoffzelle im Zweifamilienhaus\u0022\u003E\n      \u003Cdiv class=\u0022teaser-content--image\u0022\u003E\n        \u003Cfigure class=\u0022image--figure\u0022\u003E\n        \u003Cpicture\u003E\n                        \u003Csource srcset=\u0022\/sites\/default\/files\/styles\/teaser_standard__m\/public\/aurora\/2021\/05\/104786.jpeg.webp?itok=cUn30bfk 1x\u0022 media=\u0022(min-width: 48.0625em) and (max-width: 64em)\u0022 type=\u0022image\/webp\u0022 width=\u0022323\u0022 height=\u0022215\u0022\/\u003E\n                  \u003Csource srcset=\u0022\/sites\/default\/files\/styles\/teaser_standard__l\/public\/aurora\/2021\/05\/104786.jpeg.webp?itok=QMeuDKvd 1x\u0022 media=\u0022(min-width: 64.0625em)\u0022 type=\u0022image\/webp\u0022 width=\u0022203\u0022 height=\u0022135\u0022\/\u003E\n                  \u003Csource srcset=\u0022\/sites\/default\/files\/styles\/teaser_standard__m\/public\/aurora\/2021\/05\/104786.jpeg?itok=Pt55HjCX 1x\u0022 media=\u0022(min-width: 48.0625em) and (max-width: 64em)\u0022 type=\u0022image\/jpeg\u0022 width=\u0022323\u0022 height=\u0022215\u0022\/\u003E\n                  \u003Csource srcset=\u0022\/sites\/default\/files\/styles\/teaser_standard__l\/public\/aurora\/2021\/05\/104786.jpeg?itok=u-IwD-QP 1x\u0022 media=\u0022(min-width: 64.0625em)\u0022 type=\u0022image\/jpeg\u0022 width=\u0022203\u0022 height=\u0022135\u0022\/\u003E\n                          \u003Cimg alt=\u0022Bild 1\u2002Das gro\u00dfz\u00fcgig bemessene Eigenheim der Eheleute Klodt wurde als Doppelhaus konzipiert \u2013 die rechte Haush\u00e4lfte ist vermietet.\u0022 loading=\u0022eager\u0022 data-caption-hide width=\u0022597\u0022 height=\u0022398\u0022 data-zoomed=\u0022https:\/\/www.tga-fachplaner.de\/sites\/default\/files\/styles\/content__zoomed\/public\/aurora\/2021\/05\/104786.jpeg?itok=nzsa-VKr\u0022 src=\u0022\/sites\/default\/files\/styles\/teaser_standard__s\/public\/aurora\/2021\/05\/104786.jpeg?itok=a4kS4yBd\u0022 title=\u0022\u00a9 Remeha\n\u0022 \/\u003E\n\n    \u003C\/picture\u003E\n      \u003Cfigcaption class=\u0022image--figcaption\u0022\u003E\n          \u003Cdiv class=\u0022copyright\u0022\u003ERemeha\n\u003C\/div\u003E\n          \u003C\/figcaption\u003E\n\u003C\/figure\u003E\n\n\n    \u003C\/div\u003E\n    \u003Cdiv class=\u0022teaser-content\u0022\u003E\n                    \u003Cdiv class=\u0022teaser-content--kicker\u0022\u003E\n                    Referenzprojekt Remeha\n        \u003C\/div\u003E\n                                              \n                        \n        \u003Ch4 class=\u0022teaser-content--headline\u0022\u003E\n                                Brennstoffzelle im \n                              \u003Cspan class=\u0022headline-last-word-arrow\u0022\u003EZweifamilienhaus              \u003Cspan\n                  class=\u0022permission-lock permission-lock-icon--lock\u0022\u003E\u003C\/span\u003E\n                                  \u003C\/span\u003E\n        \u003C\/h4\u003E\n            \u003Cdiv class=\u0022teaser-content--publishing-date\u0022\u003E\u003Ctime datetime=\u00222021-05-02T17:02:56Z\u0022\u003E02.05.2021\u003C\/time\u003E\n\u003C\/div\u003E\u003Cspan class=\u0022teaser-content--publishing-date-divider\u0022\u003E - \u003C\/span\u003E\u003Cdiv class=\u0022teaser-content--body\u0022\u003E\u003Cp\u003EEin B\u00e4cker muss sich schon in beruflicher Hinsicht mit der Energie- und W\u00e4rmeversorgung auskennen. Dass diese langj\u00e4hrige Erfahrung auch im h\u00e4uslichen Umfeld n\u00fctzlich sein kann, beweist Hubert Klodt aus Emsdetten. In seinem Wohnhaus wurde eine Brennstoffzelle eLecta\u0026nbsp;300 von Remeha installiert.\u003C\/p\u003E\n\u003C\/div\u003E\n                        \u003Cspan class=\u0022read-more-arrow-container\u0022\u003E\n            \u003Cspan class=\u0022read-more-angled-arrow\u0022\u003E \u003C\/span\u003E\n          \u003C\/span\u003E\n                  \u003C\/div\u003E\n    \u003C\/a\u003E\n\u003Ca href=\u0022\/energietechnik\/rmb-energie-wasserstoff-neotower-bhkw-bis-40-vol-h2-ready\u0022  class=\u0022teaser teaser--standard\u0022 aria-label=\u0022Wasserstoff: neoTower-BHKW bis 40\u00a0Vol.-% H2-ready\u0022\u003E\n      \u003Cdiv class=\u0022teaser-content--image\u0022\u003E\n        \u003Cfigure class=\u0022image--figure\u0022\u003E\n        \u003Cpicture\u003E\n                        \u003Csource srcset=\u0022\/sites\/default\/files\/styles\/teaser_standard__m\/public\/aurora\/2021\/04\/103924.jpeg.webp?itok=dCguc41o 1x\u0022 media=\u0022(min-width: 48.0625em) and (max-width: 64em)\u0022 type=\u0022image\/webp\u0022 width=\u0022323\u0022 height=\u0022215\u0022\/\u003E\n                  \u003Csource srcset=\u0022\/sites\/default\/files\/styles\/teaser_standard__l\/public\/aurora\/2021\/04\/103924.jpeg.webp?itok=jyjLQhFp 1x\u0022 media=\u0022(min-width: 64.0625em)\u0022 type=\u0022image\/webp\u0022 width=\u0022203\u0022 height=\u0022135\u0022\/\u003E\n                  \u003Csource srcset=\u0022\/sites\/default\/files\/styles\/teaser_standard__m\/public\/aurora\/2021\/04\/103924.jpeg?itok=E2dmJzea 1x\u0022 media=\u0022(min-width: 48.0625em) and (max-width: 64em)\u0022 type=\u0022image\/jpeg\u0022 width=\u0022323\u0022 height=\u0022215\u0022\/\u003E\n                  \u003Csource srcset=\u0022\/sites\/default\/files\/styles\/teaser_standard__l\/public\/aurora\/2021\/04\/103924.jpeg?itok=WAD57viB 1x\u0022 media=\u0022(min-width: 64.0625em)\u0022 type=\u0022image\/jpeg\u0022 width=\u0022203\u0022 height=\u0022135\u0022\/\u003E\n                          \u003Cimg alt=\u0022Die komplette neoTower-Modellreihe von RMB\/Energie ist f\u00fcr bis zu 40 Vol.-% Wasserstoff-Beimischung zum Erdgas geeignet.\u0022 loading=\u0022eager\u0022 data-caption-hide width=\u0022597\u0022 height=\u0022398\u0022 data-zoomed=\u0022https:\/\/www.tga-fachplaner.de\/sites\/default\/files\/styles\/content__zoomed\/public\/aurora\/2021\/04\/103924.jpeg?itok=XVXhWkQ-\u0022 src=\u0022\/sites\/default\/files\/styles\/teaser_standard__s\/public\/aurora\/2021\/04\/103924.jpeg?itok=uW9-i_Br\u0022 title=\u0022\u00a9 RMB\/Energie\n\u0022 \/\u003E\n\n    \u003C\/picture\u003E\n      \u003Cfigcaption class=\u0022image--figcaption\u0022\u003E\n          \u003Cdiv class=\u0022copyright\u0022\u003ERMB\/Energie\n\u003C\/div\u003E\n          \u003C\/figcaption\u003E\n\u003C\/figure\u003E\n\n\n    \u003C\/div\u003E\n    \u003Cdiv class=\u0022teaser-content\u0022\u003E\n                    \u003Cdiv class=\u0022teaser-content--kicker\u0022\u003E\n                    RMB\/Energie\n        \u003C\/div\u003E\n                                              \n                        \n        \u003Ch4 class=\u0022teaser-content--headline\u0022\u003E\n                                Wasserstoff: neoTower-BHKW bis 40\u00a0Vol.-% \n                              \u003Cspan class=\u0022headline-last-word-arrow\u0022\u003EH2-ready                      \u003C\/span\u003E\n        \u003C\/h4\u003E\n            \u003Cdiv class=\u0022teaser-content--publishing-date\u0022\u003E\u003Ctime datetime=\u00222021-04-12T10:41:08Z\u0022\u003E12.04.2021\u003C\/time\u003E\n\u003C\/div\u003E\u003Cspan class=\u0022teaser-content--publishing-date-divider\u0022\u003E - \u003C\/span\u003E\u003Cdiv class=\u0022teaser-content--body\u0022\u003E\u003Cp\u003EDer BHKW-Hersteller RMB\/Energie hat die Eignung seiner Blockheizkraftwerke f\u00fcr zu 40\u0026nbsp;Vol.-% Wasserstoff-Beimischung zum Erdgas erfolgreich getestet.\u003C\/p\u003E\n\u003C\/div\u003E\n                        \u003Cspan class=\u0022read-more-arrow-container\u0022\u003E\n            \u003Cspan class=\u0022read-more-angled-arrow\u0022\u003E \u003C\/span\u003E\n          \u003C\/span\u003E\n                  \u003C\/div\u003E\n    \u003C\/a\u003E\n\u003Ca href=\u0022\/foerderung\/rmb-energie-kwk-foerderung-kfw-programm-278-fuer-bhkw-gewerbeimmobilien\u0022  class=\u0022teaser teaser--standard\u0022 aria-label=\u0022KfW-Programm 278 f\u00fcr BHKW in Gewerbeimmobilien\u0022\u003E\n      \u003Cdiv class=\u0022teaser-content--image\u0022\u003E\n        \u003Cfigure class=\u0022image--figure\u0022\u003E\n        \u003Cpicture\u003E\n                        \u003Csource srcset=\u0022\/sites\/default\/files\/styles\/teaser_standard__m\/public\/aurora\/2021\/01\/83886.jpeg.webp?itok=uASNTsAf 1x\u0022 media=\u0022(min-width: 48.0625em) and (max-width: 64em)\u0022 type=\u0022image\/webp\u0022 width=\u0022323\u0022 height=\u0022216\u0022\/\u003E\n                  \u003Csource srcset=\u0022\/sites\/default\/files\/styles\/teaser_standard__l\/public\/aurora\/2021\/01\/83886.jpeg.webp?itok=ozuyVGOH 1x\u0022 media=\u0022(min-width: 64.0625em)\u0022 type=\u0022image\/webp\u0022 width=\u0022203\u0022 height=\u0022136\u0022\/\u003E\n                  \u003Csource srcset=\u0022\/sites\/default\/files\/styles\/teaser_standard__m\/public\/aurora\/2021\/01\/83886.jpeg?itok=ybSwCFZ0 1x\u0022 media=\u0022(min-width: 48.0625em) and (max-width: 64em)\u0022 type=\u0022image\/jpeg\u0022 width=\u0022323\u0022 height=\u0022216\u0022\/\u003E\n                  \u003Csource srcset=\u0022\/sites\/default\/files\/styles\/teaser_standard__l\/public\/aurora\/2021\/01\/83886.jpeg?itok=LLdQslsp 1x\u0022 media=\u0022(min-width: 64.0625em)\u0022 type=\u0022image\/jpeg\u0022 width=\u0022203\u0022 height=\u0022136\u0022\/\u003E\n                          \u003Cimg loading=\u0022eager\u0022 data-caption-hide width=\u0022596\u0022 height=\u0022398\u0022 data-zoomed=\u0022https:\/\/www.tga-fachplaner.de\/sites\/default\/files\/styles\/content__zoomed\/public\/aurora\/2021\/01\/83886.jpeg?itok=AOK5fk_C\u0022 src=\u0022\/sites\/default\/files\/styles\/teaser_standard__s\/public\/aurora\/2021\/01\/83886.jpeg?itok=fEhoGen3\u0022 title=\u0022\u00a9 RMB\/Energie\n\u0022 \/\u003E\n\n    \u003C\/picture\u003E\n      \u003Cfigcaption class=\u0022image--figcaption\u0022\u003E\n          \u003Cdiv class=\u0022copyright\u0022\u003ERMB\/Energie\n\u003C\/div\u003E\n          \u003C\/figcaption\u003E\n\u003C\/figure\u003E\n\n\n    \u003C\/div\u003E\n    \u003Cdiv class=\u0022teaser-content\u0022\u003E\n                    \u003Cdiv class=\u0022teaser-content--kicker\u0022\u003E\n                    RMB\/Energie \/ KWK-F\u00f6rderung\n        \u003C\/div\u003E\n                                              \n                        \n        \u003Ch4 class=\u0022teaser-content--headline\u0022\u003E\n                                KfW-Programm 278 f\u00fcr BHKW in \n                              \u003Cspan class=\u0022headline-last-word-arrow\u0022\u003EGewerbeimmobilien                      \u003C\/span\u003E\n        \u003C\/h4\u003E\n            \u003Cdiv class=\u0022teaser-content--publishing-date\u0022\u003E\u003Ctime datetime=\u00222021-01-12T10:27:37Z\u0022\u003E12.01.2021\u003C\/time\u003E\n\u003C\/div\u003E\u003Cspan class=\u0022teaser-content--publishing-date-divider\u0022\u003E - \u003C\/span\u003E\u003Cdiv class=\u0022teaser-content--body\u0022\u003E\u003Cp\u003EDas KfW-Programm 278 f\u00f6rdert die Sanierung gewerblich genutzter Nichtwohngeb\u00e4ude. Das Programm kann auch f\u00fcr BHKWs als Einzelma\u00dfnahme beantragt werden.\u003C\/p\u003E\n\u003C\/div\u003E\n                        \u003Cspan class=\u0022read-more-arrow-container\u0022\u003E\n            \u003Cspan class=\u0022read-more-angled-arrow\u0022\u003E \u003C\/span\u003E\n          \u003C\/span\u003E\n                  \u003C\/div\u003E\n    \u003C\/a\u003E\n\u003Ca href=\u0022\/meldungen\/bosch-wasserstofffaehige-brennstoffzellen-pilotanlage\u0022  class=\u0022teaser teaser--standard\u0022 aria-label=\u0022Wasserstofff\u00e4hige Brennstoffzellen-Pilotanlage\u0022\u003E\n      \u003Cdiv class=\u0022teaser-content--image\u0022\u003E\n        \u003Cfigure class=\u0022image--figure\u0022\u003E\n        \u003Cpicture\u003E\n                        \u003Csource srcset=\u0022\/sites\/default\/files\/styles\/teaser_standard__m\/public\/aurora\/2020\/07\/50793.jpeg.webp?itok=gkZ41lOM 1x\u0022 media=\u0022(min-width: 48.0625em) and (max-width: 64em)\u0022 type=\u0022image\/webp\u0022 width=\u0022323\u0022 height=\u0022182\u0022\/\u003E\n                  \u003Csource srcset=\u0022\/sites\/default\/files\/styles\/teaser_standard__l\/public\/aurora\/2020\/07\/50793.jpeg.webp?itok=efLixHk- 1x\u0022 media=\u0022(min-width: 64.0625em)\u0022 type=\u0022image\/webp\u0022 width=\u0022203\u0022 height=\u0022114\u0022\/\u003E\n                  \u003Csource srcset=\u0022\/sites\/default\/files\/styles\/teaser_standard__m\/public\/aurora\/2020\/07\/50793.jpeg?itok=Bk4ZkOmP 1x\u0022 media=\u0022(min-width: 48.0625em) and (max-width: 64em)\u0022 type=\u0022image\/jpeg\u0022 width=\u0022323\u0022 height=\u0022182\u0022\/\u003E\n                  \u003Csource srcset=\u0022\/sites\/default\/files\/styles\/teaser_standard__l\/public\/aurora\/2020\/07\/50793.jpeg?itok=ZsR5OWZg 1x\u0022 media=\u0022(min-width: 64.0625em)\u0022 type=\u0022image\/jpeg\u0022 width=\u0022203\u0022 height=\u0022114\u0022\/\u003E\n                          \u003Cimg alt=\u0022SOFC-Brennstoffzellen-Pilotanlage in direkter Nachbarschaft des Bosch-eigenen Trainingszentrums Wernau.\u0022 loading=\u0022eager\u0022 data-caption-hide width=\u0022708\u0022 height=\u0022398\u0022 data-zoomed=\u0022https:\/\/www.tga-fachplaner.de\/sites\/default\/files\/styles\/content__zoomed\/public\/aurora\/2020\/07\/50793.jpeg?itok=YQlj0U6_\u0022 src=\u0022\/sites\/default\/files\/styles\/teaser_standard__s\/public\/aurora\/2020\/07\/50793.jpeg?itok=vIhqaqdr\u0022 title=\u0022\u00a9 Bosch\n\u0022 \/\u003E\n\n    \u003C\/picture\u003E\n      \u003Cfigcaption class=\u0022image--figcaption\u0022\u003E\n          \u003Cdiv class=\u0022copyright\u0022\u003EBosch\n\u003C\/div\u003E\n          \u003C\/figcaption\u003E\n\u003C\/figure\u003E\n\n\n    \u003C\/div\u003E\n    \u003Cdiv class=\u0022teaser-content\u0022\u003E\n                    \u003Cdiv class=\u0022teaser-content--kicker\u0022\u003E\n                    Bosch\n        \u003C\/div\u003E\n                                              \n                        \n        \u003Ch4 class=\u0022teaser-content--headline\u0022\u003E\n                                Wasserstofff\u00e4hige \n                              \u003Cspan class=\u0022headline-last-word-arrow\u0022\u003EBrennstoffzellen-Pilotanlage                      \u003C\/span\u003E\n        \u003C\/h4\u003E\n            \u003Cdiv class=\u0022teaser-content--publishing-date\u0022\u003E\u003Ctime datetime=\u00222020-07-07T07:25:52Z\u0022\u003E07.07.2020\u003C\/time\u003E\n\u003C\/div\u003E\u003Cspan class=\u0022teaser-content--publishing-date-divider\u0022\u003E - \u003C\/span\u003E\u003Cdiv class=\u0022teaser-content--body\u0022\u003E\u003Cp\u003EBosch hat im Trainingszentrum Wernau eine Brennstoffzellen-Pilotanlage auf SOFC-Basis in Betrieb genommen. Die Anlage besteht aus drei Brennstoffzellen-Ger\u00e4ten f\u00fcr station\u00e4re Anwendungen, die die bestehende Stromversorgung des Bosch-Werks in Wernau CO2-sparend erg\u00e4nzen und die weitere Entwicklung dieser dezentralen Energiesysteme vorantreiben sollen.\u003C\/p\u003E\n\u003C\/div\u003E\n                        \u003Cspan class=\u0022read-more-arrow-container\u0022\u003E\n            \u003Cspan class=\u0022read-more-angled-arrow\u0022\u003E \u003C\/span\u003E\n          \u003C\/span\u003E\n                  \u003C\/div\u003E\n    \u003C\/a\u003E\n\u003Ca href=\u0022\/energietechnik\/kwk-auslegung-ein-bhkw-muss-genau-zum-objekt-passen\u0022  class=\u0022teaser teaser--standard\u0022 aria-label=\u0022Ein BHKW muss genau zum Objekt passen!\u0022\u003E\n      \u003Cdiv class=\u0022teaser-content--image\u0022\u003E\n              \u003Cpicture\u003E\n                        \u003Csource srcset=\u0022\/sites\/default\/files\/styles\/teaser_standard__m\/public\/aurora\/2020\/04\/36790.jpeg.webp?itok=sWSTbSkG 1x\u0022 media=\u0022(min-width: 48.0625em) and (max-width: 64em)\u0022 type=\u0022image\/webp\u0022 width=\u0022323\u0022 height=\u0022211\u0022\/\u003E\n                  \u003Csource srcset=\u0022\/sites\/default\/files\/styles\/teaser_standard__l\/public\/aurora\/2020\/04\/36790.jpeg.webp?itok=0KUlR6gI 1x\u0022 media=\u0022(min-width: 64.0625em)\u0022 type=\u0022image\/webp\u0022 width=\u0022203\u0022 height=\u0022133\u0022\/\u003E\n                  \u003Csource srcset=\u0022\/sites\/default\/files\/styles\/teaser_standard__m\/public\/aurora\/2020\/04\/36790.jpeg?itok=sM8xEEL- 1x\u0022 media=\u0022(min-width: 48.0625em) and (max-width: 64em)\u0022 type=\u0022image\/jpeg\u0022 width=\u0022323\u0022 height=\u0022211\u0022\/\u003E\n                  \u003Csource srcset=\u0022\/sites\/default\/files\/styles\/teaser_standard__l\/public\/aurora\/2020\/04\/36790.jpeg?itok=sZsXDaAp 1x\u0022 media=\u0022(min-width: 64.0625em)\u0022 type=\u0022image\/jpeg\u0022 width=\u0022203\u0022 height=\u0022133\u0022\/\u003E\n                          \u003Cimg loading=\u0022eager\u0022 data-caption-hide width=\u0022608\u0022 height=\u0022398\u0022 alt=\u0022Bild 1: Typische und pr\u00e4destinierte Einsatzbereiche f\u00fcr BHKW im kleinen bis mittleren Leistungsbereich sind Altenwohnanlagen, Hotels, Schwimmb\u00e4der, Krankenh\u00e4user, mehrgeschossiger Wohnungsbau sowie gr\u00f6\u00dfere Ein- und Zweifamilienh\u00e4user. \u0022 data-zoomed=\u0022https:\/\/www.tga-fachplaner.de\/sites\/default\/files\/styles\/content__zoomed\/public\/aurora\/2020\/04\/36790.jpeg?itok=GaUG6sZv\u0022 src=\u0022\/sites\/default\/files\/styles\/teaser_standard__s\/public\/aurora\/2020\/04\/36790.jpeg?itok=VTum5mW-\u0022 \/\u003E\n\n    \u003C\/picture\u003E\n    \n\n    \u003C\/div\u003E\n    \u003Cdiv class=\u0022teaser-content\u0022\u003E\n                    \u003Cdiv class=\u0022teaser-content--kicker\u0022\u003E\n                    KWK-Auslegung\u0026#13;\n        \u003C\/div\u003E\n                                              \n                        \n        \u003Ch4 class=\u0022teaser-content--headline\u0022\u003E\n                                Ein BHKW muss genau zum Objekt \n                              \u003Cspan class=\u0022headline-last-word-arrow\u0022\u003Epassen!              \u003Cspan\n                  class=\u0022permission-lock permission-lock-icon--lock\u0022\u003E\u003C\/span\u003E\n                                  \u003C\/span\u003E\n        \u003C\/h4\u003E\n            \u003Cdiv class=\u0022teaser-content--publishing-date\u0022\u003E\u003Ctime datetime=\u00222020-04-08T14:01:33Z\u0022\u003E08.04.2020\u003C\/time\u003E\n\u003C\/div\u003E\u003Cspan class=\u0022teaser-content--publishing-date-divider\u0022\u003E - \u003C\/span\u003E\u003Cdiv class=\u0022teaser-content--body\u0022\u003E\u003Cp\u003EDezentrale Kraft-W\u00e4rme-Kopplung (KWK) in Geb\u00e4uden ist eine etablierte L\u00f6sung zur kombinierten Bereitstellung von W\u00e4rme und Strom. Ob sie sich langfristig rechnet, wird stark dadurch mitbestimmt, dass das gew\u00e4hlte Ger\u00e4t m\u00f6glichst \u00adgenau zur energetischen Situation eines Geb\u00e4udes und zu dessen Nutzung passt. Das optimale BHKW l\u00e4sst sich nur individuell anhand der jeweiligen Einsatzsituation ermitteln.\u003C\/p\u003E\n\u003C\/div\u003E\n                        \u003Cspan class=\u0022read-more-arrow-container\u0022\u003E\n            \u003Cspan class=\u0022read-more-angled-arrow\u0022\u003E \u003C\/span\u003E\n          \u003C\/span\u003E\n                  \u003C\/div\u003E\n    \u003C\/a\u003E\n\u003Ca href=\u0022\/meldungen\/viessmann-viessmann-stellt-aktivitaeten-der-hexis-ag-ein\u0022  class=\u0022teaser teaser--standard\u0022 aria-label=\u0022Viessmann stellt Aktivit\u00e4ten der Hexis AG ein\u0022\u003E\n      \u003Cdiv class=\u0022teaser-content--image\u0022\u003E\n        \u003Cfigure class=\u0022image--figure\u0022\u003E\n        \u003Cpicture\u003E\n                        \u003Csource srcset=\u0022\/sites\/default\/files\/styles\/teaser_standard__m\/public\/aurora\/2020\/03\/36042.jpg.webp?itok=4MXkVXQD 1x\u0022 media=\u0022(min-width: 48.0625em) and (max-width: 64em)\u0022 type=\u0022image\/webp\u0022 width=\u0022260\u0022 height=\u0022242\u0022\/\u003E\n                  \u003Csource srcset=\u0022\/sites\/default\/files\/styles\/teaser_standard__l\/public\/aurora\/2020\/03\/36042.jpg.webp?itok=vLhjQO8t 1x\u0022 media=\u0022(min-width: 64.0625em)\u0022 type=\u0022image\/webp\u0022 width=\u0022163\u0022 height=\u0022152\u0022\/\u003E\n                  \u003Csource srcset=\u0022\/sites\/default\/files\/styles\/teaser_standard__m\/public\/aurora\/2020\/03\/36042.jpg?itok=bgxmwfZa 1x\u0022 media=\u0022(min-width: 48.0625em) and (max-width: 64em)\u0022 type=\u0022image\/jpeg\u0022 width=\u0022260\u0022 height=\u0022242\u0022\/\u003E\n                  \u003Csource srcset=\u0022\/sites\/default\/files\/styles\/teaser_standard__l\/public\/aurora\/2020\/03\/36042.jpg?itok=f9PHaa8R 1x\u0022 media=\u0022(min-width: 64.0625em)\u0022 type=\u0022image\/jpeg\u0022 width=\u0022163\u0022 height=\u0022152\u0022\/\u003E\n                          \u003Cimg alt=\u0022Brennstoffzellen-Heizger\u00e4t Galileo 1000 N (wird nicht mehr hergestellt).\u0022 loading=\u0022eager\u0022 data-caption-hide width=\u0022428\u0022 height=\u0022398\u0022 data-zoomed=\u0022https:\/\/www.tga-fachplaner.de\/sites\/default\/files\/styles\/content__zoomed\/public\/aurora\/2020\/03\/36042.jpg?itok=0jDgAG9f\u0022 src=\u0022\/sites\/default\/files\/styles\/teaser_standard__s\/public\/aurora\/2020\/03\/36042.jpg?itok=n3AOMxbc\u0022 title=\u0022\u00a9 HEXIS AG\n\u0022 \/\u003E\n\n    \u003C\/picture\u003E\n      \u003Cfigcaption class=\u0022image--figcaption\u0022\u003E\n          \u003Cdiv class=\u0022copyright\u0022\u003EHEXIS AG\n\u003C\/div\u003E\n          \u003C\/figcaption\u003E\n\u003C\/figure\u003E\n\n\n    \u003C\/div\u003E\n    \u003Cdiv class=\u0022teaser-content\u0022\u003E\n                    \u003Cdiv class=\u0022teaser-content--kicker\u0022\u003E\n                    Viessmann\n        \u003C\/div\u003E\n                                              \n                        \n        \u003Ch4 class=\u0022teaser-content--headline\u0022\u003E\n                                Viessmann stellt Aktivit\u00e4ten der Hexis AG \n                              \u003Cspan class=\u0022headline-last-word-arrow\u0022\u003Eein                      \u003C\/span\u003E\n        \u003C\/h4\u003E\n            \u003Cdiv class=\u0022teaser-content--publishing-date\u0022\u003E\u003Ctime datetime=\u00222020-03-31T13:50:10Z\u0022\u003E31.03.2020\u003C\/time\u003E\n\u003C\/div\u003E\u003Cspan class=\u0022teaser-content--publishing-date-divider\u0022\u003E - \u003C\/span\u003E\u003Cdiv class=\u0022teaser-content--body\u0022\u003E\u003Cp\u003EViessmann will sich k\u00fcnftig im Brennstoffzellenmarkt auf die Rolle des System-Integrators fokussieren und sucht einen Industriepartner, um die Serienfertigung und die daf\u00fcr notwendigen Skaleneffekte in deutlich k\u00fcrzerer Zeit zu erreichen. Dies habe zur Folge, dass die Aktivit\u00e4ten der Hexis AG eingestellt werden.\u003C\/p\u003E\n\u003C\/div\u003E\n                        \u003Cspan class=\u0022read-more-arrow-container\u0022\u003E\n            \u003Cspan class=\u0022read-more-angled-arrow\u0022\u003E \u003C\/span\u003E\n          \u003C\/span\u003E\n                  \u003C\/div\u003E\n    \u003C\/a\u003E\n\u003Ca href=\u0022\/meldungen\/foerderung-mini-kwk-richtlinie-verlaengert\u0022  class=\u0022teaser teaser--standard\u0022 aria-label=\u0022Mini-KWK-Richtlinie verl\u00e4ngert\u0022\u003E\n      \u003Cdiv class=\u0022teaser-content--image\u0022\u003E\n        \u003Cfigure class=\u0022image--figure\u0022\u003E\n        \u003Cpicture\u003E\n                        \u003Csource srcset=\u0022\/sites\/default\/files\/styles\/teaser_standard__m\/public\/aurora\/2019\/12\/17950.jpg.webp?itok=VSe4oXHL 1x\u0022 media=\u0022(min-width: 48.0625em) and (max-width: 64em)\u0022 type=\u0022image\/webp\u0022 width=\u0022323\u0022 height=\u0022215\u0022\/\u003E\n                  \u003Csource srcset=\u0022\/sites\/default\/files\/styles\/teaser_standard__l\/public\/aurora\/2019\/12\/17950.jpg.webp?itok=_8JjOM0y 1x\u0022 media=\u0022(min-width: 64.0625em)\u0022 type=\u0022image\/webp\u0022 width=\u0022203\u0022 height=\u0022135\u0022\/\u003E\n                  \u003Csource srcset=\u0022\/sites\/default\/files\/styles\/teaser_standard__m\/public\/aurora\/2019\/12\/17950.jpg?itok=QDEjDZa8 1x\u0022 media=\u0022(min-width: 48.0625em) and (max-width: 64em)\u0022 type=\u0022image\/jpeg\u0022 width=\u0022323\u0022 height=\u0022215\u0022\/\u003E\n                  \u003Csource srcset=\u0022\/sites\/default\/files\/styles\/teaser_standard__l\/public\/aurora\/2019\/12\/17950.jpg?itok=zPtL0biR 1x\u0022 media=\u0022(min-width: 64.0625em)\u0022 type=\u0022image\/jpeg\u0022 width=\u0022203\u0022 height=\u0022135\u0022\/\u003E\n                          \u003Cimg loading=\u0022eager\u0022 data-caption-hide width=\u0022597\u0022 height=\u0022398\u0022 data-zoomed=\u0022https:\/\/www.tga-fachplaner.de\/sites\/default\/files\/styles\/content__zoomed\/public\/aurora\/2019\/12\/17950.jpg?itok=EFMqY0FK\u0022 src=\u0022\/sites\/default\/files\/styles\/teaser_standard__s\/public\/aurora\/2019\/12\/17950.jpg?itok=5Nx3ttqS\u0022 title=\u0022\u00a9 Cyril Aucher \/ iStock \/ Getty Images Plus\n\u0022 \/\u003E\n\n    \u003C\/picture\u003E\n      \u003Cfigcaption class=\u0022image--figcaption\u0022\u003E\n          \u003Cdiv class=\u0022copyright\u0022\u003ECyril Aucher \/ iStock \/ Getty Images Plus\n\u003C\/div\u003E\n          \u003C\/figcaption\u003E\n\u003C\/figure\u003E\n\n\n    \u003C\/div\u003E\n    \u003Cdiv class=\u0022teaser-content\u0022\u003E\n                    \u003Cdiv class=\u0022teaser-content--kicker\u0022\u003E\n                    F\u00f6rderung\n        \u003C\/div\u003E\n                                              \n                        \n        \u003Ch4 class=\u0022teaser-content--headline\u0022\u003E\n                                Mini-KWK-Richtlinie \n                              \u003Cspan class=\u0022headline-last-word-arrow\u0022\u003Everl\u00e4ngert                      \u003C\/span\u003E\n        \u003C\/h4\u003E\n            \u003Cdiv class=\u0022teaser-content--publishing-date\u0022\u003E\u003Ctime datetime=\u00222019-12-03T15:21:02Z\u0022\u003E03.12.2019\u003C\/time\u003E\n\u003C\/div\u003E\u003Cspan class=\u0022teaser-content--publishing-date-divider\u0022\u003E - \u003C\/span\u003E\u003Cdiv class=\u0022teaser-content--body\u0022\u003E\u003Cp\u003EDas Bundesministerium f\u00fcr Umwelt, Naturschutz und nukleare Sicherheit hat \u00fcber eine \u00c4nderung der \u201eRichtlinie zur F\u00f6rderung von KWK-Anlagen bis 20 kWel (Mini-KWK-Richtlinie)\u201c ihre G\u00fcltigkeit bis zum 31. Dezember 2020 verl\u00e4ngert.\u003C\/p\u003E\n\u003C\/div\u003E\n                        \u003Cspan class=\u0022read-more-arrow-container\u0022\u003E\n            \u003Cspan class=\u0022read-more-angled-arrow\u0022\u003E \u003C\/span\u003E\n          \u003C\/span\u003E\n                  \u003C\/div\u003E\n    \u003C\/a\u003E\n\u003Ca href=\u0022\/energietechnik\/referenzprojekt-kw-energie-externe-energiezentrale-fuer-das-hotel-am-see\u0022  class=\u0022teaser teaser--standard\u0022 aria-label=\u0022Externe Energiezentrale f\u00fcr das Hotel am See\u0022\u003E\n      \u003Cdiv class=\u0022teaser-content--image\u0022\u003E\n        \u003Cfigure class=\u0022image--figure\u0022\u003E\n        \u003Cpicture\u003E\n                        \u003Csource srcset=\u0022\/sites\/default\/files\/styles\/teaser_standard__m\/public\/ulmer\/de-tga\/image\/binarydata_original_871843.jpg.webp?itok=KHPwOvet 1x\u0022 media=\u0022(min-width: 48.0625em) and (max-width: 64em)\u0022 type=\u0022image\/webp\u0022 width=\u0022323\u0022 height=\u0022174\u0022\/\u003E\n                  \u003Csource srcset=\u0022\/sites\/default\/files\/styles\/teaser_standard__l\/public\/ulmer\/de-tga\/image\/binarydata_original_871843.jpg.webp?itok=3_uFq_UJ 1x\u0022 media=\u0022(min-width: 64.0625em)\u0022 type=\u0022image\/webp\u0022 width=\u0022203\u0022 height=\u0022109\u0022\/\u003E\n                  \u003Csource srcset=\u0022\/sites\/default\/files\/styles\/teaser_standard__m\/public\/ulmer\/de-tga\/image\/binarydata_original_871843.jpg?itok=Je_urs0S 1x\u0022 media=\u0022(min-width: 48.0625em) and (max-width: 64em)\u0022 type=\u0022image\/jpeg\u0022 width=\u0022323\u0022 height=\u0022174\u0022\/\u003E\n                  \u003Csource srcset=\u0022\/sites\/default\/files\/styles\/teaser_standard__l\/public\/ulmer\/de-tga\/image\/binarydata_original_871843.jpg?itok=HNQenQ_I 1x\u0022 media=\u0022(min-width: 64.0625em)\u0022 type=\u0022image\/jpeg\u0022 width=\u0022203\u0022 height=\u0022109\u0022\/\u003E\n                          \u003Cimg alt=\u0022\n\n\n\n1\n\u2002Das Hotel am See in Eschenbach in der Oberpfalz wird k\u00fcnftig \u00fcber ein BHKW mit W\u00e4rme und Strom versorgt. \n\u0022 loading=\u0022eager\u0022 data-caption-hide width=\u0022708\u0022 height=\u0022381\u0022 data-zoomed=\u0022https:\/\/www.tga-fachplaner.de\/sites\/default\/files\/styles\/content__zoomed\/public\/ulmer\/de-tga\/image\/binarydata_original_871843.jpg?itok=IeUtmuGn\u0022 src=\u0022\/sites\/default\/files\/styles\/teaser_standard__s\/public\/ulmer\/de-tga\/image\/binarydata_original_871843.jpg?itok=sQcm037d\u0022 title=\u0022\u00a9 Hotel am See\n\n\u0022 \/\u003E\n\n    \u003C\/picture\u003E\n      \u003Cfigcaption class=\u0022image--figcaption\u0022\u003E\n          \u003Cdiv class=\u0022copyright\u0022\u003EHotel am See\n\n\u003C\/div\u003E\n          \u003C\/figcaption\u003E\n\u003C\/figure\u003E\n\n\n    \u003C\/div\u003E\n    \u003Cdiv class=\u0022teaser-content\u0022\u003E\n                    \u003Cdiv class=\u0022teaser-content--kicker\u0022\u003E\n                    Referenzprojekt KW Energie\n        \u003C\/div\u003E\n                                              \n                        \n        \u003Ch4 class=\u0022teaser-content--headline\u0022\u003E\n                                Externe Energiezentrale f\u00fcr das Hotel am \n                              \u003Cspan class=\u0022headline-last-word-arrow\u0022\u003ESee              \u003Cspan\n                  class=\u0022permission-lock permission-lock-icon--lock\u0022\u003E\u003C\/span\u003E\n                                  \u003C\/span\u003E\n        \u003C\/h4\u003E\n            \u003Cdiv class=\u0022teaser-content--publishing-date\u0022\u003E\u003Ctime datetime=\u00222019-04-30T07:16:21Z\u0022\u003E30.04.2019\u003C\/time\u003E\n\u003C\/div\u003E\u003Cspan class=\u0022teaser-content--publishing-date-divider\u0022\u003E - \u003C\/span\u003E\u003Cdiv class=\u0022teaser-content--body\u0022\u003E\u003Cp\u003EDas Hotel am See in Eschenbach in der Oberpfalz hat die Energieversorgung von Heiz\u00f6l auf Erdgas umgestellt und im Rahmen dieser Ma\u00dfnahmen eine BHKW-L\u00f6sung installiert. Aus Platzmangel im vorhandenen Heizungsraum entscheidet sich das Hotel f\u00fcr eine externe Energiezentrale: Die smartblock power plant. \u003C\/p\u003E\n\u003C\/div\u003E\n                        \u003Cspan class=\u0022read-more-arrow-container\u0022\u003E\n            \u003Cspan class=\u0022read-more-angled-arrow\u0022\u003E \u003C\/span\u003E\n          \u003C\/span\u003E\n                  \u003C\/div\u003E\n    \u003C\/a\u003E\n\u003Ca href=\u0022\/recht\/recht-weg-verkauft-bhkw-strom-gewerblich-taetig\u0022  class=\u0022teaser teaser--standard\u0022 aria-label=\u0022WEG verkauft BHKW-Strom: gewerblich t\u00e4tig?\u0022\u003E\n      \u003Cdiv class=\u0022teaser-content--image\u0022\u003E\n        \u003Cfigure class=\u0022image--figure\u0022\u003E\n        \u003Cpicture\u003E\n                        \u003Csource srcset=\u0022\/sites\/default\/files\/styles\/teaser_standard__m\/public\/ulmer\/de-tga\/image\/binarydata_original_870659.jpg.webp?itok=RbpWecYT 1x\u0022 media=\u0022(min-width: 48.0625em) and (max-width: 64em)\u0022 type=\u0022image\/webp\u0022 width=\u0022298\u0022 height=\u0022242\u0022\/\u003E\n                  \u003Csource srcset=\u0022\/sites\/default\/files\/styles\/teaser_standard__l\/public\/ulmer\/de-tga\/image\/binarydata_original_870659.jpg.webp?itok=TzjKdWG9 1x\u0022 media=\u0022(min-width: 64.0625em)\u0022 type=\u0022image\/webp\u0022 width=\u0022187\u0022 height=\u0022152\u0022\/\u003E\n                  \u003Csource srcset=\u0022\/sites\/default\/files\/styles\/teaser_standard__m\/public\/ulmer\/de-tga\/image\/binarydata_original_870659.jpg?itok=dcuqeEw_ 1x\u0022 media=\u0022(min-width: 48.0625em) and (max-width: 64em)\u0022 type=\u0022image\/jpeg\u0022 width=\u0022298\u0022 height=\u0022242\u0022\/\u003E\n                  \u003Csource srcset=\u0022\/sites\/default\/files\/styles\/teaser_standard__l\/public\/ulmer\/de-tga\/image\/binarydata_original_870659.jpg?itok=gHOC3X_7 1x\u0022 media=\u0022(min-width: 64.0625em)\u0022 type=\u0022image\/jpeg\u0022 width=\u0022187\u0022 height=\u0022152\u0022\/\u003E\n                          \u003Cimg loading=\u0022eager\u0022 data-caption-hide width=\u0022490\u0022 height=\u0022398\u0022 data-zoomed=\u0022https:\/\/www.tga-fachplaner.de\/sites\/default\/files\/styles\/content__zoomed\/public\/ulmer\/de-tga\/image\/binarydata_original_870659.jpg?itok=mGg4m6B5\u0022 src=\u0022\/sites\/default\/files\/styles\/teaser_standard__s\/public\/ulmer\/de-tga\/image\/binarydata_original_870659.jpg?itok=iblm1LRd\u0022 title=\u0022\u00a9 Tomicek \/ LBS\n\u0022 \/\u003E\n\n    \u003C\/picture\u003E\n      \u003Cfigcaption class=\u0022image--figcaption\u0022\u003E\n          \u003Cdiv class=\u0022copyright\u0022\u003ETomicek \/ LBS\n\u003C\/div\u003E\n          \u003C\/figcaption\u003E\n\u003C\/figure\u003E\n\n\n    \u003C\/div\u003E\n    \u003Cdiv class=\u0022teaser-content\u0022\u003E\n                    \u003Cdiv class=\u0022teaser-content--kicker\u0022\u003E\n                    Recht\n        \u003C\/div\u003E\n                                              \n                        \n        \u003Ch4 class=\u0022teaser-content--headline\u0022\u003E\n                                WEG verkauft BHKW-Strom: gewerblich \n                              \u003Cspan class=\u0022headline-last-word-arrow\u0022\u003Et\u00e4tig?                      \u003C\/span\u003E\n        \u003C\/h4\u003E\n            \u003Cdiv class=\u0022teaser-content--publishing-date\u0022\u003E\u003Ctime datetime=\u00222019-04-24T15:36:02Z\u0022\u003E24.04.2019\u003C\/time\u003E\n\u003C\/div\u003E\u003Cspan class=\u0022teaser-content--publishing-date-divider\u0022\u003E - \u003C\/span\u003E\u003Cdiv class=\u0022teaser-content--body\u0022\u003E\u003Cp\u003EEine Wohnungseigent\u00fcmergemeinschaft (WEG) kann beim Betrieb eines Blockheizkraftwerks, mit dem Strom an au\u00dfenstehende Abnehmer geliefert wird, unternehmerisch t\u00e4tig sein. So lautet nach Auskunft des Infodienst Recht und Steuern der LBS eine h\u00f6chstrichterliche Entscheidung.\u003C\/p\u003E\n\u003Cp\u003E.\u003C\/p\u003E\n\u003C\/div\u003E\n                        \u003Cspan class=\u0022read-more-arrow-container\u0022\u003E\n            \u003Cspan class=\u0022read-more-angled-arrow\u0022\u003E \u003C\/span\u003E\n          \u003C\/span\u003E\n                  \u003C\/div\u003E\n    \u003C\/a\u003E\n\u003Ca href=\u0022\/energietechnik\/gekoppelte-strom-und-waermeerzeugung-neue-heizzentrale-vier-jahren-amortisiert\u0022  class=\u0022teaser teaser--standard\u0022 aria-label=\u0022Neue Heizzentrale in vier Jahren amortisiert\u0022\u003E\n      \u003Cdiv class=\u0022teaser-content--image\u0022\u003E\n        \u003Cfigure class=\u0022image--figure\u0022\u003E\n        \u003Cpicture\u003E\n                        \u003Csource srcset=\u0022\/sites\/default\/files\/styles\/teaser_standard__m\/public\/ulmer\/de-tga\/image\/binarydata_original_851544.jpg.webp?itok=0Rd4kF0J 1x\u0022 media=\u0022(min-width: 48.0625em) and (max-width: 64em)\u0022 type=\u0022image\/webp\u0022 width=\u0022323\u0022 height=\u0022235\u0022\/\u003E\n                  \u003Csource srcset=\u0022\/sites\/default\/files\/styles\/teaser_standard__l\/public\/ulmer\/de-tga\/image\/binarydata_original_851544.jpg.webp?itok=5gCAxWCn 1x\u0022 media=\u0022(min-width: 64.0625em)\u0022 type=\u0022image\/webp\u0022 width=\u0022203\u0022 height=\u0022147\u0022\/\u003E\n                  \u003Csource srcset=\u0022\/sites\/default\/files\/styles\/teaser_standard__m\/public\/ulmer\/de-tga\/image\/binarydata_original_851544.jpg?itok=K9fo5vuz 1x\u0022 media=\u0022(min-width: 48.0625em) and (max-width: 64em)\u0022 type=\u0022image\/jpeg\u0022 width=\u0022323\u0022 height=\u0022235\u0022\/\u003E\n                  \u003Csource srcset=\u0022\/sites\/default\/files\/styles\/teaser_standard__l\/public\/ulmer\/de-tga\/image\/binarydata_original_851544.jpg?itok=621skcRr 1x\u0022 media=\u0022(min-width: 64.0625em)\u0022 type=\u0022image\/jpeg\u0022 width=\u0022203\u0022 height=\u0022147\u0022\/\u003E\n                          \u003Cimg loading=\u0022eager\u0022 data-caption-hide width=\u0022548\u0022 height=\u0022398\u0022 alt=\u0022\n\n\n\n1\n\u2002Blick in die neue Heizzentrale mit BHKW der Lausitzer Werkst\u00e4tten. \n\u0022 data-zoomed=\u0022https:\/\/www.tga-fachplaner.de\/sites\/default\/files\/styles\/content__zoomed\/public\/ulmer\/de-tga\/image\/binarydata_original_851544.jpg?itok=BeJU0JEK\u0022 src=\u0022\/sites\/default\/files\/styles\/teaser_standard__s\/public\/ulmer\/de-tga\/image\/binarydata_original_851544.jpg?itok=_-eisP4I\u0022 title=\u0022\u00a9 Yados GmbH\n\n\u0022 \/\u003E\n\n    \u003C\/picture\u003E\n      \u003Cfigcaption class=\u0022image--figcaption\u0022\u003E\n          \u003Cdiv class=\u0022copyright\u0022\u003EYados GmbH\n\n\u003C\/div\u003E\n          \u003C\/figcaption\u003E\n\u003C\/figure\u003E\n\n\n    \u003C\/div\u003E\n    \u003Cdiv class=\u0022teaser-content\u0022\u003E\n                    \u003Cdiv class=\u0022teaser-content--kicker\u0022\u003E\n                    Gekoppelte Strom- und W\u00e4rmeerzeugung\n        \u003C\/div\u003E\n                                              \n                        \n        \u003Ch4 class=\u0022teaser-content--headline\u0022\u003E\n                                Neue Heizzentrale in vier Jahren \n                              \u003Cspan class=\u0022headline-last-word-arrow\u0022\u003Eamortisiert              \u003Cspan\n                  class=\u0022permission-lock permission-lock-icon--lock\u0022\u003E\u003C\/span\u003E\n                                  \u003C\/span\u003E\n        \u003C\/h4\u003E\n            \u003Cdiv class=\u0022teaser-content--publishing-date\u0022\u003E\u003Ctime datetime=\u00222018-12-05T11:15:04Z\u0022\u003E05.12.2018\u003C\/time\u003E\n\u003C\/div\u003E\u003Cspan class=\u0022teaser-content--publishing-date-divider\u0022\u003E - \u003C\/span\u003E\u003Cdiv class=\u0022teaser-content--body\u0022\u003E\u003Cp\u003EAbh\u00e4ngig von Infrastruktur-, Bau- und Nutzungsbedingungen gilt die energietechnische Modernisierung im Bestand planungs- wie ausf\u00fchrungsseitig als komplex. Beherrschbar werden maximale Anforderungen an die Konzeptions-, Umsetzungs- und sp\u00e4tere Betriebsqualit\u00e4t von neuen Versorgungsl\u00f6sungen durch Pr\u00e4zision und Flexibilit\u00e4t in der Prozesskoordination. Das Sanierungs-projekt einer gemeinn\u00fctzigen Organisation in Hoyerswerda gibt ein Beispiel f\u00fcr die praktikable Realisierung eines lokalen Energiewendebeitrags.\u003C\/p\u003E\n\u003C\/div\u003E\n                        \u003Cspan class=\u0022read-more-arrow-container\u0022\u003E\n            \u003Cspan class=\u0022read-more-angled-arrow\u0022\u003E \u003C\/span\u003E\n          \u003C\/span\u003E\n                  \u003C\/div\u003E\n    \u003C\/a\u003E\n\u003Ca href=\u0022\/energietechnik\/dezentrale-energieerzeugung-mit-fluessigerdgas-pilotprojekt-kwkk-und-lng\u0022  class=\u0022teaser teaser--standard\u0022 aria-label=\u0022Pilotprojekt: KWKK und LNG-K\u00e4lterecycling\u0022\u003E\n      \u003Cdiv class=\u0022teaser-content--image\u0022\u003E\n        \u003Cfigure class=\u0022image--figure\u0022\u003E\n        \u003Cpicture\u003E\n                        \u003Csource srcset=\u0022\/sites\/default\/files\/styles\/teaser_standard__m\/public\/ulmer\/de-tga\/image\/binarydata_original_841323.jpg.webp?itok=AHqG0FDm 1x\u0022 media=\u0022(min-width: 48.0625em) and (max-width: 64em)\u0022 type=\u0022image\/webp\u0022 width=\u0022323\u0022 height=\u0022235\u0022\/\u003E\n                  \u003Csource srcset=\u0022\/sites\/default\/files\/styles\/teaser_standard__l\/public\/ulmer\/de-tga\/image\/binarydata_original_841323.jpg.webp?itok=RQsrqJDp 1x\u0022 media=\u0022(min-width: 64.0625em)\u0022 type=\u0022image\/webp\u0022 width=\u0022203\u0022 height=\u0022147\u0022\/\u003E\n                  \u003Csource srcset=\u0022\/sites\/default\/files\/styles\/teaser_standard__m\/public\/ulmer\/de-tga\/image\/binarydata_original_841323.jpg?itok=RZkLdkp1 1x\u0022 media=\u0022(min-width: 48.0625em) and (max-width: 64em)\u0022 type=\u0022image\/jpeg\u0022 width=\u0022323\u0022 height=\u0022235\u0022\/\u003E\n                  \u003Csource srcset=\u0022\/sites\/default\/files\/styles\/teaser_standard__l\/public\/ulmer\/de-tga\/image\/binarydata_original_841323.jpg?itok=o1MYgmPM 1x\u0022 media=\u0022(min-width: 64.0625em)\u0022 type=\u0022image\/jpeg\u0022 width=\u0022203\u0022 height=\u0022147\u0022\/\u003E\n                          \u003Cimg loading=\u0022eager\u0022 data-caption-hide width=\u0022548\u0022 height=\u0022398\u0022 alt=\u0022\n\n\n\n1\n\u2002Au\u00dfenansicht der Energiezentralen Yado|Energy bei einem Tiefk\u00fchlkost-Vertrieb. Yados entwickelte und konfektionierte zwei nahezu identische Anlagen in einer flexibel erweiterbaren Container-Ausf\u00fchrung. \n\u0022 data-zoomed=\u0022https:\/\/www.tga-fachplaner.de\/sites\/default\/files\/styles\/content__zoomed\/public\/ulmer\/de-tga\/image\/binarydata_original_841323.jpg?itok=nkhxKicw\u0022 src=\u0022\/sites\/default\/files\/styles\/teaser_standard__s\/public\/ulmer\/de-tga\/image\/binarydata_original_841323.jpg?itok=0DUktugd\u0022 title=\u0022\u00a9 Yados GmbH \/ Eco ice K\u00e4lte GmbH\n\n\u0022 \/\u003E\n\n    \u003C\/picture\u003E\n      \u003Cfigcaption class=\u0022image--figcaption\u0022\u003E\n          \u003Cdiv class=\u0022copyright\u0022\u003EYados GmbH \/ Eco ice K\u00e4lte GmbH\n\n\u003C\/div\u003E\n          \u003C\/figcaption\u003E\n\u003C\/figure\u003E\n\n\n    \u003C\/div\u003E\n    \u003Cdiv class=\u0022teaser-content\u0022\u003E\n                    \u003Cdiv class=\u0022teaser-content--kicker\u0022\u003E\n                    Dezentrale Energieerzeugung mit Fl\u00fcssigerdgas\n        \u003C\/div\u003E\n                                              \n                        \n        \u003Ch4 class=\u0022teaser-content--headline\u0022\u003E\n                                Pilotprojekt: KWKK und \n                              \u003Cspan class=\u0022headline-last-word-arrow\u0022\u003ELNG-K\u00e4lterecycling              \u003Cspan\n                  class=\u0022permission-lock permission-lock-icon--lock\u0022\u003E\u003C\/span\u003E\n                                  \u003C\/span\u003E\n        \u003C\/h4\u003E\n            \u003Cdiv class=\u0022teaser-content--publishing-date\u0022\u003E\u003Ctime datetime=\u00222018-10-08T06:45:03Z\u0022\u003E08.10.2018\u003C\/time\u003E\n\u003C\/div\u003E\u003Cspan class=\u0022teaser-content--publishing-date-divider\u0022\u003E - \u003C\/span\u003E\u003Cdiv class=\u0022teaser-content--body\u0022\u003E\u003Cp\u003EDer weltweite Handel mit Fl\u00fcssigerdgas (LNG) nimmt Fahrt auf. Als Alternative zu Erd\u00f6l und Kohle h\u00e4lt LNG derzeit Einzug in netzgebundene Versorgungsstrukturen, in den Schiffsverkehr und den Schwerlasttransport. Dass in dem komprimierten Energietr\u00e4ger ein zweites, effektiv nutzbares energetisches Potenzial schlummert, blieb bislang allgemein unber\u00fccksichtigt. Nun l\u00e4sst ein richtungweisendes Pilotprojekt bei einem Tiefk\u00fchlkost-Vertrieb mit neuen Perspektiven f\u00fcr eine hocheffiziente W\u00e4rme-, Strom- und K\u00e4lteversorgung aufhorchen.\u003C\/p\u003E\n\u003C\/div\u003E\n                        \u003Cspan class=\u0022read-more-arrow-container\u0022\u003E\n            \u003Cspan class=\u0022read-more-angled-arrow\u0022\u003E \u003C\/span\u003E\n          \u003C\/span\u003E\n                  \u003C\/div\u003E\n    \u003C\/a\u003E\n\u003Ca href=\u0022\/objekt-des-monats\/kaskade-mit-25-holz-kraft-anlagen\u0022  class=\u0022teaser teaser--standard\u0022 aria-label=\u0022Kaskade mit 25 Holz-Kraft-Anlagen\u0022\u003E\n      \u003Cdiv class=\u0022teaser-content--image\u0022\u003E\n        \u003Cfigure class=\u0022image--figure\u0022\u003E\n        \u003Cpicture\u003E\n                        \u003Csource srcset=\u0022\/sites\/default\/files\/styles\/teaser_standard__m\/public\/ulmer\/de-tga\/image\/binarydata_original_818124.jpg.webp?itok=CgQwt9Fu 1x\u0022 media=\u0022(min-width: 48.0625em) and (max-width: 64em)\u0022 type=\u0022image\/webp\u0022 width=\u0022323\u0022 height=\u0022228\u0022\/\u003E\n                  \u003Csource srcset=\u0022\/sites\/default\/files\/styles\/teaser_standard__l\/public\/ulmer\/de-tga\/image\/binarydata_original_818124.jpg.webp?itok=qLbVzg7v 1x\u0022 media=\u0022(min-width: 64.0625em)\u0022 type=\u0022image\/webp\u0022 width=\u0022203\u0022 height=\u0022143\u0022\/\u003E\n                  \u003Csource srcset=\u0022\/sites\/default\/files\/styles\/teaser_standard__m\/public\/ulmer\/de-tga\/image\/binarydata_original_818124.jpg?itok=AN3oplKA 1x\u0022 media=\u0022(min-width: 48.0625em) and (max-width: 64em)\u0022 type=\u0022image\/jpeg\u0022 width=\u0022323\u0022 height=\u0022228\u0022\/\u003E\n                  \u003Csource srcset=\u0022\/sites\/default\/files\/styles\/teaser_standard__l\/public\/ulmer\/de-tga\/image\/binarydata_original_818124.jpg?itok=sWmoksvR 1x\u0022 media=\u0022(min-width: 64.0625em)\u0022 type=\u0022image\/jpeg\u0022 width=\u0022203\u0022 height=\u0022143\u0022\/\u003E\n                          \u003Cimg alt=\u0022\n\u0022 loading=\u0022eager\u0022 data-caption-hide width=\u0022564\u0022 height=\u0022398\u0022 data-zoomed=\u0022https:\/\/www.tga-fachplaner.de\/sites\/default\/files\/styles\/content__zoomed\/public\/ulmer\/de-tga\/image\/binarydata_original_818124.jpg?itok=CzWk5gEt\u0022 src=\u0022\/sites\/default\/files\/styles\/teaser_standard__s\/public\/ulmer\/de-tga\/image\/binarydata_original_818124.jpg?itok=nkpPkhTN\u0022 title=\u0022\u00a9 SynGas Creators Ltd. \/ Spanner Re\u00b2 GmbH\n\n\u0022 \/\u003E\n\n    \u003C\/picture\u003E\n      \u003Cfigcaption class=\u0022image--figcaption\u0022\u003E\n          \u003Cdiv class=\u0022copyright\u0022\u003ESynGas Creators Ltd. \/ Spanner Re\u00b2 GmbH\n\n\u003C\/div\u003E\n          \u003C\/figcaption\u003E\n\u003C\/figure\u003E\n\n\n    \u003C\/div\u003E\n    \u003Cdiv class=\u0022teaser-content\u0022\u003E\n                    \u003Cdiv class=\u0022teaser-content--kicker\u0022\u003E\n                    \n        \u003C\/div\u003E\n                                              \n                        \n        \u003Ch4 class=\u0022teaser-content--headline\u0022\u003E\n                                Kaskade mit 25 \n                              \u003Cspan class=\u0022headline-last-word-arrow\u0022\u003EHolz-Kraft-Anlagen              \u003Cspan\n                  class=\u0022permission-lock permission-lock-icon--lock\u0022\u003E\u003C\/span\u003E\n                                  \u003C\/span\u003E\n        \u003C\/h4\u003E\n            \u003Cdiv class=\u0022teaser-content--publishing-date\u0022\u003E\u003Ctime datetime=\u00222018-05-02T08:01:12Z\u0022\u003E02.05.2018\u003C\/time\u003E\n\u003C\/div\u003E\u003Cspan class=\u0022teaser-content--publishing-date-divider\u0022\u003E - \u003C\/span\u003E\u003Cdiv class=\u0022teaser-content--body\u0022\u003E  \u003Cp\u003E\u003Cbr\u003E\u003Cbr \/\u003E\n    25 Holz-Kraft-Anlagen samt Peripherie des Anlagenherstellers Spanner Re\u00b2, Neufahrn in Niederbayern, werden Ende 2018 in einem Gro\u00dfprojekt in Japan in Betrieb gehen. Das Projekt wird zusammen mit der japanischen Tochtergesellschaft Spanner KK realisiert. Der f\u00fchrende Hersteller holzbasierter KWK...\u003C\/p\u003E\n\n\n\u003C\/div\u003E\n                        \u003Cspan class=\u0022read-more-arrow-container\u0022\u003E\n            \u003Cspan class=\u0022read-more-angled-arrow\u0022\u003E \u003C\/span\u003E\n          \u003C\/span\u003E\n                  \u003C\/div\u003E\n    \u003C\/a\u003E\n\u003Ca href=\u0022\/objekt-des-monats\/nahezu-energieautark\u0022  class=\u0022teaser teaser--standard\u0022 aria-label=\u0022Nahezu energieautark\u0022\u003E\n      \u003Cdiv class=\u0022teaser-content--image\u0022\u003E\n        \u003Cfigure class=\u0022image--figure\u0022\u003E\n        \u003Cpicture\u003E\n                        \u003Csource srcset=\u0022\/sites\/default\/files\/styles\/teaser_standard__m\/public\/ulmer\/de-tga\/image\/binarydata_original_808385.jpg.webp?itok=evWcZfTA 1x\u0022 media=\u0022(min-width: 48.0625em) and (max-width: 64em)\u0022 type=\u0022image\/webp\u0022 width=\u0022323\u0022 height=\u0022151\u0022\/\u003E\n                  \u003Csource srcset=\u0022\/sites\/default\/files\/styles\/teaser_standard__l\/public\/ulmer\/de-tga\/image\/binarydata_original_808385.jpg.webp?itok=Yi77-XBE 1x\u0022 media=\u0022(min-width: 64.0625em)\u0022 type=\u0022image\/webp\u0022 width=\u0022203\u0022 height=\u002295\u0022\/\u003E\n                  \u003Csource srcset=\u0022\/sites\/default\/files\/styles\/teaser_standard__m\/public\/ulmer\/de-tga\/image\/binarydata_original_808385.jpg?itok=cfMwH5Jk 1x\u0022 media=\u0022(min-width: 48.0625em) and (max-width: 64em)\u0022 type=\u0022image\/jpeg\u0022 width=\u0022323\u0022 height=\u0022151\u0022\/\u003E\n                  \u003Csource srcset=\u0022\/sites\/default\/files\/styles\/teaser_standard__l\/public\/ulmer\/de-tga\/image\/binarydata_original_808385.jpg?itok=jEO65fNC 1x\u0022 media=\u0022(min-width: 64.0625em)\u0022 type=\u0022image\/jpeg\u0022 width=\u0022203\u0022 height=\u002295\u0022\/\u003E\n                          \u003Cimg alt=\u0022\n1\n\n\n\n\u0022 loading=\u0022eager\u0022 data-caption-hide width=\u0022708\u0022 height=\u0022330\u0022 data-zoomed=\u0022https:\/\/www.tga-fachplaner.de\/sites\/default\/files\/styles\/content__zoomed\/public\/ulmer\/de-tga\/image\/binarydata_original_808385.jpg?itok=D2S3kPNc\u0022 src=\u0022\/sites\/default\/files\/styles\/teaser_standard__s\/public\/ulmer\/de-tga\/image\/binarydata_original_808385.jpg?itok=DMYM6H4l\u0022 title=\u0022\u00a9 Ingo Jensen\/Alois M\u00fcller\n\n\u0022 \/\u003E\n\n    \u003C\/picture\u003E\n      \u003Cfigcaption class=\u0022image--figcaption\u0022\u003E\n          \u003Cdiv class=\u0022copyright\u0022\u003EIngo Jensen\/Alois M\u00fcller\n\n\u003C\/div\u003E\n          \u003C\/figcaption\u003E\n\u003C\/figure\u003E\n\n\n    \u003C\/div\u003E\n    \u003Cdiv class=\u0022teaser-content\u0022\u003E\n                    \u003Cdiv class=\u0022teaser-content--kicker\u0022\u003E\n                    \n        \u003C\/div\u003E\n                                              \n                        \n        \u003Ch4 class=\u0022teaser-content--headline\u0022\u003E\n                                Nahezu \n                              \u003Cspan class=\u0022headline-last-word-arrow\u0022\u003Eenergieautark                      \u003C\/span\u003E\n        \u003C\/h4\u003E\n            \u003Cdiv class=\u0022teaser-content--publishing-date\u0022\u003E\u003Ctime datetime=\u00222018-02-22T14:30:21Z\u0022\u003E22.02.2018\u003C\/time\u003E\n\u003C\/div\u003E\u003Cspan class=\u0022teaser-content--publishing-date-divider\u0022\u003E - \u003C\/span\u003E\u003Cdiv class=\u0022teaser-content--body\u0022\u003E  \u003Cp\u003E\u003Cbr\u003E\u003Cbr \/\u003E\n    Die Green Factory 2.0 der Alois M\u00fcller Gruppe in Ungerhausen nimmt Gestalt an. Auf einer Fl\u00e4che von 18\u0026nbsp;000\u2004m\u003Cbr\u003E\u003Cbr \/\u003E\n    \u003Csup\u003E\u003Cbr\u003E\u003Cbr \/\u003E\n     2\u003Cbr\u003E\u003Cbr \/\u003E\n    \u003C\/sup\u003E\u003Cbr\u003E\u003Cbr \/\u003E\n    entsteht derzeit das gr\u00f6\u00dfte nahezu energieautarke Produktions- und B\u00fcrogeb\u00e4ude der Welt. Der Rohbau ist ein halbes Jahr nach dem Spatenstich bereits fertig Abb. 1...\u003C\/p\u003E\n\n\n\u003C\/div\u003E\n                        \u003Cspan class=\u0022read-more-arrow-container\u0022\u003E\n            \u003Cspan class=\u0022read-more-angled-arrow\u0022\u003E \u003C\/span\u003E\n          \u003C\/span\u003E\n                  \u003C\/div\u003E\n    \u003C\/a\u003E\n","entity_type":"node","used_ids":["",216046,210729,193431,185327,183742,165933,164758,163891,159804,151875,145901,145573,112110,31669,50299,32388,32139,38875,43958],"show_more":""}]